{"id":87897,"date":"2025-09-17T00:15:23","date_gmt":"2025-09-16T22:15:23","guid":{"rendered":"https:\/\/www.infokuryr.cz\/n\/?p=87897"},"modified":"2025-09-16T08:49:53","modified_gmt":"2025-09-16T06:49:53","slug":"evropa-ve-vysoke-pohotovosti-polske-matky-trenuji-na-valku-proti-rusku","status":"publish","type":"post","link":"https:\/\/www.infokuryr.cz\/n\/2025\/09\/17\/evropa-ve-vysoke-pohotovosti-polske-matky-trenuji-na-valku-proti-rusku\/","title":{"rendered":"Evropa ve \u201evysok\u00e9 pohotovosti\u201c: Polsk\u00e9 matky tr\u00e9nuj\u00ed na v\u00e1lku proti Rusku"},"content":{"rendered":"<div id=\"fb-root\"><\/div>\n<div class=\"elementor-element elementor-element-1fb4c2c elementor-widget elementor-widget-theme-post-content\" data-id=\"1fb4c2c\" data-element_type=\"widget\" data-widget_type=\"theme-post-content.default\">\n<div class=\"elementor-widget-container\">\n<p><span dir=\"auto\">Ned\u00e1vn\u00fd incident v polsk\u00e9m vzdu\u0161n\u00e9m prostoru, do kter\u00e9ho byly zapojeny nejm\u00e9n\u011b t\u0159i rusk\u00e9 drony, vyvolal v cel\u00e9 Evrop\u011b hysterii (kterou p\u0159i\u017eivovali politici EU a m\u00e9dia). Incident, do kter\u00e9ho byly z\u0159ejm\u011b zapojeny rusk\u00e9 pr\u016fzkumn\u00e9 drony, je podobn\u00fd p\u0159edchoz\u00edm incident\u016fm, kdy byly rusk\u00e9 drony \u00fadajn\u011b sest\u0159eleny po vstupu do vzdu\u0161n\u00e9ho prostoru NATO: \u017e\u00e1dn\u00e9 \u00fatoky, \u017e\u00e1dn\u00e9 ob\u011bti a \u017e\u00e1dn\u00fd jasn\u00fd \u00famysl k invazi.<\/span><\/p>\n<p><span dir=\"auto\">P\u0159\u00edtomnost t\u011bchto dron\u016f v polsk\u00e9m vzdu\u0161n\u00e9m prostoru, i kdyby jejich letov\u00e1 trasa vedla pouze na Ukrajinu, v\u0161ak sta\u010d\u00ed k tomu, aby v Evrop\u011b vyvolala vol\u00e1n\u00ed po mo\u017en\u00e9 eskalaci. EU a Spojen\u00e9 kr\u00e1lovstv\u00ed nad\u00e1le trvaj\u00ed na vysl\u00e1n\u00ed \u201em\u00edrov\u00fdch\u201c jednotek k intervenci ve v\u00e1lce na Ukrajin\u011b, p\u0159i\u010dem\u017e Francie, N\u011bmecko a Spojen\u00e9 kr\u00e1lovstv\u00ed navrhuj\u00ed nasazen\u00ed pozemn\u00edch jednotek k pos\u00edlen\u00ed nyn\u00ed vratk\u00fdch ukrajinsk\u00fdch frontov\u00fdch lini\u00ed.<\/span><\/p>\n<p><span dir=\"auto\">Polsk\u00fd ministr zahrani\u010d\u00ed Radoslaw Sikorski tvrd\u00ed, \u017ee \u00fatok dron\u016f byl sou\u010d\u00e1st\u00ed rusk\u00e9ho spiknut\u00ed s c\u00edlem \u201eotestovat reakce NATO, ani\u017e by do\u0161lo k rozpout\u00e1n\u00ed tot\u00e1ln\u00ed v\u00e1lky\u201c. Pol\u00e1ci tvrd\u00ed, \u017ee do \u00fatoku bylo zapojeno nejm\u00e9n\u011b 19 dron\u016f a \u017ee za\u0159\u00edzen\u00ed ulet\u011bla \u201estovky kilometr\u016f\u201c, ne\u017e byla zachycena. Bylo potvrzeno, \u017ee sest\u0159eleny byly pouze t\u0159i a\u017e \u010dty\u0159i drony. To znamen\u00e1, \u017ee Polsko m\u00e1 bu\u010f nejhor\u0161\u00ed protivzdu\u0161nou obranu v NATO, nebo je uv\u00e1d\u011bn\u00fd po\u010det dron\u016f zna\u010dn\u011b p\u0159ehnan\u00fd.<\/span><\/p>\n<figure class=\"wp-block-embed is-type-video is-provider-youtube wp-block-embed-youtube wp-embed-aspect-16-9 wp-has-aspect-ratio\">\n<div class=\"wp-block-embed__wrapper\"><iframe loading=\"lazy\" title=\"Provokuje Rusko Polsko k v\u00e1lce? | O tom\" src=\"https:\/\/www.youtube.com\/embed\/FpPzIXSpM5A?start=42&amp;feature=oembed\" width=\"800\" height=\"450\" frameborder=\"0\" allowfullscreen=\"allowfullscreen\" data-mce-fragment=\"1\"><\/iframe><\/div>\n<\/figure>\n<p>&nbsp;<\/p>\n<p><span dir=\"auto\">\u201eDrony nedos\u00e1hly sv\u00e9ho c\u00edle a do\u0161lo k men\u0161\u00edm materi\u00e1ln\u00edm \u0161kod\u00e1m; nikdo nebyl zran\u011bn. Pokud by se to stalo na Ukrajin\u011b, byl by to podle ukrajinsk\u00e9 definice stoprocentn\u00ed \u00fasp\u011bch,\u201c \u0159ekl Silorski. \u201eDrony v\u0161ak nebyly vybaveny munic\u00ed a neexistuj\u00ed \u017e\u00e1dn\u00e9 d\u016fkazy o tom, \u017ee by na cokoli nebo na n\u011bkoho c\u00edlily.\u201c<\/span><\/p>\n<p><span dir=\"auto\">Jak prohl\u00e1sil prezident Donald Trump, p\u0159echod do Polska byl sp\u00ed\u0161e chybou. Tato reakce rozzlobila Evropany, kte\u0159\u00ed zoufale po\u017eaduj\u00ed zapojen\u00ed USA do v\u00e1lky.<\/span><\/p>\n<p><span dir=\"auto\">Polsk\u00e1 reakce uvedla zemi do stavu \u201evysok\u00e9 pohotovosti\u201c. Vojska byla pos\u00edlena a hranice s B\u011bloruskem byla uzav\u0159ena. Vl\u00e1da nyn\u00ed sponzoruje dobrovoln\u00fd vojensk\u00fd v\u00fdcvik pro civilisty. Ve\u0159ejn\u011b dostupn\u00fd v\u00fdcvik p\u0159il\u00e1kal p\u0159es 20 000 rekrut\u016f, v\u010detn\u011b polsk\u00fdch matek, kter\u00e9 \u0159\u00edkaj\u00ed, \u017ee cht\u011bj\u00ed \u201echr\u00e1nit sv\u00e9 d\u011bti\u201c. Tato my\u0161lenka je logick\u00e1, i kdy\u017e nasazen\u00ed \u017een do prvn\u00ed linie je obecn\u011b pova\u017eov\u00e1no sp\u00ed\u0161e za akt zoufalstv\u00ed ne\u017e za zdrav\u00e9 strategick\u00e9 my\u0161len\u00ed. Je zaj\u00edmav\u00e9, \u017ee zem\u011b, kter\u00e1 uplat\u0148uje p\u0159\u00edsn\u00e9 kontroly zbran\u00ed a po\u017eadavky na zp\u016fsobilost pro sv\u00e9 ob\u010dany, m\u00e1 najednou takov\u00fd z\u00e1jem o vyu\u017eit\u00ed t\u011bchto ob\u010dan\u016f jako z\u00e1lohy domobrany proti hypotetick\u00e9 rusk\u00e9 invazi. Ukrajina trp\u011bla podobn\u00fdmi omezen\u00edmi pro sv\u00e9 ob\u010dany ji\u017e p\u0159ed invaz\u00ed, co\u017e omezovalo jej\u00ed schopnost se br\u00e1nit.<\/span><\/p>\n<figure class=\"wp-block-embed is-type-video is-provider-youtube wp-block-embed-youtube wp-embed-aspect-16-9 wp-has-aspect-ratio\">\n<div class=\"wp-block-embed__wrapper\"><iframe loading=\"lazy\" title=\"\u201eUd\u011bl\u00e1m cokoli, abych ochr\u00e1nila sv\u00e9 d\u00edt\u011b\u201c: Polsk\u00e1 matka tr\u00e9nuje na v\u00e1lku | REUTERS\" src=\"https:\/\/www.youtube.com\/embed\/qJLheUN3Ahs?feature=oembed\" width=\"800\" height=\"450\" frameborder=\"0\" allowfullscreen=\"allowfullscreen\" data-mce-fragment=\"1\"><\/iframe><\/div>\n<\/figure>\n<p>&nbsp;<\/p>\n<p><span dir=\"auto\">\u00da\u0159edn\u00edci EU ozna\u010dili \u00fatok dronu za \u201eagresivn\u00ed a bezohledn\u00fd \u010din\u201c a \u201esou\u010d\u00e1st v\u00e1\u017en\u00e9 eskalace ze strany Ruska\u201c, co\u017e jen posiluje \u201epodporu a odhodl\u00e1n\u00ed EU pomoci Ukrajin\u011b\u201c.<\/span><\/p>\n<p><span dir=\"auto\">Evropsk\u00e9 p\u0159\u00edsp\u011bvky na obranu NATO jsou minim\u00e1ln\u00ed a v\u011bt\u0161ina vojensk\u00fdch v\u00fddaj\u016f je dlouhodob\u011b financov\u00e1na z americk\u00fdch da\u0148ov\u00fdch poplatn\u00edk\u016f. Schopnost Evropy vyr\u00e1b\u011bt zbran\u011b pot\u0159ebn\u00e9 pro dlouhodob\u00fd konflikt s Ruskem je nulov\u00e1 a prost\u0159edky na to, aby jej\u00ed ozbrojen\u00e9 s\u00edly dostaly dostatek vybaven\u00ed a zdroj\u016f pro vy\u010derp\u00e1vac\u00ed v\u00e1lku, neexistuj\u00ed. Americk\u00e1 arm\u00e1da je jedinou silou, kter\u00e1 m\u00e1 zdroje k veden\u00ed dlouhodob\u00e9 v\u00e1lky na Ukrajin\u011b, a proto EU nad\u00e1le po\u017eaduje od Trumpovy administrativy eskalaci. Evrop\u0161t\u00ed p\u0159edstavitel\u00e9 podporuj\u00ed ambice Volodymyra Zelensk\u00e9ho na znovudobyt\u00ed ztracen\u00e9ho ukrajinsk\u00e9ho \u00fazem\u00ed rozhovory o mo\u017en\u00e9m nasazen\u00ed jednotek EU. To v\u00e1lku prodlou\u017eilo a sabotovalo snahy o organizaci diplomatick\u00fdch rozhovor\u016f.<\/span><\/p>\n<p><span dir=\"auto\">Rusk\u00e9 s\u00edly v sou\u010dasn\u00e9 dob\u011b postupuj\u00ed na v\u00fdchodn\u00ed front\u011b a Ukrajina \u010del\u00ed hrozb\u011b ztr\u00e1ty cel\u00e9ho Donbasu. V ohro\u017een\u00ed je i st\u0159edn\u00ed Ukrajina, proto\u017ee po\u010det ukrajinsk\u00fdch voj\u00e1k\u016f kles\u00e1. Analytici mimo typick\u00e9 z\u00e1padn\u00ed propagandistick\u00e9 s\u00edt\u011b tvrd\u00ed, \u017ee Ukrajina \u010del\u00ed tot\u00e1ln\u00ed ztr\u00e1t\u011b, pokud nebude v bl\u00edzk\u00e9 budoucnosti nalezeno \u0159e\u0161en\u00ed.<\/span><\/p>\n<p><em><span dir=\"auto\">Tyler Durden<\/span><\/em><\/p>\n<\/div>\n<\/div>\n<div class=\"elementor-element elementor-element-8c57238 quelle dc-has-condition dc-condition-empty elementor-widget elementor-widget-heading\" data-id=\"8c57238\" data-element_type=\"widget\" data-widget_type=\"heading.default\">\n<div class=\"elementor-widget-container\">\n<h3 class=\"elementor-heading-title elementor-size-default\"><span style=\"font-size: 10pt;\"><a href=\"https:\/\/www.zerohedge.com\/geopolitical\/europe-high-alert-polish-moms-train-war-against-russia\" target=\"_blank\" rel=\"nofollow noopener\"><span dir=\"auto\">Zdroj<\/span><\/a><\/span><\/h3>\n<p><img decoding=\"async\" loading=\"lazy\" class=\"wp-image-86927 aligncenter\" src=\"http:\/\/www.infokuryr.cz\/n\/wp-content\/uploads\/2025\/09\/letak-volby-2025-konference-3-212x300.png\" alt=\"\" width=\"710\" height=\"1005\" srcset=\"https:\/\/www.infokuryr.cz\/n\/wp-content\/uploads\/2025\/09\/letak-volby-2025-konference-3-212x300.png 212w, https:\/\/www.infokuryr.cz\/n\/wp-content\/uploads\/2025\/09\/letak-volby-2025-konference-3-724x1024.png 724w, https:\/\/www.infokuryr.cz\/n\/wp-content\/uploads\/2025\/09\/letak-volby-2025-konference-3-768x1086.png 768w, https:\/\/www.infokuryr.cz\/n\/wp-content\/uploads\/2025\/09\/letak-volby-2025-konference-3-1086x1536.png 1086w, https:\/\/www.infokuryr.cz\/n\/wp-content\/uploads\/2025\/09\/letak-volby-2025-konference-3-1448x2048.png 1448w, https:\/\/www.infokuryr.cz\/n\/wp-content\/uploads\/2025\/09\/letak-volby-2025-konference-3-1024x1448.png 1024w\" sizes=\"(max-width: 710px) 100vw, 710px\" \/><\/p>\n<\/div>\n<\/div>\n","protected":false},"excerpt":{"rendered":"<p>Ned\u00e1vn\u00fd incident v polsk\u00e9m vzdu\u0161n\u00e9m prostoru, do kter\u00e9ho byly zapojeny nejm\u00e9n\u011b t\u0159i rusk\u00e9 drony, vyvolal&#8230;<\/p>\n","protected":false},"author":2,"featured_media":87898,"comment_status":"closed","ping_status":"closed","sticky":false,"template":"","format":"standard","meta":[],"categories":[7],"tags":[1050,31,3769,22,40],"_links":{"self":[{"href":"https:\/\/www.infokuryr.cz\/n\/wp-json\/wp\/v2\/posts\/87897"}],"collection":[{"href":"https:\/\/www.infokuryr.cz\/n\/wp-json\/wp\/v2\/posts"}],"about":[{"href":"https:\/\/www.infokuryr.cz\/n\/wp-json\/wp\/v2\/types\/post"}],"author":[{"embeddable":true,"href":"https:\/\/www.infokuryr.cz\/n\/wp-json\/wp\/v2\/users\/2"}],"replies":[{"embeddable":true,"href":"https:\/\/www.infokuryr.cz\/n\/wp-json\/wp\/v2\/comments?post=87897"}],"version-history":[{"count":1,"href":"https:\/\/www.infokuryr.cz\/n\/wp-json\/wp\/v2\/posts\/87897\/revisions"}],"predecessor-version":[{"id":87899,"href":"https:\/\/www.infokuryr.cz\/n\/wp-json\/wp\/v2\/posts\/87897\/revisions\/87899"}],"wp:featuredmedia":[{"embeddable":true,"href":"https:\/\/www.infokuryr.cz\/n\/wp-json\/wp\/v2\/media\/87898"}],"wp:attachment":[{"href":"https:\/\/www.infokuryr.cz\/n\/wp-json\/wp\/v2\/media?parent=87897"}],"wp:term":[{"taxonomy":"category","embeddable":true,"href":"https:\/\/www.infokuryr.cz\/n\/wp-json\/wp\/v2\/categories?post=87897"},{"taxonomy":"post_tag","embeddable":true,"href":"https:\/\/www.infokuryr.cz\/n\/wp-json\/wp\/v2\/tags?post=87897"}],"curies":[{"name":"wp","href":"https:\/\/api.w.org\/{rel}","templated":true}]}}