{"id":87887,"date":"2025-09-16T07:18:12","date_gmt":"2025-09-16T05:18:12","guid":{"rendered":"https:\/\/www.infokuryr.cz\/n\/?p=87887"},"modified":"2025-09-16T07:30:04","modified_gmt":"2025-09-16T05:30:04","slug":"michael-svatos-nacifikace-eu-je-uz-neprehlednutelna-slavnostni-provedeni-oficialniho-marse-ss-a-sa","status":"publish","type":"post","link":"https:\/\/www.infokuryr.cz\/n\/2025\/09\/16\/michael-svatos-nacifikace-eu-je-uz-neprehlednutelna-slavnostni-provedeni-oficialniho-marse-ss-a-sa\/","title":{"rendered":"Michael Svato\u0161: Nacifikace EU je u\u017e nep\u0159ehl\u00e9dnuteln\u00e1! Slavnostn\u00ed proveden\u00ed ofici\u00e1ln\u00edho mar\u0161e SS a SA &#8230;"},"content":{"rendered":"<div id=\"fb-root\"><\/div>\n<h3>Nacifikace EU je u\u017e nep\u0159ehl\u00e9dnuteln\u00e1! Slavnostn\u00ed proveden\u00ed ofici\u00e1ln\u00edho mar\u0161e SS a SA v Oldenburgu 28. srpna 2025 vojsky a generalitou NATO \u2013 \u010desk\u00e1 a slovensk\u00e1 stopa! Anal\u00fdza + Videa<\/h3>\n<p>Naprost\u00fd \u0161ok! 28. srpna 2025 v Oldenburgu n\u011bmeck\u00e1 1. panc\u00e9\u0159ov\u00e1 divize provedla slavnost\u00ed p\u0159ehl\u00eddku p\u0159i p\u0159\u00edle\u017eitosti n\u00e1stupu nov\u00e9ho velitele divize, a p\u0159i n\u00ed voj\u00e1ci NATO pochodovali za zvuk\u016f star\u00e9 nacistick\u00e9 p\u00edsn\u011b,\u00a0<a href=\"https:\/\/www.volksliederarchiv.de\/obs-stuermt-oder-schneit-panzerlied\/\">kterou v roce 1935<\/a>\u00a0na zak\u00e1zku Himmlerova\u00a0<a href=\"https:\/\/cs.wikipedia.org\/wiki\/Rasse-_und_Siedlungshauptamt\">\u00da\u0159adu pro rasu a os\u00eddlen\u00ed p\u0159i hlavn\u00edm \u00fa\u0159adu SS<\/a>\u00a0slo\u017eil zn\u00e1m\u00fd n\u011bmeck\u00fd SA-Sturmf\u00fchrer Kurt Wiehle. Tato p\u00edse\u0148 byla u\u017e p\u0159ed lety, po odhalen\u00ed jej\u00edho historick\u00e9ho p\u016fvodu a p\u016fvodn\u00edho textu, v<a href=\"https:\/\/www.spiegel.de\/politik\/deutschland\/verteidigungsministerium-stoppt-bundeswehr-liederbuch-a-1147482.html\">\u00a0modern\u00ed n\u011bmeck\u00e9 arm\u00e1d\u011b vy\u0159azena z ofici\u00e1ln\u00edch vojensk\u00fdch zp\u011bvn\u00edk\u016f<\/a>\u00a0\u2013 v p\u016fvodn\u00edm origin\u00e1lu, kter\u00fd Kurt Wiehle upravil v roce 1935 pro pot\u0159eby Wehrmachtu, se toti\u017e zp\u00edv\u00e1 t\u0159eba:<\/p>\n<p>\u201c<em><span dir=\"auto\">Svastika vlaje,\u00a0<\/span><span dir=\"auto\">vlaje ve dne v noci,\u00a0<\/span><span dir=\"auto\">bojov\u00fd pok\u0159ik zn\u00ed:\u00a0<\/span><span dir=\"auto\">Velk\u00e9 N\u011bmecko se probouz\u00ed!\u2026A\u0165 Adolf Hitler n\u00e1s vede noc\u00ed a\u017e do \u00fasvitu svobody, kdy se probud\u00ed Velk\u00e9 N\u011bmecko!\u2026.Heslo z\u016fst\u00e1v\u00e1: \u017did\u00e9 ven!\u2026.A pokud dnes zem\u0159eme na krvav\u00e9m poli, zabiti na\u0161\u00edm bratrem pro \u017eidovsk\u00e9 pen\u00edze, pak se na\u0161e hn\u011bd\u00e1 arm\u00e1da vrhne p\u0159es na\u0161e t\u011bla a na\u0161e du\u0161e p\u016fjdou p\u0159ed nimi.\u201d.\u00a0<\/span><\/em><span dir=\"auto\">(<a href=\"https:\/\/www.hagalil.com\/2009\/04\/panzerlied\/\">Zde najdete srovn\u00e1n\u00ed obou cel\u00fdch text\u016f<\/a>.)\u00a0<\/span><\/p>\n<p>Ofici\u00e1ln\u00ed historick\u00fd zvukov\u00fd z\u00e1znam origin\u00e1lu pochodov\u00e9 p\u00edsn\u011b\u00a0<a href=\"https:\/\/anthems.fandom.com\/wiki\/Kurt_Wiehle\">slo\u017een\u00e9 SA-Sturmf\u00fchrerem Kurtem Wiehle<\/a>\u00a0najdete v proveden\u00ed bez textu pro porovn\u00e1n\u00ed\u00a0<a href=\"https:\/\/en.wikipedia.org\/wiki\/File:Der_Panzerlied_Instrumental.ogg\">zde \u2013 pouze audio<\/a>.\u00a0Z\u00e1znam defil\u00e9 p\u0159\u00edslu\u0161n\u00edk\u016f 1. n\u011bmeck\u00e9 panc\u00e9\u0159ov\u00e9 divize ze 28. srpna 2025 v Oldenburgu\u00a0<a class=\"mfp-iframe lightbox-added\" href=\"https:\/\/www.youtube.com\/watch?v=U0k7P9xy82Q\">najdete v\u010detn\u011b obrazov\u00e9ho z\u00e1znamu zde<\/a>. P\u00edse\u0148 za\u010d\u00edn\u00e1 v \u010dase videa 02:50, ale prohl\u00e9dn\u011bte si video cel\u00e9, a\u0165 pochop\u00edte, o jak velkou par\u00e1du za hojn\u00e9 \u00fa\u010dasti na tribun\u011b \u0161lo!<\/p>\n<p><iframe loading=\"lazy\" title=\"Panzerlied (ob&#039;s st\u00fcrmt oder schneit) - Bundeswehr- Ausmarsch Paradeaufstellung 1. Panzerdivision\" width=\"640\" height=\"360\" src=\"https:\/\/www.youtube.com\/embed\/U0k7P9xy82Q?feature=oembed\" frameborder=\"0\" allow=\"accelerometer; autoplay; clipboard-write; encrypted-media; gyroscope; picture-in-picture; web-share\" referrerpolicy=\"strict-origin-when-cross-origin\" allowfullscreen><\/iframe><\/p>\n<p>Obrovsk\u00fdm \u0161okem je,\u00a0<a href=\"https:\/\/www.bundeswehr.de\/de\/organisation\/heer\/organisation\/1-panzerdivision\">\u017ee z\u00e1stupcem velitele 9. tankov\u00e9 brig\u00e1dy 1. tankov\u00e9 divize<\/a>, kter\u00e1 se rovn\u011b\u017e nacistick\u00e9 par\u00e1dy v Oldenburgu 28. srpna 2025 aktivn\u011b \u00fa\u010dastnila,\u00a0<a class=\"mfp-iframe lightbox-added\" href=\"https:\/\/www.youtube.com\/watch?v=JIhoTOfRy1o\">je od kv\u011btna leto\u0161n\u00edho roku plukovn\u00edk Stephan Kirchhoff<\/a>, a ten je sou\u010dasn\u011b velitelem v\u00fdcviku v\u0161ech ukrajinsk\u00fdch voj\u00e1k\u016f vys\u00edlan\u00fdch do N\u011bmecka na tr\u00e9nink boje proti Rus\u016fm. Plukovn\u00edk Kirchhoff vedl nav\u00edc do sv\u00e9ho ned\u00e1vn\u00e9ho pov\u00fd\u0161en\u00ed v\u00fdcvikovou misi\u00a0<span dir=\"auto\">EUMAM Ukrajina,\u00a0<a href=\"https:\/\/mise.mo.gov.cz\/aktualni-mise\/eumam-ukraine-european-union-military-assistance-mission-245609\/\">a ta je \u010dinn\u00e1 i na Libav\u00e9 pod hlavi\u010dkou A\u010cR<\/a><\/span><span dir=\"auto\">.\u00a0Proto\u017ee sou\u010dasn\u00e9mu velen\u00ed A\u010cR z\u0159ejm\u011b vojensk\u00e9 p\u0159ehl\u00eddky prov\u00e1d\u011bn\u00e9 v N\u011bmecku na nacistickou hudbu produkovanou velk\u00fdm orchestrem Bundeswehru nijak nevad\u00ed, mo\u017en\u00e1 se i do\u010dk\u00e1me situace, kdy bude generalita A\u010cR poslu\u0161n\u011b salutovat na nacistick\u00fdch vojensk\u00fdch p\u0159ehl\u00eddk\u00e1ch, t\u0159eba p\u0159i slavnostn\u00edm p\u0159ed\u00e1n\u00ed tank\u016f Leopard II Arm\u00e1d\u011b \u010cR, m\u00edsto toho, aby informovala vl\u00e1du \u010cR, co to zase Germ\u00e1ni prov\u00e1d\u011bj\u00ed, a ta pov\u011b\u0159ila na\u0161eho velvyslance v Berl\u00edn\u011b, aby varoval N\u011bmecko, \u017ee bude-li v t\u011bchto nacistick\u00fdch par\u00e1d\u00e1ch nad\u00e1le pokra\u010dovat, \u010cesk\u00e1 republika si nedovede p\u0159edstavit situaci, \u017ee by N\u011bmecko a \u010cR mohly b\u00fdt \u010dleny aliance NATO z\u00e1rove\u0148.\u00a0<\/span><\/p>\n<p>Jak je situace tristn\u00ed,\u00a0<a class=\"mfp-iframe lightbox-added\" href=\"https:\/\/www.youtube.com\/watch?v=D6lhCCUl4rE\">si prohl\u00e9dn\u011bte zde na videu v \u010dase 03:25+<\/a>,\u00a0kdy zjist\u00edte, \u017ee na nacistick\u00e9 par\u00e1d\u011b 1. panc\u00e9\u0159ov\u00e9 divize v Oldenburgu 28. srpna 2025 byli p\u0159\u00edmo oce\u0148ov\u00e1n\u00ed \u201cexperti\u201d divize, kte\u0159\u00ed byli v posledn\u00edch letech zodpov\u011bdn\u00ed za v\u00fdcvik A\u010cR, a Slovensk\u00e9 arm\u00e1dy, a aktivn\u011b p\u016fsobili v Litv\u011b. A \u017ee na cel\u00e9 p\u0159ehl\u00eddce, kter\u00e1 kulminovala velkou p\u0159ehl\u00eddkou, p\u0159i n\u00ed\u017e velk\u00fd orchestr n\u011bmeck\u00e9ho v\u00e1le\u010dn\u00e9ho n\u00e1mo\u0159nictva pos\u00e1dkou ve m\u011bst\u011b\u00a0 Wilhelmshaven zahr\u00e1l expert\u016fm Bundeswehru k pochodu skladbu SS-Sturmf\u00fchrera Kurta Wiehle\u00a0<a class=\"mfp-iframe lightbox-added\" href=\"https:\/\/www.youtube.com\/watch?v=U0k7P9xy82Q\">v modern\u00ed \u00faprav\u011b Marcuse M\u00fcllera<\/a>, byli\u00a0<a class=\"mfp-iframe lightbox-added\" href=\"https:\/\/www.youtube.com\/watch?v=D6lhCCUl4rE\">podle ofici\u00e1ln\u00ed textov\u00e9 zpr\u00e1vy\u00a0 vydan\u00e9 Bundeswehrem<\/a>\u00a0na tribun\u011b p\u0159\u00edtomni, jak starosta m\u011bsta Oldenburg\u00a0<span class=\"mw-page-title-main\"><a href=\"https:\/\/de.wikipedia.org\/wiki\/J%C3%BCrgen_Krogmann\">J\u00fcrgen Krogmann<\/a>\u00a0z n\u011bmeck\u00e9 strany SPD, tak i dal\u0161\u00ed politici, a hlavn\u011b nejvy\u0161\u0161\u00ed generalita Bundeswehru. Zd\u00e1 se tak jasn\u00e9, \u017ee nacistick\u00e1 hudba nikomu z nich nevad\u00ed, \u017ee?<\/span><\/p>\n<p><iframe loading=\"lazy\" title=\"1. Panzerdivision unter neuem Kommando - \u00dcbergabeappell in Oldenburg\" width=\"640\" height=\"360\" src=\"https:\/\/www.youtube.com\/embed\/D6lhCCUl4rE?feature=oembed\" frameborder=\"0\" allow=\"accelerometer; autoplay; clipboard-write; encrypted-media; gyroscope; picture-in-picture; web-share\" referrerpolicy=\"strict-origin-when-cross-origin\" allowfullscreen><\/iframe><\/p>\n<p>1. panc\u00e9\u0159ov\u00e1 divize Bundeswehru je zodpov\u011bdn\u00e1 za v\u00fdstavbu 45. panc\u00e9\u0159ov\u00e9 brig\u00e1dy Bundeswehru v Litv\u011b,\u00a0<a href=\"https:\/\/en.wikipedia.org\/wiki\/45th_Panzer_Brigade_(Bundeswehr)\">a\u010dkoli ta je organickou sou\u010d\u00e1st\u00ed 10. panc\u00e9\u0159ov\u00e9 divize Bundeswehru<\/a>. A vznik\u00e1 tak nep\u0159ehl\u00e9dnuteln\u00e1 tragikomick\u00e1 situace \u2013 Putin tvrd\u00ed, \u017ee mus\u00ed denacifikovat Ukrajinu, proto\u017ee ji EU nacifikuje. Z\u00e1pad tvrd\u00ed, \u017ee Putin l\u017ee. A sou\u010dasn\u011b 1. panc\u00e9\u0159ov\u00e1 divize n\u011bmeck\u00e9ho Bundeswehru pochoduje na slavnostn\u00ed p\u0159ehl\u00eddce na nacistickou p\u016fvodn\u011b proti\u017eidovskou bojovou p\u00edse\u0148 slo\u017eenou je\u0161t\u011b ke v\u0161emu SA-sturmf\u00fchrerem. A velitel\u00e9 \u00fa\u010dastn\u00ed t\u00e9to nacistick\u00e9 par\u00e1dy jsou z\u00e1rove\u0148 veliteli v\u00fdcviku ukrajinsk\u00fdch a \u010desk\u00fdch a polsk\u00fdch voj\u00e1k\u016f. A v N\u011bmecku vl\u00e1dne kancl\u00e9\u0159 Merz,\u00a0<a href=\"https:\/\/www.michalapetr.com\/map-2301\/\">a ten je vnukem \u010distokrevn\u00e9ho nepotrestan\u00e9ho SA-oberschaarf\u00fchrera<\/a>,\u00a0nacistick\u00e9ho starosty z m\u011bsta Brillon. A z na\u0159\u00edzen\u00ed Bruselsk\u00e9ho komisari\u00e1tu u\u017e mus\u00edme ka\u017ed\u00e9ho 9. kv\u011btna slavit den Roberta Schumana,\u00a0<a href=\"https:\/\/www.michalapetr.com\/map-2293-ministr-ceske-vlady-se-vcera-na-ukrajine-ucastnil-seance-na-oslavu-architekta-mnichovskeho-diktatu-1938-to-nema-v-modernich-ceskych-dejinach-zadne-obdoby\/\">kter\u00fd byl skute\u010dn\u00fdm str\u016fjcem Mnichovsk\u00e9ho dikt\u00e1tu 1938, a oslavoval jej<\/a>,\u00a0a po kapitulaci Francie \u017eil ve vile v N\u011bmecku pod ochranou gestap\u00e1k\u016f osobn\u011b vybran\u00fdch G\u00f6ringem a Himmlerem, a zpracov\u00e1val pro nejvy\u0161\u0161\u00ed nacistick\u00e9 pohlav\u00e1ry anal\u00fdzy, jak dopadne II. sv\u011btov\u00e1 v\u00e1lka. A 1. panc\u00e9\u0159ov\u00e1 divize, kter\u00e1 pochoduje na nacistick\u00e9 p\u00edsn\u011b,\u00a0<a class=\"mfp-iframe lightbox-added\" href=\"https:\/\/www.youtube.com\/watch?v=D6lhCCUl4rE\">je zodpov\u011bdn\u00e1 za vybudov\u00e1n\u00ed 45. n\u011bmeck\u00e9 panc\u00e9\u0159ov\u00e9 brig\u00e1dy<\/a>, trvale um\u00edst\u011bn\u00e9 v Litv\u011b. M\u00e1 tedy pravdu Putin, nebo Brusel?<\/p>\n<p><a href=\"https:\/\/www.michalapetr.com\/map-2410-nacifikace-eu-je-uz-neprehlednutelna-slavnostni-provedeni-oficialniho-marse-ss-a-sa-v-oldenburgu-28-srpna-2025-vojsky-a-generalitou-nato-ceska-a-slovenska-stopa-analyza-videa\/\">Michael Svato\u0161<\/a><\/p>\n<p><img decoding=\"async\" loading=\"lazy\" class=\"alignnone size-full wp-image-27204\" src=\"http:\/\/www.infokuryr.cz\/n\/wp-content\/uploads\/2023\/05\/Michael_Svatos.png\" alt=\"\" width=\"180\" height=\"180\" srcset=\"https:\/\/www.infokuryr.cz\/n\/wp-content\/uploads\/2023\/05\/Michael_Svatos.png 180w, https:\/\/www.infokuryr.cz\/n\/wp-content\/uploads\/2023\/05\/Michael_Svatos-150x150.png 150w\" sizes=\"(max-width: 180px) 100vw, 180px\" \/><\/p>\n<p><img decoding=\"async\" loading=\"lazy\" class=\"wp-image-86927 aligncenter\" src=\"http:\/\/www.infokuryr.cz\/n\/wp-content\/uploads\/2025\/09\/letak-volby-2025-konference-3-212x300.png\" alt=\"\" width=\"695\" height=\"983\" srcset=\"https:\/\/www.infokuryr.cz\/n\/wp-content\/uploads\/2025\/09\/letak-volby-2025-konference-3-212x300.png 212w, https:\/\/www.infokuryr.cz\/n\/wp-content\/uploads\/2025\/09\/letak-volby-2025-konference-3-724x1024.png 724w, https:\/\/www.infokuryr.cz\/n\/wp-content\/uploads\/2025\/09\/letak-volby-2025-konference-3-768x1086.png 768w, https:\/\/www.infokuryr.cz\/n\/wp-content\/uploads\/2025\/09\/letak-volby-2025-konference-3-1086x1536.png 1086w, https:\/\/www.infokuryr.cz\/n\/wp-content\/uploads\/2025\/09\/letak-volby-2025-konference-3-1448x2048.png 1448w, https:\/\/www.infokuryr.cz\/n\/wp-content\/uploads\/2025\/09\/letak-volby-2025-konference-3-1024x1448.png 1024w\" sizes=\"(max-width: 695px) 100vw, 695px\" \/><\/p>\n","protected":false},"excerpt":{"rendered":"<p>Nacifikace EU je u\u017e nep\u0159ehl\u00e9dnuteln\u00e1! Slavnostn\u00ed proveden\u00ed ofici\u00e1ln\u00edho mar\u0161e SS a SA v Oldenburgu 28&#8230;.<\/p>\n","protected":false},"author":2,"featured_media":30481,"comment_status":"closed","ping_status":"closed","sticky":false,"template":"","format":"standard","meta":[],"categories":[6],"tags":[1042,41,2402,84],"_links":{"self":[{"href":"https:\/\/www.infokuryr.cz\/n\/wp-json\/wp\/v2\/posts\/87887"}],"collection":[{"href":"https:\/\/www.infokuryr.cz\/n\/wp-json\/wp\/v2\/posts"}],"about":[{"href":"https:\/\/www.infokuryr.cz\/n\/wp-json\/wp\/v2\/types\/post"}],"author":[{"embeddable":true,"href":"https:\/\/www.infokuryr.cz\/n\/wp-json\/wp\/v2\/users\/2"}],"replies":[{"embeddable":true,"href":"https:\/\/www.infokuryr.cz\/n\/wp-json\/wp\/v2\/comments?post=87887"}],"version-history":[{"count":1,"href":"https:\/\/www.infokuryr.cz\/n\/wp-json\/wp\/v2\/posts\/87887\/revisions"}],"predecessor-version":[{"id":87888,"href":"https:\/\/www.infokuryr.cz\/n\/wp-json\/wp\/v2\/posts\/87887\/revisions\/87888"}],"wp:featuredmedia":[{"embeddable":true,"href":"https:\/\/www.infokuryr.cz\/n\/wp-json\/wp\/v2\/media\/30481"}],"wp:attachment":[{"href":"https:\/\/www.infokuryr.cz\/n\/wp-json\/wp\/v2\/media?parent=87887"}],"wp:term":[{"taxonomy":"category","embeddable":true,"href":"https:\/\/www.infokuryr.cz\/n\/wp-json\/wp\/v2\/categories?post=87887"},{"taxonomy":"post_tag","embeddable":true,"href":"https:\/\/www.infokuryr.cz\/n\/wp-json\/wp\/v2\/tags?post=87887"}],"curies":[{"name":"wp","href":"https:\/\/api.w.org\/{rel}","templated":true}]}}