{"id":87881,"date":"2025-09-16T07:05:43","date_gmt":"2025-09-16T05:05:43","guid":{"rendered":"https:\/\/www.infokuryr.cz\/n\/?p=87881"},"modified":"2025-09-16T07:05:43","modified_gmt":"2025-09-16T05:05:43","slug":"gerald-hauser-vyzyva-ke-zruseni-schvaleni-vakcin-proti-covidu","status":"publish","type":"post","link":"https:\/\/www.infokuryr.cz\/n\/2025\/09\/16\/gerald-hauser-vyzyva-ke-zruseni-schvaleni-vakcin-proti-covidu\/","title":{"rendered":"Gerald Hauser vyz\u00fdv\u00e1 ke zru\u0161en\u00ed schv\u00e1len\u00ed vakc\u00edn proti covidu"},"content":{"rendered":"<div id=\"fb-root\"><\/div>\n<p><strong><span dir=\"auto\">Pot\u00e9, co EU v reakci na parlamentn\u00ed ot\u00e1zku\u00a0<\/span><a href=\"https:\/\/report24.news\/impfzulassung-ohne-umfassende-daten-gerald-hauser-fordert-u-ausschuss-auf-eu-ebene\/\"><span dir=\"auto\">p\u0159iznala<\/span><\/a><span dir=\"auto\">\u00a0, \u017ee schv\u00e1len\u00ed takzvan\u00fdch vakc\u00edn proti Covid-19 bylo ud\u011bleno bez podrobn\u00e9 datov\u00e9 dokumentace, europoslanec za Stranu svobody Gerald Hauser po\u017eaduje d\u016fsledky: Chce zah\u00e1jit p\u0159ehodnocen\u00ed a zru\u0161it schv\u00e1len\u00ed genov\u00fdch terapi\u00ed.<\/span><\/strong><\/p>\n<p><em><span dir=\"auto\">N\u00ed\u017ee si m\u016f\u017eete p\u0159e\u010d\u00edst tiskovou zpr\u00e1vu Geralda Hausera (FP\u00d6):<\/span><\/em><\/p>\n<p><span dir=\"auto\"><strong>\u201ePoprv\u00e9 bylo ofici\u00e1ln\u011b potvrzeno, \u017ee v\u0161ichni o\u010dkovan\u00ed byli pokusn\u00ed kr\u00e1l\u00edci!\u201c<\/strong> \u0159ekl europoslanec za Stranu svobody Gerald Hauser a zd\u016fvodnil sv\u00e9 prohl\u00e1\u0161en\u00ed: \u201eEvropsk\u00e1 komise v reakci na mou parlamentn\u00ed ot\u00e1zku p\u0159ipou\u0161t\u00ed, \u017ee pro vakc\u00edny proti COVID-19 schv\u00e1len\u00e9 21. prosince 2020 nebyly k dispozici \u017e\u00e1dn\u00e9 \u00fapln\u00e9 \u00fadaje, a proto bylo ud\u011bleno pouze podm\u00edn\u011bn\u00e9 schv\u00e1len\u00ed. Stovky milion\u016f Evropan\u016f byly tak l\u00e9\u010deny nedostate\u010dn\u011b testovan\u00fdmi vakc\u00ednami \u2013 p\u0159esto\u017ee se ji\u017e dlouho v\u011bd\u011blo, \u017ee COVID-19 je m\u00e9n\u011b nebezpe\u010dn\u00fd ne\u017e ch\u0159ipka.\u201c<\/span><\/p>\n<p><span dir=\"auto\">Hauser informoval o nov\u00e9 pracovn\u00ed skupin\u011b v r\u00e1mci Poradn\u00edho v\u00fdboru pro imuniza\u010dn\u00ed postupy USA (ACIP), kter\u00e1 nyn\u00ed p\u0159ezkoum\u00e1v\u00e1 ve\u0161ker\u00e1 dostupn\u00e1 a d\u0159\u00edve nepublikovan\u00e1 data o vakc\u00edn\u00e1ch. \u201eZam\u011b\u0159uje se na anal\u00fdzu rizik a p\u0159\u00ednos\u016f, zaznamen\u00e1v\u00e1n\u00ed vedlej\u0161\u00edch \u00fa\u010dink\u016f, mo\u017en\u00fdch kontaminant\u016f a osudu mRNA a spike protein\u016f v t\u011ble.\u201c Hauser zd\u016fraznil, \u017ee je to o p\u011bt let pozd\u011bji.<\/span><\/p>\n<p><span dir=\"auto\">Na poslance Evropsk\u00e9ho parlamentu za Stranu svobody ud\u011blal dojem postoj ministra zdravotnictv\u00ed Roberta Kennedyho Jr. v USA: \u201e27. srpna 2025 byla v USA zru\u0161ena nouzov\u00e1 povolen\u00ed pro vakc\u00edny proti COVID-19. Zdrav\u00ed dosp\u011bl\u00ed mlad\u0161\u00ed 65 let a d\u011bti bez p\u0159edchoz\u00edch onemocn\u011bn\u00ed k nim fakticky ji\u017e nemaj\u00ed p\u0159\u00edstup a ka\u017ed\u00e9 o\u010dkov\u00e1n\u00ed vy\u017eaduje podrobn\u00e9 l\u00e9ka\u0159sk\u00e9 informace o rizic\u00edch. V EU v\u0161ak tato o\u010dkov\u00e1n\u00ed z\u016fst\u00e1vaj\u00ed voln\u011b dostupn\u00e1 \u2013 a to i pro t\u011bhotn\u00e9 \u017eeny, kojence, d\u011bti a zdrav\u00e9 lidi.\u201c<\/span><\/p>\n<p><span dir=\"auto\">\u201eProto jsem podal Evropsk\u00e9 komisi dal\u0161\u00ed \u017e\u00e1dost s dotazem, zda budou nyn\u00ed zru\u0161ena i schv\u00e1len\u00ed o\u010dkov\u00e1n\u00ed proti covidu-19 pro kojence, d\u011bti, t\u011bhotn\u00e9 \u017eeny a zdrav\u00e9 lidi. Chci tak\u00e9 v\u011bd\u011bt, kdo v Komisi je zodpov\u011bdn\u00fd za mo\u017en\u00e9 po\u0161kozen\u00ed vakc\u00ednou a jak\u00fd je postoj Komise k p\u0159etrv\u00e1vaj\u00edc\u00edmu nedostatku \u00fadaj\u016f o bezpe\u010dnosti a \u00fa\u010dinnosti \u2013 FDA tyto nedostatky ned\u00e1vno potvrdila,\u201c uvedl Hauser.<\/span><\/p>\n<p><span dir=\"auto\">1.Zru\u0161\u00ed nyn\u00ed Komise tak\u00e9 sv\u00e9 schv\u00e1len\u00ed vakc\u00edn proti COVID-19 pro celou populaci?<\/span><\/p>\n<p><span dir=\"auto\">2.Kdo v komisi je zodpov\u011bdn\u00fd za \u0161kody zp\u016fsoben\u00e9 o\u010dkov\u00e1n\u00edm, zejm\u00e9na u zdrav\u00fdch lid\u00ed bez p\u0159edchoz\u00edch onemocn\u011bn\u00ed?<\/span><\/p>\n<p><span dir=\"auto\">3.Co \u0159\u00edk\u00e1 Komise k p\u0159etrv\u00e1vaj\u00edc\u00edmu nedostatku z\u00e1kladn\u00edch \u00fadaj\u016f o bezpe\u010dnosti a \u00fa\u010dinnosti vakc\u00edn proti COVID-19, jak nyn\u00ed ofici\u00e1ln\u011b potvrdila FDA?<\/span><\/p>\n<p><cite><span dir=\"auto\">Z\u00a0<\/span><a href=\"https:\/\/www.europarl.europa.eu\/doceo\/document\/E-10-2025-003388_DE.html\"><span dir=\"auto\">\u017e\u00e1dosti<\/span><\/a><span dir=\"auto\">\u00a0Geralda Hausera adresovan\u00e9 Evropsk\u00e9 komisi<\/span><\/cite><\/p>\n<p><span dir=\"auto\">Vzhledem k aktu\u00e1ln\u00edmu v\u00fdvoji situace ohledn\u011b mRNA vakc\u00edn v USA vyz\u00fdv\u00e1 poslanec EU Hauser k rychl\u00e9mu p\u0159ehodnocen\u00ed o\u010dkovac\u00ed politiky v Evrop\u011b: \u201eJe na\u010dase, aby EU znovu zv\u00e1\u017eila schv\u00e1len\u00ed vakc\u00edn proti Covid-19 a st\u00e1hla tyto vakc\u00edny proti koronaviru z trhu, aby ochr\u00e1nila populaci!\u201c<\/span><\/p>\n<p><img decoding=\"async\" loading=\"lazy\" class=\"alignnone size-full wp-image-1185\" src=\"http:\/\/www.infokuryr.cz\/n\/wp-content\/uploads\/2021\/04\/kuryr-podpis.png\" alt=\"\" width=\"84\" height=\"24\" \/><\/p>\n<p><img decoding=\"async\" loading=\"lazy\" class=\"wp-image-86927 aligncenter\" src=\"http:\/\/www.infokuryr.cz\/n\/wp-content\/uploads\/2025\/09\/letak-volby-2025-konference-3-212x300.png\" alt=\"\" width=\"698\" height=\"988\" srcset=\"https:\/\/www.infokuryr.cz\/n\/wp-content\/uploads\/2025\/09\/letak-volby-2025-konference-3-212x300.png 212w, https:\/\/www.infokuryr.cz\/n\/wp-content\/uploads\/2025\/09\/letak-volby-2025-konference-3-724x1024.png 724w, https:\/\/www.infokuryr.cz\/n\/wp-content\/uploads\/2025\/09\/letak-volby-2025-konference-3-768x1086.png 768w, https:\/\/www.infokuryr.cz\/n\/wp-content\/uploads\/2025\/09\/letak-volby-2025-konference-3-1086x1536.png 1086w, https:\/\/www.infokuryr.cz\/n\/wp-content\/uploads\/2025\/09\/letak-volby-2025-konference-3-1448x2048.png 1448w, https:\/\/www.infokuryr.cz\/n\/wp-content\/uploads\/2025\/09\/letak-volby-2025-konference-3-1024x1448.png 1024w\" sizes=\"(max-width: 698px) 100vw, 698px\" \/><\/p>\n","protected":false},"excerpt":{"rendered":"<p>Pot\u00e9, co EU v reakci na parlamentn\u00ed ot\u00e1zku\u00a0p\u0159iznala\u00a0, \u017ee schv\u00e1len\u00ed takzvan\u00fdch vakc\u00edn proti Covid-19 bylo&#8230;<\/p>\n","protected":false},"author":2,"featured_media":87882,"comment_status":"closed","ping_status":"closed","sticky":false,"template":"","format":"standard","meta":[],"categories":[7],"tags":[593,2541,651],"_links":{"self":[{"href":"https:\/\/www.infokuryr.cz\/n\/wp-json\/wp\/v2\/posts\/87881"}],"collection":[{"href":"https:\/\/www.infokuryr.cz\/n\/wp-json\/wp\/v2\/posts"}],"about":[{"href":"https:\/\/www.infokuryr.cz\/n\/wp-json\/wp\/v2\/types\/post"}],"author":[{"embeddable":true,"href":"https:\/\/www.infokuryr.cz\/n\/wp-json\/wp\/v2\/users\/2"}],"replies":[{"embeddable":true,"href":"https:\/\/www.infokuryr.cz\/n\/wp-json\/wp\/v2\/comments?post=87881"}],"version-history":[{"count":0,"href":"https:\/\/www.infokuryr.cz\/n\/wp-json\/wp\/v2\/posts\/87881\/revisions"}],"wp:featuredmedia":[{"embeddable":true,"href":"https:\/\/www.infokuryr.cz\/n\/wp-json\/wp\/v2\/media\/87882"}],"wp:attachment":[{"href":"https:\/\/www.infokuryr.cz\/n\/wp-json\/wp\/v2\/media?parent=87881"}],"wp:term":[{"taxonomy":"category","embeddable":true,"href":"https:\/\/www.infokuryr.cz\/n\/wp-json\/wp\/v2\/categories?post=87881"},{"taxonomy":"post_tag","embeddable":true,"href":"https:\/\/www.infokuryr.cz\/n\/wp-json\/wp\/v2\/tags?post=87881"}],"curies":[{"name":"wp","href":"https:\/\/api.w.org\/{rel}","templated":true}]}}