{"id":87879,"date":"2025-09-16T06:56:22","date_gmt":"2025-09-16T04:56:22","guid":{"rendered":"https:\/\/www.infokuryr.cz\/n\/?p=87879"},"modified":"2025-09-16T06:56:22","modified_gmt":"2025-09-16T04:56:22","slug":"slavek-popelka-pochod-falangy-na-vaclavskem-namesti","status":"publish","type":"post","link":"https:\/\/www.infokuryr.cz\/n\/2025\/09\/16\/slavek-popelka-pochod-falangy-na-vaclavskem-namesti\/","title":{"rendered":"Sl\u00e1vek Popelka: Pochod falangy na V\u00e1clavsk\u00e9m n\u00e1m\u011bst\u00ed"},"content":{"rendered":"<div id=\"fb-root\"><\/div>\n<p>Falangu nejv\u00edce proslavil makedonsk\u00fd vojev\u016fdce a kr\u00e1l Alexandr Velik\u00fd.<\/p>\n<p>Jednalo se o \u010dtvercov\u00fd \u00fatvar jeho\u017e jednotliv\u00ed \u010dlenov\u00e9 byli\u00a0 m.j. vyzbrojeni dlouh\u00fdmi kop\u00edmi kter\u00e9 dr\u017eeli v podpa\u017e\u00ed ob\u011bma rukama. Kop\u00ed druh\u00e9 \u0159ady byla tak dlouh\u00e1, \u017ee p\u0159esahovala kop\u00ed \u0159ady prvn\u00ed.<\/p>\n<p>Makedon\u0161t\u00ed a \u0159e\u010dt\u00ed voj\u00e1ci d\u00edky n\u00ed dos\u00e1hli mnoha v\u00edt\u011bzstv\u00ed a Alexandr\u00a0si dok\u00e1zal b\u011bhem n\u011bkolika let podmanit\u00a0 \u00a0 nejen odv\u011bk\u00e9ho nep\u0159\u00edtele \u0158ek\u016f &#8211; perskou vele\u0159\u00ed\u0161i &#8211; ale i zna\u010dnou \u010d\u00e1st tehdy zn\u00e1m\u00e9ho sv\u011bta.<\/p>\n<p>Porazit falangu dok\u00e1zali a\u017e po stalet\u00edch \u0158\u00edman\u00e9, z\u0159ejm\u011b d\u00edky pou\u017eit\u00ed t\u011b\u017ek\u00fdch vrhac\u00edch o\u0161t\u011bp\u016f.<\/p>\n<p>Na let\u00e1c\u00edch zvouc\u00edch na demonstraci 20. z\u00e1\u0159\u00ed na V\u00e1clavsk\u00e9 n\u00e1m\u011bst\u00ed bylo uvedeno, aby si \u00fa\u010dastn\u00edci vzali s sebou na\u0161i vlajku na pevn\u00e9 d\u0159ev\u011bn\u00e9 n\u00e1sad\u011b dlouh\u00e9 alespo\u0148 dva metry.<\/p>\n<p>Pro\u010d?<\/p>\n<p>Bylo v pl\u00e1nu sestavit z lid\u00ed, kte\u0159\u00ed v\u00fdzvy uposlechnou \u010dtvercov\u00e9 \u00fatvary, kter\u00e1 by byly schopny prorazit n\u011bkolik \u0159ad t\u011b\u017ekood\u011bnc\u016f chr\u00e1n\u00edc\u00edch muzeum.<\/p>\n<p>P\u0159i minul\u00e9m pokusu odstranit ukrajinskou vlajku z N\u00e1rodn\u00edho muzea t\u011b\u017ekood\u011bnci demonstranty napadli a dvacet z nich odvlekli se sv\u00e1zan\u00fdma rukama do budovy Muzea. Vid\u011bl jsem, \u017ee minim\u00e1ln\u011b \u010dty\u0159i z t\u011bchto lid\u00ed m\u011bli na obli\u010deji krev.<\/p>\n<p>Pokud by 20. z\u00e1\u0159\u00ed n\u011bkolik stovek \u010di tis\u00edc \u00fa\u010dastn\u00edk\u016f shrom\u00e1\u017ed\u011bn\u00ed m\u011blo s sebou dlouh\u00e9 d\u0159ev\u011bn\u00e9 n\u00e1sady, nem\u011bli by t\u011b\u017ekood\u011bnci moc \u0161anc\u00ed a vlastenci by do muzea z\u0159ejm\u011b pronikli a vlajku odstranili.<\/p>\n<p>\u0158\u00edzen\u00edm osudu ale symbol ciz\u00edho st\u00e1tu n\u011bkolik t\u00fddn\u016f po ohl\u00e1\u0161en\u00ed demonstrace a zah\u00e1jen\u00ed propagace z fas\u00e1dy N\u00e1rodn\u00edho muzea zmizel a tedy pominul hlavn\u00ed d\u016fvod jej\u00edho svol\u00e1n\u00ed.<\/p>\n<p>Pochod falangy se tedy odkl\u00e1d\u00e1 na nejbli\u017e\u0161\u00ed vhodnou p\u0159\u00edle\u017eitost a shrom\u00e1\u017ed\u011bn\u00ed 20. z\u00e1\u0159\u00ed ve 14.00 na V\u00e1clavsk\u00e9m n\u00e1m\u011bst\u00ed se ru\u0161\u00ed.<\/p>\n<p>Ritu\u00e1l k probuzen\u00ed ochrann\u00fdch sil na\u0161eho n\u00e1roda uspo\u0159\u00e1d\u00e1 Hole\u0161ovsk\u00e1 v\u00fdzva v jin\u00e9m term\u00ednu a na jin\u00e9m m\u00edst\u011b,\u00a0 v\u0161e bude v\u010das ozn\u00e1meno.<\/p>\n<p><strong><em>Mgr. Sl\u00e1vek Popelka<\/em><\/strong><\/p>\n<p><img decoding=\"async\" loading=\"lazy\" class=\"wp-image-86739 aligncenter\" src=\"http:\/\/www.infokuryr.cz\/n\/wp-content\/uploads\/2025\/08\/volby-program-211x300.png\" alt=\"\" width=\"727\" height=\"1034\" srcset=\"https:\/\/www.infokuryr.cz\/n\/wp-content\/uploads\/2025\/08\/volby-program-211x300.png 211w, https:\/\/www.infokuryr.cz\/n\/wp-content\/uploads\/2025\/08\/volby-program-721x1024.png 721w, https:\/\/www.infokuryr.cz\/n\/wp-content\/uploads\/2025\/08\/volby-program-768x1091.png 768w, https:\/\/www.infokuryr.cz\/n\/wp-content\/uploads\/2025\/08\/volby-program-1081x1536.png 1081w, https:\/\/www.infokuryr.cz\/n\/wp-content\/uploads\/2025\/08\/volby-program-1442x2048.png 1442w, https:\/\/www.infokuryr.cz\/n\/wp-content\/uploads\/2025\/08\/volby-program-1024x1455.png 1024w\" sizes=\"(max-width: 727px) 100vw, 727px\" \/><\/p>\n","protected":false},"excerpt":{"rendered":"<p>Falangu nejv\u00edce proslavil makedonsk\u00fd vojev\u016fdce a kr\u00e1l Alexandr Velik\u00fd. Jednalo se o \u010dtvercov\u00fd \u00fatvar jeho\u017e&#8230;<\/p>\n","protected":false},"author":2,"featured_media":87880,"comment_status":"closed","ping_status":"closed","sticky":false,"template":"","format":"standard","meta":[],"categories":[6],"tags":[9765,398,1503],"_links":{"self":[{"href":"https:\/\/www.infokuryr.cz\/n\/wp-json\/wp\/v2\/posts\/87879"}],"collection":[{"href":"https:\/\/www.infokuryr.cz\/n\/wp-json\/wp\/v2\/posts"}],"about":[{"href":"https:\/\/www.infokuryr.cz\/n\/wp-json\/wp\/v2\/types\/post"}],"author":[{"embeddable":true,"href":"https:\/\/www.infokuryr.cz\/n\/wp-json\/wp\/v2\/users\/2"}],"replies":[{"embeddable":true,"href":"https:\/\/www.infokuryr.cz\/n\/wp-json\/wp\/v2\/comments?post=87879"}],"version-history":[{"count":0,"href":"https:\/\/www.infokuryr.cz\/n\/wp-json\/wp\/v2\/posts\/87879\/revisions"}],"wp:featuredmedia":[{"embeddable":true,"href":"https:\/\/www.infokuryr.cz\/n\/wp-json\/wp\/v2\/media\/87880"}],"wp:attachment":[{"href":"https:\/\/www.infokuryr.cz\/n\/wp-json\/wp\/v2\/media?parent=87879"}],"wp:term":[{"taxonomy":"category","embeddable":true,"href":"https:\/\/www.infokuryr.cz\/n\/wp-json\/wp\/v2\/categories?post=87879"},{"taxonomy":"post_tag","embeddable":true,"href":"https:\/\/www.infokuryr.cz\/n\/wp-json\/wp\/v2\/tags?post=87879"}],"curies":[{"name":"wp","href":"https:\/\/api.w.org\/{rel}","templated":true}]}}