{"id":87868,"date":"2025-09-16T06:34:27","date_gmt":"2025-09-16T04:34:27","guid":{"rendered":"https:\/\/www.infokuryr.cz\/n\/?p=87868"},"modified":"2025-09-16T06:56:38","modified_gmt":"2025-09-16T04:56:38","slug":"jindrich-kulhavy-co-musi-vest-kohokoliv-k-tomu-aby-jim-veril","status":"publish","type":"post","link":"https:\/\/www.infokuryr.cz\/n\/2025\/09\/16\/jindrich-kulhavy-co-musi-vest-kohokoliv-k-tomu-aby-jim-veril\/","title":{"rendered":"Jind\u0159ich Kulhav\u00fd: Co mus\u00ed v\u00e9st kohokoliv k tomu, aby jim v\u011b\u0159il?"},"content":{"rendered":"<div id=\"fb-root\"><\/div>\n<p><span class=\"anotation\">P\u0159edvolebn\u00ed pr\u016fzkumy n\u00e1zor\u016f ob\u010dan\u016f na jednotliv\u00e9 strany a kandid\u00e1ty p\u0159edur\u010duj\u00ed k\u00a0v\u00edt\u011bzstv\u00ed ANO, druz\u00ed jsou SPOLU, a pot\u00e9 u\u017e n\u00e1sleduj\u00ed celorepublikov\u011b SPD, STAN, STA\u010cILO a pr\u00fd Pir\u00e1ti, do sn\u011bmovny by pro\u0161li je\u0161t\u011b Motorist\u00e9. Tak\u017ee takto to m\u016f\u017ee dopadnout a v\u011bt\u0161inou i p\u0159es r\u016fzn\u00e1 lobov\u00e1n\u00ed a zad\u00e1n\u00ed i pokusy o manipulaci se nakonec v\u00fdzkumy \u00fapln\u011b od reality neli\u0161\u00ed. Proto\u017ee kdyby ano, p\u0159\u00ed\u0161t\u011b by agentura s\u00a0\u00fapln\u011b mim\u00f3zn\u00edmi odhady nikoho nezaj\u00edmala.<\/span><\/p>\n<div id=\"pagetext\">\n<p>\u00a0 Reakce jednotliv\u00fdch stran tomu tak\u00e9 odpov\u00eddaj\u00ed. Ty nal\u00e9zaj\u00edc\u00ed se pod hranic\u00ed pot\u0159ebnou ke vstupu do Parlamentu samoz\u0159ejm\u011b protestuj\u00ed a je pravdou, \u017ee lid\u00e9 se m\u00e9dii ovlivnit nechaj\u00ed. P\u0159edev\u0161\u00edm ti nerozhodnut\u00ed. Naopak partaje pohybuj\u00edc\u00ed se v\u00a0p\u00e1smu postupu se chv\u00e1l\u00ed a tleskaj\u00ed si dop\u0159edu. V\u00a0minul\u00fdch volb\u00e1ch na to doplatili Pir\u00e1ti, po jejich\u017e z\u00e1dech se vy\u0161plhali STAN, a nakonec pir\u00e1t\u016fm \u010destn\u011b a blahosklonn\u011b poskytli jak ministerstva, tak i minimum poslaneck\u00fdch k\u0159esel. Vliv cinknut\u00fdch pr\u016fzkum\u016f, kdy z\u00e1le\u017e\u00ed na prost\u0159ed\u00ed, kde se vytv\u00e1\u0159\u00ed, dopad\u00e1 na ty pohybuj\u00edc\u00ed se mezi 2.5 \u2013 6 % mo\u017en\u00fdch z\u00edskan\u00fdch hlas\u016f voli\u010d\u016f.<\/p>\n<p>Nyn\u00ed je \u010das se omluvit za Prahu. Nikoliv za Pra\u017e\u00e1ky, proto\u017ee se zd\u00e1, \u017ee t\u011bch rodil\u00fdch u\u017e v\u00a0metropoli tolik nen\u00ed. Dle posledn\u00edch \u00fadaj\u016f v\u00a0Praze vedou SPOLU p\u0159ed ANO, dost hlas\u016f maj\u00ed i Pir\u00e1ti. To je d\u016fsledek \u010deho? Hlavn\u00ed m\u011bsto je dlouhodob\u011b ba\u0161tou ODS, na jej\u00ed chapadla je napojeno mnoho firem i jednotlivc\u016f. Koncentrace firem a \u00fa\u0159ad\u016f \u010din\u00ed m\u011bsto a prost\u0159ed\u00ed v\u00a0n\u011bm nep\u0159ehledn\u00e9 a mno\u017estv\u00ed lid\u00ed na mal\u00e9m prostoru zase vytv\u00e1\u0159\u00ed dostate\u010dn\u011b vysok\u00fd rozpo\u010det p\u0159izp\u016fsoben\u00fd r\u016fzn\u00fdm \u201eoperac\u00edm\u201c.\u00a0 Dostat se mezi zavedenou mafii tak nen\u00ed jednoduch\u00e9 a kmot\u0159i si sv\u00e9 hl\u00eddaj\u00ed. Nav\u00edc plno korpor\u00e1t\u016f vyd\u011bl\u00e1v\u00e1 na eurohujerismu vy\u017eadovan\u00e9m jako \u0161t\u00e1bn\u00ed kultura. Velk\u00e1 \u010d\u00e1st \u00fa\u0159edn\u00edk\u016f se boj\u00ed o sv\u00e1 koryta a necht\u011bj\u00ed riskovat, \u017ee by nov\u00e9 ko\u0161t\u011b metlo l\u00e9pe\u2026.a vymetlo je. Ka\u017edop\u00e1dn\u011b logicky by v\u00a0Praze m\u011bli v\u00edt\u011bzit Motorist\u00e9 a naopak Pir\u00e1ti se slavi\u010d\u00ednsk\u00fdm rod\u00e1kem skon\u010dit na chvostu. A ono je to jinak.<\/p>\n<p>Jen\u017ee o tom jsem vlastn\u011b ani ps\u00e1t necht\u011bl. P\u016fvodn\u00ed zamy\u0161len\u00ed se t\u00fdkalo n\u011b\u010deho \u00fapln\u011b jin\u00e9ho.\u00a0 Tedy d\u016fv\u011bry voli\u010d\u016f v\u011bnovan\u00e9 t\u011bm, kte\u0159\u00ed prokazateln\u011b l\u017eou. U m\u00e9di\u00ed u\u017e jsme si zvykli a kdo jen trochu pou\u017e\u00edv\u00e1 mozek, mus\u00ed se nad prac\u00ed moder\u00e1tor\u016f a novin\u00e1\u0159\u016f sm\u00e1t. Mili\u00f3nov\u00fd dav v\u00a0Lond\u00fdn\u011b ozna\u010d\u00ed za stotis\u00edcov\u00fd, u poslepovan\u00fdch maket dron\u016f tvrd\u00ed cosi o \u00fatoku na svrchovan\u00e9 Polsko, u n\u00e1s zase \u00fapln\u011b odm\u00edtaj\u00ed se zab\u00fdvat re\u00e1ln\u00fdmi krimin\u00e1ln\u00edmi \u010diny typu Dozimetr, Kampeli\u010dka, bitcoiny. Po\u0159\u00e1d ale nesta\u010d\u00ed na politiky. T\u011bm schopnost blafovat mus\u00ed z\u00e1vid\u011bt.<\/p>\n<p>Nejlep\u0161\u00ed vtip posledn\u00edch dn\u00ed, tedy kdyby tomu nev\u011b\u0159ila, p\u0159idala Jana \u010cernochov\u00e1, kdy\u017e prohl\u00e1sila, \u017ee 2.sv\u011btovou v\u00e1lku za\u010dal Sov\u011btsk\u00fd svaz. Neznalost d\u011bjin spojen\u00e1 s\u00a0tupost\u00ed a ideologick\u00fdm pomaten\u00edm zp\u016fsob\u00ed mnoh\u00e9, ale takto se prezentovat, to u\u017e je unik\u00e1t. Moc nezaostal ani Petr Fiala hovo\u0159\u00edc\u00ed o sv\u00e9 vl\u00e1d\u011b, jako o nejlep\u0161\u00ed od vzniku \u010ceskoslovenska. K\u00a0tomu p\u0159itak\u00e1vala Pekarov\u00e1 Adamov\u00e1, arogantn\u00ed odbornice p\u0159es mobily a svetry. Tak\u00e9 babyministr Lipavsk\u00fd povol\u00e1vaj\u00edc\u00ed si na kobere\u010dek rusk\u00e9ho velvyslance za naaran\u017eov\u00e1n\u00ed pseudodron\u016f na kurn\u00edk \u010di do pole uk\u00e1zal skute\u010dn\u00e9 zaujet\u00ed pro sv\u011btov\u00fd m\u00edr. Tedy aspo\u0148 si to tak p\u0159edstavoval, jen ve v\u00fdsledku ze sebe ud\u011blal \u0161a\u0161ka. Ne poprv\u00e9. L\u017e\u00ed jsme za posledn\u00edch p\u00e1r let sly\u0161eli mnohem v\u00edce ne\u017e bychom v\u00a0listopadu 1989 o\u010dek\u00e1vali. A Fialova skvadra je v\u00a0tom neskute\u010dn\u011b dobr\u00e1.<\/p>\n<p>V\u00a0tomto t\u00e9matu bychom mohli pokra\u010dovat mnohem d\u00e9le, nicm\u00e9n\u011b naivita n\u011bkter\u00fdch voli\u010d\u016f je natolik stra\u0161ideln\u00e1, \u017ee v\u00e1s nechceme d\u011bsit. Sta\u010d\u00ed to, kdy\u017e vid\u00edme, jak se celorepublikov\u011b k\u00a0SPOLU hl\u00e1s\u00ed 20% potencion\u00e1ln\u00edch voli\u010d\u016f, ke STAN a Pir\u00e1t\u016fm po 10%. Moc nech\u00e1peme ani t\u011bch 30% pro ANO, i kdy\u017e po sou\u010dasn\u00e9 vl\u00e1dn\u00ed koalici by to bylo logick\u00e9. Tedy kdyby zbytek pobrali SPD, Sta\u010dilo a Motorist\u00e9. Jen\u017ee ono je to jinak. A je\u0161t\u011b v\u00edce b\u00fdt m\u016f\u017ee. Uvid\u00edme. Za t\u0159i t\u00fddny budeme bu\u010f moud\u0159ej\u0161\u00ed, nebo se aspo\u0148 dozv\u00edme, jak je na tom n\u00e1\u0161 n\u00e1rod s\u00a0IQ.<\/p>\n<p><a href=\"https:\/\/www.inadhled.live\/uvaha-dne\/co-musi-vest-kohokoliv-k-tomu-aby-jim-veril-\/\">Jind\u0159ich Kulhav\u00fd<\/a><\/p>\n<p><img decoding=\"async\" loading=\"lazy\" class=\"alignnone size-full wp-image-48136\" src=\"http:\/\/www.infokuryr.cz\/n\/wp-content\/uploads\/2024\/02\/kulhavy-jindrich.jpg\" alt=\"\" width=\"219\" height=\"221\" srcset=\"https:\/\/www.infokuryr.cz\/n\/wp-content\/uploads\/2024\/02\/kulhavy-jindrich.jpg 219w, https:\/\/www.infokuryr.cz\/n\/wp-content\/uploads\/2024\/02\/kulhavy-jindrich-150x150.jpg 150w\" sizes=\"(max-width: 219px) 100vw, 219px\" \/><\/p>\n<p><img decoding=\"async\" loading=\"lazy\" class=\"wp-image-86739 aligncenter\" src=\"http:\/\/www.infokuryr.cz\/n\/wp-content\/uploads\/2025\/08\/volby-program-211x300.png\" alt=\"\" width=\"790\" height=\"1123\" srcset=\"https:\/\/www.infokuryr.cz\/n\/wp-content\/uploads\/2025\/08\/volby-program-211x300.png 211w, https:\/\/www.infokuryr.cz\/n\/wp-content\/uploads\/2025\/08\/volby-program-721x1024.png 721w, https:\/\/www.infokuryr.cz\/n\/wp-content\/uploads\/2025\/08\/volby-program-768x1091.png 768w, https:\/\/www.infokuryr.cz\/n\/wp-content\/uploads\/2025\/08\/volby-program-1081x1536.png 1081w, https:\/\/www.infokuryr.cz\/n\/wp-content\/uploads\/2025\/08\/volby-program-1442x2048.png 1442w, https:\/\/www.infokuryr.cz\/n\/wp-content\/uploads\/2025\/08\/volby-program-1024x1455.png 1024w\" sizes=\"(max-width: 790px) 100vw, 790px\" \/><\/p>\n<\/div>\n","protected":false},"excerpt":{"rendered":"<p>P\u0159edvolebn\u00ed pr\u016fzkumy n\u00e1zor\u016f ob\u010dan\u016f na jednotliv\u00e9 strany a kandid\u00e1ty p\u0159edur\u010duj\u00ed k\u00a0v\u00edt\u011bzstv\u00ed ANO, druz\u00ed jsou SPOLU,&#8230;<\/p>\n","protected":false},"author":2,"featured_media":87869,"comment_status":"closed","ping_status":"closed","sticky":false,"template":"","format":"standard","meta":[],"categories":[6],"tags":[1503,620,99,27],"_links":{"self":[{"href":"https:\/\/www.infokuryr.cz\/n\/wp-json\/wp\/v2\/posts\/87868"}],"collection":[{"href":"https:\/\/www.infokuryr.cz\/n\/wp-json\/wp\/v2\/posts"}],"about":[{"href":"https:\/\/www.infokuryr.cz\/n\/wp-json\/wp\/v2\/types\/post"}],"author":[{"embeddable":true,"href":"https:\/\/www.infokuryr.cz\/n\/wp-json\/wp\/v2\/users\/2"}],"replies":[{"embeddable":true,"href":"https:\/\/www.infokuryr.cz\/n\/wp-json\/wp\/v2\/comments?post=87868"}],"version-history":[{"count":0,"href":"https:\/\/www.infokuryr.cz\/n\/wp-json\/wp\/v2\/posts\/87868\/revisions"}],"wp:featuredmedia":[{"embeddable":true,"href":"https:\/\/www.infokuryr.cz\/n\/wp-json\/wp\/v2\/media\/87869"}],"wp:attachment":[{"href":"https:\/\/www.infokuryr.cz\/n\/wp-json\/wp\/v2\/media?parent=87868"}],"wp:term":[{"taxonomy":"category","embeddable":true,"href":"https:\/\/www.infokuryr.cz\/n\/wp-json\/wp\/v2\/categories?post=87868"},{"taxonomy":"post_tag","embeddable":true,"href":"https:\/\/www.infokuryr.cz\/n\/wp-json\/wp\/v2\/tags?post=87868"}],"curies":[{"name":"wp","href":"https:\/\/api.w.org\/{rel}","templated":true}]}}