{"id":87866,"date":"2025-09-16T06:31:53","date_gmt":"2025-09-16T04:31:53","guid":{"rendered":"https:\/\/www.infokuryr.cz\/n\/?p=87866"},"modified":"2025-09-16T06:31:53","modified_gmt":"2025-09-16T04:31:53","slug":"brusel-eu-nema-pravomoc-zakazat-viza-rusum","status":"publish","type":"post","link":"https:\/\/www.infokuryr.cz\/n\/2025\/09\/16\/brusel-eu-nema-pravomoc-zakazat-viza-rusum\/","title":{"rendered":"Brusel: EU nem\u00e1 pravomoc zak\u00e1zat v\u00edza Rus\u016fm"},"content":{"rendered":"<div id=\"fb-root\"><\/div>\n<h3>Blok nem\u016f\u017ee nutit \u010dleny, aby odep\u00edrali v\u00edza turist\u016fm z konkr\u00e9tn\u00edch zem\u00ed, uvedl nejvy\u0161\u0161\u00ed \u00fa\u0159edn\u00edk pro migraci<\/h3>\n<p data-start=\"60\" data-end=\"326\"><span dir=\"auto\">EU nem\u016f\u017ee donutit v\u0161echny \u010dlensk\u00e9 st\u00e1ty, aby p\u0159estaly vyd\u00e1vat v\u00edza rusk\u00fdm ob\u010dan\u016fm, prohl\u00e1sil v ned\u011bli evropsk\u00fd komisa\u0159 pro vnit\u0159n\u00ed z\u00e1le\u017eitosti a migraci Magnus Brunner.<\/span><\/p>\n<p data-start=\"500\" data-end=\"668\"><span dir=\"auto\">Na tiskov\u00e9 konferenci po boku finsk\u00e9 ministryn\u011b vnitra Mari Rantanenov\u00e9 byl Brunner dot\u00e1z\u00e1n na zpr\u00e1vy o mo\u017en\u00e9m z\u00e1kazu turistick\u00fdch v\u00edz pro Rusy v cel\u00e9 EU.<\/span><\/p>\n<p data-start=\"670\" data-end=\"897\"><em><span dir=\"auto\">\u201eV\u00edza jsou v kompetenci \u010dlensk\u00fdch st\u00e1t\u016f, tak\u017ee neexistuje mo\u017enost, aby je EU n\u011bkdy \u00fapln\u011b zak\u00e1zala,\u201c<\/span><\/em><span dir=\"auto\">\u00a0\u0159ekl a dodal:\u00a0<\/span><em><span dir=\"auto\">\u201eV n\u011bkter\u00fdch \u010dlensk\u00fdch st\u00e1tech vid\u00edme, \u017ee \u010d\u00edsla trochu rostou, a to n\u00e1s znepokojuje.\u201c<\/span><\/em><\/p>\n<p data-start=\"899\" data-end=\"1263\"><span dir=\"auto\">N\u011bkolik zem\u00ed EU zp\u0159\u00edsnilo nebo pozastavilo v\u00edzov\u00e9 \u200b\u200bpostupy pro rusk\u00e9 ob\u010dany po vypuknut\u00ed konfliktu na Ukrajin\u011b v \u00fanoru 2022. Slovensko obnovilo vyd\u00e1v\u00e1n\u00ed schengensk\u00fdch v\u00edz za\u010d\u00e1tkem tohoto roku, pot\u00e9, co je d\u0159\u00edve omezovalo na Rusy s rodinn\u00fdmi vazbami, pracovn\u00edmi pot\u0159ebami nebo diplomatick\u00fdm statusem. Dr\u017eitel\u00e9 schengensk\u00fdch v\u00edz mohou cestovat po v\u0161ech 27 \u010dlensk\u00fdch st\u00e1tech EU.<\/span><\/p>\n<p data-start=\"1265\" data-end=\"1373\"><span dir=\"auto\">Slovensko spolu s Loty\u0161skem, Litvou, Estonskem a Polskem pozastavilo turistick\u00e1 v\u00edza pro Rusy v roce 2022.<\/span><\/p>\n<p data-start=\"1375\" data-end=\"1594\"><span dir=\"auto\">Sou\u010dasn\u00e1 \u0161\u00e9fka zahrani\u010dn\u00ed politiky EU Kaja Kallasov\u00e1, tehdej\u0161\u00ed estonsk\u00e1 ministryn\u011b zahrani\u010d\u00ed, v tom roce nal\u00e9hala na z\u00e1kaz v cel\u00e9m bloku a na X napsala:\u00a0<\/span><em><span dir=\"auto\">\u201eP\u0159esta\u0148te vyd\u00e1vat turistick\u00e1 v\u00edza Rus\u016fm. N\u00e1v\u0161t\u011bva Evropy je privilegium, nikoli lidsk\u00e9 pr\u00e1vo.\u201c<\/span><\/em><\/p>\n<p data-start=\"1596\" data-end=\"1772\"><span dir=\"auto\">Podle Evropsk\u00e9 komise podali ru\u0161t\u00ed ob\u010dan\u00e9 v roce 2024 v\u00edce ne\u017e 606 000 \u017e\u00e1dost\u00ed o schengensk\u00e1 v\u00edza, co\u017e je n\u00e1r\u016fst oproti p\u0159ibli\u017en\u011b 520 000 v roce 2023, p\u0159i\u010dem\u017e zhruba 7,5 % \u017e\u00e1dost\u00ed bylo zam\u00edtnuto.<\/span><\/p>\n<p data-start=\"1596\" data-end=\"1772\"><img decoding=\"async\" loading=\"lazy\" class=\"alignnone size-full wp-image-1185\" src=\"http:\/\/www.infokuryr.cz\/n\/wp-content\/uploads\/2021\/04\/kuryr-podpis.png\" alt=\"\" width=\"84\" height=\"24\" \/><\/p>\n<p data-start=\"1596\" data-end=\"1772\"><img decoding=\"async\" loading=\"lazy\" class=\"wp-image-86927 aligncenter\" src=\"http:\/\/www.infokuryr.cz\/n\/wp-content\/uploads\/2025\/09\/letak-volby-2025-konference-3-212x300.png\" alt=\"\" width=\"685\" height=\"969\" srcset=\"https:\/\/www.infokuryr.cz\/n\/wp-content\/uploads\/2025\/09\/letak-volby-2025-konference-3-212x300.png 212w, https:\/\/www.infokuryr.cz\/n\/wp-content\/uploads\/2025\/09\/letak-volby-2025-konference-3-724x1024.png 724w, https:\/\/www.infokuryr.cz\/n\/wp-content\/uploads\/2025\/09\/letak-volby-2025-konference-3-768x1086.png 768w, https:\/\/www.infokuryr.cz\/n\/wp-content\/uploads\/2025\/09\/letak-volby-2025-konference-3-1086x1536.png 1086w, https:\/\/www.infokuryr.cz\/n\/wp-content\/uploads\/2025\/09\/letak-volby-2025-konference-3-1448x2048.png 1448w, https:\/\/www.infokuryr.cz\/n\/wp-content\/uploads\/2025\/09\/letak-volby-2025-konference-3-1024x1448.png 1024w\" sizes=\"(max-width: 685px) 100vw, 685px\" \/><\/p>\n<p>&nbsp;<\/p>\n","protected":false},"excerpt":{"rendered":"<p>Blok nem\u016f\u017ee nutit \u010dleny, aby odep\u00edrali v\u00edza turist\u016fm z konkr\u00e9tn\u00edch zem\u00ed, uvedl nejvy\u0161\u0161\u00ed \u00fa\u0159edn\u00edk pro&#8230;<\/p>\n","protected":false},"author":2,"featured_media":87867,"comment_status":"closed","ping_status":"closed","sticky":false,"template":"","format":"standard","meta":[],"categories":[7],"tags":[640,41,805,490],"_links":{"self":[{"href":"https:\/\/www.infokuryr.cz\/n\/wp-json\/wp\/v2\/posts\/87866"}],"collection":[{"href":"https:\/\/www.infokuryr.cz\/n\/wp-json\/wp\/v2\/posts"}],"about":[{"href":"https:\/\/www.infokuryr.cz\/n\/wp-json\/wp\/v2\/types\/post"}],"author":[{"embeddable":true,"href":"https:\/\/www.infokuryr.cz\/n\/wp-json\/wp\/v2\/users\/2"}],"replies":[{"embeddable":true,"href":"https:\/\/www.infokuryr.cz\/n\/wp-json\/wp\/v2\/comments?post=87866"}],"version-history":[{"count":0,"href":"https:\/\/www.infokuryr.cz\/n\/wp-json\/wp\/v2\/posts\/87866\/revisions"}],"wp:featuredmedia":[{"embeddable":true,"href":"https:\/\/www.infokuryr.cz\/n\/wp-json\/wp\/v2\/media\/87867"}],"wp:attachment":[{"href":"https:\/\/www.infokuryr.cz\/n\/wp-json\/wp\/v2\/media?parent=87866"}],"wp:term":[{"taxonomy":"category","embeddable":true,"href":"https:\/\/www.infokuryr.cz\/n\/wp-json\/wp\/v2\/categories?post=87866"},{"taxonomy":"post_tag","embeddable":true,"href":"https:\/\/www.infokuryr.cz\/n\/wp-json\/wp\/v2\/tags?post=87866"}],"curies":[{"name":"wp","href":"https:\/\/api.w.org\/{rel}","templated":true}]}}