{"id":87796,"date":"2025-09-15T06:12:18","date_gmt":"2025-09-15T04:12:18","guid":{"rendered":"https:\/\/www.infokuryr.cz\/n\/?p=87796"},"modified":"2025-09-15T06:12:18","modified_gmt":"2025-09-15T04:12:18","slug":"sezona-provokaci-pod-falesnou-vlajkou-zatimco-nato-a-kyjevsky-rezim-zoufale-hledaji-vychodisko","status":"publish","type":"post","link":"https:\/\/www.infokuryr.cz\/n\/2025\/09\/15\/sezona-provokaci-pod-falesnou-vlajkou-zatimco-nato-a-kyjevsky-rezim-zoufale-hledaji-vychodisko\/","title":{"rendered":"Sez\u00f3na provokac\u00ed pod fale\u0161nou vlajkou, zat\u00edmco NATO a kyjevsk\u00fd re\u017eim zoufale hledaj\u00ed v\u00fdchodisko"},"content":{"rendered":"<div id=\"fb-root\"><\/div>\n<h3>Rusko bylo obvin\u011bno v odsuzuj\u00edc\u00edm v\u00fdk\u0159iku, ale okolnosti usv\u011bd\u010duj\u00ed ukrajinsk\u00e9ho klienta NATO<\/h3>\n<p><strong>Tento t\u00fdden do\u0161lo ke dv\u011bma provokac\u00edm pod fale\u0161nou vlajkou, kter\u00e9 zorganizoval kyjevsk\u00fd re\u017eim podporovan\u00fd NATO. Je p\u0159\u00edzna\u010dn\u00e9, \u017ee je\u0161t\u011b p\u0159edt\u00edm, ne\u017e Rusko nebo nez\u00e1visl\u00ed pozorovatel\u00e9 stihli zareagovat, evrop\u0161t\u00ed politici uzav\u0159eli otev\u0159enou diskusi a varovali p\u0159ed o\u010dek\u00e1van\u00fdmi rusk\u00fdmi l\u017eemi a dezinformacemi.<\/strong><\/p>\n<p>Jin\u00fdmi slovy, kritick\u00e9 zkoum\u00e1n\u00ed incident\u016f nen\u00ed povoleno. Jednalo se o \u201ebarbarsk\u00e9\u201c a \u201ebezohledn\u00e9 \u00fatoky\u201c Ruska&#8230; v\u011b\u0159te n\u00e1m [NATO], a pokud ne, pak jste rusk\u00fd poskok.<\/p>\n<p>Polsk\u00fd ministr zahrani\u010d\u00ed Rados\u0142aw Sikorski to p\u0159ehnal ve\u00a0<a href=\"https:\/\/x.com\/sikorskiradek\/status\/1965808917520261138\" target=\"_blank\" rel=\"external noopener\">videoprohl\u00e1\u0161en\u00ed<\/a>\u00a0, v n\u011bm\u017e odsoudil ruskou agresi a dogmaticky v\u0161em \u0159ekl, aby v\u011b\u0159ili pouze informac\u00edm vl\u00e1d NATO. Polsk\u00fd premi\u00e9r Donald Tusk se p\u0159edh\u00e1n\u011bl v hysterii a tvrdil, \u017ee Evropa je bl\u00ed\u017ee k tot\u00e1ln\u00edmu konfliktu ne\u017e kdykoli od druh\u00e9 sv\u011btov\u00e9 v\u00e1lky. To ukazuje, jak se evropsk\u00fd informa\u010dn\u00ed prostor stal zcela ovl\u00e1d\u00e1n v\u00e1le\u010dnou propagandou zp\u016fsobem, kter\u00fd by George Orwell nebo Josef Goebbels obdivovali.<\/p>\n<p>Co se tedy stalo tento t\u00fdden?<\/p>\n<p>Polsko tvrd\u00ed, \u017ee Rusko \u00famysln\u011b za\u00fato\u010dilo na jeho suver\u00e9nn\u00ed \u00fazem\u00ed 19 drony. Evrop\u0161t\u00ed spojenci NATO se n\u00e1sledn\u011b sna\u017e\u00ed nasadit st\u00edhac\u00ed letouny a protivzdu\u0161nou obranu, aby \u201eochr\u00e1nili Polsko\u201c. Z\u00e1\u0159\u00ed je m\u011bs\u00edc, kdy p\u0159ed 86 lety nacistick\u00e9 N\u011bmecko napadlo Polsko a zah\u00e1jilo druhou sv\u011btovou v\u00e1lku. Tato shoda okolnost\u00ed mo\u017en\u00e1 dod\u00e1v\u00e1 sou\u010dasn\u00fdm ud\u00e1lostem nostalgick\u00fd n\u00e1dech, jak nazna\u010doval Tusk sv\u00fdmi melodramatick\u00fdmi slovy.<\/p>\n<p>Den p\u0159ed tolik medializovanou \u201einvaz\u00ed dron\u016f\u201c, 9. z\u00e1\u0159\u00ed, kyjevsk\u00fd re\u017eim tvrdil, \u017ee Rusko shodilo na vesnici jednu ze sv\u00fdch t\u011b\u017ek\u00fdch leteck\u00fdch bomb FAB-500, p\u0159i\u010dem\u017e zabilo 24 lid\u00ed, kte\u0159\u00ed si \u0161li vyzvednout d\u016fchod.<\/p>\n<p>V obou p\u0159\u00edpadech v\u0161ak d\u016fkazy nasv\u011bd\u010duj\u00ed provokac\u00edm pod fale\u0161nou vlajkou pro ty, kte\u0159\u00ed se cht\u011bj\u00ed klidn\u011b zab\u00fdvat fakty.<\/p>\n<p>\u00dadajn\u00fd masakr ve vesnici Jarovaja v ukrajinsk\u00e9 Don\u011bck\u00e9 oblasti nebyl zp\u016fsoben ruskou bombou FAB-500. Videa kyjevsk\u00e9ho re\u017eimu, kter\u00e1 m\u011bla uk\u00e1zat n\u00e1sledky, ukazovala m\u011blk\u00fd kr\u00e1ter po dopadu a omezen\u00e9 po\u0161kozen\u00ed okoln\u00edch budov. V\u00fdbuch nemohl b\u00fdt zp\u016fsoben 250 kg ruskou leteckou bombou, jinak by byla cel\u00e1 oblast kolem obrovsk\u00e9ho kr\u00e1teru zdevastov\u00e1na. Rusk\u00e9 ministerstvo obrany tak\u00e9 uvedlo, \u017ee jeho s\u00edly v dan\u00fd den v okol\u00ed nep\u016fsobily.<\/p>\n<p>Rychl\u00e9 zve\u0159ejn\u011bn\u00ed vide\u00ed kyjevsk\u00fdm re\u017eimem a zjevn\u011b p\u0159edem p\u0159ipraven\u00e1 tvrzen\u00ed o rusk\u00e9m masakru, spolu s bezv\u00fdhradn\u00fdm zesilov\u00e1n\u00edm t\u011bchto neov\u011b\u0159en\u00fdch tvrzen\u00ed z\u00e1padn\u00edmi m\u00e9dii, siln\u011b nazna\u010duj\u00ed, \u017ee se jedn\u00e1 o zinscenovan\u00fd p\u0159\u00edb\u011bh.<\/p>\n<p>Z\u00e1va\u017en\u00fdm d\u016fsledkem je, \u017ee re\u017eim podporovan\u00fd NATO odp\u00e1lil v\u00fdbu\u0161ninu a \u00famysln\u011b zabil civilisty, aby obvinil Rusko.<\/p>\n<p>Takov\u00e9 ohavn\u00e9 chov\u00e1n\u00ed tohoto re\u017eimu m\u00e1 \u010detn\u00e9 precedenty. V uplynul\u00fdch t\u0159ech letech do\u0161lo k mnoha incident\u016fm, kdy ukrajinsk\u00e9 s\u00edly ost\u0159elovaly vlastn\u00ed \u00fazem\u00ed a ohro\u017eovaly \u017eivoty civilist\u016f, aby z\u00edskaly propagandistick\u00e9 body proti Rusku a vyvolaly tak v\u011bt\u0161\u00ed vojenskou a finan\u010dn\u00ed podporu ze strany z\u00e1padn\u00edch sponzor\u016f. Dva p\u0159\u00edklady: zv\u011brstvo sp\u00e1chan\u00e9 ve vesnici Hroza 5. \u0159\u00edjna 2023, p\u0159i kter\u00e9m bylo zabito 52 lid\u00ed. Stalo se to ve stejnou dobu, kdy loutkov\u00fd v\u016fdce Kyjeva Vladimir Zelenskyj na summitu EU ve \u0161pan\u011blsk\u00e9 Granad\u011b apeloval na v\u011bt\u0161\u00ed pomoc.<\/p>\n<p>O m\u011bs\u00edc d\u0159\u00edve, 6. z\u00e1\u0159\u00ed 2023, zahynulo p\u0159i\u00a0<a href=\"https:\/\/strategic-culture.su\/news\/2023\/10\/10\/more-proof-of-false-flag-massacre-at-village-funeral-by-kiev-regime\/\" target=\"_blank\" rel=\"external noopener\">leteck\u00e9m \u00fatoku ve m\u011bst\u011b Konstantinovka<\/a>\u00a0na ukrajinsk\u00e9m \u00fazem\u00ed 17 lid\u00ed. Stalo se to ve stejnou dobu, kdy b\u00fdval\u00fd ministr zahrani\u010d\u00ed Antony Blinken nav\u0161t\u00edvil Kyjev, aby ozn\u00e1mil dal\u0161\u00ed pomoc USA ve v\u00fd\u0161i 1 miliardy dolar\u016f.<\/p>\n<p>V obou p\u0159\u00edpadech bylo Rusko obvin\u011bno v odsuzuj\u00edc\u00edm protestu, ale okolnosti usv\u011bd\u010duj\u00ed ukrajinsk\u00e9ho klienta NATO. Zv\u011brstvo z tohoto t\u00fddne, kter\u00e9 zahrnovalo vra\u017edu d\u016fchodc\u016f, spad\u00e1 do stejn\u00e9 opovr\u017een\u00edhodn\u00e9 kategorie.<\/p>\n<p>Kyjevsk\u00fd re\u017eim je obchodn\u00edkem se smrt\u00ed pod fale\u0161nou vlajkou. Notoricky zn\u00e1m\u00e9 popravy proveden\u00e9 v Buch\u011b v b\u0159eznu a dubnu 2022 byly dal\u0161\u00edm klasick\u00fdm, ohavn\u00fdm trikem. Podrobn\u011b jsme o tom\u00a0<a href=\"https:\/\/strategic-culture.su\/news\/2025\/04\/04\/bucha-massacre-three-years-on-false-flag-atrocity-prolong-criminal-proxy-war\/\" target=\"_blank\" rel=\"external noopener\">informovali<\/a>\u00a0v p\u0159edchoz\u00edm editorialu, kde jsme\u00a0<a href=\"https:\/\/strategic-culture.su\/news\/2025\/04\/04\/bucha-massacre-three-years-on-false-flag-atrocity-prolong-criminal-proxy-war\/\" target=\"_blank\" rel=\"external noopener\">popsali<\/a>, jak ukrajin\u0161t\u00ed civilist\u00e9 byli chladnokrevn\u011b zavra\u017ed\u011bni kyjevsk\u00fdmi agenty, aby se znemo\u017enilo Rusko. Do jist\u00e9 m\u00edry tento trik fungoval, proto\u017ee z\u00e1padn\u00ed m\u00e9dia a politici nad\u00e1le obvi\u0148uj\u00ed Rusko z odpov\u011bdnosti, ani\u017e by brali v \u00favahu d\u016fkazy. Fale\u0161n\u00e1 vlajka v Buch\u011b je relevantn\u00ed, proto\u017ee p\u0159i\u0161la v kl\u00ed\u010dov\u00e9m okam\u017eiku, kdy Rusko navrhlo m\u00edrovou dohodu, aby ukon\u010dilo konflikt na Ukrajin\u011b v ran\u00e9 f\u00e1zi. Po \u201emasakru\u201c se proxy v\u00e1lka NATO zintenzivnila a m\u00edrov\u00e9 urovn\u00e1n\u00ed bylo zma\u0159eno.<\/p>\n<p>To n\u00e1s p\u0159iv\u00e1d\u00ed k sou\u010dasn\u00e9 otev\u0159en\u00e9 sez\u00f3n\u011b fale\u0161n\u00fdch vlajek. Jedn\u00edm ze zp\u016fsob\u016f, jak rozpoznat provokaci, je sledovat reakce a to, jak je incident vyu\u017e\u00edv\u00e1n k prosazen\u00ed motiv\u016f a po\u017eadavk\u016f.<\/p>\n<p>Za prv\u00e9, koordinovan\u00e9 a teatr\u00e1ln\u00ed reakce kyjevsk\u00e9ho re\u017eimu a jeho evropsk\u00fdch podporovatel\u016f z NATO byly p\u0159ipraven\u00e9 a p\u0159ipraven\u00e9 k akci, jako by byly napsan\u00e9 podle sc\u00e9n\u00e1\u0159e.<\/p>\n<p>V p\u0159\u00edpad\u011b \u00fadajn\u00e9ho \u00fatoku na Polsko byly drony rusk\u00e9 konstrukce. Jednalo se o neozbrojen\u00e9, pr\u016fzkumn\u00e9 nebo n\u00e1vnady typu Gerbera. Rusko tvrd\u00ed, \u017ee d\u00edky doletu 700 kilometr\u016f nemohly b\u00fdt vypu\u0161t\u011bny z \u00fazem\u00ed kontrolovan\u00e9ho Ruskem. Mohly b\u00fdt vypu\u0161t\u011bny Ukrajinou pot\u00e9, co drony zkop\u00edrovala, co\u017e je pom\u011brn\u011b snadn\u00fd \u00fakol. Ale tady je kl\u00ed\u010d. Asi 19 neozbrojen\u00fdch dron\u016f bylo rychle zachyceno v polsk\u00e9m vzdu\u0161n\u00e9m prostoru n\u011bkolika v\u00fdkonn\u00fdmi zbran\u011bmi NATO: polsk\u00fdmi st\u00edha\u010dkami F-16, nizozemsk\u00fdmi F-35, italsk\u00fdmi pr\u016fzkumn\u00fdmi letadly AWACS, tankovac\u00edmi letadly NATO a n\u011bmeck\u00fdmi raketov\u00fdmi syst\u00e9my Patriot. To sv\u011bd\u010d\u00ed o p\u0159ipraven\u00e9 pln\u00e9 mobilizaci s c\u00edlem maximalizovat obvin\u011bn\u00ed Ruska z poru\u0161en\u00ed. Napad\u00e1 m\u011b obraz kladiva na rozbit\u00ed o\u0159echu.<\/p>\n<p>Moskva nab\u00eddla Var\u0161av\u011b jedn\u00e1n\u00ed, aby se zjistilo, jak se drony \u00fadajn\u011b rusk\u00e9 v\u00fdroby dostaly do polsk\u00e9ho vzdu\u0161n\u00e9ho prostoru, ale tato nab\u00eddka byla odm\u00edtnuta. Polsko odm\u00edtlo jak\u00e9koli rozumn\u00e9 jedn\u00e1n\u00ed s c\u00edlem zjistit fakta. M\u00edsto toho se odvolalo na \u010dl\u00e1nek IV NATO pro nouzov\u00e9 bezpe\u010dnostn\u00ed konzultace s ostatn\u00edmi \u010dleny. Tato p\u0159ehnan\u00e1 reakce zav\u00e1n\u00ed dramatem, kter\u00e9 m\u00e1 zjevn\u011b potvrdit pochybn\u00e1 tvrzen\u00ed o \u00famysln\u00e9m napaden\u00ed.<\/p>\n<p>Francouz\u0161t\u00ed, n\u011bme\u010dt\u00ed a brit\u0161t\u00ed p\u0159edstavitel\u00e9 se v\u0161ichni p\u0159idali k odsuzov\u00e1n\u00ed Ruska za bezohledn\u00e9 poru\u0161en\u00ed bez sebemen\u0161\u00edho d\u016fkazu. V\u0161imn\u011bte si, jak jsou v\u0161ichni opatrn\u00ed, aby Rusko neobvi\u0148ovali z \u201e\u00fatoku\u201c, ale sp\u00ed\u0161e z \u201eporu\u0161en\u00ed\u201c. To nazna\u010duje, \u017ee cht\u011bj\u00ed vyv\u00e1\u017eenou eskalaci, ale ne tot\u00e1ln\u00ed v\u00e1lku, zbab\u011blci, jac\u00ed jsou.<\/p>\n<p>Francouzsk\u00fd prezident Emmanuel Macron ozn\u00e1mil, \u017ee vys\u00edl\u00e1 t\u0159i st\u00edha\u010dky Rafale \u201ena ochranu polsk\u00e9ho vzdu\u0161n\u00e9ho prostoru\u201c. N\u011bmci a Britov\u00e9 rovn\u011b\u017e sp\u011bchaj\u00ed s prohl\u00e1\u0161en\u00edm o podpo\u0159e obrany Polska. Je to fra\u0161ka ryt\u00ed\u0159stv\u00ed ze strany bandy klaun\u016f.<\/p>\n<p>Je to naprost\u00e1 absurdita. Obvi\u0148ov\u00e1n\u00ed Ruska z pl\u00e1nov\u00e1n\u00ed dobyt\u00ed Evropy je ji\u017e t\u00e9m\u011b\u0159 \u010dty\u0159i roky, od vypuknut\u00ed proxy v\u00e1lky NATO na Ukrajin\u011b, ot\u0159epan\u00fdm propagandistick\u00fdm narativem. Rusko opakovan\u011b prohl\u00e1silo, \u017ee nem\u00e1 v \u00famyslu zah\u00e1jit t\u0159et\u00ed sv\u011btovou v\u00e1lku a \u017ee jeho jedin\u00fdm c\u00edlem na Ukrajin\u011b je zastavit historickou agresi NATO, kter\u00e1 zasahuje do jeho hranic.<\/p>\n<p>Euroelity \u010del\u00ed ve sv\u00fdch vlastn\u00edch st\u00e1tech rostouc\u00ed politick\u00e9 krizi, kter\u00e1 je z velk\u00e9 \u010d\u00e1sti zp\u016fsobena obrovsk\u00fdmi, nehospod\u00e1rn\u00fdmi v\u00fddaji na ne\u00fasp\u011b\u0161nou proxy v\u00e1lku na Ukrajin\u011b. Francie nap\u0159\u00edklad exploduje soci\u00e1ln\u00edmi nap\u011bt\u00edmi, jak uk\u00e1zaly celost\u00e1tn\u00ed pouli\u010dn\u00ed protesty tento t\u00fdden uprost\u0159ed odvol\u00e1n\u00ed \u010dtvrt\u00e9ho premi\u00e9ra za dva roky. N\u011bmecko a Brit\u00e1nie nejsou v tomto ohledu daleko pozadu.<\/p>\n<p>Nen\u00ed pochyb o tom, \u017ee evropsk\u00e9 elity a jejich loutkov\u00fd re\u017eim v Kyjev\u011b se zoufale sna\u017e\u00ed odv\u00e9st pozornost ve\u0159ejnosti od korupce a krimin\u00e1ln\u00edch machinac\u00ed na Ukrajin\u011b. Diplomatick\u00e9 \u00fasil\u00ed americk\u00e9ho prezidenta Donalda Trumpa o ukon\u010den\u00ed v\u00e1lky, navzdory v\u0161em sv\u00fdm nedostatk\u016fm, je pro evropsk\u00e9 l\u00eddry nep\u0159\u00edjemn\u00fdm v\u00fdvojem, proto\u017ee odhaluje jejich \u017ealostnou pozici. Polsk\u00fd ministr zahrani\u010d\u00ed Sikorski, zat\u00edmco odsuzoval Rusko za \u201ez\u00e1m\u011brn\u00e9 \u00fatoky\u201c na Polsko, podotkl, \u017ee Moskva tak\u00e9 \u201ezesm\u011b\u0161\u0148uje Trumpovy m\u00edrov\u00e9 snahy\u201c. Sikorski a evropsk\u00e1 klika NATO se sna\u017e\u00ed podn\u00edtit Trumpa, aby zv\u00fd\u0161il vojenskou pomoc Ukrajin\u011b a uvalil na Rusko dal\u0161\u00ed sankce, aby tak sabotoval jak\u00e9koli diplomatick\u00e9 \u00fasil\u00ed. Zoufalstv\u00ed vede k zoufal\u00fdm opat\u0159en\u00edm, i kdy\u017e jsou p\u0159i tom zab\u00edjeni nevinn\u00ed civilist\u00e9 a ohro\u017eov\u00e1n sv\u011btov\u00fd m\u00edr.<\/p>\n<div class=\"podcarou\">\n<p><a href=\"https:\/\/strategic-culture.su\/news\/2025\/09\/12\/open-season-for-false-flag-provocations-as-nato-and-kiev-regime-get-desperate\/\" target=\"_blank\" rel=\"external noopener\">Open season for false-flag provocations as NATO and Kiev regime get desperate<\/a> vy\u0161el 12.9.2025 na Strategic Culture. P\u0159eklad\u00a0<a href=\"https:\/\/zvedavec.news\/komentare\/2025\/09\/10679-sezona-provokaci-pod-falesnou-vlajkou-zatimco-nato-a-kyjevsky-rezim-zoufale-hledaji-vychodisko.htm\"> Zv\u011bdavec<\/a><\/p>\n<p><img decoding=\"async\" loading=\"lazy\" class=\"wp-image-86927 aligncenter\" src=\"http:\/\/www.infokuryr.cz\/n\/wp-content\/uploads\/2025\/09\/letak-volby-2025-konference-3-212x300.png\" alt=\"\" width=\"683\" height=\"967\" srcset=\"https:\/\/www.infokuryr.cz\/n\/wp-content\/uploads\/2025\/09\/letak-volby-2025-konference-3-212x300.png 212w, https:\/\/www.infokuryr.cz\/n\/wp-content\/uploads\/2025\/09\/letak-volby-2025-konference-3-724x1024.png 724w, https:\/\/www.infokuryr.cz\/n\/wp-content\/uploads\/2025\/09\/letak-volby-2025-konference-3-768x1086.png 768w, https:\/\/www.infokuryr.cz\/n\/wp-content\/uploads\/2025\/09\/letak-volby-2025-konference-3-1086x1536.png 1086w, https:\/\/www.infokuryr.cz\/n\/wp-content\/uploads\/2025\/09\/letak-volby-2025-konference-3-1448x2048.png 1448w, https:\/\/www.infokuryr.cz\/n\/wp-content\/uploads\/2025\/09\/letak-volby-2025-konference-3-1024x1448.png 1024w\" sizes=\"(max-width: 683px) 100vw, 683px\" \/><\/p>\n<\/div>\n","protected":false},"excerpt":{"rendered":"<p>Rusko bylo obvin\u011bno v odsuzuj\u00edc\u00edm v\u00fdk\u0159iku, ale okolnosti usv\u011bd\u010duj\u00ed ukrajinsk\u00e9ho klienta NATO Tento t\u00fdden do\u0161lo&#8230;<\/p>\n","protected":false},"author":2,"featured_media":87599,"comment_status":"closed","ping_status":"closed","sticky":false,"template":"","format":"standard","meta":[],"categories":[7],"tags":[2856,39,31,22],"_links":{"self":[{"href":"https:\/\/www.infokuryr.cz\/n\/wp-json\/wp\/v2\/posts\/87796"}],"collection":[{"href":"https:\/\/www.infokuryr.cz\/n\/wp-json\/wp\/v2\/posts"}],"about":[{"href":"https:\/\/www.infokuryr.cz\/n\/wp-json\/wp\/v2\/types\/post"}],"author":[{"embeddable":true,"href":"https:\/\/www.infokuryr.cz\/n\/wp-json\/wp\/v2\/users\/2"}],"replies":[{"embeddable":true,"href":"https:\/\/www.infokuryr.cz\/n\/wp-json\/wp\/v2\/comments?post=87796"}],"version-history":[{"count":0,"href":"https:\/\/www.infokuryr.cz\/n\/wp-json\/wp\/v2\/posts\/87796\/revisions"}],"wp:featuredmedia":[{"embeddable":true,"href":"https:\/\/www.infokuryr.cz\/n\/wp-json\/wp\/v2\/media\/87599"}],"wp:attachment":[{"href":"https:\/\/www.infokuryr.cz\/n\/wp-json\/wp\/v2\/media?parent=87796"}],"wp:term":[{"taxonomy":"category","embeddable":true,"href":"https:\/\/www.infokuryr.cz\/n\/wp-json\/wp\/v2\/categories?post=87796"},{"taxonomy":"post_tag","embeddable":true,"href":"https:\/\/www.infokuryr.cz\/n\/wp-json\/wp\/v2\/tags?post=87796"}],"curies":[{"name":"wp","href":"https:\/\/api.w.org\/{rel}","templated":true}]}}