{"id":87780,"date":"2025-09-15T00:13:44","date_gmt":"2025-09-14T22:13:44","guid":{"rendered":"https:\/\/www.infokuryr.cz\/n\/?p=87780"},"modified":"2025-09-14T16:36:30","modified_gmt":"2025-09-14T14:36:30","slug":"rozzureni-johnson-a-sikorski-bleskove-na-ukrajine-u-zelenskeho-dalsi-trapne-zpackana-valecna-provokace-a-kruh-se-uzavira","status":"publish","type":"post","link":"https:\/\/www.infokuryr.cz\/n\/2025\/09\/15\/rozzureni-johnson-a-sikorski-bleskove-na-ukrajine-u-zelenskeho-dalsi-trapne-zpackana-valecna-provokace-a-kruh-se-uzavira\/","title":{"rendered":"Rozzu\u0159en\u00ed Johnson a Sikorski bleskov\u011b na Ukrajin\u011b u Zelensk\u00e9ho: dal\u0161\u00ed &#8222;trapn\u011b zpackan\u00e1 v\u00e1le\u010dn\u00e1 provokace&#8220; a kruh se uzav\u00edr\u00e1!"},"content":{"rendered":"<div id=\"fb-root\"><\/div>\n<div class=\"introtext\">\n<h4>Za koho vlastn\u011b vyjedn\u00e1v\u00e1 v\u00e1le\u010dn\u00fd \u0161\u00edlenec Johnson, kter\u00fd tyje z pen\u011bz mrtv\u00fdch Ukrajinc\u016f? Op\u011bt se za\u010d\u00edn\u00e1 vyjas\u0148ovat nad dal\u0161\u00ed \u0161p\u00ednou a lid u\u017e na n\u011b k\u00e1l\u00ed!<\/h4>\n<\/div>\n<div class=\"fulltext\">\n<p>Tak\u017ee jsme se dozv\u011bd\u011bli, \u017ee\u00a0sedm hodin sledovali Pol\u00e1ci a Ukrajinci drony z Ruska. Pr\u00fd ale o nich nev\u011bd\u011bli, jen je sledovali.\u00a0Tento dron let\u00ed 200 km\/hod. Dolet 600 km. Sesunuly se na zem ve vzd\u00e1lenosti a\u017e 1200 km. Pol\u00e1ci upozor\u0148ovali B\u011blorusy, \u017ee se do Polska bl\u00ed\u017e\u00ed drony, ale odkud, kdy\u017e to B\u011blorusko nev\u011bd\u011blo a pak se v B\u011blorusku n\u011bkolik zjevilo a odpochodovaly a\u017e do Polska?<\/p>\n<p>A najednou je\u00a0<strong>Johnson\u00a0 b\u00edl\u00fd vzteky<\/strong>, sedne na letadlo do Kyjeva a v\u0159\u00edsk\u00e1, \u017ee<strong>\u00a0i kdyby to Rus\u00e1ci nebyli, tak stejn\u011b jsou to Rus\u00e1ci a Sikorski pi\u0161t\u00ed, \u017ee kdo pochybuje, je &#8222;prorusk\u00fd dezinform\u00e1tor&#8220;.<\/strong>\u00a0A mezit\u00edm se Polsko pln\u00ed d\u0159ev\u011bn\u00fdmi letad\u00e9lky a dal\u0161\u00edmi hra\u010dkami, kter\u00fdmi zapl\u0148uj\u00ed soci\u00e1ln\u00ed s\u00edt\u011b. Jak vidno, sami Pol\u00e1ci u\u017e se odm\u00edtaj\u00ed \u00fa\u010dastnit provokac\u00ed n\u011bkolika \u0161\u00edlenc\u016f z vl\u00e1dy a zelen\u00fdch v\u00e1le\u010dn\u00fdch \u0161tv\u00e1\u010d\u016f, kte\u0159\u00ed tot\u00e1ln\u011b z mrtvol Ukrajinc\u016f bohatnou.<\/p>\n<p><img decoding=\"async\" loading=\"lazy\" class=\"wp-image-85920 aligncenter\" src=\"http:\/\/www.infokuryr.cz\/n\/wp-content\/uploads\/2025\/08\/pozvaniV-300x140.jpg\" alt=\"\" width=\"718\" height=\"335\" srcset=\"https:\/\/www.infokuryr.cz\/n\/wp-content\/uploads\/2025\/08\/pozvaniV-300x140.jpg 300w, https:\/\/www.infokuryr.cz\/n\/wp-content\/uploads\/2025\/08\/pozvaniV.jpg 925w\" sizes=\"(max-width: 718px) 100vw, 718px\" \/><\/p>\n<h4>Pro\u010d se mimo\u0159\u00e1dn\u00e9 zdan\u011bn\u00ed ned\u00e1 na tyto p\u0159ekupn\u00edky mrtvol?<\/h4>\n<p>To jsou ti skute\u010dn\u00ed gaune\u0159i, kte\u0159\u00ed si zoufale p\u0159ej\u00ed pokra\u010dov\u00e1n\u00ed v\u00e1lky, zat\u00edmco miliony mlad\u00fdch Ukrajinc\u016f zem\u0159elo, \u010di uteklo do cel\u00e9ho sv\u011bta. A tito zlo\u010dinci jsou beztrestn\u00ed? P\u0159itom oni tahaj\u00ed za nitky a j\u00e1saj\u00ed, jak NATO s parti\u010dkou politik\u016f rabuje rozpo\u010dty zem\u00ed. T\u0159eba Francie se hrout\u00ed a rating jde ke dnu jako Ukrajin\u011b. V Brit\u00e1nii milionov\u00e9 demonstrace. V USA vra\u017ed\u00ed, na Slovensku se pokou\u0161ej\u00ed zast\u0159elit premi\u00e9ra, kter\u00fd chce m\u00edr.<\/p>\n<div class=\"explanation wholeWidth\">\n<h3 class=\"explanationTitle\">P\u0159ekupn\u00edk Strnad bohatne na hrobech Ukrajinc\u016f<\/h3>\n<div class=\"explanationContent\">V roce 2024 odhadl jeho majetek \u010dasopis Forbes na 101 miliard korun a v \u017eeb\u0159\u00ed\u010dku \u010desk\u00fdch miliard\u00e1\u0159\u016f ho za\u0159adil na 6. m\u00edsto. V kv\u011btnu 2025 agentura Bloomberg odhadla jeho jm\u011bn\u00ed ji\u017e na 372 miliard korun, co\u017e z n\u011bho d\u011blalo nejbohat\u0161\u00edho \u010cecha. B\u011bhem v\u00e1lky na Ukrajin\u011b a d\u00edky souvisej\u00edc\u00edmu prodeji zbran\u00ed a st\u0159eliva Czechoslovak Group oproti roku 2021 ztrojn\u00e1sobila tr\u017eby na 1,73 miliardy eur (43,8 miliardy korun).<\/div>\n<\/div>\n<p>A mezit\u00edm se ukrajinsk\u00e1 masm\u00e9dia vysm\u00edvaj\u00ed, jak terorizuj\u00ed ob\u010dany Ruska a dementn\u00ed z\u00e1pad jim sko\u010d\u00ed na ka\u017edou provokaci a le\u017e!<\/p>\n<h4><strong>Origin\u00e1l &#8211; p\u0159eklad.\u00a0<\/strong><\/h4>\n<p><img decoding=\"async\" loading=\"lazy\" class=\"aligncenter\" src=\"https:\/\/www.skrytapravda.cz\/images\/blogy\/2951\/2025\/9zari\/Sn%C3%ADmek_obrazovky_4733_c0a3d.webp\" alt=\"Sn\u00edmek obrazovky 4733 c0a3d\" width=\"887\" height=\"395\" \/><\/p>\n<p>Jak je mo\u017en\u00e9, \u017ee zlo\u010dinn\u00e1 masm\u00e9dia mohou lh\u00e1t, podv\u00e1d\u011bt, uv\u00e1d\u011bt cokoliv, jak Rusov\u00e9 terorizuj\u00ed, likviduj\u00ed a mu\u010d\u00ed Ukrajince, p\u0159esto\u017ee se d\u00e1 dohledat, \u017ee je to naopak?\u00a0<strong>Jak je mo\u017en\u00e9, \u017ee masmedia na z\u00e1pad\u011b a ve st\u0159edn\u00ed Evrop\u011b mohou d\u011blat z lid\u00ed svin\u011b plukovn\u00edka Folt\u00fdna\u00a0<\/strong>a ka\u017ed\u00e9 zv\u011brstvo manipula\u010dn\u00ed jsme \u00fadajn\u011b povinni opakovat jako ovce?<\/p>\n<h3><strong>Dron, kter\u00fd m\u00e1 dolet 600 km<\/strong><\/h3>\n<p><img decoding=\"async\" class=\"aligncenter\" src=\"https:\/\/www.skrytapravda.cz\/images\/blogy\/2951\/2025\/9zari\/Sn%C3%ADmek_obrazovky_4732_11a41.webp\" alt=\"Sn\u00edmek obrazovky 4732 11a41\" \/><\/p>\n<p>Pokud chcete st\u00e1le nechat ze sebe d\u011blat tupce a ov\u010d\u00ed st\u00e1do, volte si v klidu P\u011btistoku. Pokud ale jste inteligentn\u00ed a sv\u00e9pr\u00e1vn\u00ed, o politiky z P\u011btistoky si neot\u0159ete ani boty. P\u0159itom ti \u0161mejdi, co \u017eenou ukrajinsk\u00e9 mu\u017ee do v\u00e1lky, sv\u00e9 syny si nenechaj\u00ed vz\u00edt, a nepo\u0161lou je tam: nebo snad komunistick\u00fd agent P\u00e1vek alias Petr Pavel,\u00a0 politruk Petr Fiala \u010di Nerudov\u00e1 sv\u00e9 syny nab\u00eddli Ukrajin\u011b jako n\u00e1hradu za pln\u00e9 h\u0159bitovy mlad\u00fdch lid\u00ed?<\/p>\n<p><strong>Samoz\u0159ejm\u011b ne, pouza ta ch\u00e1tra pln\u00ed kampeli\u010dky a banky jako Strnad z krve mrtv\u00fdch mu\u017e\u016f a m\u00edsto, aby platili mimo\u0159\u00e1dn\u00e9 odvody, kas\u00edruj\u00ed n\u00e1s.\u00a0<\/strong><\/p>\n<p><em>Takto beztrestn\u011b \u017eenou lidi do v\u00e1lky!<\/em><\/p>\n<h5 class=\"entry-title\"><span style=\"font-size: 10pt;\"><a href=\"https:\/\/www.infokuryr.cz\/n\/2025\/09\/13\/sikorski-polsky-ministersky-manipulator-sedm-hodin-sledoval-na-ukrajine-let-russssssskych-dronu\/\">Sikorski, polsk\u00fd ministersk\u00fd manipul\u00e1tor sedm hodin sledoval na Ukrajin\u011b let russsssssk\u00fdch dron\u016f!<\/a><\/span><\/h5>\n<h5 class=\"entry-title\"><span style=\"font-size: 10pt;\"><a href=\"https:\/\/www.infokuryr.cz\/n\/2025\/09\/13\/zadam-okamzite-referendum-o-vystoupeni-z-nato-k-certu-s-nim-a-jasny-duvod\/\">\u017d\u00e1d\u00e1m okam\u017eit\u00e9 referendum o vystoupen\u00ed z NATO: k \u010dertu s n\u00edm a jasn\u00fd d\u016fvod!<\/a><\/span><\/h5>\n<p><a href=\"https:\/\/www.skrytapravda.cz\/ze-zahranici\/2768-rozzureni-johnson-a-sikorski-bleskove-na-ukrajine-u-zelenskeho-dalsi-trapne-zpackana-valecna-provokace-a-kruh-se-uzavira\">Petr Pokorn\u00fd<\/a><\/p>\n<p><img decoding=\"async\" loading=\"lazy\" class=\"wp-image-86927 aligncenter\" src=\"http:\/\/www.infokuryr.cz\/n\/wp-content\/uploads\/2025\/09\/letak-volby-2025-konference-3-212x300.png\" alt=\"\" width=\"872\" height=\"1234\" srcset=\"https:\/\/www.infokuryr.cz\/n\/wp-content\/uploads\/2025\/09\/letak-volby-2025-konference-3-212x300.png 212w, https:\/\/www.infokuryr.cz\/n\/wp-content\/uploads\/2025\/09\/letak-volby-2025-konference-3-724x1024.png 724w, https:\/\/www.infokuryr.cz\/n\/wp-content\/uploads\/2025\/09\/letak-volby-2025-konference-3-768x1086.png 768w, https:\/\/www.infokuryr.cz\/n\/wp-content\/uploads\/2025\/09\/letak-volby-2025-konference-3-1086x1536.png 1086w, https:\/\/www.infokuryr.cz\/n\/wp-content\/uploads\/2025\/09\/letak-volby-2025-konference-3-1448x2048.png 1448w, https:\/\/www.infokuryr.cz\/n\/wp-content\/uploads\/2025\/09\/letak-volby-2025-konference-3-1024x1448.png 1024w\" sizes=\"(max-width: 872px) 100vw, 872px\" \/><\/p>\n<\/div>\n","protected":false},"excerpt":{"rendered":"<p>Za koho vlastn\u011b vyjedn\u00e1v\u00e1 v\u00e1le\u010dn\u00fd \u0161\u00edlenec Johnson, kter\u00fd tyje z pen\u011bz mrtv\u00fdch Ukrajinc\u016f? Op\u011bt se&#8230;<\/p>\n","protected":false},"author":2,"featured_media":87781,"comment_status":"closed","ping_status":"closed","sticky":false,"template":"","format":"standard","meta":[],"categories":[6],"tags":[2856,1503,39,31],"_links":{"self":[{"href":"https:\/\/www.infokuryr.cz\/n\/wp-json\/wp\/v2\/posts\/87780"}],"collection":[{"href":"https:\/\/www.infokuryr.cz\/n\/wp-json\/wp\/v2\/posts"}],"about":[{"href":"https:\/\/www.infokuryr.cz\/n\/wp-json\/wp\/v2\/types\/post"}],"author":[{"embeddable":true,"href":"https:\/\/www.infokuryr.cz\/n\/wp-json\/wp\/v2\/users\/2"}],"replies":[{"embeddable":true,"href":"https:\/\/www.infokuryr.cz\/n\/wp-json\/wp\/v2\/comments?post=87780"}],"version-history":[{"count":1,"href":"https:\/\/www.infokuryr.cz\/n\/wp-json\/wp\/v2\/posts\/87780\/revisions"}],"predecessor-version":[{"id":87782,"href":"https:\/\/www.infokuryr.cz\/n\/wp-json\/wp\/v2\/posts\/87780\/revisions\/87782"}],"wp:featuredmedia":[{"embeddable":true,"href":"https:\/\/www.infokuryr.cz\/n\/wp-json\/wp\/v2\/media\/87781"}],"wp:attachment":[{"href":"https:\/\/www.infokuryr.cz\/n\/wp-json\/wp\/v2\/media?parent=87780"}],"wp:term":[{"taxonomy":"category","embeddable":true,"href":"https:\/\/www.infokuryr.cz\/n\/wp-json\/wp\/v2\/categories?post=87780"},{"taxonomy":"post_tag","embeddable":true,"href":"https:\/\/www.infokuryr.cz\/n\/wp-json\/wp\/v2\/tags?post=87780"}],"curies":[{"name":"wp","href":"https:\/\/api.w.org\/{rel}","templated":true}]}}