{"id":87759,"date":"2025-09-15T00:16:01","date_gmt":"2025-09-14T22:16:01","guid":{"rendered":"https:\/\/www.infokuryr.cz\/n\/?p=87759"},"modified":"2025-09-14T15:31:59","modified_gmt":"2025-09-14T13:31:59","slug":"thomas-roper-geopoliticka-souvislost-mezi-drony-nad-polskem-a-utokem-na-katar","status":"publish","type":"post","link":"https:\/\/www.infokuryr.cz\/n\/2025\/09\/15\/thomas-roper-geopoliticka-souvislost-mezi-drony-nad-polskem-a-utokem-na-katar\/","title":{"rendered":"Thomas R\u00f6per: Geopolitick\u00e1 souvislost mezi drony nad Polskem a \u00fatokem na Katar"},"content":{"rendered":"<div id=\"fb-root\"><\/div>\n<p><strong><span dir=\"auto\">Minul\u00fd t\u00fdden do\u0161lo k incidentu s dronem nad Polskem a izraelsk\u00e9mu \u00fatoku na Katar, mezi nimi\u017e lze jist\u011b nal\u00e9zt paralely a kter\u00e9 maj\u00ed na sebe vz\u00e1jemn\u00fd geopolitick\u00fd dopad.<\/span><\/strong><\/p>\n<p><span dir=\"auto\">Analytik rusk\u00e9 tiskov\u00e9 agentury TASS zkoumal, zda a jak spolu souvis\u00ed incident s dronem nad Polskem a izraelsk\u00fd \u00fatok na Izrael. Na prvn\u00ed pohled to m\u016f\u017ee zn\u00edt zvl\u00e1\u0161tn\u011b, ale kdy\u017e vezmete v \u00favahu reakci USA, tak to nakonec tak zvl\u00e1\u0161tn\u00ed nen\u00ed. Proto jsem\u00a0<\/span><a href=\"https:\/\/tass.ru\/opinions\/25036445\"><span dir=\"auto\">\u010dl\u00e1nek<\/span><\/a><span dir=\"auto\">\u00a0p\u0159elo\u017eil .<\/span><\/p>\n<p><em><strong><span dir=\"auto\">Za\u010d\u00e1tek p\u0159ekladu:<\/span><\/strong><\/em><\/p>\n<h2 class=\"wp-block-heading\"><span dir=\"auto\">Incident s dronem v Polsku a \u00fatok na Katar: Balancov\u00e1n\u00ed na hran\u011b?<\/span><\/h2>\n<p><strong><span dir=\"auto\">Andrej Sur\u017eanskij o souvislosti mezi ob\u011bma incidenty a o tom, co s t\u00edm maj\u00ed spole\u010dn\u00e9ho USA a Rusko<\/span><\/strong><\/p>\n<p><span dir=\"auto\">Zpr\u00e1vy o \u201ezbloudil\u00fdch\u201c dronech v oblac\u00edch nad Polskem vyvolaly zna\u010dn\u00e9 znepokojen\u00ed mezi evropsk\u00fdmi zast\u00e1nci v\u00e1lky, v\u010detn\u011b gener\u00e1ln\u00edho tajemn\u00edka NATO Marka Rutteho. V\u0161ichni obvinili Rusko z \u201erozs\u00e1hl\u00e9 provokace\u201c je\u0161t\u011b p\u0159edt\u00edm, ne\u017e bylo vy\u0161et\u0159ov\u00e1n\u00ed dokon\u010deno (nebo p\u0159esn\u011bji \u0159e\u010deno, je\u0161t\u011b p\u0159edt\u00edm, ne\u017e v\u016fbec za\u010dalo). A na \u017e\u00e1dost Polska NATO okam\u017eit\u011b zah\u00e1jilo konzultace se sv\u00fdmi \u010dleny podle \u010dl\u00e1nku 4 Smlouvy o NATO ohledn\u011b incidentu.<\/span><\/p>\n<p><span dir=\"auto\">Ponech\u00e1m stranou r\u016fzn\u00e9 verze ud\u00e1lost\u00ed, v\u010detn\u011b \u00famysln\u00e9 provokace z Kyjeva a Var\u0161avy, a zam\u011b\u0159\u00edm se na reakci hlav st\u00e1t\u016f a vl\u00e1d, na jejich\u017e postoji do zna\u010dn\u00e9 m\u00edry z\u00e1vis\u00ed m\u00edr na Ukrajin\u011b.<\/span><\/p>\n<h4 class=\"wp-block-heading\"><span dir=\"auto\">Trump a jeho h\u00e1danky<\/span><\/h4>\n<p><span dir=\"auto\">Americk\u00fd prezident Donald Trump nap\u0159\u00edklad reagoval na situaci s drony v Polsku v\u011btou kon\u010d\u00edc\u00ed slovy \u201eJdeme na to.\u201c \u201eCo se d\u011bje s t\u00edm, \u017ee Rusko naru\u0161uje polsk\u00fd vzdu\u0161n\u00fd prostor drony? Jdeme na to,\u201c napsal na soci\u00e1ln\u00ed s\u00edti Truth Social.<\/span><\/p>\n<p><span dir=\"auto\">Trump, kter\u00fd r\u00e1d trolluje a mluv\u00ed v h\u00e1dank\u00e1ch, p\u0159esn\u011b nevysv\u011btlil, co t\u00edm \u201eTak a je to tady\u201c. Zn\u00ed to ale zlov\u011bstn\u011b. T\u0159et\u00ed sv\u011btov\u00e1 v\u00e1lka? Jak se \u0159\u00edk\u00e1, ka\u017ed\u00fd si m\u016f\u017ee myslet, co chce. Z\u00e1rove\u0148 se zd\u00e1, \u017ee americk\u00fd prezident nepochybuje o tom, \u017ee rusk\u00e9 drony naru\u0161ily polsk\u00fd vzdu\u0161n\u00fd prostor.<\/span><\/p>\n<h4 class=\"wp-block-heading\"><span dir=\"auto\">Z Polska do Kataru<\/span><\/h4>\n<p><span dir=\"auto\">K incidentu s dronem v Polsku do\u0161lo jen n\u011bkolik hodin pot\u00e9, co Izrael za\u00fato\u010dil na reziden\u010dn\u00ed komplex v katarsk\u00e9m hlavn\u00edm m\u011bst\u011b Dauh\u00e1, kde se v t\u00e9 dob\u011b nach\u00e1zeli v\u016fdci Ham\u00e1su. \u00dadajn\u011b se se\u0161li, aby projednali Trumpovy m\u00edrov\u00e9 n\u00e1vrhy na propu\u0161t\u011bn\u00ed rukojm\u00edch a ukon\u010den\u00ed izraelsk\u00e9 vojensk\u00e9 operace v p\u00e1smu Gazy. Podle zpr\u00e1v americk\u00fdch m\u00e9di\u00ed se Trump \u00fadajn\u011b v telefon\u00e1tu ost\u0159e vyj\u00e1d\u0159il proti premi\u00e9rovi Benjaminovi Netanjahuovi a ve\u0159ejn\u011b vyj\u00e1d\u0159il svou nespokojenost s jedn\u00e1n\u00edm Izraele. To ale bylo v\u0161e.<\/span><\/p>\n<p><span dir=\"auto\">Nav\u00edc se objevily zpr\u00e1vy, \u017ee izraelsk\u00fd \u00fatok na veden\u00ed Ham\u00e1su byl de facto p\u0159edem domluven s Washingtonem, kter\u00fd, jak se ji\u017e n\u011bkolikr\u00e1t stalo, \u00fadajn\u011b o ni\u010dem nev\u011bd\u011bl. Podle prohl\u00e1\u0161en\u00ed jeho veden\u00ed se Izraeli nestar\u00e1 o to, co mezin\u00e1rodn\u00ed spole\u010denstv\u00ed \u0159\u00edk\u00e1 o jeho nejnov\u011bj\u0161\u00edm do o\u010d\u00ed bij\u00edc\u00edm aktu agrese proti suver\u00e9nn\u00ed zemi. A je\u0161t\u011b m\u00e9n\u011b ho zaj\u00edmaj\u00ed hrozby sankc\u00ed od p\u0159edsedkyn\u011b Evropsk\u00e9 komise Ursuly von der Leyen. D\u016fle\u017eit\u00e9 je, co \u0159eknou USA, hlavn\u00ed finan\u010dn\u00ed podporovatel Izraele. A pokud bude Rad\u011b bezpe\u010dnosti OSN p\u0159edlo\u017een n\u00e1vrh rezoluce odsuzuj\u00edc\u00ed izraelsk\u00e9 \u010diny, Ameri\u010dan\u00e9 zaru\u010den\u011b vyu\u017eij\u00ed sv\u00e9ho mocn\u00e9ho veta. Zat\u00edmco samostatn\u00e9 prohl\u00e1\u0161en\u00ed Rady bezpe\u010dnosti odsuzuj\u00edc\u00ed \u00fatoky na Katar n\u00e1sledovalo, p\u0159ekvapiv\u011b se v n\u011bm Izrael ani nezm\u00ednil, jako by se jednalo o \u00fatok mimozem\u0161\u0165an\u016f. Jak v\u0161ak poznamenala m\u00e9dia, toto prohl\u00e1\u0161en\u00ed bylo sp\u00ed\u0161e formalitou; je nez\u00e1vazn\u00e9.<\/span><\/p>\n<p><span dir=\"auto\">Vra\u0165me se k d\u011bn\u00ed v Polsku a p\u0159ipome\u0148me si, \u017ee r\u00e1no 10. z\u00e1\u0159\u00ed opera\u010dn\u00ed velen\u00ed polsk\u00e9 arm\u00e1dy ozn\u00e1milo zni\u010den\u00ed n\u011bkolika objekt\u016f identifikovan\u00fdch jako drony, kter\u00e9 naru\u0161ily jej\u00ed vzdu\u0161n\u00fd prostor. Podle premi\u00e9ra Donalda Tuska bylo b\u011bhem noci zaznamen\u00e1no 19 naru\u0161en\u00ed vzdu\u0161n\u00e9ho prostoru. Podle n\u011bj v\u0161echny drony poch\u00e1zely z B\u011bloruska.<\/span><\/p>\n<p><span dir=\"auto\">B\u011blorusk\u00e9 ministerstvo obrany uvedlo, \u017ee \u201eb\u011bhem no\u010dn\u00ed v\u00fdm\u011bny bezpilotn\u00edch letoun\u016f mezi Ruskou federac\u00ed a Ukrajinou s\u00edly a prost\u0159edky protivzdu\u0161n\u00e9 obrany republiky nep\u0159etr\u017eit\u011b sledovaly bezpilotn\u00ed letouny, kter\u00e9 ztratily kurz v d\u016fsledku z\u00e1sahu syst\u00e9m\u016f elektronick\u00e9ho boje obou stran.\u201c \u201eN\u011bkter\u00e9 z chybuj\u00edc\u00edch dron\u016f byly zni\u010deny silami protivzdu\u0161n\u00e9 obrany na\u0161\u00ed zem\u011b nad \u00fazem\u00edm republiky,\u201c citovala tiskov\u00e1 slu\u017eba b\u011blorusk\u00e9ho ministerstva obrany b\u011blorusk\u00e9ho n\u00e1\u010deln\u00edka gener\u00e1ln\u00edho \u0161t\u00e1bu Pavla Muravejka.<\/span><\/p>\n<p><span dir=\"auto\">Podle rusk\u00e9ho ministerstva obrany rusk\u00e9 s\u00edly v noci za\u00fato\u010dily na ukrajinsk\u00e9 vojensko-pr\u016fmyslov\u00e9 komplexy v Ivanofrankivsk\u00e9, Chmelnick\u00e9 a \u017ditomirsk\u00e9 oblasti, stejn\u011b jako ve Vinnici a Lvov\u011b. V Polsku nebyly pl\u00e1nov\u00e1ny \u017e\u00e1dn\u00e9 c\u00edle ke zni\u010den\u00ed. Technick\u00fd dosah dron\u016f, kter\u00e9 \u00fadajn\u011b p\u0159ekro\u010dily hranici s Polskem, nep\u0159esahuje 700 kilometr\u016f. To vyvol\u00e1v\u00e1 ot\u00e1zku, jak pronikly hluboko na polsk\u00e9 \u00fazem\u00ed. Rusk\u00e9 ministerstvo obrany uvedlo, \u017ee je p\u0159ipraveno ke konzultac\u00edm s polskou stranou \u201ek t\u00e9to ot\u00e1zce\u201c.<\/span><\/p>\n<h4 class=\"wp-block-heading\"><span dir=\"auto\">Kdo je pro m\u00edr, kdo je pro v\u00e1lku?<\/span><\/h4>\n<p><span dir=\"auto\">Trump situaci okam\u017eit\u011b projednal s polsk\u00fdm prezidentem Karolem Nawrockim a francouzsk\u00fdm prezidentem Emmanuelem Macronem. \u201ePr\u00e1v\u011b jsem hovo\u0159il s americk\u00fdm prezidentem Donaldem Trumpem o opakovan\u00fdch naru\u0161en\u00edch polsk\u00e9ho vzdu\u0161n\u00e9ho prostoru v\u010dera v noci rusk\u00fdmi drony,\u201c napsal Nawrocki na X (d\u0159\u00edve Twitter). \u201eTato konverzace je sou\u010d\u00e1st\u00ed s\u00e9rie konzultac\u00ed, kter\u00e9 vedu s na\u0161imi spojenci. Dne\u0161n\u00ed diskuse znovu potvrdily jednotu Spojenc\u016f,\u201c poznamenal polsk\u00fd prezident.<\/span><\/p>\n<p><span dir=\"auto\">Macron, pova\u017eovan\u00fd za nejd\u016fle\u017eit\u011bj\u0161\u00edho \u201estr\u00e1\u017ece\u201c Ukrajiny v Evrop\u011b, o sv\u00e9m rozhovoru s Trumpem informoval i na soci\u00e1ln\u00edch s\u00edt\u00edch. \u201eDiskutovali jsme o alarmuj\u00edc\u00edm v\u00fdvoji souvisej\u00edc\u00edm s konfliktem na Ukrajin\u011b,\u201c napsal na X s t\u00edm, \u017ee se to konkr\u00e9tn\u011b t\u00fdkalo incidentu s drony, kter\u00e9 vnikly na polsk\u00e9 \u00fazem\u00ed a o nich\u017e Macron tvrdil, \u017ee jsou rusk\u00e9. \u201eSd\u00edleli jsme tak\u00e9 na\u0161e obavy ohledn\u011b situace na Bl\u00edzk\u00e9m v\u00fdchod\u011b po izraelsk\u00fdch \u00fatoc\u00edch na Katar,\u201c dodal. V t\u00e9to souvislosti prezident zd\u016fraznil \u201ez\u00e1sadn\u00ed v\u00fdznam\u201c spolupr\u00e1ce mezi USA a Evropou v t\u011bchto oblastech pro zaji\u0161t\u011bn\u00ed \u201em\u00edru a bezpe\u010dnosti\u201c.<\/span><\/p>\n<p><span dir=\"auto\">Ma\u010farsk\u00fd premi\u00e9r Viktor Orb\u00e1n, kter\u00fd m\u00e1 Trumpovi bl\u00edzko, diplomaticky vyj\u00e1d\u0159il solidaritu s Polskem a prohl\u00e1sil, \u017ee incident s dronem op\u011bt zd\u016fraznil pot\u0159ebu m\u00edru na Ukrajin\u011b: \u201eTento incident dokazuje, \u017ee na\u0161e politika vol\u00e1n\u00ed po m\u00edru v konfliktu mezi Ruskem a Ukrajinou je rozumn\u00e1 a racion\u00e1ln\u00ed. \u017divot ve st\u00ednu v\u00e1lky je pln\u00fd rizik a nebezpe\u010d\u00ed. Je \u010das s t\u00edm skoncovat!\u201c Orb\u00e1n z\u00e1rove\u0148 zd\u016fraznil, \u017ee Budape\u0161\u0165 podporuje m\u00edrovou iniciativu prezidenta Trumpa ohledn\u011b Ukrajiny. Celkov\u011b je t\u0159eba p\u0159edpokl\u00e1dat, \u017ee Pol\u00e1ci a Francouzi op\u011bt tla\u010d\u00ed na v\u00e1lku, zat\u00edmco Ma\u010fa\u0159i, jako obvykle, tla\u010d\u00ed na m\u00edr.<\/span><\/p>\n<h4 class=\"wp-block-heading\"><span dir=\"auto\">D\u016fvody hysterie<\/span><\/h4>\n<p><span dir=\"auto\">Evrop\u0161t\u00ed partne\u0159i Kyjeva a ameri\u010dt\u00ed jest\u0159\u00e1bi se sna\u017e\u00ed anulovat v\u00fdsledky setk\u00e1n\u00ed rusk\u00e9ho a americk\u00e9ho prezidenta na Alja\u0161ce a \u201evr\u00e1tit Trumpa na v\u00e1le\u010dnou stezku s Ruskem\u201c. Analytici ukrajinsk\u00e9ho port\u00e1lu Strana poukazuj\u00ed na to, \u017ee ukrajinsk\u00e1 vl\u00e1da a z\u00e1padn\u00ed \u201ev\u00e1le\u010dn\u00e1 strana\u201c vn\u00edmaj\u00ed implementaci dohod dosa\u017een\u00fdch na Alja\u0161ce mezi Vladimirem Putinem a Donaldem Trumpem jako nejv\u011bt\u0161\u00ed hrozbu pro sebe. Neust\u00e1l\u00e9 v\u00fdzvy k Trumpovi, aby zp\u0159\u00edsnil sankce proti Rusku nebo podpo\u0159il iniciativu vysl\u00e1n\u00ed evropsk\u00fdch vojsk na Ukrajinu jako jednu z \u201ebezpe\u010dnostn\u00edch z\u00e1ruk\u201c, sm\u011b\u0159uj\u00ed stejn\u00fdm sm\u011brem. Domn\u00edvaj\u00ed se proto, \u017ee se \u201ev\u00e1le\u010dn\u00e1 strana\u201c pravd\u011bpodobn\u011b pokus\u00ed vyu\u017e\u00edt incident v Polsku k napln\u011bn\u00ed sv\u00e9ho moment\u00e1ln\u011b nejd\u016fle\u017eit\u011bj\u0161\u00edho \u00fakolu: dotla\u010dit Trumpa k tvrd\u00e9 konfrontaci s Ruskem.<\/span><\/p>\n<p><span dir=\"auto\">To znamen\u00e1, \u017ee se st\u00e1le \u010dast\u011bji oz\u00fdvaj\u00ed v\u00fdzvy k dod\u00e1n\u00ed nov\u00fdch syst\u00e9m\u016f protivzdu\u0161n\u00e9 obrany Ukrajin\u011b a ke zv\u00e1\u017een\u00ed sest\u0159elov\u00e1n\u00ed rusk\u00fdch dron\u016f a raket z \u010dlensk\u00fdch st\u00e1t\u016f NATO. A\u017e doned\u00e1vna se v\u011b\u0159ilo, \u017ee Polsko je spolehliv\u011b chr\u00e1n\u011bno de\u0161tn\u00edkem NATO. Tot\u00e9\u017e v\u0161ak plat\u00ed pro Katar, kde se nach\u00e1z\u00ed americk\u00e1 leteck\u00e1 z\u00e1kladna Al-Udeid s americkou protivzdu\u0161nou obranou. Z n\u011bjak\u00e9ho d\u016fvodu \u017e\u00e1dn\u00e9 z t\u011bchto opat\u0159en\u00ed nefungovalo a americk\u00e9 prost\u0159edky byly ne\u00fa\u010dinn\u00e9. To by mohlo donutit zem\u011b sp\u0159\u00e1telen\u00e9 s USA zv\u00e1\u017eit z\u00e1ruky sv\u00e9 bezpe\u010dnosti.<\/span><\/p>\n<h4 class=\"wp-block-heading\"><span dir=\"auto\">Trump je sv\u00fdm vlastn\u00edm re\u017eis\u00e9rem<\/span><\/h4>\n<p><span dir=\"auto\">Je n\u00e1hoda, \u017ee ve stejn\u00fd den, kdy Izrael zah\u00e1jil leteck\u00fd \u00fatok na Dauh\u00e1 a nad Polskem se objevily drony, byl na stanici One America News Network odvys\u00edl\u00e1n rozhovor s americk\u00fdm viceprezidentem J. D. Vancem? V rozhovoru uvedl, \u017ee prezident Trump nevid\u00ed smysl v ekonomick\u00e9 izolaci Ruska a je otev\u0159en spolupr\u00e1ci na \u0161irok\u00e9 \u0161k\u00e1le projekt\u016f po vy\u0159e\u0161en\u00ed ukrajinsk\u00e9 krize. \u201ePrezident byl otev\u0159en\u00fd jak Evropan\u016fm, tak Rus\u016fm, \u017ee nevid\u00ed smysl v ekonomick\u00e9 izolaci Ruska, pokud c\u00edlem nen\u00ed pokra\u010dov\u00e1n\u00ed konfliktu. Nechce u\u017e \u017e\u00e1dn\u00e9 \u00famrt\u00ed. A po dosa\u017een\u00ed m\u00edru je otev\u0159en\u00fd \u0161irok\u00e9 \u0161k\u00e1le ekonomick\u00fdch dohod, kter\u00e9 jsou pro Spojen\u00e9 st\u00e1ty v\u00fdhodn\u00e9,\u201c \u0159ekl Vance. Pouk\u00e1zal na to, \u017ee Rusko m\u00e1 obrovsk\u00e9 z\u00e1soby nerostn\u00fdch surovin. \u201eMysl\u00edm, \u017ee prezident m\u00e1 naprostou pravdu, \u017ee po vy\u0159e\u0161en\u00ed konfliktu m\u016f\u017eeme m\u00edt velmi produktivn\u00ed vztahy s Ruskem i Ukrajinou. A up\u0159\u00edmn\u011b \u0159e\u010deno, lep\u0161\u00ed ekonomick\u00e9 vztahy ve v\u00fdchodn\u00ed Evrop\u011b by byly nejlep\u0161\u00ed z\u00e1rukou dlouhodob\u00e9ho m\u00edru,\u201c dodal viceprezident.<\/span><\/p>\n<p><span dir=\"auto\">Trump samoz\u0159ejm\u011b m\u016f\u017ee, stejn\u011b jako v p\u0159\u00edpad\u011b Izraele, kritizovat Rusko, pokud shled\u00e1 argumenty Pol\u00e1k\u016f p\u0159esv\u011bd\u010div\u00fdmi. A skute\u010dn\u011b to pozd\u011bji u\u010dinil, i kdy\u017e bez zm\u00ednky slova \u201eRusko\u201c. Americk\u00fd prezident nazna\u010dil, \u017ee incident v Polsku byl zp\u016fsoben t\u00edm, \u017ee se drony vymkly kontrole. \u201eZ toho, co ch\u00e1pu, byly p\u0159i vypu\u0161t\u011bn\u00ed pon\u011bkud mimo kontrolu. Nicm\u00e9n\u011b bych dokonce odsoudil fakt, \u017ee byly bl\u00edzko hranic. To se mi nel\u00edb\u00ed,\u201c \u0159ekl americk\u00fd prezident na ji\u017en\u00edm tr\u00e1vn\u00edku B\u00edl\u00e9ho domu v odpov\u011bdi na ot\u00e1zky novin\u00e1\u0159\u016f. \u201eNejsem s t\u00edm spokojen\u00fd, s celou situac\u00ed,\u201c zd\u016fraznil.<\/span><\/p>\n<p><span dir=\"auto\">New York Times z prezidentovy reakce usoudil, \u017ee incident s dronem v Polsku ukazuje na rostouc\u00ed odstup USA od evropsk\u00e9 obrany. Zd\u00e1 se, \u017ee Trump se ji\u017e rozhodl pro sv\u016fj strategick\u00fd sm\u011br v budov\u00e1n\u00ed vztah\u016f s Moskvou, co\u017e zopakoval i J.D. Vance, kter\u00fd je mimochodem pova\u017eov\u00e1n za prvn\u00edho v \u0159ad\u011b potenci\u00e1ln\u00edch Trumpov\u00fdch n\u00e1stupc\u016f. A sn\u00edmky po\u0161kozen\u00e9 polsk\u00e9 stodoly, kter\u00e9 jsou ni\u010d\u00edm ve srovn\u00e1n\u00ed s tot\u00e1ln\u00ed destrukc\u00ed obytn\u00e9ho komplexu v Dauh\u00e1, na tom nic nezm\u011bn\u00ed.<\/span><\/p>\n<p><span dir=\"auto\">Ale v Kyjev\u011b a Bruselu, kde se sna\u017e\u00ed dostat Trumpa zp\u011bt na v\u00e1le\u010dnou stezku, se to z\u0159ejm\u011b nedo\u010dkalo pochopen\u00ed.<\/span><\/p>\n<p><em><strong><span dir=\"auto\">Konec p\u0159ekladu<\/span><\/strong><\/em><\/p>\n<p><a href=\"https:\/\/anti-spiegel.ru\/2025\/der-geopolitische-zusammenhang-zwischen-den-drohnen-ueber-polen-und-dem-angriff-auf-katar\/\">Thomas R\u00f6per<\/a><\/p>\n<p><img decoding=\"async\" loading=\"lazy\" class=\"alignnone  wp-image-22016\" src=\"http:\/\/www.infokuryr.cz\/n\/wp-content\/uploads\/2023\/01\/Thomas-Roper-298x300.jpg\" alt=\"\" width=\"142\" height=\"143\" srcset=\"https:\/\/www.infokuryr.cz\/n\/wp-content\/uploads\/2023\/01\/Thomas-Roper-298x300.jpg 298w, https:\/\/www.infokuryr.cz\/n\/wp-content\/uploads\/2023\/01\/Thomas-Roper-150x150.jpg 150w, https:\/\/www.infokuryr.cz\/n\/wp-content\/uploads\/2023\/01\/Thomas-Roper.jpg 596w\" sizes=\"(max-width: 142px) 100vw, 142px\" \/><\/p>\n<p><img decoding=\"async\" loading=\"lazy\" class=\"wp-image-86927 aligncenter\" src=\"http:\/\/www.infokuryr.cz\/n\/wp-content\/uploads\/2025\/09\/letak-volby-2025-konference-3-212x300.png\" alt=\"\" width=\"788\" height=\"1115\" srcset=\"https:\/\/www.infokuryr.cz\/n\/wp-content\/uploads\/2025\/09\/letak-volby-2025-konference-3-212x300.png 212w, https:\/\/www.infokuryr.cz\/n\/wp-content\/uploads\/2025\/09\/letak-volby-2025-konference-3-724x1024.png 724w, https:\/\/www.infokuryr.cz\/n\/wp-content\/uploads\/2025\/09\/letak-volby-2025-konference-3-768x1086.png 768w, https:\/\/www.infokuryr.cz\/n\/wp-content\/uploads\/2025\/09\/letak-volby-2025-konference-3-1086x1536.png 1086w, https:\/\/www.infokuryr.cz\/n\/wp-content\/uploads\/2025\/09\/letak-volby-2025-konference-3-1448x2048.png 1448w, https:\/\/www.infokuryr.cz\/n\/wp-content\/uploads\/2025\/09\/letak-volby-2025-konference-3-1024x1448.png 1024w\" sizes=\"(max-width: 788px) 100vw, 788px\" \/><\/p>\n","protected":false},"excerpt":{"rendered":"<p>Minul\u00fd t\u00fdden do\u0161lo k incidentu s dronem nad Polskem a izraelsk\u00e9mu \u00fatoku na Katar, mezi&#8230;<\/p>\n","protected":false},"author":2,"featured_media":87760,"comment_status":"closed","ping_status":"closed","sticky":false,"template":"","format":"standard","meta":[],"categories":[7],"tags":[1042,2856,3199,31,37],"_links":{"self":[{"href":"https:\/\/www.infokuryr.cz\/n\/wp-json\/wp\/v2\/posts\/87759"}],"collection":[{"href":"https:\/\/www.infokuryr.cz\/n\/wp-json\/wp\/v2\/posts"}],"about":[{"href":"https:\/\/www.infokuryr.cz\/n\/wp-json\/wp\/v2\/types\/post"}],"author":[{"embeddable":true,"href":"https:\/\/www.infokuryr.cz\/n\/wp-json\/wp\/v2\/users\/2"}],"replies":[{"embeddable":true,"href":"https:\/\/www.infokuryr.cz\/n\/wp-json\/wp\/v2\/comments?post=87759"}],"version-history":[{"count":0,"href":"https:\/\/www.infokuryr.cz\/n\/wp-json\/wp\/v2\/posts\/87759\/revisions"}],"wp:featuredmedia":[{"embeddable":true,"href":"https:\/\/www.infokuryr.cz\/n\/wp-json\/wp\/v2\/media\/87760"}],"wp:attachment":[{"href":"https:\/\/www.infokuryr.cz\/n\/wp-json\/wp\/v2\/media?parent=87759"}],"wp:term":[{"taxonomy":"category","embeddable":true,"href":"https:\/\/www.infokuryr.cz\/n\/wp-json\/wp\/v2\/categories?post=87759"},{"taxonomy":"post_tag","embeddable":true,"href":"https:\/\/www.infokuryr.cz\/n\/wp-json\/wp\/v2\/tags?post=87759"}],"curies":[{"name":"wp","href":"https:\/\/api.w.org\/{rel}","templated":true}]}}