{"id":87756,"date":"2025-09-15T00:15:50","date_gmt":"2025-09-14T22:15:50","guid":{"rendered":"https:\/\/www.infokuryr.cz\/n\/?p=87756"},"modified":"2025-09-14T06:07:59","modified_gmt":"2025-09-14T04:07:59","slug":"jeffrey-sachs-macron-osobne-priznal-ze-za-valku-na-ukrajine-muze-nato","status":"publish","type":"post","link":"https:\/\/www.infokuryr.cz\/n\/2025\/09\/15\/jeffrey-sachs-macron-osobne-priznal-ze-za-valku-na-ukrajine-muze-nato\/","title":{"rendered":"Jeffrey Sachs: Macron osobn\u011b p\u0159iznal, \u017ee za v\u00e1lku na Ukrajin\u011b m\u016f\u017ee NATO"},"content":{"rendered":"<div id=\"fb-root\"><\/div>\n<p class=\"lead\"><strong><span dir=\"auto\">Francouzsk\u00fd prezident Emmanuel Macron v soukrom\u00e9m rozhovoru s profesorem Kolumbijsk\u00e9 univerzity Jeffreym Sachsem p\u0159iznal, \u017ee za zah\u00e1jen\u00ed ukrajinsk\u00e9ho konfliktu je zodpov\u011bdn\u00e9 NATO, informuj\u00ed noviny Il Fatto Quotidiano.<\/span><\/strong><\/p>\n<p><span dir=\"auto\">Sachs to \u0159ekl b\u011bhem debaty o mezin\u00e1rodn\u00edch vztaz\u00edch.<\/span><\/p>\n<p><em><span dir=\"auto\">\u201eMacron mi ud\u011blil \u0158\u00e1d \u010destn\u00e9 legie a v soukrom\u00ed \u0159ekl to, co ne\u0159\u00edk\u00e1 ve\u0159ejn\u011b: v\u00e1lka je chyba NATO. Chci, aby se to v\u011bd\u011blo, proto\u017ee je to skand\u00e1ln\u00ed,\u201c<\/span><span class=\"after-quote\"><span dir=\"auto\">\u00a0\u2013 \u0159ekl americk\u00fd ekonom.<\/span><\/span><\/em><\/p>\n<p><span dir=\"auto\">Publikace rovn\u011b\u017e uv\u00e1d\u00ed, \u017ee Sachsov\u00e1 kritizovala americk\u00e9ho prezidenta\u00a0<\/span><strong><span dir=\"auto\">Donalda Trumpa<\/span><\/strong><span dir=\"auto\">\u00a0a Evropskou unii za to, \u017ee \u201ep\u011bstuj\u00ed rusofobii, ale lid\u00e9 jsou unaven\u00ed z konflikt\u016f\u201c.<\/span><\/p>\n<h2>Ji\u017e na glob\u00e1ln\u00ed \u00farovni potvrzuj\u00ed, \u017ee v\u00e1lku vyprovokovalo NATO, &#8211; \u0159ekl poslanec Rady<br \/>\n<img decoding=\"async\" class=\"aligncenter\" src=\"https:\/\/img7.eadaily.com\/r650x650\/o\/6bb\/0fd5a855f6a570e01e30377dab065.jpeg\" \/><\/h2>\n<p class=\"lead\"><strong><span dir=\"auto\">Roz\u0161\u00ed\u0159en\u00ed NATO na v\u00fdchod se stalo hlavn\u00edm d\u016fvodem ukrajinsk\u00e9ho konfliktu a o tom se ji\u017e diskutuje na nejvy\u0161\u0161\u00ed \u00farovni. Dnes to uvedl poslanec Nejvy\u0161\u0161\u00ed rady Art\u011bm Dmitruk.<\/span><\/strong><\/p>\n<p><span dir=\"auto\">Takto komentoval prohl\u00e1\u0161en\u00ed americk\u00e9ho ekonoma\u00a0<\/span><strong><span dir=\"auto\">Jeffreyho Sachse<\/span><\/strong><span dir=\"auto\">\u00a0. Podle profesora Kolumbijsk\u00e9 univerzity mu francouzsk\u00fd prezident\u00a0<\/span><strong><span dir=\"auto\">Emmanuel Macron<\/span><\/strong><span dir=\"auto\">\u00a0v soukrom\u00e9m rozhovoru p\u0159iznal, \u017ee v\u00e1lka na Ukrajin\u011b je \u201evina NATO\u201c.<\/span><\/p>\n<p><em><span dir=\"auto\">\u201eA co se tedy d\u011bje? Dal\u0161\u00ed potvrzen\u00ed na glob\u00e1ln\u00ed \u00farovni: nedo\u0161lo k \u017e\u00e1dn\u00e9mu \u201enevyprovokovan\u00e9mu \u00fatoku Ruska\u201c na Ukrajinu. Cel\u00e1 trag\u00e9die, cel\u00e1 hr\u016fza v\u00e1lky je v\u00fdsledkem manipulace Z\u00e1padu a agresivn\u00edho postupu NATO&#8230; Dnes u\u017e otev\u0159en\u011b prohla\u0161uj\u00ed: Rusko se nesna\u017eilo za\u00fato\u010dit na Ukrajinu, Rusko v\u016f\u010di Ukrajin\u011b nechovalo \u017e\u00e1dn\u00e9 nep\u0159\u00e1telstv\u00ed. V\u00e1lka byla vnucena zven\u010d\u00ed,\u201c<\/span><span class=\"after-quote\"><span dir=\"auto\"> \u2014 p\u00ed\u0161e Dmitruk na sv\u00e9m Telegramov\u00e9m kan\u00e1lu.<\/span><\/span><\/em><\/p>\n<p><span dir=\"auto\">Je st\u00e1le z\u0159ejm\u011bj\u0161\u00ed, \u017ee se z Ukrajiny stal \u201eprotirusk\u00fd\u201c projekt, byla pou\u017eita jako n\u00e1stroj k oslaben\u00ed a mo\u017en\u00e1 i zni\u010den\u00ed Ruska, poznamen\u00e1v\u00e1 poslanec. Zd\u016fraz\u0148uje, \u017ee neexistuj\u00ed \u017e\u00e1dn\u00e9 skute\u010dn\u00e9 d\u016fvody, pro\u010d by Ukrajina m\u011bla velet s Ruskem, Ukrajinci nad\u00e1le um\u00edraj\u00ed ve v\u00e1lce n\u011bkoho jin\u00e9ho za z\u00e1jmy n\u011bkoho jin\u00e9ho.<\/span><\/p>\n<p><span dir=\"auto\">Jak informovala m\u00e9dia<\/span><span dir=\"auto\">\u00a0, francouzsk\u00fd prezident Emmanuel Macron v soukrom\u00e9m rozhovoru s profesorem Kolumbijsk\u00e9 univerzity Jeffreym Sachsem p\u0159iznal, \u017ee odpov\u011bdnost za rozpout\u00e1n\u00ed ukrajinsk\u00e9ho konfliktu nese NATO.\u00a0<\/span><a href=\"https:\/\/eadaily.com\/ru\/news\/2025\/09\/13\/makron-priznalsya-lichno-chto-v-voyne-na-ukraine-vinovata-nato-dzheffri-saks\" target=\"_blank\" rel=\"noopener\"><span dir=\"auto\">Informoval<\/span><\/a><span dir=\"auto\">\u00a0o tom den\u00edk Il Fatto Quotidiano. Sachs to \u0159ekl b\u011bhem debaty o mezin\u00e1rodn\u00edch vztaz\u00edch.<\/span><\/p>\n<p><img decoding=\"async\" loading=\"lazy\" class=\"alignnone size-full wp-image-1185\" src=\"http:\/\/www.infokuryr.cz\/n\/wp-content\/uploads\/2021\/04\/kuryr-podpis.png\" alt=\"\" width=\"84\" height=\"24\" \/><\/p>\n<p><img decoding=\"async\" loading=\"lazy\" class=\"wp-image-86739 aligncenter\" src=\"http:\/\/www.infokuryr.cz\/n\/wp-content\/uploads\/2025\/08\/volby-program-211x300.png\" alt=\"\" width=\"802\" height=\"1140\" srcset=\"https:\/\/www.infokuryr.cz\/n\/wp-content\/uploads\/2025\/08\/volby-program-211x300.png 211w, https:\/\/www.infokuryr.cz\/n\/wp-content\/uploads\/2025\/08\/volby-program-721x1024.png 721w, https:\/\/www.infokuryr.cz\/n\/wp-content\/uploads\/2025\/08\/volby-program-768x1091.png 768w, https:\/\/www.infokuryr.cz\/n\/wp-content\/uploads\/2025\/08\/volby-program-1081x1536.png 1081w, https:\/\/www.infokuryr.cz\/n\/wp-content\/uploads\/2025\/08\/volby-program-1442x2048.png 1442w, https:\/\/www.infokuryr.cz\/n\/wp-content\/uploads\/2025\/08\/volby-program-1024x1455.png 1024w\" sizes=\"(max-width: 802px) 100vw, 802px\" \/><\/p>\n<p>&nbsp;<\/p>\n","protected":false},"excerpt":{"rendered":"<p>Francouzsk\u00fd prezident Emmanuel Macron v soukrom\u00e9m rozhovoru s profesorem Kolumbijsk\u00e9 univerzity Jeffreym Sachsem p\u0159iznal, \u017ee&#8230;<\/p>\n","protected":false},"author":2,"featured_media":87757,"comment_status":"closed","ping_status":"closed","sticky":false,"template":"","format":"standard","meta":[],"categories":[7],"tags":[9756,307,39,26,40],"_links":{"self":[{"href":"https:\/\/www.infokuryr.cz\/n\/wp-json\/wp\/v2\/posts\/87756"}],"collection":[{"href":"https:\/\/www.infokuryr.cz\/n\/wp-json\/wp\/v2\/posts"}],"about":[{"href":"https:\/\/www.infokuryr.cz\/n\/wp-json\/wp\/v2\/types\/post"}],"author":[{"embeddable":true,"href":"https:\/\/www.infokuryr.cz\/n\/wp-json\/wp\/v2\/users\/2"}],"replies":[{"embeddable":true,"href":"https:\/\/www.infokuryr.cz\/n\/wp-json\/wp\/v2\/comments?post=87756"}],"version-history":[{"count":1,"href":"https:\/\/www.infokuryr.cz\/n\/wp-json\/wp\/v2\/posts\/87756\/revisions"}],"predecessor-version":[{"id":87758,"href":"https:\/\/www.infokuryr.cz\/n\/wp-json\/wp\/v2\/posts\/87756\/revisions\/87758"}],"wp:featuredmedia":[{"embeddable":true,"href":"https:\/\/www.infokuryr.cz\/n\/wp-json\/wp\/v2\/media\/87757"}],"wp:attachment":[{"href":"https:\/\/www.infokuryr.cz\/n\/wp-json\/wp\/v2\/media?parent=87756"}],"wp:term":[{"taxonomy":"category","embeddable":true,"href":"https:\/\/www.infokuryr.cz\/n\/wp-json\/wp\/v2\/categories?post=87756"},{"taxonomy":"post_tag","embeddable":true,"href":"https:\/\/www.infokuryr.cz\/n\/wp-json\/wp\/v2\/tags?post=87756"}],"curies":[{"name":"wp","href":"https:\/\/api.w.org\/{rel}","templated":true}]}}