{"id":87740,"date":"2025-09-14T00:13:32","date_gmt":"2025-09-13T22:13:32","guid":{"rendered":"https:\/\/www.infokuryr.cz\/n\/?p=87740"},"modified":"2025-09-13T12:52:55","modified_gmt":"2025-09-13T10:52:55","slug":"politik-z-ods-zacal-pracovat-na-privatizaci-zakladniho-skolstvi-jeho-jmeno-neprekvapi","status":"publish","type":"post","link":"https:\/\/www.infokuryr.cz\/n\/2025\/09\/14\/politik-z-ods-zacal-pracovat-na-privatizaci-zakladniho-skolstvi-jeho-jmeno-neprekvapi\/","title":{"rendered":"Politik z ODS za\u010dal pracovat na privatizaci z\u00e1kladn\u00edho \u0161kolstv\u00ed. Jeho jm\u00e9no nep\u0159ekvap\u00ed\u2026"},"content":{"rendered":"<div id=\"fb-root\"><\/div>\n<p><strong>Politik z ODS za\u010dal prost\u0159ednictv\u00edm sv\u00e9 firmy \u201e<a href=\"https:\/\/www.novinky.cz\/clanek\/domaci-politik-ods-si-postavil-byznys-na-nadstandardech-ve-verejnych-zakladnich-skolach-40534277\">Sv\u011bt vzd\u011bl\u00e1n\u00ed\u201c<\/a> nab\u00edzet na st\u00e1tn\u00edch \u0161kol\u00e1ch \u201enadstandartn\u00ed v\u00fduku\u201c z\u00e1kladn\u00edch p\u0159edm\u011bt\u016f pro d\u011bti, jejich\u017e rodi\u010de plat\u00ed m\u011bs\u00ed\u010dn\u011b kolem 2000 K\u010d<\/strong>. V realit\u011b to vypad\u00e1 takto, ve \u0161kole jsou t\u0159\u00eddy, kde prob\u00edh\u00e1 \u201esoukrom\u00e1 kvalitn\u011bj\u0161\u00ed v\u00fduka\u201c a pak ty ostatn\u00ed, kde jsou d\u011bti chud\u0161\u00edch rodi\u010d\u016f a imigranti.<strong>\u00a0V\u00fduka tak je pochopiteln\u011b velmi rozd\u00edln\u00e1.\u00a0<\/strong>Z n\u011bjak\u00e9ho d\u016fvodu to nevad\u00ed ministrovi \u0161kolstv\u00ed M. Bek ze Spolu.<\/p>\n<p>C\u00edlem je vytvo\u0159it paraleln\u00ed priv\u00e1tn\u00ed \u0161kolstv\u00ed pro \u00fazkou skupinu bohat\u0161\u00edch rodin a d\u00e1le degradovat ve\u0159ejn\u00e9 \u0161kolstv\u00ed sm\u011brem k z\u00e1padn\u00ed Evrop\u011b.\u00a0<strong>C\u00edlem je deedukace zem\u011b a n\u00e1sledn\u00e9 o\u017eebra\u010den\u00ed, zotro\u010den\u00ed a likvidace p\u016fvodn\u00edho obyvatelstva<\/strong>.<\/p>\n<p><strong>Vykuk z ODS tak zdarma vyu\u017e\u00edv\u00e1 jak \u0161kol, tak pedagog\u016f, kte\u0159\u00ed by se m\u011bli prim\u00e1rn\u011b v\u011bnovat v\u0161em d\u011btem stejn\u011b.<\/strong><\/p>\n<p>Abych nezapomn\u011bl, ten politik se jmenuje T. Blumenstein\u2026\u00a0<strong>takov\u00e9 hezk\u00e9 \u010desk\u00e9 jm\u00e9no, \u017ee\u2026 znalce problematiky to ale nep\u0159ekvap\u00ed.<\/strong><\/p>\n<p>Podobn\u00e9 pokusy vid\u00edme i ve zdravotnictv\u00ed a zase jsou to takov\u00e1 hezk\u00e1 \u010desk\u00e1 jm\u00e9na.<\/p>\n<p><em><a href=\"https:\/\/ceskavec.com\/2025\/09\/politik-z-ods-zacal-pracovat-na-privatizaci-zakladniho-skolstvi-jeho-jmeno-neprekvapi\">Mike Don\u00e1k<\/a>, Texas, USA<\/em><\/p>\n<p><img decoding=\"async\" loading=\"lazy\" class=\"wp-image-85920 aligncenter\" src=\"http:\/\/www.infokuryr.cz\/n\/wp-content\/uploads\/2025\/08\/pozvaniV-300x140.jpg\" alt=\"\" width=\"735\" height=\"343\" srcset=\"https:\/\/www.infokuryr.cz\/n\/wp-content\/uploads\/2025\/08\/pozvaniV-300x140.jpg 300w, https:\/\/www.infokuryr.cz\/n\/wp-content\/uploads\/2025\/08\/pozvaniV.jpg 925w\" sizes=\"(max-width: 735px) 100vw, 735px\" \/><\/p>\n<p><img decoding=\"async\" loading=\"lazy\" class=\"wp-image-86927 aligncenter\" src=\"http:\/\/www.infokuryr.cz\/n\/wp-content\/uploads\/2025\/09\/letak-volby-2025-konference-3-212x300.png\" alt=\"\" width=\"739\" height=\"1046\" srcset=\"https:\/\/www.infokuryr.cz\/n\/wp-content\/uploads\/2025\/09\/letak-volby-2025-konference-3-212x300.png 212w, https:\/\/www.infokuryr.cz\/n\/wp-content\/uploads\/2025\/09\/letak-volby-2025-konference-3-724x1024.png 724w, https:\/\/www.infokuryr.cz\/n\/wp-content\/uploads\/2025\/09\/letak-volby-2025-konference-3-768x1086.png 768w, https:\/\/www.infokuryr.cz\/n\/wp-content\/uploads\/2025\/09\/letak-volby-2025-konference-3-1086x1536.png 1086w, https:\/\/www.infokuryr.cz\/n\/wp-content\/uploads\/2025\/09\/letak-volby-2025-konference-3-1448x2048.png 1448w, https:\/\/www.infokuryr.cz\/n\/wp-content\/uploads\/2025\/09\/letak-volby-2025-konference-3-1024x1448.png 1024w\" sizes=\"(max-width: 739px) 100vw, 739px\" \/><\/p>\n","protected":false},"excerpt":{"rendered":"<p>Politik z ODS za\u010dal prost\u0159ednictv\u00edm sv\u00e9 firmy \u201eSv\u011bt vzd\u011bl\u00e1n\u00ed\u201c nab\u00edzet na st\u00e1tn\u00edch \u0161kol\u00e1ch \u201enadstandartn\u00ed v\u00fduku\u201c&#8230;<\/p>\n","protected":false},"author":2,"featured_media":34319,"comment_status":"closed","ping_status":"closed","sticky":false,"template":"","format":"standard","meta":[],"categories":[6],"tags":[245,192,420,121],"_links":{"self":[{"href":"https:\/\/www.infokuryr.cz\/n\/wp-json\/wp\/v2\/posts\/87740"}],"collection":[{"href":"https:\/\/www.infokuryr.cz\/n\/wp-json\/wp\/v2\/posts"}],"about":[{"href":"https:\/\/www.infokuryr.cz\/n\/wp-json\/wp\/v2\/types\/post"}],"author":[{"embeddable":true,"href":"https:\/\/www.infokuryr.cz\/n\/wp-json\/wp\/v2\/users\/2"}],"replies":[{"embeddable":true,"href":"https:\/\/www.infokuryr.cz\/n\/wp-json\/wp\/v2\/comments?post=87740"}],"version-history":[{"count":0,"href":"https:\/\/www.infokuryr.cz\/n\/wp-json\/wp\/v2\/posts\/87740\/revisions"}],"wp:featuredmedia":[{"embeddable":true,"href":"https:\/\/www.infokuryr.cz\/n\/wp-json\/wp\/v2\/media\/34319"}],"wp:attachment":[{"href":"https:\/\/www.infokuryr.cz\/n\/wp-json\/wp\/v2\/media?parent=87740"}],"wp:term":[{"taxonomy":"category","embeddable":true,"href":"https:\/\/www.infokuryr.cz\/n\/wp-json\/wp\/v2\/categories?post=87740"},{"taxonomy":"post_tag","embeddable":true,"href":"https:\/\/www.infokuryr.cz\/n\/wp-json\/wp\/v2\/tags?post=87740"}],"curies":[{"name":"wp","href":"https:\/\/api.w.org\/{rel}","templated":true}]}}