{"id":87708,"date":"2025-09-13T04:38:24","date_gmt":"2025-09-13T02:38:24","guid":{"rendered":"https:\/\/www.infokuryr.cz\/n\/?p=87708"},"modified":"2025-09-13T04:38:24","modified_gmt":"2025-09-13T02:38:24","slug":"michael-svatos-panika-ve-varsave-polsky-general-ukrajinska-armada-je-uz-zdecimovana","status":"publish","type":"post","link":"https:\/\/www.infokuryr.cz\/n\/2025\/09\/13\/michael-svatos-panika-ve-varsave-polsky-general-ukrajinska-armada-je-uz-zdecimovana\/","title":{"rendered":"Michael Svato\u0161: Panika ve Var\u0161av\u011b! Polsk\u00fd gener\u00e1l \u2013 \u201cUkrajinsk\u00e1 arm\u00e1da je u\u017e zdecimovan\u00e1!\u201d"},"content":{"rendered":"<div id=\"fb-root\"><\/div>\n<h3>Panika ve Var\u0161av\u011b! Polsk\u00fd gener\u00e1l \u2013 \u201cUkrajinsk\u00e1 arm\u00e1da je u\u017e zdecimovan\u00e1!\u201d. Nov\u00e1 geni\u00e1ln\u00ed rusk\u00e1 taktika odhalena! Rusov\u00e9 postupuj\u00ed na \u0161irok\u00e9 front\u011b! Gener\u00e1l Syrskyj m\u00ed\u0159\u00ed na frontu, aby osobn\u011b zastavil pr\u016flom!<\/h3>\n<p>Ukrajin\u0161t\u00ed poln\u00ed komand\u00fd\u0159i v\u010dera hl\u00e1sili do Kyjeva nov\u00e9 rusk\u00e9 bojov\u00e9 taktick\u00e9 man\u00e9vry, s nimi\u017e si nev\u00ed rady.<\/p>\n<p>Prvn\u00ed rusk\u00fd taktick\u00fd vyn\u00e1lez spo\u010d\u00edv\u00e1 ve v\u00fdstavb\u011b \u201c<a href=\"https:\/\/vchasnoua.com\/news\/dobropilska-avantiura-peretvorilasia-na-povne-fiasko-zsu-trimaiut-front-i-prosuvaiutsia\">cel\u00fdch \u0159et\u011bzc\u016f zvl\u00e1\u0161tn\u00edch ochlazovac\u00edch stan\u016f<\/a>\u201d pod\u00e9l logistick\u00fdch p\u0159\u00edstupov\u00fdch komunikac\u00ed ke front\u011b, ve kter\u00fdch se p\u0159i sv\u00fdch no\u010dn\u00edch p\u0159esunech ru\u0161t\u00ed voj\u00e1ci sp\u011bchaj\u00edc\u00ed na frontu, aby tam provedli rann\u00ed za\u010distky, postupn\u011b ochlazuj\u00ed, aby potom p\u0159i dal\u0161\u00edm p\u0159esunu nebyli vid\u011bt na senzorech ukrajinsk\u00fdch no\u010dn\u00edch dron\u016f. Ukrajinsk\u00e1 arm\u00e1da nen\u00ed schopna provozovat v\u011bt\u0161inu sv\u00fdch dron\u016f p\u0159es den, proto\u017ee je hromadn\u011b likviduj\u00ed rusk\u00e9 st\u00edhac\u00ed drony, zejm\u00e9na speci\u00e1ln\u00edch sil \u201cRubikon\u201d. A v\u011bt\u0161ina ukrajinsk\u00fdch dron\u016f m\u00e1 nav\u00edc velmi \u0161patn\u00e9 no\u010dn\u00ed senzory, proto\u017ee jde o drony civiln\u00ed p\u0159estav\u011bn\u00e9 pro vojensk\u00e9 \u00fa\u010dely, a ty maj\u00ed hlavn\u011b velmi omezenou schopnost rozli\u0161ovat r\u016fzn\u011b tepeln\u011b v\u00fdrazn\u00e9 c\u00edle. Rusov\u00e9 proto sv\u00e9 voj\u00e1ky ve stanech v noci ochlazuj\u00ed na teplotu vzduchu, a ti jsou potom pro v\u011bt\u0161inu ukrajinsk\u00fdch dron\u016f po n\u011bjak\u00fd \u010das po ochlazen\u00ed naprosto neviditeln\u00ed. P\u0159es noc se tak ochlazen\u00ed a neviditeln\u00ed ru\u0161t\u00ed voj\u00e1ci p\u0159esunou na frontu, a s p\u0159\u00edchodem dne, kdy rusk\u00e9 st\u00edhac\u00ed drony ovl\u00e1dnou oblohu, se daj\u00ed do pr\u00e1ce, a za\u010dnou pod jejich ochranou \u010distit ukrajinsk\u00e9 z\u00e1kopy a bunkry od posledn\u00edch p\u0159e\u017eiv\u0161\u00edch Ukrajinc\u016f. Tato taktika je zat\u00edm pou\u017e\u00edv\u00e1na pouze elitn\u00edmi formacemi rusk\u00e9 opera\u010dn\u00ed skupiny ST\u0158ED gener\u00e1la Solod\u010duka.<\/p>\n<p>Druh\u00fd rusk\u00fd taktick\u00fd vyn\u00e1lez spo\u010d\u00edv\u00e1 v hromadn\u00e9m nasazov\u00e1n\u00ed hloubkov\u00fdch mobiln\u00edch taktick\u00fdch \u00fadern\u00fdch skupin. Tyto jednotky tvo\u0159en\u00e9 nejmlad\u0161\u00edmi a fyzicky nejzdatn\u011bj\u0161\u00edmi voj\u00e1ky na motork\u00e1ch a na elektrick\u00fdch bugin\u00e1ch a na elektrokolob\u011b\u017ek\u00e1ch rychle pronikaj\u00ed do t\u00fdlu ukrajinsk\u00e9 obrany a\u017e do postaven\u00ed ukrajinsk\u00e9ho d\u011blost\u0159electva, minomet\u016f a oper\u00e1tor\u016f dron\u016f, (10 a\u017e 30km za frontovou linii), ani\u017e by se staraly, \u017ee za nimi je\u0161t\u011b nen\u00ed ukrajinsk\u00e1 obrana tvo\u0159en\u00e1 p\u011bchotou prolomena. A jakmile postaven\u00ed ukrajinsk\u00fdch oper\u00e1tor\u016f dron\u016f, d\u011bl a minomet\u016f dos\u00e1hnou, za\u010dnou je rychle a zb\u011bsile ni\u010dit. A potom rychle man\u00e9vruj\u00ed ukrajinsk\u00fdmi t\u00fdly a nel\u00edtostn\u011b ni\u010d\u00ed a zab\u00edjej\u00ed v\u0161e na\u010d p\u0159ijdou. Jejich rejd ukrajinsk\u00fdmi t\u00fdly trv\u00e1 i n\u011bkolik t\u00fddn\u016f, a jsou p\u0159i n\u011bm z\u00e1sobov\u00e1ni rusk\u00fdmi dopravn\u00edmi drony. Cel\u00fd postup t\u011bchto rusk\u00fdch \u00fadern\u00fdch hloubkov\u00fdch jednotek ukrajinsk\u00fdmi t\u00fdly koordinuj\u00ed rusk\u00e9 pr\u016fzkumn\u00e9 drony, kter\u00e9 pro n\u011b vyhled\u00e1vaj\u00ed no\u010dn\u00ed ukryty k p\u0159esp\u00e1n\u00ed, a k \u201cochlazen\u00ed\u201d, a bezpe\u010dn\u00e9 komunikace pro p\u0159esuny, a jsou p\u0159i tomto postupu chr\u00e1n\u011bny rusk\u00fdmi zabij\u00e1ck\u00fdmi a st\u00edhac\u00edmi drony.<\/p>\n<p><img decoding=\"async\" loading=\"lazy\" class=\"wp-image-85920 aligncenter\" src=\"http:\/\/www.infokuryr.cz\/n\/wp-content\/uploads\/2025\/08\/pozvaniV-300x140.jpg\" alt=\"\" width=\"664\" height=\"310\" srcset=\"https:\/\/www.infokuryr.cz\/n\/wp-content\/uploads\/2025\/08\/pozvaniV-300x140.jpg 300w, https:\/\/www.infokuryr.cz\/n\/wp-content\/uploads\/2025\/08\/pozvaniV-768x360.jpg 768w, https:\/\/www.infokuryr.cz\/n\/wp-content\/uploads\/2025\/08\/pozvaniV.jpg 925w\" sizes=\"(max-width: 664px) 100vw, 664px\" \/><\/p>\n<p>Vzhledem k ak\u010dn\u00edmu r\u00e1diu t\u011bchto dron\u016f operuj\u00ed tyto \u00fadern\u00e9 skupiny pouze do hloubky 20-25 km od fronty, ale na \u0161irok\u00e9 front\u011b.\u00a0 Ukrajinci si s t\u011bmito rusk\u00fdmi hloubkov\u00fdmi \u00fadern\u00fdmi jednotkami zat\u00edm nedovedou poradit. U\u017e 3 t\u00fddny je marn\u011b hon\u00ed ukrajinsk\u00e1 elitn\u00ed mechanizovan\u00e1 p\u011bchota severn\u011b od m\u011bsta Pokrovsk. Rusov\u00e9 se ale boj\u016fm se sv\u00fdmi pron\u00e1sledovateli rafinovan\u011b rychle vyh\u00fdbaj\u00ed, a man\u00e9vruj\u00ed v neust\u00e1l\u00e9m pohybu po obrovsk\u00e9 plo\u0161e. V\u00fdsledkem t\u011bchto jejich man\u00e9vr\u016f v ukrajinsk\u00e9m t\u00fdlu je pak absolutn\u00ed rozvrat \u010dinnosti v\u011bt\u0161iny ukrajinsk\u00e9ho d\u011blost\u0159electva a oper\u00e1tor\u016f dron\u016f v oblasti jejich man\u00e9vr\u016f, a rusk\u00e1 p\u011bchota tak m\u016f\u017ee na frontov\u00e9 linii bez ru\u0161en\u00ed ukrajinsk\u00fdmi drony a ukrajinsk\u00e9 d\u011blost\u0159elby metodicky \u010distit ukrajinsk\u00e9 z\u00e1kopy na frontov\u00e9 linii. Tuto inovativn\u00ed taktiku pou\u017e\u00edv\u00e1 op\u011bt tak\u0159ka v\u00fdlu\u010dn\u011b opera\u010dn\u00ed skupina ST\u0158ED gener\u00e1la Solud\u010duka, a to elitn\u00ed 90. tankov\u00e1 divize s podporou odd\u00edl\u016f dron\u016f Rubikon.<\/p>\n<p>Taktick\u00e1 hloubkov\u00e1 \u00fadern\u00e1 skupina je modern\u00ed variantou opera\u010dn\u00edch postup\u016f pro hloubkovou \u00fato\u010dnou operaci koncipovan\u00fdch u\u017e zakladatelem modern\u00edho sov\u011btsk\u00e9ho opera\u010dn\u00edho um\u011bn\u00ed gener\u00e1lem\u00a0<a href=\"https:\/\/ru.wikipedia.org\/wiki\/%D0%A2%D1%80%D0%B8%D0%B0%D0%BD%D0%B4%D0%B0%D1%84%D0%B8%D0%BB%D0%BB%D0%BE%D0%B2,_%D0%92%D0%BB%D0%B0%D0%B4%D0%B8%D0%BC%D0%B8%D1%80_%D0%9A%D0%B8%D1%80%D0%B8%D0%B0%D0%BA%D0%BE%D0%B2%D0%B8%D1%87\">Vladimirem Triandafillovem<\/a>\u00a0(1894-1931, n\u00e1rodnost \u0158ek, narozen\u00fd v Turecku). Triandafillov byl mezi sov\u011btsk\u00fdmi gener\u00e1ly naprost\u00e1 rarita. Koncem 20-t\u00fdch let minul\u00e9ho stolet\u00ed byl vysl\u00e1n Stalinem do N\u011bmecka, a tam v utajen\u00ed vystudoval tzv. \u201c<span dir=\"auto\"><a href=\"https:\/\/de.wikipedia.org\/wiki\/F%C3%BChrergehilfenausbildung\">F\u00fchrergehilfenausbildung<\/a>\u201c,\u00a0a to byla tajn\u00e1, \u010dl\u00e1nkem 160 Versaillesk\u00e9 smlouvy zak\u00e1zan\u00e1, Prusk\u00e1 v\u00e1le\u010dn\u00e1 akademie. Vedouc\u00edm v\u00fduky na zak\u00e1zan\u00e9 tajn\u00e9 v\u00e1le\u010dn\u00e9 akademii byl posledn\u00ed prusk\u00fd ministr v\u00e1lky\u00a0<a href=\"https:\/\/de.wikipedia.org\/wiki\/Walther_Reinhardt\">gener\u00e1l Walther Reinhardt<\/a><\/span><span class=\"mw-page-title-main\"><span dir=\"auto\">,\u00a0zn\u00e1m\u00fd z historie hlavn\u011b t\u00edm, \u017ee je\u0161t\u011b na p\u0159elomu let 1918\/19 p\u0159ipravoval velk\u00fd arm\u00e1dn\u00ed pu\u010d, odm\u00edtnut\u00ed\u00a0Versaillesk\u00e9 smlouvy, a vyhl\u00e1\u0161en\u00ed tzv.\u00a0\u201c<a href=\"https:\/\/de.wikipedia.org\/wiki\/Oststaat-Plan\">V\u00fdchodn\u00edho st\u00e1tu<\/a>\u201c.\u00a0D\u00e1 se tak s jistou d\u00e1vkou sarkasmu postulovat, \u017ee ve Velk\u00e9 vlasteneck\u00e9 v\u00e1lce se nemilosrdn\u011b utkaly teorie Walter Reinhardt-Guderian-Manstein-\u201c\u010cist\u00fd Blitzkrieg\u201d kontra Walter Reinhardt-Triandafillov-\u0160apo\u0161nikov-Vasilevskij = \u201cVyhlazovac\u00ed Blitzkrieg\u201d, (pozor jde o \u010dist\u011b odborn\u00fd dobov\u00fd term\u00edn, t\u0159et\u00ed dobovou teori\u00ed vze\u0161lou z kurz\u016f gener\u00e1la Waltra Reinhardta byla tzv. \u201cVyhlazovac\u00ed v\u00e1lka\u201d, a ta v podstat\u011b nyn\u00ed prob\u00edh\u00e1 pod Gerasimov\u00fdm velen\u00edm na Ukrajin\u011b. Triandafillov byl prvn\u00ed, kdo si uv\u011bdomil, \u017ee ob\u011b v\u00e1le\u010dn\u00e9 strategick\u00e9 teorie je t\u0159eba zkombinovat do jedn\u00e9. Triandafillov zahynul p\u0159i leteck\u00e9 hav\u00e1rii. Jeho \u017e\u00e1kem byl hlavn\u011b mar\u0161\u00e1l Vasilevskij, a\u010dkoli \u017dukov tak\u00e9 v\u0161ude tvrdil, \u017ee ve v\u0161ech bitv\u00e1ch zv\u00edt\u011bzil pouze d\u00edky uplat\u0148ov\u00e1n\u00ed jeho postup\u016f.\u00a0<\/span><\/span><\/p>\n<div id=\"attachment_20370\" class=\"wp-caption aligncenter\" style=\"width: 995px;\"><img decoding=\"async\" loading=\"lazy\" class=\" wp-image-20370\" src=\"https:\/\/www.michalapetr.com\/wp-content\/uploads\/2025\/09\/photo_2025-09-10_22-53-54-2.jpg\" sizes=\"(max-width: 2560px) 100vw, 2560px\" srcset=\"https:\/\/www.michalapetr.com\/wp-content\/uploads\/2025\/09\/photo_2025-09-10_22-53-54-2.jpg 2560w, https:\/\/www.michalapetr.com\/wp-content\/uploads\/2025\/09\/photo_2025-09-10_22-53-54-2-300x213.jpg 300w, https:\/\/www.michalapetr.com\/wp-content\/uploads\/2025\/09\/photo_2025-09-10_22-53-54-2-1030x732.jpg 1030w, https:\/\/www.michalapetr.com\/wp-content\/uploads\/2025\/09\/photo_2025-09-10_22-53-54-2-768x546.jpg 768w, https:\/\/www.michalapetr.com\/wp-content\/uploads\/2025\/09\/photo_2025-09-10_22-53-54-2-1536x1091.jpg 1536w, https:\/\/www.michalapetr.com\/wp-content\/uploads\/2025\/09\/photo_2025-09-10_22-53-54-2-2048x1455.jpg 2048w, https:\/\/www.michalapetr.com\/wp-content\/uploads\/2025\/09\/photo_2025-09-10_22-53-54-2-1500x1066.jpg 1500w, https:\/\/www.michalapetr.com\/wp-content\/uploads\/2025\/09\/photo_2025-09-10_22-53-54-2-260x185.jpg 260w, https:\/\/www.michalapetr.com\/wp-content\/uploads\/2025\/09\/photo_2025-09-10_22-53-54-2-705x501.jpg 705w, https:\/\/www.michalapetr.com\/wp-content\/uploads\/2025\/09\/photo_2025-09-10_22-53-54-2-450x320.jpg 450w\" alt=\"\" width=\"995\" height=\"707\" aria-describedby=\"caption-attachment-20370\" \/><\/p>\n<p id=\"caption-attachment-20370\" class=\"wp-caption-text\" style=\"text-align: justify;\">Tato mapa ukazuje ve \u017elut\u00e9 elipse prostor \u010dinnosti rusk\u00e9 hloubkov\u00e9 taktick\u00e9 skupiny bojuj\u00edc\u00ed podle postup\u016f p\u016fvodn\u011b koncipovan\u00fdch koncem 20t\u00fdch let minul\u00e9ho stolet\u00ed na Tajn\u00e9 \u010dl\u00e1nkem 160 Versaillesk\u00e9 smlouvy p\u0159\u00edsn\u011b zak\u00e1zan\u00e9 Prusk\u00e9 v\u00e1le\u010dn\u00e9 akademii n\u011bkdej\u0161\u00edm posledn\u00edm prusk\u00fdm ministrem v\u00e1lky gener\u00e1lem Walterem Reinhardtem, kter\u00fd je\u0161t\u011b v roce 1919 chystal v N\u011bmecku pu\u010d, odm\u00edtnut\u00ed Versaillesk\u00e9 smlouvy a vyhl\u00e1\u0161en\u00ed tzv. \u201cV\u00fdchodn\u00edho st\u00e1tu\u201d,\u00a0 a sov\u011btsk\u00fdm gener\u00e1lem Vladim\u00edrem Triandafillovem, kter\u00fd byl k Reinhardtovi vysl\u00e1n k tajn\u00e9mu studiu samotn\u00fdm Stalinem. Ve \u017elut\u00e9 elipse operuj\u00ed u\u017e t\u0159i t\u00fddny p\u0159edsunut\u00e1 komanda elitn\u00ed 90. rusk\u00e9 tankov\u00e9 divize, a\u00a0<a href=\"https:\/\/topwar.ru\/270842-syrskij-v-srochnom-porjadke-otpravilsja-pod-pokrovsk-i-v-dobropole.html\">Zelenskyj v\u010dera vyslal do m\u00edsta boj\u016f samotn\u00e9ho gener\u00e1la Syrsk\u00e9ho<\/a>, aby u\u017e jejich \u0159\u00e1d\u011bn\u00ed kone\u010dn\u011b zastavil, kdy\u017e se to jeho poln\u00edm komand\u00fdr\u016fm st\u00e1le neda\u0159\u00ed, a jen si zt\u011b\u017euj\u00ed, \u017ee je nevid\u00ed na senzorech, proto\u017ee se neust\u00e1le \u201cochlazuj\u00ed\u201d, aby nebyli vid\u011bt.<\/p>\n<\/div>\n<p>V\u010dera se k situaci na Ukrajin\u011b velmi depresivn\u011b v nej\u010dten\u011bj\u0161\u00edm polsk\u00e9m m\u00e9diu vyj\u00e1d\u0159il slavn\u00fd polsk\u00fd\u00a0<a href=\"https:\/\/en.wikipedia.org\/wiki\/Roman_Polko\">gener\u00e1l Roman Polko<\/a>,\u00a0nositel vojensk\u00e9ho \u0159\u00e1du USA\u00a0\u201c<a href=\"https:\/\/en.wikipedia.org\/wiki\/Legion_of_Merit\">Legion of Merit<\/a>\u201c.\u00a0Podle gener\u00e1la Polka je u\u017e\u00a0<span dir=\"auto\">Ukrajina zni\u010dena dlouhou v\u00e1lkou, jej\u00ed profesion\u00e1ln\u00ed arm\u00e1da je u\u017e zdecimovan\u00e1, a mnoho voj\u00e1k\u016f u\u017e zem\u0159elo, a :\u00a0<\/span><span dir=\"auto\">\u201e<a href=\"https:\/\/www.rp.pl\/spoleczenstwo\/art42982391-mlodzi-mezczyzni-z-ukrainy-ruszyli-do-polski-to-efekt-decyzji-kijowa\"><em>Ukrajin\u0161t\u00ed civilist\u00e9 odveden\u00ed do arm\u00e1dy maj\u00ed pocit, \u017ee se st\u00e1vaj\u00ed potravou pro d\u011bla. Po rychl\u00e9m v\u00fdcviku jsou hozeni na frontu, na co\u017e nejsou p\u0159ipraveni. Neobvi\u0148oval bych tyto mlad\u00e9 lidi z odchod\u016f do zahrani\u010d\u00ed. Voj\u00e1k NATO bojuje jinak ne\u017e n\u011bkdo, koho jen shrom\u00e1\u017ed\u00ed a hod\u00ed na frontu.<\/em><\/a>\u201c.\u00a0<\/span><\/p>\n<p><span dir=\"auto\">Polko tak\u00e9 v\u010dera varoval, \u017ee kdyby Ukrajina padla, m\u011bli bychom nep\u0159\u00edtele p\u0159ed dve\u0159mi. Podle polsk\u00fdch \u00fadaj\u016f jen p\u0159echody na Podkarpatsku p\u0159e\u0161lo v t\u00fddnu od 28. srpna do 3. z\u00e1\u0159\u00ed na Ukrajinu 5600 mlad\u00fdch Ukrajinc\u016f ve v\u011bku 18 a\u017e 22 let, a u\u017e se na Ukrajinu nevr\u00e1tili zp\u011bt, a ukrajinskou hranici do Polska v Podkarpatsku tak p\u0159e\u0161lo 12kr\u00e1t v\u00edce emigrant\u016f, kte\u0159\u00ed se nevr\u00e1tili zp\u011bt, ne\u017e t\u00fdden p\u0159edt\u00edm. Obdobn\u00e1 situace panuje i na p\u0159echodech mezi Ukrajinou a polsk\u00fdm Lublinsk\u00fdm vojvodstv\u00edm, i tam do\u0161lo k 10ti n\u00e1sobn\u00e9mu n\u00e1r\u016fstu po\u010dt\u016f emigruj\u00edc\u00edch ukrajinsk\u00fdch mu\u017e\u016f ve v\u011bku 18-22 let. Podle polsk\u00fdch expert\u016f, Zelenskyj povolil ofici\u00e1ln\u011b p\u0159ech\u00e1zet hranici mu\u017e\u016fm ve v\u011bku 18-22 let, proto\u017ee to jsou jeho potenci\u00e1ln\u00ed voli\u010di, a odm\u00edt\u00e1 o n\u011b p\u0159ij\u00edt na v\u00fdchodn\u00ed front\u011b. Voli\u010di ve v\u011bku 18-30 let podle Pol\u00e1k\u016f vyhr\u00e1li Zelensk\u00e9mu prezidentsk\u00e9 volby v roce 2019. Jejich dobrovoln\u00e1 mobilizace se zhroutila. Pokud Pol\u00e1ci vid\u00ed situaci na Ukrajin\u011b takto tristn\u011b, lze t\u00edm sp\u00ed\u0161 o\u010dek\u00e1vat rychl\u00e9 rusk\u00e9 \u00fasp\u011bchy na front\u011b.\u00a0<\/span><\/p>\n<p><a href=\"https:\/\/www.youtube.com\/@petrburestv\/streams\">V ned\u011bli 14. z\u00e1\u0159\u00ed budu op\u011bt ve 20 hodin hostem na TV Bure\u0161<\/a>.\u00a0<a href=\"https:\/\/www.youtube.com\/@petrburestv\/streams\">Po\u0159ad najdete zde<\/a>.<\/p>\n<p><a href=\"https:\/\/www.michalapetr.com\/map-2407-panika-ve-varsave-polsky-general-ukrajinska-armada-je-uz-zdecimovana-nova-genialni-ruska-taktika-odhalena-rusove-postupuji-na-siroke-fronte-general-syrskyj-miri-na-frontu-aby-osob\/\">Michael Svato\u0161<\/a><\/p>\n<p><img decoding=\"async\" loading=\"lazy\" class=\"alignnone size-full wp-image-27204\" src=\"http:\/\/www.infokuryr.cz\/n\/wp-content\/uploads\/2023\/05\/Michael_Svatos.png\" alt=\"\" width=\"180\" height=\"180\" srcset=\"https:\/\/www.infokuryr.cz\/n\/wp-content\/uploads\/2023\/05\/Michael_Svatos.png 180w, https:\/\/www.infokuryr.cz\/n\/wp-content\/uploads\/2023\/05\/Michael_Svatos-150x150.png 150w\" sizes=\"(max-width: 180px) 100vw, 180px\" \/><\/p>\n<p><img decoding=\"async\" loading=\"lazy\" class=\"wp-image-86739 aligncenter\" src=\"http:\/\/www.infokuryr.cz\/n\/wp-content\/uploads\/2025\/08\/volby-program-211x300.png\" alt=\"\" width=\"741\" height=\"1054\" srcset=\"https:\/\/www.infokuryr.cz\/n\/wp-content\/uploads\/2025\/08\/volby-program-211x300.png 211w, https:\/\/www.infokuryr.cz\/n\/wp-content\/uploads\/2025\/08\/volby-program-768x1091.png 768w, https:\/\/www.infokuryr.cz\/n\/wp-content\/uploads\/2025\/08\/volby-program-1081x1536.png 1081w, https:\/\/www.infokuryr.cz\/n\/wp-content\/uploads\/2025\/08\/volby-program-1024x1455.png 1024w\" sizes=\"(max-width: 741px) 100vw, 741px\" \/><\/p>\n","protected":false},"excerpt":{"rendered":"<p>Panika ve Var\u0161av\u011b! Polsk\u00fd gener\u00e1l \u2013 \u201cUkrajinsk\u00e1 arm\u00e1da je u\u017e zdecimovan\u00e1!\u201d. Nov\u00e1 geni\u00e1ln\u00ed rusk\u00e1 taktika&#8230;<\/p>\n","protected":false},"author":2,"featured_media":79296,"comment_status":"closed","ping_status":"closed","sticky":false,"template":"","format":"standard","meta":[],"categories":[6],"tags":[1042,80,4338,3308,22,26],"_links":{"self":[{"href":"https:\/\/www.infokuryr.cz\/n\/wp-json\/wp\/v2\/posts\/87708"}],"collection":[{"href":"https:\/\/www.infokuryr.cz\/n\/wp-json\/wp\/v2\/posts"}],"about":[{"href":"https:\/\/www.infokuryr.cz\/n\/wp-json\/wp\/v2\/types\/post"}],"author":[{"embeddable":true,"href":"https:\/\/www.infokuryr.cz\/n\/wp-json\/wp\/v2\/users\/2"}],"replies":[{"embeddable":true,"href":"https:\/\/www.infokuryr.cz\/n\/wp-json\/wp\/v2\/comments?post=87708"}],"version-history":[{"count":0,"href":"https:\/\/www.infokuryr.cz\/n\/wp-json\/wp\/v2\/posts\/87708\/revisions"}],"wp:featuredmedia":[{"embeddable":true,"href":"https:\/\/www.infokuryr.cz\/n\/wp-json\/wp\/v2\/media\/79296"}],"wp:attachment":[{"href":"https:\/\/www.infokuryr.cz\/n\/wp-json\/wp\/v2\/media?parent=87708"}],"wp:term":[{"taxonomy":"category","embeddable":true,"href":"https:\/\/www.infokuryr.cz\/n\/wp-json\/wp\/v2\/categories?post=87708"},{"taxonomy":"post_tag","embeddable":true,"href":"https:\/\/www.infokuryr.cz\/n\/wp-json\/wp\/v2\/tags?post=87708"}],"curies":[{"name":"wp","href":"https:\/\/api.w.org\/{rel}","templated":true}]}}