{"id":87694,"date":"2025-09-13T03:50:39","date_gmt":"2025-09-13T01:50:39","guid":{"rendered":"https:\/\/www.infokuryr.cz\/n\/?p=87694"},"modified":"2025-09-13T03:50:39","modified_gmt":"2025-09-13T01:50:39","slug":"sikorski-polsky-ministersky-manipulator-sedm-hodin-sledoval-na-ukrajine-let-russssssskych-dronu","status":"publish","type":"post","link":"https:\/\/www.infokuryr.cz\/n\/2025\/09\/13\/sikorski-polsky-ministersky-manipulator-sedm-hodin-sledoval-na-ukrajine-let-russssssskych-dronu\/","title":{"rendered":"Sikorski, polsk\u00fd ministersk\u00fd manipul\u00e1tor sedm hodin sledoval na Ukrajin\u011b let russsssssk\u00fdch dron\u016f!"},"content":{"rendered":"<div id=\"fb-root\"><\/div>\n<div class=\"introtext\">\n<h4>Jen info: Anne Applebaumov\u00e1, man\u017eelka Sikorsk\u00e9ho je z USA a pat\u0159\u00ed mezi nejv\u011bt\u0161\u00ed libtard\u00ed manipul\u00e1torky, kdy\u017e se nakvart\u00fdrovala do Evropy. A co d\u011bl\u00e1 tato ch\u00e1tra v USA vid\u00edme u\u017e v\u0161ichni on line! Ale k v\u011bci:<\/h4>\n<\/div>\n<div class=\"fulltext\">\n<p>Extremistick\u00fd polsk\u00fd ministr se do l\u017e\u00ed zamot\u00e1v\u00e1 st\u00e1le v\u00edc.<strong>\u00a0P\u0159ed dv\u011bma hodinami ozn\u00e1mil:\u00a0<\/strong><\/p>\n<div class=\"info_box cela_sirka jpalert\">\n<div class=\"explanationContent\">Ka\u017ed\u00fd, kdo tvrd\u00ed, \u017ee l\u00e9t\u00e1n\u00ed dron\u016f do polsk\u00e9ho vzdu\u0161n\u00e9ho prostoru bylo provokac\u00ed Ukrajiny, podporuje ruskou propagandu; mus\u00edme se vyhnout dezinformac\u00edm, proto\u017ee to byly rusk\u00e9 drony a rusk\u00e1 operace, \u0159ekl v p\u00e1tek vicepremi\u00e9r Rados\u0142aw Sikorski.<\/div>\n<\/div>\n<p>(<em>\u010cernochov\u00e1 by \u0159ekla, \u017ee tam byl n\u00e1pis Made in Sov\u011btsk\u00fd svaz&#8230;)<\/em>Pt\u00e1te se pro\u010d? V Polsku u\u017e nad\u00e1vaj\u00ed, \u017ee z nich Ukrajinci a polsk\u00e1 vl\u00e1da d\u011bl\u00e1 idioty a tak za\u010dal Sikorski a Tusk Pol\u00e1k\u016fm vyhro\u017eovat.\u00a0<strong>Ten dareb\u00e1k si op\u011bt nab\u011bhl.<\/strong>\u00a0(Poprv\u00e9, kdy\u017e opil\u00fd ur\u00e1\u017eel UU, zat\u00edmco st\u0159\u00edzliv\u00fd ji podlejz\u00e1 a chv\u00e1l\u00ed a\u017e do nebes. Libtardd &#8222;jak stehno&#8220;..<\/p>\n<p>A nyn\u00ed ozn\u00e1mil, \u017ee spole\u010dn\u011b s Ukrajinci\u00a0<strong>sledovali 7 hodin!!! let rusk\u00fdch dron\u016f<\/strong>, kter\u00e9 let\u011bly\u00a0<strong>p\u0159es Ukrajinu!!!<\/strong>\u00a0sm\u011brem na Polsko. Pak vystarovaly F-35 a za cenu 400 000 dolar\u016f letad\u00fdlko za p\u00e1r tis\u00edc rubl\u016f sest\u0159elily. Metrov\u00e9 drony. Neuv\u011b\u0159iteln\u00e9.\u00a0<strong>Letadlov\u00fd z\u00e1pas trval sedm hodin.<\/strong>\u00a0Nebyla to \u017e\u00e1dn\u00e1 nehoda. Ka\u017ed\u00fd, kdo tvrd\u00ed, \u017ee byl z Ukrajiny provokac\u00ed, je bu\u010f autorem, nebo v\u011bdom\u00fdm spolupracovn\u00edkem rusk\u00e9 propagandy. Mus\u00edme b\u00fdt velmi opatrn\u00ed, abychom neduplikovali dezinformace a nepom\u00e1hali \u0161\u00ed\u0159it fale\u0161n\u00e9 zpr\u00e1vy. Jsme si jisti, \u017ee \u0161lo o rusk\u00e9 drony a \u017ee \u0161lo o ruskou operaci &#8211;\u00a0\u0159ekl Sikorski na spole\u010dn\u00e9 tiskov\u00e9 konferenci s \u0161\u00e9fem ukrajinsk\u00e9ho ministerstva zahrani\u010d\u00ed Andriyjem Sibihovou.<\/p>\n<p>\u0158ekl, \u017ee ukrajinsk\u00e1 strana informovala polskou stranu o dronech m\u00ed\u0159\u00edc\u00edch do vzdu\u0161n\u00e9ho prostoru Polska, co\u017e naru\u0161ilo jeho \u00fazem\u00ed. &#8211; Ukrajinsk\u00e1 strana je p\u0159ipravena pokra\u010dovat ve spolupr\u00e1ci s na\u0161\u00edm polsk\u00fdm bratrstvem, aby \u010delila takov\u00fdm v\u00fdzv\u00e1m tv\u00e1\u0159\u00ed v tv\u00e1\u0159 na\u0161\u00ed spole\u010dn\u00e9 bezpe\u010dnostn\u00ed oblasti a spole\u010dn\u011b chr\u00e1nila na\u0161i oblohu &#8211; zd\u016fraznil.<\/p>\n<table>\n<tbody>\n<tr>\n<td><span style=\"color: #993366;\">Walka powietrzna trwa\u0142a <strong>siedem godzin.\u00a0<\/strong><\/span><\/p>\n<p><span style=\"color: #993366;\">Powiedzia\u0142, \u017ce strona ukrai\u0144ska poinformowa\u0142a stron\u0119 polsk\u0105 o dronach zmierzaj\u0105cych w kierunku przestrzeni powietrznej Polski, kt\u00f3re naruszy\u0142y jej terytorium. &#8211; Strona ukrai\u0144ska jest gotowa nadal wsp\u00f3\u0142pracowa\u0107, aby wsp\u00f3lnie z naszym polskim braterstwem stawi\u0107 czo\u0142a takim wyzwaniom wobec naszego wsp\u00f3lnego obszaru bezpiecze\u0144stwa i razem chroni\u0107 nasze niebo &#8211; podkre\u015bli\u0142.<\/span><\/td>\n<\/tr>\n<\/tbody>\n<\/table>\n<p><strong>Jak dlouho z n\u00e1s budou d\u011blat idioty?\u00a0<\/strong><\/p>\n<p>Sedm hodin pozoruj\u00ed drony na Ukrajin\u011b a B\u011blorusku a v Polsku je sest\u0159el\u00ed nejdra\u017e\u0161\u00ed st\u0159elou F-35 dle n\u00e1vodu pomaten\u00e9 \u010cernochov\u00e9?<\/p>\n<h3><strong>To p\u0159ipom\u00edn\u00e1 epizodku z Vinnetoua:\u00a0<\/strong><\/h3>\n<pre class=\"e-bookprozatext\">Sam byl nanejv\u00fd\u0161 rozru\u0161en\u00fd. \u0160eptal, ale hlas mu p\u0159eskakoval roz\u010dilen\u00edm:<\/pre>\n<pre class=\"e-bookprozatext\">\u201eTo je dost, \u017ee jste tady! V\u00edte, jak dlouho jste byl pry\u010d? Dv\u011b hodiny, v\u00edc ne\u017e dv\u011b hodiny! U\u017e jsme tady m\u00e1lem uschli strachy!\u201c<\/pre>\n<pre class=\"e-bookprozatext\">\u201eTo je v po\u0159\u00e1dku,\u201c uklid\u0148oval jsem ho. \u201eP\u016fl hodiny tam, p\u016fl hodiny zp\u00e1tky a hodinu na m\u00edst\u011b.\u201c<\/pre>\n<pre class=\"e-bookprozatext\">Sam na m\u011b vyvalil o\u010dka:<\/pre>\n<pre class=\"e-bookprozatext\">\u201eHodinu na m\u00edst\u011b! \u010clov\u011b\u010de, co jste tam takovou dobu d\u011blal?\u201c<\/pre>\n<pre class=\"e-bookprozatext\">\u201eCht\u011bl jsem zjistit, jestli n\u00e1\u010deln\u00edk sp\u00ed,\u201c \u0159ekl jsem jakoby udiven\u00fd takovou ot\u00e1zkou. Sam si odfrkl,\r\n polkl napr\u00e1zdno a zavrt\u011bl hlavou.<\/pre>\n<pre class=\"e-bookprozatext\">\u201eA jak jste to narafi\u010dil?\u201c dostal ze sebe.<\/pre>\n<pre class=\"e-bookprozatext\">\u201eJak! D\u00edval jsem se na n\u011bj, a kdy\u017e se cel\u00fd ten \u010das ani nepohnul, \u0159ekl jsem si, \u017ee ur\u010dit\u011b sp\u00ed.\u201c<\/pre>\n<p>V\u00e1\u017en\u011b ti imbeciln\u00ed libtard\u00ed idioti ve\u0159\u00ed, \u017ee jsme mozkov\u011b vyprahl\u00ed?<\/p>\n<p><strong>Tak\u017ee Polsko a Ukrajina sleduje 7 hodin drony, jak let\u00ed \u00fadajn\u011b do Polska z Ruska a m\u00edsto, aby je klasiciky sundali, sest\u0159el\u00ed prd\u00edtko nejdra\u017e\u0161\u00ed asi balistickou st\u0159elou?\u00a0A kdo tomu nev\u011b\u0159\u00ed, podporuje ruskou propagandu? To libtard\u00ed st\u00e1do jak vrahov\u00e9 v USA je neskute\u010dn\u011b oprskl\u00e9 a drz\u00e9!\u00a0<\/strong><\/p>\n<p>A tak Pol\u00e1ci vymysleli p\u0159\u00eddavn\u00e9 n\u00e1dr\u017ee, kter\u00e9 ale nikdo nena\u0161el: nav\u00edc je to hovadina.\u00a0Podle superodborn\u00edka by dron, kter\u00fd spadl v Mniszk\u00f3w\u011b v provincii Lod\u017e, m\u00e1 dolet 600 km, ale mohl let\u011bt a\u017e 900 km pot\u00e9, co vybavil dal\u0161\u00edmi tanky kapacitou 10 l. \u2013 Technicky je to zcela mo\u017en\u00e9 \u2013 dodal odborn\u00edk. A p\u0159ipomn\u011bl, \u017ee Gerbera p\u0159ist\u00e1l i v Litv\u011b. Bohu\u017eel zat\u00edm nikde n\u00e1dr\u017e nebyla nalezena.<\/p>\n<p>Ob\u010dan\u00e9, po\u0161lete dal\u0161\u00ed prachy a my v\u00e1s ochr\u00e1n\u00edme&#8230;<\/p>\n<p>__________<\/p>\n<div class=\"info_box cela_sirka jpalert\">\n<div class=\"explanationContent\"><span style=\"color: #993366;\">Dal\u0161\u00ed tup\u00fd v\u00fdrok: Rusko cvi\u010den\u00edm s B\u011bloruskem demonstruje s\u00edlu. Co\u017e znamen\u00e1, \u017ee kdy\u017e NATO, Dragouni a USA d\u011bl\u00e1 cvi\u010den\u00ed na rusk\u00fdch hranic\u00edch, ukazuje svoji slabotu? V\u00e1\u017en\u011b u\u017e si ten plebs nevid\u00ed do huby? A my m\u00e1me b\u00fdt ovce a k\u00fdvat hlavami?<\/span><\/div>\n<\/div>\n<p>_________<\/p>\n<div class=\"x14z9mp xat24cr x1lziwak x1vvkbs xtlvy1s x126k92a\">\n<div dir=\"auto\">Kl\u00ed\u010dovou politickou z\u00e1le\u017eitost\u00ed je, aby v\u0161ichni spojenci p\u0159ijali polskou interpretaci ud\u00e1lost\u00ed z noci, kdy rusk\u00e9 drony naru\u0161ily polsk\u00fd vzdu\u0161n\u00fd prostor, proto\u017ee je v souladu s fakty, prohl\u00e1sil v Sejmu polsk\u00fd premi\u00e9r Donald Tusk.<\/p>\n<\/div>\n<\/div>\n<div class=\"x14z9mp xat24cr x1lziwak x1vvkbs xtlvy1s x126k92a\">\n<div dir=\"auto\"><strong>Tusk\u00a0v projevu v Sejmu d\u00e1le uvedl:<\/strong><\/p>\n<\/div>\n<div dir=\"auto\">Aby nebylo \u017e\u00e1dn\u00fdch pochyb, kdo je v t\u00e9to situaci agresorem, aby nebylo \u017e\u00e1dn\u00fdch pochyb o tom, \u017ee Polsko a cel\u00e9 v\u00fdchodn\u00ed k\u0159\u00eddlo NATO vy\u017eaduje mnohem v\u011bt\u0161\u00ed soust\u0159ed\u011bn\u00ed, pozornost, s\u00edly, zdroje ze strany cel\u00e9 Aliance. Aby nebylo nejmen\u0161\u00edch pochyb jak\u00e9 politick\u00e9 d\u016fsledky pro na\u0161i bezpe\u010dnost maj\u00ed ud\u00e1losti z t\u00e9 noci.<\/div>\n<div dir=\"auto\"><img decoding=\"async\" loading=\"lazy\" class=\"wp-image-85920 aligncenter\" src=\"http:\/\/www.infokuryr.cz\/n\/wp-content\/uploads\/2025\/08\/pozvaniV-300x140.jpg\" alt=\"\" width=\"626\" height=\"292\" srcset=\"https:\/\/www.infokuryr.cz\/n\/wp-content\/uploads\/2025\/08\/pozvaniV-300x140.jpg 300w, https:\/\/www.infokuryr.cz\/n\/wp-content\/uploads\/2025\/08\/pozvaniV-768x360.jpg 768w, https:\/\/www.infokuryr.cz\/n\/wp-content\/uploads\/2025\/08\/pozvaniV.jpg 925w\" sizes=\"(max-width: 626px) 100vw, 626px\" \/><\/div>\n<div>\nA je\u0161t\u011b jedna zaj\u00edmavost.\u00a0U\u017e dv\u011b hodiny po prapodivn\u00e9m \u00fatoku d\u011blala polsk\u00e1 vl\u00e1da pr\u016fzkum, zda v\u011b\u0159\u00ed, \u017ee to byli Rusov\u00e9.\u00a0V\u011bt\u0161ina se p\u0159iklonila pro. A dnes u\u017e je to obr\u00e1cen\u011b a po s\u00edt\u00edch l\u00e9taj\u00ed polsk\u00e9 ironie, co maj\u00ed za tupce vojensk\u00e9. \u010ci libtard\u00ed.<\/p>\n<\/div>\n<div><strong>Zde jeden z d\u016fkaz\u016f &#8211; odkaz\u016f<\/strong><\/div>\n<\/div>\n<p><a title=\"Sikorski: musimy uwa\u017ca\u0107, by nie powiela\u0107 rosyjskiej dezinformacji na temat dron\u00f3w\" href=\"https:\/\/www.pap.pl\/aktualnosci\/ukraina-sikorski-musimy-uwazac-nie-powielac-rosyjskiej-dezinformacji-na-temat-dronow-0\" target=\"_blank\" rel=\"noopener\">Sikorski: musimy uwa\u017ca\u0107, by nie powiela\u0107 rosyjskiej dezinformacji na temat dron\u00f3w<\/a><\/p>\n<h4><strong>P.S.:<\/strong> I na\u0161e masm\u00e9dia tvrdila sebejist\u011b, \u017ee Rusko za\u00fato\u010dilo. Nyn\u00ed se polsk\u00e1 vl\u00e1da do v\u0161eho zamot\u00e1v\u00e1 a Sikorski je m\u00e1lem na sebevra\u017edu. Tak kde je skute\u010dn\u00e1 pravda? Uvid\u00edme&#8230;<\/h4>\n<div class=\"clauthor\">\n<div id=\"article_author\"><a href=\"https:\/\/www.skrytapravda.cz\/ze-zahranici\/2767-sikorsky-polsky-ministersky-manipulator-sedm-hodin-sledoval-na-ukrajine-let-russssssskych-dronu\">Petr Pokorn\u00fd<\/a><\/div>\n<\/div>\n<div>\n<img decoding=\"async\" loading=\"lazy\" class=\"wp-image-86927 aligncenter\" src=\"http:\/\/www.infokuryr.cz\/n\/wp-content\/uploads\/2025\/09\/letak-volby-2025-konference-3-212x300.png\" alt=\"\" width=\"735\" height=\"1040\" srcset=\"https:\/\/www.infokuryr.cz\/n\/wp-content\/uploads\/2025\/09\/letak-volby-2025-konference-3-212x300.png 212w, https:\/\/www.infokuryr.cz\/n\/wp-content\/uploads\/2025\/09\/letak-volby-2025-konference-3-724x1024.png 724w, https:\/\/www.infokuryr.cz\/n\/wp-content\/uploads\/2025\/09\/letak-volby-2025-konference-3-768x1086.png 768w, https:\/\/www.infokuryr.cz\/n\/wp-content\/uploads\/2025\/09\/letak-volby-2025-konference-3-1086x1536.png 1086w, https:\/\/www.infokuryr.cz\/n\/wp-content\/uploads\/2025\/09\/letak-volby-2025-konference-3-1448x2048.png 1448w, https:\/\/www.infokuryr.cz\/n\/wp-content\/uploads\/2025\/09\/letak-volby-2025-konference-3-1024x1448.png 1024w\" sizes=\"(max-width: 735px) 100vw, 735px\" \/><\/div>\n<\/div>\n","protected":false},"excerpt":{"rendered":"<p>Jen info: Anne Applebaumov\u00e1, man\u017eelka Sikorsk\u00e9ho je z USA a pat\u0159\u00ed mezi nejv\u011bt\u0161\u00ed libtard\u00ed manipul\u00e1torky,&#8230;<\/p>\n","protected":false},"author":2,"featured_media":87695,"comment_status":"closed","ping_status":"closed","sticky":false,"template":"","format":"standard","meta":[],"categories":[6],"tags":[2856,1503,31],"_links":{"self":[{"href":"https:\/\/www.infokuryr.cz\/n\/wp-json\/wp\/v2\/posts\/87694"}],"collection":[{"href":"https:\/\/www.infokuryr.cz\/n\/wp-json\/wp\/v2\/posts"}],"about":[{"href":"https:\/\/www.infokuryr.cz\/n\/wp-json\/wp\/v2\/types\/post"}],"author":[{"embeddable":true,"href":"https:\/\/www.infokuryr.cz\/n\/wp-json\/wp\/v2\/users\/2"}],"replies":[{"embeddable":true,"href":"https:\/\/www.infokuryr.cz\/n\/wp-json\/wp\/v2\/comments?post=87694"}],"version-history":[{"count":0,"href":"https:\/\/www.infokuryr.cz\/n\/wp-json\/wp\/v2\/posts\/87694\/revisions"}],"wp:featuredmedia":[{"embeddable":true,"href":"https:\/\/www.infokuryr.cz\/n\/wp-json\/wp\/v2\/media\/87695"}],"wp:attachment":[{"href":"https:\/\/www.infokuryr.cz\/n\/wp-json\/wp\/v2\/media?parent=87694"}],"wp:term":[{"taxonomy":"category","embeddable":true,"href":"https:\/\/www.infokuryr.cz\/n\/wp-json\/wp\/v2\/categories?post=87694"},{"taxonomy":"post_tag","embeddable":true,"href":"https:\/\/www.infokuryr.cz\/n\/wp-json\/wp\/v2\/tags?post=87694"}],"curies":[{"name":"wp","href":"https:\/\/api.w.org\/{rel}","templated":true}]}}