{"id":87693,"date":"2025-09-13T03:52:23","date_gmt":"2025-09-13T01:52:23","guid":{"rendered":"https:\/\/www.infokuryr.cz\/n\/?p=87693"},"modified":"2025-09-13T04:43:10","modified_gmt":"2025-09-13T02:43:10","slug":"stephen-bryen-napadlo-rusko-polsko-pomoci-dronu","status":"publish","type":"post","link":"https:\/\/www.infokuryr.cz\/n\/2025\/09\/13\/stephen-bryen-napadlo-rusko-polsko-pomoci-dronu\/","title":{"rendered":"Stephen Bryen: Napadlo Rusko Polsko pomoc\u00ed dron\u016f?"},"content":{"rendered":"<div id=\"fb-root\"><\/div>\n<p><strong>Polsko tvrd\u00ed, \u017ee do jeho vzdu\u0161n\u00e9ho prostoru vlet\u011blo 19 \u00fadajn\u011b rusk\u00fdch dron\u016f. B\u011bhem no\u010dn\u00ed operace 9. z\u00e1\u0159\u00ed se polsk\u00e9 letectvo pokusilo tyto drony vystopovat. Podle polsk\u00e9ho premi\u00e9ra Donalda Tuska byly \u010dty\u0159i z nich zni\u010deny, ale ostatn\u00ed z\u016fst\u00e1vaj\u00ed nezv\u011bstn\u00e9. Polsko obvinilo Rusko z \u00fatoku na sv\u00e9 \u00fazem\u00ed a jako\u00a0<a href=\"https:\/\/www.pbs.org\/newshour\/world\/nato-allies-held-article-4-consultations-after-russian-drone-incursion-heres-what-that-means\" target=\"_blank\" rel=\"external noopener\">\u010dlen NATO se odvolalo na \u010dl\u00e1nek 4 Charty NATO<\/a>\u00a0a konzultovalo situaci s ostatn\u00edmi \u010dleny NATO.<\/strong><\/p>\n<div class=\"karta\" style=\"text-align: center;\">\n<figure><img decoding=\"async\" loading=\"lazy\" class=\"aligncenter\" src=\"https:\/\/zvedavec.news\/images\/25\/nadalo-rusko-polsko-drony-1.webp\" alt=\"[Hav\u00e1rie dr...]\" width=\"580\" height=\"387\" \/><figcaption><em>Hav\u00e1rie dronu Gerbera v Polsku Foto: Nocna Jazda Tomasz\u00f3w Mazowiecki na Facebooku<\/em><\/figcaption><\/figure>\n<\/div>\n<p>Existuj\u00ed dostate\u010dn\u00e9 d\u016fkazy na podporu opat\u0159en\u00ed podle \u010dl\u00e1nku 4? \u010cl\u00e1nek 4, stejn\u011b jako \u010dl\u00e1nek 5, vy\u017eaduje konsensus NATO, tj. podporu v\u0161ech \u010dlen\u016f NATO.<\/p>\n<p>V pr\u016fb\u011bhu let byl \u010dl\u00e1nek 4 uplatn\u011bn sedmkr\u00e1t.<\/p>\n<p>Porota se zat\u00edm nerozhodla, zda je polsk\u00fd p\u0159\u00edpad dostate\u010dn\u011b siln\u00fd, aby obvinil Rusko z poru\u0161en\u00ed polsk\u00e9ho vzdu\u0161n\u00e9ho prostoru.<\/p>\n<div class=\"karta\" style=\"text-align: center;\">\n<figure><img decoding=\"async\" loading=\"lazy\" class=\"aligncenter\" src=\"https:\/\/zvedavec.news\/images\/25\/nadalo-rusko-polsko-drony-2.webp\" alt=\"[Sest\u0159elen\u00fd...]\" width=\"580\" height=\"387\" \/><figcaption><em>Sest\u0159elen\u00fd Gerbera, na kter\u00e9m je vid\u011bt jeho konstrukce z p\u011bny a p\u0159ekli\u017eky.<\/em><\/figcaption><\/figure>\n<\/div>\n<p>Nen\u00ed jist\u00e9, jak\u00e9 typy dron\u016f byly pou\u017eity, ale existuje fotografie dronu (kter\u00fd nevypad\u00e1 po\u0161kozen\u011b) na zemi, kter\u00fd vypad\u00e1 jako dron Gerbera. Gerbera je levn\u00e1 verze \u00edr\u00e1nsk\u00e9ho Shahedu 136, vyroben\u00e1 z p\u0159ekli\u017eky a polystyrenov\u00e9 p\u011bny. Gerbera m\u016f\u017ee n\u00e9st v\u00fdbu\u0161nou n\u00e1lo\u017e, ale v\u011bt\u0161ina z nich slou\u017e\u00ed k s\u00ed\u0165ov\u00fdm \u00fa\u010del\u016fm. Nen\u00ed zn\u00e1mo, zda je fotografie jednou z t\u011bch, kter\u00e9 byly \u00fadajn\u011b sest\u0159eleny. Nen\u00ed tak\u00e9 zn\u00e1mo, zda existovaly i jin\u00e9 typy dron\u016f.<\/p>\n<p>B\u011blorusko tvrd\u00ed, \u017ee n\u011bkter\u00e9 drony z jeho \u00fazem\u00ed se kv\u016fli ru\u0161en\u00ed ze strany Ukrajiny vydaly sm\u011brem k Polsku a \u017ee B\u011blorusko o tom informovalo polsk\u00e9 \u00fa\u0159ady.<\/p>\n<p>\u010cty\u0159i drony byly pravd\u011bpodobn\u011b zachyceny bu\u010f letouny F-16 a F-35, nebo polsk\u00fdmi vrtuln\u00edky. Polsk\u00e1 vl\u00e1da v\u0161ak o zachycen\u00ed dron\u016f neposkytla \u017e\u00e1dn\u00e9 jasn\u00e9 informace. I tak je v\u0161ak pom\u011brn\u011b jist\u00e9, \u017ee nebyly pou\u017eity \u017e\u00e1dn\u00e9 polsk\u00e9 syst\u00e9my protivzdu\u0161n\u00e9 obrany, jako je Patriot. To nazna\u010duje, \u017ee \u017e\u00e1dn\u00fd z dron\u016f se nenach\u00e1zel v bl\u00edzkosti citliv\u00fdch vojensk\u00fdch nebo vl\u00e1dn\u00edch za\u0159\u00edzen\u00ed \u010di v\u00fdznamn\u00fdch dopravn\u00edch uzl\u016f.<\/p>\n<p>Rusov\u00e9 pop\u0159eli, \u017ee by v Polsku pou\u017eili n\u011bjak\u00e9 sv\u00e9 drony, a trvaj\u00ed na tom, \u017ee drony, kter\u00e9 pou\u017eili proti Lvovu a dal\u0161\u00edm c\u00edl\u016fm na z\u00e1padn\u00ed Ukrajin\u011b, nem\u011bly dostate\u010dn\u00fd dolet, aby mohly za\u00fato\u010dit na n\u011bjak\u00e9 v\u00fdznamn\u00e9 polsk\u00e9 c\u00edle. Rusov\u00e9 mohli vyslat drony proti z\u00e1padn\u00ed Ukrajin\u011b z Krymu a z B\u011bloruska. Alespo\u0148 n\u011bkter\u00e9 z dron\u016f, kter\u00e9 byly hl\u00e1\u0161eny nad Polskem, poch\u00e1zely z b\u011blorusk\u00e9ho vzdu\u0161n\u00e9ho prostoru.<\/p>\n<p>Zvl\u00e1\u0161t\u011b nejasn\u00e9 je, pro\u010d by Rusko prov\u00e1d\u011blo jak\u00fdkoli \u00fatok na Polsko, proto\u017ee by to mohlo vyprovokovat reakci vedenou NATO, kter\u00e1 by mohla v\u00e9st k \u0161ir\u0161\u00edmu konfliktu v regionu. Nebo jin\u00fdmi slovy, pro\u010d by Rusko vys\u00edlalo drony na bezv\u00fdznamnou misi, m\u00edsto aby se zam\u011b\u0159ilo na nejd\u016fle\u017eit\u011bj\u0161\u00ed c\u00edle a zas\u00e1hlo z\u00e1sobovac\u00ed sklady, vojensk\u00e9 z\u00e1kladny a p\u0159\u00edpadn\u011b polsk\u00e9 syst\u00e9my protivzdu\u0161n\u00e9 obrany?<\/p>\n<p>Mohly b\u00fdt rusk\u00e9 drony uneseny ukrajinsk\u00fdmi hackery a vysl\u00e1ny nad Polsko, aby vyvolaly provokaci? K \u00fanos\u016fm dron\u016f ji\u017e v minulosti doch\u00e1zelo, nejzn\u00e1m\u011bj\u0161\u00ed byl p\u0159\u00edpad z roku 2011, kdy \u00cdr\u00e1n\u00a0<a href=\"https:\/\/www.bbc.com\/news\/world-middle-east-21373353\" target=\"_blank\" rel=\"external noopener\">unesl americk\u00fd stealth dron RQ-170<\/a>\u00a0a p\u0159ist\u00e1l s n\u00edm na \u00edr\u00e1nsk\u00e9m leti\u0161ti. Vyvol\u00e1n\u00ed takov\u00e9 ud\u00e1losti by mohlo rozn\u00edtit NATO a v\u00e9st k dod\u00e1vk\u00e1m dal\u0161\u00edch zbran\u00ed a pen\u011bz pro Ukrajinu. Mohlo by to tak\u00e9 pomoci p\u0159esv\u011bd\u010dit Pol\u00e1ky, aby vyslali voj\u00e1ky do multilater\u00e1ln\u00edch bezpe\u010dnostn\u00edch sil, pokud by byly vytvo\u0159eny. Polsko dosud odm\u00edtalo \u00fa\u010dastnit se bezpe\u010dnostn\u00edch sil navr\u017een\u00fdch francouzsk\u00fdm prezidentem Macronem a britsk\u00fdm premi\u00e9rem Starmerem.<\/p>\n<p>Kr\u00e1tk\u00e1 odpov\u011b\u010f zn\u00ed, \u017ee nev\u00edme a polsk\u00e1 vl\u00e1da neposkytla dostatek informac\u00ed, aby bylo mo\u017en\u00e9 s jistotou \u0159\u00edci, zda Rusko skute\u010dn\u011b \u00famysln\u011b za\u00fato\u010dilo na polsk\u00e9 \u00fazem\u00ed. Vstup rusk\u00fdch dron\u016f do polsk\u00e9ho vzdu\u0161n\u00e9ho prostoru nesta\u010d\u00ed k prok\u00e1z\u00e1n\u00ed, \u017ee drony skute\u010dn\u011b pat\u0159ily Rusku nebo \u017ee byly pod ruskou kontrolou.<\/p>\n<div class=\"podcarou\">\n<p>\u200b<a href=\"https:\/\/weapons.substack.com\/p\/did-russia-attack-poland-with-drones\" target=\"_blank\" rel=\"external noopener\">Did Russia Attack Poland with Drones?<\/a> vy\u0161el 11.9.2025 na weapons.substack.com. P\u0159eklad<a href=\"https:\/\/zvedavec.news\/komentare\/2025\/09\/10675-napadlo-rusko-polsko-pomoci-dronu.htm\"> Zv\u011bdavec<\/a><\/p>\n<p><img decoding=\"async\" loading=\"lazy\" class=\"wp-image-86739 aligncenter\" src=\"http:\/\/www.infokuryr.cz\/n\/wp-content\/uploads\/2025\/08\/volby-program-211x300.png\" alt=\"\" width=\"696\" height=\"990\" srcset=\"https:\/\/www.infokuryr.cz\/n\/wp-content\/uploads\/2025\/08\/volby-program-211x300.png 211w, https:\/\/www.infokuryr.cz\/n\/wp-content\/uploads\/2025\/08\/volby-program-768x1091.png 768w, https:\/\/www.infokuryr.cz\/n\/wp-content\/uploads\/2025\/08\/volby-program-1081x1536.png 1081w, https:\/\/www.infokuryr.cz\/n\/wp-content\/uploads\/2025\/08\/volby-program-1024x1455.png 1024w\" sizes=\"(max-width: 696px) 100vw, 696px\" \/><\/p>\n<\/div>\n","protected":false},"excerpt":{"rendered":"<p>Polsko tvrd\u00ed, \u017ee do jeho vzdu\u0161n\u00e9ho prostoru vlet\u011blo 19 \u00fadajn\u011b rusk\u00fdch dron\u016f. B\u011bhem no\u010dn\u00ed operace&#8230;<\/p>\n","protected":false},"author":2,"featured_media":87525,"comment_status":"closed","ping_status":"closed","sticky":false,"template":"","format":"standard","meta":[],"categories":[7],"tags":[2856,39,31,22],"_links":{"self":[{"href":"https:\/\/www.infokuryr.cz\/n\/wp-json\/wp\/v2\/posts\/87693"}],"collection":[{"href":"https:\/\/www.infokuryr.cz\/n\/wp-json\/wp\/v2\/posts"}],"about":[{"href":"https:\/\/www.infokuryr.cz\/n\/wp-json\/wp\/v2\/types\/post"}],"author":[{"embeddable":true,"href":"https:\/\/www.infokuryr.cz\/n\/wp-json\/wp\/v2\/users\/2"}],"replies":[{"embeddable":true,"href":"https:\/\/www.infokuryr.cz\/n\/wp-json\/wp\/v2\/comments?post=87693"}],"version-history":[{"count":0,"href":"https:\/\/www.infokuryr.cz\/n\/wp-json\/wp\/v2\/posts\/87693\/revisions"}],"wp:featuredmedia":[{"embeddable":true,"href":"https:\/\/www.infokuryr.cz\/n\/wp-json\/wp\/v2\/media\/87525"}],"wp:attachment":[{"href":"https:\/\/www.infokuryr.cz\/n\/wp-json\/wp\/v2\/media?parent=87693"}],"wp:term":[{"taxonomy":"category","embeddable":true,"href":"https:\/\/www.infokuryr.cz\/n\/wp-json\/wp\/v2\/categories?post=87693"},{"taxonomy":"post_tag","embeddable":true,"href":"https:\/\/www.infokuryr.cz\/n\/wp-json\/wp\/v2\/tags?post=87693"}],"curies":[{"name":"wp","href":"https:\/\/api.w.org\/{rel}","templated":true}]}}