{"id":87685,"date":"2025-09-13T00:25:06","date_gmt":"2025-09-12T22:25:06","guid":{"rendered":"https:\/\/www.infokuryr.cz\/n\/?p=87685"},"modified":"2025-09-12T15:55:55","modified_gmt":"2025-09-12T13:55:55","slug":"kauza-dozimetr-falesna-tvar-strany-top-09","status":"publish","type":"post","link":"https:\/\/www.infokuryr.cz\/n\/2025\/09\/13\/kauza-dozimetr-falesna-tvar-strany-top-09\/","title":{"rendered":"Kauza Dozimetr \u2013 Fale\u0161n\u00e1 tv\u00e1\u0159 strany TOP 09"},"content":{"rendered":"<div id=\"fb-root\"><\/div>\n<p>ANO, SPD, PRO a SOCDEM st\u00e1le tvrd\u00ed, \u017ee Fialova koalice je s kauzou Dozimetr \u00fazce spojena, a zejm\u00e9na strany STAN a TOP 09 v koalici se nemohou zbavit odpov\u011bdnosti. Nyn\u00ed odhalen\u00ed ob\u017ealoby v kauze Dozimetr bezesporu potvrzuje jejich tvrzen\u00ed: STAN m\u00e1 neodd\u011bliteln\u00e9 \u00fazk\u00e9 vazby se zlo\u010dineckou skupinou kolem Redla.<\/p>\n<p>Na za\u010d\u00e1tku kauzy Dozimetr se veden\u00ed STAN a TOP 09 v m\u00e9di\u00edch rychle distancovalo a tvrdilo, \u017ee z\u00fa\u010dastn\u011bn\u00e9 osoby byly potrest\u00e1ny podle stranick\u00fdch p\u0159edpis\u016f &#8211; n\u011bkter\u00e9 byly vylou\u010deny, jin\u00e9 dobrovoln\u011b odstoupily. Nyn\u00ed je z\u0159ejm\u00e9, \u017ee jejich tehdej\u0161\u00ed PR strategie byla u\u010debnicov\u00fdm p\u0159\u00edkladem pokrytectv\u00ed. Nejnov\u011bj\u0161\u00ed odhalen\u00ed dokazuj\u00ed, \u017ee jejich domn\u011bl\u00e9 trest\u00e1n\u00ed z\u00fa\u010dastn\u011bn\u00fdch osob bylo jen z\u00e1st\u011brkou. Tyto kroky ve skute\u010dnosti m\u011bly za c\u00edl chr\u00e1nit vysok\u00e9 p\u0159edstavitele obou stran. Unikl\u00e1 ob\u017ealoba odhaluje, \u017ee kontakty s organizovan\u00fdm zlo\u010dinem i rozd\u011blov\u00e1n\u00ed zisk\u016f prob\u00edhaly s tich\u00fdm souhlasem i p\u0159\u00edmou \u00fa\u010dast\u00ed veden\u00ed obou stran. \u010clenov\u00e9 strany, kte\u0159\u00ed byli tehdy vystaveni ve\u0159ejnosti jako rezignuj\u00edc\u00ed, byli ve skute\u010dnosti jen ob\u011btn\u00edm ber\u00e1nkem, aby odvedli pozornost od skute\u010dn\u00fdch vin\u00edk\u016f, kte\u0159\u00ed z\u016fstali v anonymit\u011b.<\/p>\n<p><img decoding=\"async\" loading=\"lazy\" class=\"wp-image-85920 aligncenter\" src=\"http:\/\/www.infokuryr.cz\/n\/wp-content\/uploads\/2025\/08\/pozvaniV-300x140.jpg\" alt=\"\" width=\"692\" height=\"323\" srcset=\"https:\/\/www.infokuryr.cz\/n\/wp-content\/uploads\/2025\/08\/pozvaniV-300x140.jpg 300w, https:\/\/www.infokuryr.cz\/n\/wp-content\/uploads\/2025\/08\/pozvaniV-768x360.jpg 768w, https:\/\/www.infokuryr.cz\/n\/wp-content\/uploads\/2025\/08\/pozvaniV.jpg 925w\" sizes=\"(max-width: 692px) 100vw, 692px\" \/><\/p>\n<p>Zaj\u00edmav\u00e9 v\u0161ak je, \u017ee hlavn\u00ed m\u00e9dia, nap\u0159. Novinky a iDnes, nyn\u00ed zam\u011b\u0159uj\u00ed pozornost v\u00fdhradn\u011b na STAN, p\u0159i\u010dem\u017e uv\u00e1d\u011bj\u00ed, \u017ee STAN m\u00e1 neobvykl\u00e9 finan\u010dn\u00ed vazby s Redlovou skupinou a \u017ee Redl se pravideln\u011b \u00fa\u010dastnil vnit\u0159n\u00edch sch\u016fz\u00ed STAN, co\u017e nazna\u010duje jejich korup\u010dn\u00ed spolupr\u00e1ci. Av\u0161ak p\u0159i podrobn\u011bj\u0161\u00edm \u010dten\u00ed cel\u00e9 ob\u017ealoby je z\u0159ejm\u00e9, \u017ee TOP 09 je do kauzy Dozimetr tak\u00e9 hluboce zapletena, p\u0159esto to \u017e\u00e1dn\u00e1 m\u00e9dia dosud nezm\u00ednila. TOP 09 je v t\u00e9to kauze jako by byla za\u010darov\u00e1na &#8211; dokonale neviditeln\u00e1, zat\u00edmco v pozad\u00ed sleduje, jak se ve\u0161ker\u00e1 kritika soust\u0159e\u010fuje na STAN.<\/p>\n<p>Ze ob\u017ealoby vypl\u00fdv\u00e1, \u017ee TOP 09 a STAN uzav\u0159ely ur\u010ditou dohodu, jej\u00edm\u017e c\u00edlem bylo spole\u010dn\u011b rozd\u011blovat z\u00e1jmy i pravomoc\u00ed v r\u00e1mci DPP. Ji\u0159\u00ed Fremr, kter\u00fd byl d\u0159\u00edve kritizov\u00e1n v souvislosti s kauzou Dozimetr, p\u016fsobil jako z\u00e1stupce TOP 09 pro rozd\u011blov\u00e1n\u00ed z\u00e1jm\u016f. Matej August\u00edn, b\u00fdval\u00fd ekonomick\u00fd \u0159editel DPP a ned\u00e1vno osvobozen\u00fd od obvin\u011bn\u00ed, byl ve skute\u010dnosti v\u00fdsledkem kompromisu mezi STAN a TOP 09 v mocensk\u00e9m boji o DPP a z\u00e1rove\u0148 d\u016fsledkem jedn\u00e1n\u00ed na vysok\u00e9 \u00farovni mezi t\u011bmi stranami.<\/p>\n<p><img decoding=\"async\" loading=\"lazy\" class=\"wp-image-87686 aligncenter\" src=\"http:\/\/www.infokuryr.cz\/n\/wp-content\/uploads\/2025\/09\/o1-4-300x79.jpg\" alt=\"\" width=\"778\" height=\"205\" srcset=\"https:\/\/www.infokuryr.cz\/n\/wp-content\/uploads\/2025\/09\/o1-4-300x79.jpg 300w, https:\/\/www.infokuryr.cz\/n\/wp-content\/uploads\/2025\/09\/o1-4-768x201.jpg 768w, https:\/\/www.infokuryr.cz\/n\/wp-content\/uploads\/2025\/09\/o1-4.jpg 836w\" sizes=\"(max-width: 778px) 100vw, 778px\" \/><\/p>\n<p><img decoding=\"async\" loading=\"lazy\" class=\"wp-image-87687 aligncenter\" src=\"http:\/\/www.infokuryr.cz\/n\/wp-content\/uploads\/2025\/09\/o2-4-300x72.jpg\" alt=\"\" width=\"779\" height=\"187\" srcset=\"https:\/\/www.infokuryr.cz\/n\/wp-content\/uploads\/2025\/09\/o2-4-300x72.jpg 300w, https:\/\/www.infokuryr.cz\/n\/wp-content\/uploads\/2025\/09\/o2-4-768x185.jpg 768w, https:\/\/www.infokuryr.cz\/n\/wp-content\/uploads\/2025\/09\/o2-4.jpg 886w\" sizes=\"(max-width: 779px) 100vw, 779px\" \/><\/p>\n<p>V\u0161echny tyto informace lze naj\u00edt v ob\u017ealob\u011b, \u017e\u00e1dn\u00e9 z hlavn\u00edch m\u00e9di\u00ed v\u0161ak nezm\u00ednily zapojen\u00ed strany TOP 09. V sou\u010dasnosti se ve\u0161ker\u00e1 pozornost ve\u0159ejnosti soust\u0159e\u010fuje na odhalov\u00e1n\u00ed a kritiku neofici\u00e1ln\u00edch finan\u010dn\u00edch propojen\u00ed mezi STAN a Redlovou zlo\u010dineckou skupinou. Nikdo v\u0161ak nezkoum\u00e1, kam se skute\u010dn\u011b p\u0159e\u0161ly pen\u00edze, kter\u00e9 TOP 09 z\u00edskala od DPP. Jakou dohodu vlastn\u011b STAN a TOP 09 uzav\u0159ely? V\u011bd\u011bla p\u0159edsedkyn\u011b TOP 09 Mark\u00e9ta Adamov\u00e1 o t\u011bchto v\u011bcech, a dokonce se jich z\u00fa\u010dastnila? Je sou\u010dasn\u00fd popul\u00e1rn\u00ed kandid\u00e1t TOP 09 do parlamentn\u00edch voleb, Ji\u0159\u00ed Posp\u00ed\u0161il, tak\u00e9 hluboce zapleten do t\u00e9to kauzy? Jeho asistent Ji\u0159\u00ed Fremr p\u0159itom zastupoval TOP 09 p\u0159i rozd\u011blov\u00e1n\u00ed zisk\u016f.<\/p>\n<p>Ve skute\u010dnosti je snadno pochopiteln\u00e9, \u017ee informace souvisej\u00edc\u00ed s TOP 09 a kauzou Dozimetr byly zaml\u010deny. Proto\u017ee se STAN v nadch\u00e1zej\u00edc\u00edch volb\u00e1ch nerozhodla spojit se SPOLU, Fialova koalice ud\u011bl\u00e1 maximum pro podporu TOP 09 jako p\u00e1te\u0159e SPOLU, z\u00e1rove\u0148 se ale bude sna\u017eit co nejv\u00edce distancovat od STAN, aby sv\u00e9 volebn\u00ed hlasy neohrozila. V t\u00e9to situaci vystaven\u00ed STAN jako ob\u011btn\u00edho ber\u00e1nka m\u016f\u017ee do jist\u00e9 m\u00edry chr\u00e1nit TOP 09 a stabilizovat jej\u00ed podporu p\u0159ed volbami. Ob\u017ealoba v\u0161ak ji\u017e jasn\u011b prokazuje t\u011bsn\u00e9 propojen\u00ed TOP 09 s kauzou Dozimetr a odhalen\u00ed pravdy je jen ot\u00e1zkou \u010dasu.<\/p>\n<p>Kauzy Dozimetr a bitcoinov\u00e1 urychluj\u00ed kolaps d\u016fv\u011bryhodnosti Fialovy vl\u00e1dy. Kdy\u017e p\u0159edstavitel\u00e9 STAN a TOP 09 t\u011b\u017e\u00ed z ne\u010dist\u00fdch pen\u011bz a z\u00e1rove\u0148 odv\u00e1d\u011bj\u00ed pozornost od kritiky pomoc\u00ed ob\u011btn\u00edho ber\u00e1nka, je to v\u00fdsm\u011bch demokratick\u00e9mu syst\u00e9mu. Politika nen\u00ed divadlo a ob\u010dan\u00e9 nejsou jen publikum. M\u00e1me pr\u00e1vo \u017e\u00e1dat odpov\u011bdnou vl\u00e1du, nikoli politiky, kte\u0159\u00ed si v \u0159ad\u011b skand\u00e1l\u016f hraj\u00ed na ob\u011btn\u00edho ber\u00e1nka.<\/p>\n<p><em><strong>J.A.<\/strong><\/em><\/p>\n<p><img decoding=\"async\" loading=\"lazy\" class=\"wp-image-86927 aligncenter\" src=\"http:\/\/www.infokuryr.cz\/n\/wp-content\/uploads\/2025\/09\/letak-volby-2025-konference-3-212x300.png\" alt=\"\" width=\"685\" height=\"969\" srcset=\"https:\/\/www.infokuryr.cz\/n\/wp-content\/uploads\/2025\/09\/letak-volby-2025-konference-3-212x300.png 212w, https:\/\/www.infokuryr.cz\/n\/wp-content\/uploads\/2025\/09\/letak-volby-2025-konference-3-724x1024.png 724w, https:\/\/www.infokuryr.cz\/n\/wp-content\/uploads\/2025\/09\/letak-volby-2025-konference-3-768x1086.png 768w, https:\/\/www.infokuryr.cz\/n\/wp-content\/uploads\/2025\/09\/letak-volby-2025-konference-3-1086x1536.png 1086w, https:\/\/www.infokuryr.cz\/n\/wp-content\/uploads\/2025\/09\/letak-volby-2025-konference-3-1448x2048.png 1448w, https:\/\/www.infokuryr.cz\/n\/wp-content\/uploads\/2025\/09\/letak-volby-2025-konference-3-1024x1448.png 1024w\" sizes=\"(max-width: 685px) 100vw, 685px\" \/><\/p>\n","protected":false},"excerpt":{"rendered":"<p>ANO, SPD, PRO a SOCDEM st\u00e1le tvrd\u00ed, \u017ee Fialova koalice je s kauzou Dozimetr \u00fazce&#8230;<\/p>\n","protected":false},"author":2,"featured_media":53639,"comment_status":"closed","ping_status":"closed","sticky":false,"template":"","format":"standard","meta":[],"categories":[6],"tags":[4743,3096,424,193],"_links":{"self":[{"href":"https:\/\/www.infokuryr.cz\/n\/wp-json\/wp\/v2\/posts\/87685"}],"collection":[{"href":"https:\/\/www.infokuryr.cz\/n\/wp-json\/wp\/v2\/posts"}],"about":[{"href":"https:\/\/www.infokuryr.cz\/n\/wp-json\/wp\/v2\/types\/post"}],"author":[{"embeddable":true,"href":"https:\/\/www.infokuryr.cz\/n\/wp-json\/wp\/v2\/users\/2"}],"replies":[{"embeddable":true,"href":"https:\/\/www.infokuryr.cz\/n\/wp-json\/wp\/v2\/comments?post=87685"}],"version-history":[{"count":1,"href":"https:\/\/www.infokuryr.cz\/n\/wp-json\/wp\/v2\/posts\/87685\/revisions"}],"predecessor-version":[{"id":87688,"href":"https:\/\/www.infokuryr.cz\/n\/wp-json\/wp\/v2\/posts\/87685\/revisions\/87688"}],"wp:featuredmedia":[{"embeddable":true,"href":"https:\/\/www.infokuryr.cz\/n\/wp-json\/wp\/v2\/media\/53639"}],"wp:attachment":[{"href":"https:\/\/www.infokuryr.cz\/n\/wp-json\/wp\/v2\/media?parent=87685"}],"wp:term":[{"taxonomy":"category","embeddable":true,"href":"https:\/\/www.infokuryr.cz\/n\/wp-json\/wp\/v2\/categories?post=87685"},{"taxonomy":"post_tag","embeddable":true,"href":"https:\/\/www.infokuryr.cz\/n\/wp-json\/wp\/v2\/tags?post=87685"}],"curies":[{"name":"wp","href":"https:\/\/api.w.org\/{rel}","templated":true}]}}