{"id":87680,"date":"2025-09-13T00:19:52","date_gmt":"2025-09-12T22:19:52","guid":{"rendered":"https:\/\/www.infokuryr.cz\/n\/?p=87680"},"modified":"2025-09-12T15:42:54","modified_gmt":"2025-09-12T13:42:54","slug":"jaroslav-stefec-polsko-sestrelilo-asi-ctyri-drony","status":"publish","type":"post","link":"https:\/\/www.infokuryr.cz\/n\/2025\/09\/13\/jaroslav-stefec-polsko-sestrelilo-asi-ctyri-drony\/","title":{"rendered":"Jaroslav \u0160tefec: Polsko sest\u0159elilo asi \u010dty\u0159i drony"},"content":{"rendered":"<div id=\"fb-root\"><\/div>\n<p><strong>Jaroslav \u0160tefec, p\u016fvodn\u00edm povol\u00e1n\u00edm vojensk\u00fd odborn\u00edk na raketovou techniku, na sv\u00e9 facebookov\u00e9 str\u00e1nce rekapituluje af\u00e9ru s\u00a0rusk\u00fdmi drony, kter\u00e9 dopadly na polsk\u00e9 \u00fazem\u00ed\u2026 a\u00a0zpochyb\u0148uje m\u00e9dii \u0161\u00ed\u0159enou verzi, kter\u00e1 m\u00e1 podpo\u0159it poh\u00e1dku o\u00a0zl\u00fdch a\u00a0z\u00e1ke\u0159n\u00fdch Rusech a\u00a0chud\u00e1\u010dc\u00edch hodn\u00fdch Ukrajinc\u00edch.<\/strong><\/p>\n<p>Podle informac\u00ed v m\u00e9di\u00edch, dostupn\u00fdch v dob\u011b vzniku tohoto textu, sest\u0159elilo Polsko v noci na st\u0159edu des\u00e1t\u00e9ho z\u00e1\u0159\u00ed \u201easi \u010dty\u0159i drony\u201c z \u00fadajn\u011b devaten\u00e1cti, kter\u00e9 do jeho vzdu\u0161n\u00e9ho prostoru pronikly z \u00fazem\u00ed Ukrajiny a B\u011bloruska.<\/p>\n<p><span class=\"cf2\">V t<\/span><span class=\"cf1\">\u00e9to souvislosti je pom<\/span><span class=\"cf2\">\u011brn\u011b zaj<\/span><span class=\"cf1\">\u00edmav\u00fd fakt,\u00a0<\/span><span class=\"cf2\">\u017ee informaci o\u00a0celkov<\/span><span class=\"cf1\">\u00e9m po<\/span><span class=\"cf2\">\u010dtu proniknuv\u0161<\/span><span class=\"cf1\">\u00edch dron<\/span><span class=\"cf2\">\u016f a\u00a0oblastech, kudy nad Polsko vlet\u011bly, p\u0159evzala polsk<\/span><span class=\"cf1\">\u00e1 strana od ukrajinsk\u00e9 zpravodajsk\u00e9 slu<\/span><span class=\"cf2\">\u017eby. O\u00a0tom sv\u011bd\u010d<\/span><span class=\"cf1\">\u00ed nap<\/span><span class=\"cf2\">\u0159<\/span><span class=\"cf1\">\u00edklad mapa ukrajinsk\u00e9ho p<\/span><span class=\"cf2\">\u016fvodu s\u00a0jasn<\/span><span class=\"cf1\">\u00fdm odkazem na SBU, zve<\/span><span class=\"cf2\">\u0159ejn\u011bn<\/span><span class=\"cf1\">\u00e1 v\u00a0polsk\u00fdch m\u00e9di\u00edch a\u00a0p<\/span><span class=\"cf2\">\u0159evzat<\/span><span class=\"cf1\">\u00e1 mj.\u00a0i\u00a0<\/span><span class=\"cf2\">\u010desk<\/span><span class=\"cf1\">\u00fdm serverem Novinky (viz\u00a0<\/span><span class=\"cf2\">\u010dl<\/span><span class=\"cf1\">\u00e1nek Vojt<\/span><span class=\"cf2\">\u011bcha Bauera\u00a0<\/span><span class=\"cf3\">\u201e<\/span><i><b><span class=\"cf2\">\u017d<\/span><span class=\"cf1\">\u00e1d\u00e1me o\u00a0aktivaci\u00a0<\/span><span class=\"cf2\">\u010dl<\/span><span class=\"cf1\">\u00e1nku 4,\u00a0<\/span><\/b><\/i><span class=\"cf2\"><i><b>\u0159ekl Tusk\u201c<\/b><\/i>). Polsk<\/span><span class=\"cf1\">\u00fd premi\u00e9r v\u00a0t\u00e9to souvislosti tak\u00e9 uvedl,\u00a0<\/span><span class=\"cf2\">\u017ee Polsko\u00a0<\/span><span class=\"cf3\">\u201eje nejbl<\/span><span class=\"cf1\">\u00ed<\/span><span class=\"cf2\">\u017ee ozbrojen<\/span><span class=\"cf1\">\u00e9mu konfliktu od druh\u00e9 sv<\/span><span class=\"cf2\">\u011btov<\/span><span class=\"cf1\">\u00e9 v\u00e1lky\u201c. Vz\u00e1p<\/span><span class=\"cf2\">\u011bt<\/span><span class=\"cf1\">\u00ed ov<\/span><span class=\"cf2\">\u0161em neopomn\u011bl zd\u016fraznit, \u017ee jeho zem\u011b\u00a0<\/span><span class=\"cf3\">\u201eve v<\/span><span class=\"cf1\">\u00e1le<\/span><span class=\"cf2\">\u010dn<\/span><span class=\"cf1\">\u00e9m stavu v\u00a0sou<\/span><span class=\"cf2\">\u010dasn<\/span><span class=\"cf1\">\u00e9 dob<\/span><span class=\"cf2\">\u011b nen<\/span><span class=\"cf1\">\u00ed\u201c.<\/span><\/p>\n<p class=\"pf0\" align=\"justify\"><b><span class=\"cf1\">Je samoz<\/span><span class=\"cf2\">\u0159ejm<\/span><span class=\"cf1\">\u00e9,\u00a0<\/span><span class=\"cf2\">\u017ee ka\u017ed<\/span><span class=\"cf1\">\u00e9 naru<\/span><span class=\"cf2\">\u0161en<\/span><span class=\"cf1\">\u00ed vzdu<\/span><span class=\"cf2\">\u0161n<\/span><span class=\"cf1\">\u00e9ho prostoru suver\u00e9nn\u00edho st\u00e1tu vojensk\u00fdmi letouny je velmi z\u00e1va<\/span><span class=\"cf2\">\u017en<\/span><span class=\"cf1\">\u00fd delikt proti pravidl<\/span><span class=\"cf2\">\u016fm mezin<\/span><span class=\"cf1\">\u00e1rodn\u00edho letov\u00e9ho provozu. Zvl\u00e1<\/span><span class=\"cf2\">\u0161t\u011b je-li\u00a0<\/span><span class=\"cf1\">\u00famysln\u00e9. V\u00a0posledn\u00ed dob<\/span><span class=\"cf2\">\u011b jsme bohu\u017eel podobn<\/span><span class=\"cf1\">\u00fdch projev<\/span><span class=\"cf2\">\u016f pohrd<\/span><span class=\"cf1\">\u00e1n\u00ed mezin\u00e1rodn<\/span><span class=\"cf2\">\u011b uzn<\/span><span class=\"cf1\">\u00e1van\u00fdmi pravidly sv<\/span><span class=\"cf2\">\u011bdky pom\u011brn\u011b \u010dasto. P\u0159<\/span><span class=\"cf1\">\u00edli<\/span><span class=\"cf2\">\u0161\u00a0<\/span><span class=\"cf3\">\u201eko<\/span><span class=\"cf2\">\u0161er\u201c rozhodn\u011b nebyly v\u010derej\u0161<\/span><span class=\"cf1\">\u00ed demonstrativn\u00ed pr<\/span><span class=\"cf2\">\u016flety americk<\/span><span class=\"cf1\">\u00fdch Harrier<\/span><span class=\"cf2\">\u016f nad tzv.\u00a0<\/span><span class=\"cf3\">\u201esporn<\/span><span class=\"cf1\">\u00fdm \u00fazem\u00edm\u201c mezi Venezuelou a\u00a0Guyanou, o\u00a0raketov\u00e9m \u00fatoku izraelsk\u00fdch letoun<\/span><span class=\"cf2\">\u016f na s<\/span><span class=\"cf1\">\u00eddlo\u00a0<\/span><span class=\"cf2\">\u0161<\/span><span class=\"cf1\">\u00e9f<\/span><span class=\"cf2\">\u016f Ham<\/span><span class=\"cf1\">\u00e1su v\u00a0katarsk\u00e9m Dauh\u00e1 ani nemluv<\/span><span class=\"cf2\">\u011b. A\u00a0je to pouh<\/span><span class=\"cf1\">\u00fdch p\u00e1r m<\/span><span class=\"cf2\">\u011bs<\/span><span class=\"cf1\">\u00edc<\/span><span class=\"cf2\">\u016f, kdy izraelsk<\/span><span class=\"cf1\">\u00e9 drony zabily \u00edr\u00e1nsk\u00e9\u00a0<\/span><span class=\"cf2\">\u0161pi\u010dky jadern<\/span><span class=\"cf1\">\u00e9ho v\u00fdzkumu a\u00a0jeho vrcholn\u00e9 vojensk\u00e9 p<\/span><span class=\"cf2\">\u0159edstavitele. Bezprost\u0159edn\u011b pot<\/span><span class=\"cf1\">\u00e9 se \u00fazem\u00ed Ir\u00e1nu stalo p<\/span><span class=\"cf2\">\u0159<\/span><span class=\"cf1\">\u00edm\u00fdm c\u00edlem izraelsk\u00fdch a\u00a0americk\u00e9 leteck\u00fdch \u00fatok<\/span><span class=\"cf2\">\u016f s\u00a0rozhodn\u011b daleko fat<\/span><span class=\"cf1\">\u00e1ln<\/span><span class=\"cf2\">\u011bj\u0161<\/span><span class=\"cf1\">\u00edmi n\u00e1sledky, ne<\/span><span class=\"cf2\">\u017e jak<\/span><span class=\"cf1\">\u00e9 m<\/span><span class=\"cf2\">\u011blo naru\u0161en<\/span><span class=\"cf1\">\u00ed polsk\u00e9ho vzdu<\/span><span class=\"cf2\">\u0161n<\/span><span class=\"cf1\">\u00e9ho prostoru z\u00a0dne<\/span><span class=\"cf2\">\u0161n<\/span><span class=\"cf1\">\u00ed noci.<\/span><\/b><\/p>\n<p class=\"pf0\" align=\"justify\"><span class=\"cf1\">Co konkr\u00e9tn<\/span><span class=\"cf2\">\u011b vedlo premi<\/span><span class=\"cf1\">\u00e9ra Tuska k\u00a0jeho pon<\/span><span class=\"cf2\">\u011bkud obojak<\/span><span class=\"cf1\">\u00e9mu prohl\u00e1<\/span><span class=\"cf2\">\u0161en<\/span><span class=\"cf1\">\u00ed, to m<\/span><span class=\"cf2\">\u016f\u017eeme jen h<\/span><span class=\"cf1\">\u00e1dat. Nejsp\u00ed<\/span><span class=\"cf2\">\u0161e to ale byla jeho zku\u0161enost z\u00a015.\u00a0listopadu 2022, kdy ukrajinsk<\/span><span class=\"cf1\">\u00e1 arm\u00e1da se svolen\u00edm, ne-li p<\/span><span class=\"cf2\">\u0159<\/span><span class=\"cf1\">\u00edmo na z\u00e1klad<\/span><span class=\"cf2\">\u011b p\u0159<\/span><span class=\"cf1\">\u00edm\u00e9ho rozkazu Vladim\u00edra\u00a0<\/span><span class=\"cf1\">Zelensk\u00e9ho<\/span><span class=\"cf1\">\u00a0a s\u00a0v<\/span><span class=\"cf2\">\u011bdom<\/span><span class=\"cf1\">\u00edm jeho britsk\u00fdch loutkovodi<\/span><span class=\"cf2\">\u010d\u016f\u00a0<\/span><span class=\"cf1\">\u00famysln<\/span><span class=\"cf2\">\u011b za<\/span><span class=\"cf1\">\u00fato<\/span><span class=\"cf2\">\u010dila raketou protiletadlov<\/span><span class=\"cf1\">\u00e9ho kompletu S-300 na c\u00edl na \u00fazem\u00ed Polska,\u00a0<\/span><span class=\"cf2\">\u010dlensk<\/span><span class=\"cf1\">\u00e9ho st\u00e1tu aliance NATO. Tehdej<\/span><span class=\"cf2\">\u0161<\/span><span class=\"cf1\">\u00ed prezident Duda, kter\u00fd byl o\u00a0podstat<\/span><span class=\"cf2\">\u011b incidentu neprodlen\u011b informov<\/span><span class=\"cf1\">\u00e1n, proto rad<\/span><span class=\"cf2\">\u011bji hovo\u0159il o\u00a0v<\/span><span class=\"cf1\">\u00fdbuchu \u201crakety sov<\/span><span class=\"cf2\">\u011btsk<\/span><span class=\"cf1\">\u00e9 v\u00fdroby\u201d a\u00a0vyz\u00fdval k\u00a0opatrnosti v\u00a0reakc\u00edch. Ve v<\/span><span class=\"cf2\">\u010derej\u0161<\/span><span class=\"cf1\">\u00edm rozhovoru pro t\u00fdden\u00edk\u00a0<\/span><span class=\"cf1\">Rzecz<\/span>\u00a0<span class=\"cf1\">Pospolita<\/span><span class=\"cf1\">\u00a0pak otev<\/span><span class=\"cf2\">\u0159en\u011b p\u0159iznal, \u017ee Ukrajina se bezprost\u0159edn\u011b po\u00a0incidentu pokusila p\u0159im\u011bt Var\u0161avu, aby obvinila z\u00a0jej<\/span><span class=\"cf1\">\u00edho raketov\u00e9ho \u00fatoku Moskvu. Hovo<\/span><span class=\"cf2\">\u0159il dokonce o\u00a0n<\/span><span class=\"cf1\">\u00e1tlaku ze strany prezidenta Vladim\u00edra\u00a0<\/span><span class=\"cf1\">Zelensk\u00e9ho<\/span><span class=\"cf1\">, jeho<\/span><span class=\"cf2\">\u017e c<\/span><span class=\"cf1\">\u00edlem bylo vt\u00e1hnout Polsko a\u00a0cel\u00e9 NATO do v\u00e1lky s\u00a0Ruskem.<\/span><\/p>\n<p class=\"pf0\" align=\"justify\"><span class=\"cf1\">Komedie, kter\u00e1 se bezprost<\/span><span class=\"cf2\">\u0159edn\u011b po\u00a0tehdej\u0161<\/span><span class=\"cf1\">\u00edm \u00fatoku pod fale<\/span><span class=\"cf2\">\u0161nou vlajkou spustila v\u00a0r<\/span><span class=\"cf1\">\u00e1mci EU, byla skute<\/span><span class=\"cf2\">\u010dn\u011b impozantn<\/span><span class=\"cf1\">\u00ed. A\u00a0zat\u00edmco v\u00a0<\/span><span class=\"cf2\">\u010cR pir<\/span><span class=\"cf1\">\u00e1t\u00a0<\/span><span class=\"cf1\">Lipavsk\u00fd<\/span><span class=\"cf1\">\u00a0volal po\u00a0aktivaci\u00a0<\/span><span class=\"cf2\">\u010dl<\/span><span class=\"cf1\">\u00e1nku 5 Severoatlantick\u00e9 smlouvy, valk\u00fdra\u00a0<\/span><span class=\"cf2\">\u010cernochov<\/span><span class=\"cf1\">\u00e1 vyhla<\/span><span class=\"cf2\">\u0161ovala mobilizaci a\u00a0p\u0159edstavitel<\/span><span class=\"cf1\">\u00e9 p<\/span><span class=\"cf2\">\u011btikoalice obecn\u011b\u00a0<\/span><span class=\"cf3\">\u201et<\/span><span class=\"cf1\">\u00e1hli na Rusa\u201c, nejd<\/span><span class=\"cf2\">\u016fle\u017eit\u011bj\u0161<\/span><span class=\"cf1\">\u00ed osoba cel\u00e9ho dramatu, m\u00edrn<\/span><span class=\"cf2\">\u011b zmaten<\/span><span class=\"cf1\">\u00fd prezident USA Joe Biden, si v\u00a0klidu u<\/span><span class=\"cf2\">\u017e<\/span><span class=\"cf1\">\u00edval sp\u00e1nku. Jak to pozd<\/span><span class=\"cf2\">\u011bji kr<\/span><span class=\"cf1\">\u00e1sn<\/span><span class=\"cf2\">\u011b vyzp<\/span><span class=\"cf1\">\u00edval Jarek Nohavica ve sv\u00e9 balad<\/span><span class=\"cf2\">\u011b\u00a0<\/span><span class=\"cf3\">\u201ePo<\/span><span class=\"cf2\">\u010dk<\/span><span class=\"cf1\">\u00e1me co\u00a0<\/span><span class=\"cf2\">\u0159ekne\u201c, polsk<\/span><span class=\"cf1\">\u00e9 veden\u00ed\u00a0<\/span><span class=\"cf2\">\u010dekalo, a\u017e se hlava Spojen<\/span><span class=\"cf1\">\u00fdch st\u00e1t<\/span><span class=\"cf2\">\u016f vysp<\/span><span class=\"cf1\">\u00ed a\u00a0rozhodne. Teprve na z\u00e1klad<\/span><span class=\"cf2\">\u011b pokyn\u016f z\u00a0USA ve\u0159ejn\u011b p\u0159iznalo, \u017ee str\u016fjcem raketov<\/span><span class=\"cf1\">\u00e9ho \u00fatoku byla Ukrajina.<\/span><\/p>\n<div class=\"google-auto-placed ap_container\"><ins class=\"adsbygoogle adsbygoogle-noablate\" data-ad-format=\"auto\" data-ad-client=\"ca-pub-4028202713187244\" data-adsbygoogle-status=\"done\" data-ad-status=\"filled\"><\/p>\n<div id=\"aswift_3_host\"><img decoding=\"async\" loading=\"lazy\" class=\"wp-image-85920 aligncenter\" src=\"http:\/\/www.infokuryr.cz\/n\/wp-content\/uploads\/2025\/08\/pozvaniV-300x140.jpg\" alt=\"\" width=\"744\" height=\"347\" srcset=\"https:\/\/www.infokuryr.cz\/n\/wp-content\/uploads\/2025\/08\/pozvaniV-300x140.jpg 300w, https:\/\/www.infokuryr.cz\/n\/wp-content\/uploads\/2025\/08\/pozvaniV.jpg 925w\" sizes=\"(max-width: 744px) 100vw, 744px\" \/><\/div>\n<p><\/ins><\/div>\n<p class=\"pf0\" align=\"justify\"><span class=\"cf1\">Je zaj\u00edmav\u00e9,\u00a0<\/span><span class=\"cf2\">\u017ee stejn\u011b jako dnes, i\u00a0v\u00a0roce 2022 vstoupila hned na po\u010d<\/span><span class=\"cf1\">\u00e1tku do d<\/span><span class=\"cf2\">\u011bje ukrajinsk<\/span><span class=\"cf1\">\u00e1 tajn\u00e1 slu<\/span><span class=\"cf2\">\u017eba. Pr<\/span><span class=\"cf1\">\u00e1v<\/span><span class=\"cf2\">\u011b od n<\/span><span class=\"cf1\">\u00ed tehdy poch\u00e1zela informace, v\u00a0prvn\u00ed f\u00e1zi p<\/span><span class=\"cf2\">\u0159evzat<\/span><span class=\"cf1\">\u00e1 mnoha evropsk\u00fdmi m\u00e9dii,\u00a0<\/span><span class=\"cf2\">\u017ee na\u00a0<\/span><span class=\"cf1\">\u00fazem\u00ed Polska dopadly dv<\/span><span class=\"cf2\">\u011b rusk<\/span><span class=\"cf1\">\u00e9 st<\/span><span class=\"cf2\">\u0159ely. Hovo\u0159ilo se v\u00a0n<\/span><span class=\"cf1\">\u00ed o\u00a0raket<\/span><span class=\"cf2\">\u011b S-300 a\u00a0podstatn\u011b ni\u010div\u011bj\u0161<\/span><span class=\"cf1\">\u00ed st<\/span><span class=\"cf2\">\u0159ele s\u00a0plochou dr<\/span><span class=\"cf1\">\u00e1hou letu Ch-101. Pon<\/span><span class=\"cf2\">\u011bkud paradoxn\u011b tak byly nikoliv polskou, ale ukrajinskou stranou okam\u017eit\u011b po\u00a0p<\/span><span class=\"cf1\">\u00e1du rakety avizov\u00e1ny v\u00a0polsk\u00e9 vesnici\u00a0<\/span><span class=\"cf1\">Przewod\u00f3w<\/span><span class=\"cf1\">\u00a0dva v\u00fdbuchy. Nejsp\u00ed<\/span><span class=\"cf2\">\u0161 proto, \u017ee si ukrajin\u0161t<\/span><span class=\"cf1\">\u00ed zpravodajci nem<\/span><span class=\"cf2\">\u011bli mo\u017enost online ov\u011b\u0159it situaci na m<\/span><span class=\"cf1\">\u00edst<\/span><span class=\"cf2\">\u011b dopadu. To ov\u0161em do zna\u010dn<\/span><span class=\"cf1\">\u00e9 m\u00edry podporuje informaci, kter\u00e1 se o\u00a0n<\/span><span class=\"cf2\">\u011bco pozd\u011bji objevila ve zpravodajsk<\/span><span class=\"cf1\">\u00fdch kruz\u00edch,\u00a0<\/span><span class=\"cf2\">\u017ee ukrajinsk<\/span><span class=\"cf1\">\u00e1 raketa m<\/span><span class=\"cf2\">\u011bla p\u016fvodn\u011b nam<\/span><span class=\"cf1\">\u00ed<\/span><span class=\"cf2\">\u0159eno na tam\u011bj\u0161<\/span><span class=\"cf1\">\u00ed sklad s\u00a0des\u00edtkami tun dus\u00edkat\u00fdch hnojiv. Kdyby tam tehdy v\u00a0noci dva chlapi z\u00a0nejasn\u00e9ho d<\/span><span class=\"cf2\">\u016fvodu nenakl<\/span><span class=\"cf1\">\u00e1dali tr\u00e1my, zas\u00e1hla by halu s\u00a0uskladn<\/span><span class=\"cf2\">\u011bn<\/span><span class=\"cf1\">\u00fdm dusi<\/span><span class=\"cf2\">\u010dnanem amonn<\/span><span class=\"cf1\">\u00fdm s\u00a0podobn\u00fdm efektem, kter\u00fd jsme mohli vid<\/span><span class=\"cf2\">\u011bt 4.\u00a0srpna 2020 p\u0159i\u00a0explozi v\u00a0libanonsk<\/span><span class=\"cf1\">\u00e9m Bejr\u00fatu. Samoz<\/span><span class=\"cf2\">\u0159ejm\u011b p\u0159im\u011b\u0159en\u011b men\u0161<\/span><span class=\"cf1\">\u00edm, ale pro vesnici\u00a0<\/span><span class=\"cf1\">Przewod\u00f3w<\/span><span class=\"cf1\">\u00a0a jej\u00ed obyvatele rozhodn<\/span><span class=\"cf2\">\u011b fat<\/span><span class=\"cf1\">\u00e1ln\u00edm. Takhle trefila jen ten nalo<\/span><span class=\"cf2\">\u017een<\/span><span class=\"cf1\">\u00fd valn\u00edk a\u00a0bohu<\/span><span class=\"cf2\">\u017eel p\u0159ipravila o\u00a0\u017eivot i\u00a0oba jeho majitele.<\/span><\/p>\n<p class=\"pf0\" align=\"justify\"><span class=\"cf2\">Z v<\/span><span class=\"cf1\">\u00fd<\/span><span class=\"cf2\">\u0161e uveden<\/span><span class=\"cf1\">\u00fdch d<\/span><span class=\"cf2\">\u016fvod\u016f doporu\u010duji d\u0159<\/span><span class=\"cf1\">\u00edve, ne<\/span><span class=\"cf2\">\u017e se rozjede povinn<\/span><span class=\"cf1\">\u00e1 protirusk\u00e1 hysterie, po<\/span><span class=\"cf2\">\u010dkat si na ov\u011b\u0159en<\/span><span class=\"cf1\">\u00e9 informace zainteresovan\u00fdch stran a\u00a0teprve pak zauj\u00edmat stanoviska a\u00a0vyslovovat soudy. Zaj\u00edmav\u00e9 bude ur<\/span><span class=\"cf2\">\u010dit\u011b zji\u0161t\u011bn<\/span><span class=\"cf1\">\u00ed, o\u00a0jak\u00fd typ, nebo sp\u00ed<\/span><span class=\"cf2\">\u0161e druh dron\u016f \u0161lo. T<\/span><span class=\"cf1\">\u00edm samoz<\/span><span class=\"cf2\">\u0159ejm\u011b netvrd<\/span><span class=\"cf1\">\u00edm,\u00a0<\/span><span class=\"cf2\">\u017ee nemohly b<\/span><span class=\"cf1\">\u00fdt vyroben\u00e9 v\u00a0Rusku. Mohlo se jednat o\u00a0pouh\u00e9 n\u00e1strahy pro syst\u00e9my PVO, kter\u00e9 na rozd\u00edl od skute<\/span><span class=\"cf2\">\u010dn\u011b \u201cbojov<\/span><span class=\"cf1\">\u00fdch\u201d stroj<\/span><span class=\"cf2\">\u016f, osazen<\/span><span class=\"cf1\">\u00fdch v\u00fdbu<\/span><span class=\"cf2\">\u0161n<\/span><span class=\"cf1\">\u00fdmi hlavicemi, u<\/span><span class=\"cf2\">\u017e um<\/span><span class=\"cf1\">\u00ed Ukrajinci relativn<\/span><span class=\"cf2\">\u011b bez probl<\/span><span class=\"cf1\">\u00e9m<\/span><span class=\"cf2\">\u016f ovl<\/span><span class=\"cf1\">\u00e1dat z\u00e1padn\u00edmi syst\u00e9my radioelektronick\u00e9ho boje (jak se ostatn<\/span><span class=\"cf2\">\u011b sami chlub<\/span><span class=\"cf1\">\u00ed).<\/span><\/p>\n<p class=\"pf0\" align=\"justify\"><span class=\"cf1\">V tom p<\/span><span class=\"cf2\">\u0159<\/span><span class=\"cf1\">\u00edpad<\/span><span class=\"cf2\">\u011b ov\u0161em odpov\u011b\u010f na ot<\/span><span class=\"cf1\">\u00e1zku, kde se najednou nad Polskem vzal onen dosud nev\u00eddan\u00fd \u201croj dron<\/span><span class=\"cf2\">\u016f\u201d, nab<\/span><span class=\"cf1\">\u00edz\u00ed daleko\u00a0<\/span><span class=\"cf2\">\u0161ir\u0161<\/span><span class=\"cf1\">\u00ed spektrum mo<\/span><span class=\"cf2\">\u017en<\/span><span class=\"cf1\">\u00fdch odpov<\/span><span class=\"cf2\">\u011bd<\/span><span class=\"cf1\">\u00ed, ne<\/span><span class=\"cf2\">\u017e stereotypn<\/span><span class=\"cf1\">\u00ed\u00a0<\/span><span class=\"cf3\">\u201eto Rusko, to Putin\u201c. Zejm<\/span><span class=\"cf1\">\u00e9na proto,\u00a0<\/span><span class=\"cf2\">\u017ee je\u0161t\u011b p\u0159ed t<\/span><span class=\"cf1\">\u00edm, ne<\/span><span class=\"cf2\">\u017e z<\/span><span class=\"cf1\">\u00e1hadn\u00e9 drony dorazily k\u00a0polsk\u00fdm hranic\u00edm, pohybovaly se u<\/span><span class=\"cf2\">\u017e nad jeho\u00a0<\/span><span class=\"cf1\">\u00fazem\u00edm\u00a0<\/span><span class=\"cf3\">\u201ezvl<\/span><span class=\"cf1\">\u00e1<\/span><span class=\"cf2\">\u0161tn<\/span><span class=\"cf1\">\u00edm\u00a0<\/span><span class=\"cf2\">\u0159<\/span><span class=\"cf1\">\u00edzen\u00edm osudu\u201c nejen letouny v<\/span><span class=\"cf2\">\u010dasn<\/span><span class=\"cf1\">\u00e9 v\u00fdstrahy AWACS, ale i\u00a0st\u00edha<\/span><span class=\"cf2\">\u010dky F-16 a\u00a0F-35. Prohl<\/span><span class=\"cf1\">\u00e1<\/span><span class=\"cf2\">\u0161en<\/span><span class=\"cf1\">\u00ed exprezidenta Dudy o\u00a0tom,\u00a0<\/span><span class=\"cf2\">\u017ee Ukrajina hodlala v\u00a0roce 2022 zneu\u017e<\/span><span class=\"cf1\">\u00edt Polsko ke vta<\/span><span class=\"cf2\">\u017een<\/span><span class=\"cf1\">\u00ed zem\u00ed aliance do v\u00e1lky s\u00a0Ruskem je toti<\/span><span class=\"cf2\">\u017e hodn\u011b v<\/span><span class=\"cf1\">\u00fdbu<\/span><span class=\"cf2\">\u0161n<\/span><span class=\"cf1\">\u00e9 t\u00e9ma. P<\/span><span class=\"cf2\">\u0159ekr<\/span><span class=\"cf1\">\u00fdt ho n<\/span><span class=\"cf2\">\u011bjak<\/span><span class=\"cf1\">\u00fdm siln\u00fdm medi\u00e1ln\u00edm humbukem by se ur<\/span><span class=\"cf2\">\u010dit\u011b hodilo nejen \u0161<\/span><span class=\"cf1\">\u00e9f<\/span><span class=\"cf2\">\u016fm EU a\u00a0NATO. Pot\u0159ebuj<\/span><span class=\"cf1\">\u00ed v\u00e1lku a\u00a0jednou se to p<\/span><span class=\"cf2\">\u0159ece pov<\/span><span class=\"cf1\">\u00e9st mus\u00ed. O\u00a0diplomacii a\u00a0m\u00edru se ve\u00a0<\/span><span class=\"cf2\">\u0161kole z\u0159ejm\u011b neu\u010dili.<\/span><\/p>\n<p align=\"justify\"><em>Na \u00favodn\u00edm sn\u00edmku jeden z\u00a0dron\u016f, kter\u00e9mu do\u0161lo palivo a\u00a0placht\u011bn\u00edm dopadl do polsk\u00e9ho brambo\u0159i\u0161t\u011b.<\/em><\/p>\n<p align=\"justify\"><i>Jaroslav \u0160tefec,\u00a0<a href=\"https:\/\/www.facebook.com\/profile.php?id=100016828963330\" target=\"_blank\" rel=\"noopener\">fb<\/a><\/i><\/p>\n<p align=\"justify\"><img decoding=\"async\" loading=\"lazy\" class=\"alignnone  wp-image-13906\" src=\"http:\/\/www.infokuryr.cz\/n\/wp-content\/uploads\/2022\/08\/stefec-257x300.jpg\" alt=\"\" width=\"216\" height=\"252\" srcset=\"https:\/\/www.infokuryr.cz\/n\/wp-content\/uploads\/2022\/08\/stefec-257x300.jpg 257w, https:\/\/www.infokuryr.cz\/n\/wp-content\/uploads\/2022\/08\/stefec.jpg 557w\" sizes=\"(max-width: 216px) 100vw, 216px\" \/><\/p>\n<p align=\"justify\"><img decoding=\"async\" loading=\"lazy\" class=\"wp-image-86927 aligncenter\" src=\"http:\/\/www.infokuryr.cz\/n\/wp-content\/uploads\/2025\/09\/letak-volby-2025-konference-3-212x300.png\" alt=\"\" width=\"715\" height=\"1012\" srcset=\"https:\/\/www.infokuryr.cz\/n\/wp-content\/uploads\/2025\/09\/letak-volby-2025-konference-3-212x300.png 212w, https:\/\/www.infokuryr.cz\/n\/wp-content\/uploads\/2025\/09\/letak-volby-2025-konference-3-724x1024.png 724w, https:\/\/www.infokuryr.cz\/n\/wp-content\/uploads\/2025\/09\/letak-volby-2025-konference-3-768x1086.png 768w, https:\/\/www.infokuryr.cz\/n\/wp-content\/uploads\/2025\/09\/letak-volby-2025-konference-3-1086x1536.png 1086w, https:\/\/www.infokuryr.cz\/n\/wp-content\/uploads\/2025\/09\/letak-volby-2025-konference-3-1448x2048.png 1448w, https:\/\/www.infokuryr.cz\/n\/wp-content\/uploads\/2025\/09\/letak-volby-2025-konference-3-1024x1448.png 1024w\" sizes=\"(max-width: 715px) 100vw, 715px\" \/><\/p>\n<p class=\"pf0\" align=\"right\">\n<p align=\"right\">\n","protected":false},"excerpt":{"rendered":"<p>Jaroslav \u0160tefec, p\u016fvodn\u00edm povol\u00e1n\u00edm vojensk\u00fd odborn\u00edk na raketovou techniku, na sv\u00e9 facebookov\u00e9 str\u00e1nce rekapituluje af\u00e9ru&#8230;<\/p>\n","protected":false},"author":2,"featured_media":87681,"comment_status":"closed","ping_status":"closed","sticky":false,"template":"","format":"standard","meta":[],"categories":[6],"tags":[1042,2856,31],"_links":{"self":[{"href":"https:\/\/www.infokuryr.cz\/n\/wp-json\/wp\/v2\/posts\/87680"}],"collection":[{"href":"https:\/\/www.infokuryr.cz\/n\/wp-json\/wp\/v2\/posts"}],"about":[{"href":"https:\/\/www.infokuryr.cz\/n\/wp-json\/wp\/v2\/types\/post"}],"author":[{"embeddable":true,"href":"https:\/\/www.infokuryr.cz\/n\/wp-json\/wp\/v2\/users\/2"}],"replies":[{"embeddable":true,"href":"https:\/\/www.infokuryr.cz\/n\/wp-json\/wp\/v2\/comments?post=87680"}],"version-history":[{"count":0,"href":"https:\/\/www.infokuryr.cz\/n\/wp-json\/wp\/v2\/posts\/87680\/revisions"}],"wp:featuredmedia":[{"embeddable":true,"href":"https:\/\/www.infokuryr.cz\/n\/wp-json\/wp\/v2\/media\/87681"}],"wp:attachment":[{"href":"https:\/\/www.infokuryr.cz\/n\/wp-json\/wp\/v2\/media?parent=87680"}],"wp:term":[{"taxonomy":"category","embeddable":true,"href":"https:\/\/www.infokuryr.cz\/n\/wp-json\/wp\/v2\/categories?post=87680"},{"taxonomy":"post_tag","embeddable":true,"href":"https:\/\/www.infokuryr.cz\/n\/wp-json\/wp\/v2\/tags?post=87680"}],"curies":[{"name":"wp","href":"https:\/\/api.w.org\/{rel}","templated":true}]}}