{"id":87677,"date":"2025-09-13T00:16:34","date_gmt":"2025-09-12T22:16:34","guid":{"rendered":"https:\/\/www.infokuryr.cz\/n\/?p=87677"},"modified":"2025-09-12T15:02:45","modified_gmt":"2025-09-12T13:02:45","slug":"zadam-okamzite-referendum-o-vystoupeni-z-nato-k-certu-s-nim-a-jasny-duvod","status":"publish","type":"post","link":"https:\/\/www.infokuryr.cz\/n\/2025\/09\/13\/zadam-okamzite-referendum-o-vystoupeni-z-nato-k-certu-s-nim-a-jasny-duvod\/","title":{"rendered":"\u017d\u00e1d\u00e1m okam\u017eit\u00e9 referendum o vystoupen\u00ed z NATO: k \u010dertu s n\u00edm a jasn\u00fd d\u016fvod!"},"content":{"rendered":"<div id=\"fb-root\"><\/div>\n<div class=\"introtext\">\n<h4>Liber\u00e1ln\u00ed sb\u011b\u0159, kterou chr\u00e1n\u00ed NATO, jej\u00ed\u017e \u00fakolem je vra\u017edit, v\u00e1l\u010dit a plnit kampeli\u010dky m\u00edsto pom\u00e1hat ob\u010dan\u016fm na\u0161eho st\u00e1tu!<\/h4>\n<\/div>\n<div class=\"fulltext\">\n<p>Uka\u017ete jedin\u00e9ho politika, kter\u00fd poslal sv\u00e9 syny pom\u00e1hat na Ukrajinu. Komunistick\u00fd prezident Petr Pavel? Extremistick\u00fd premi\u00e9r Fiala? Kdo z t\u011bchto proti\u010desk\u00fdch kolaborant\u016f poslal na pomoc sv\u00e9 syny na Ukrajinu, kdy\u017e n\u00e1s vyz\u00fdvaj\u00ed do v\u00e1lky? Nikdo, proto\u017ee v\u011bd\u00ed, \u017ee ta v\u00e1lka nem\u00e1 v\u00edt\u011bze, a bez dohody budou jen pora\u017een\u00ed a pln\u00e9 h\u0159bitovy.<\/p>\n<p>Na\u0161i vl\u00e1dn\u00ed kolaboranti v\u00e1l\u010d\u00ed krv\u00ed mlad\u00fdch, osmn\u00e1ctilet\u00fdch Ukrajinc\u016f, kter\u00e9 povol\u00e1v\u00e1 v po\u010dtu 122 000 terorista Zelensk\u00fd do zbran\u011b a do masomlejnku .<\/p>\n<h2><strong>Pro\u010d \u017e\u00e1d\u00e1m okam\u017eit\u00e9 referendum<\/strong><\/h2>\n<p>K \u010demu je NATO, kdy\u017e \u010d\u00e1st teroristick\u00e9 ukrajinck\u00e9 arm\u00e1dy napad\u00e1 ropovody a plynovody a \u017eene na\u0161\u00ed zem do chudoby a b\u00eddy?\u00a0Ani jednou \u0161\u00edlen\u011b placen\u00ed d\u016fstojn\u00edci odtr\u017een\u00ed od norm\u00e1ln\u00edch lid\u00ed nedok\u00e1zali teroristick\u00fdm \u00fatok\u016fm zabr\u00e1nit.<\/p>\n<p>Jak\u00fd trest stihl Zelensk\u00e9ho a Ukrajinu, kdy\u017e ukrajinsk\u00e1 raketa napadla Polsko s \u00famyslem vyvolat t\u0159et\u00ed sv\u011btovou v\u00e1lku?\u00a0\u00a0A nakonec to p\u0159iznal polsk\u00fd prezident, \u017ee tlak z Ukrajiny na vyhl\u00e1\u0161en\u00ed t\u0159et\u00ed sv\u011btov\u00e9 v\u00e1lky byl obrovsk\u00fd.<\/p>\n<p>A co d\u011blala parti\u010dka lukrativn\u011b placen\u00fdch gener\u00e1l\u016f, kdy zjistili n\u00e1let papundeklov\u00fdch vla\u0161tov\u011bk, kter\u00e9 vyvolaly poplach jak po jadern\u00e9m \u00fatoku v Hiro\u0161im\u011b? Je v\u0161e docela jednoduch\u00e9: drony nevybuchovaly, proto\u017ee nem\u011bly n\u00e1lo\u017ee.\u00a0<strong>H\u00e1dejte, co st\u00e1lo sest\u0159elen\u00ed papundeklov\u00e9ho dronu \u00fadajn\u011b v rekordn\u00edm letu p\u0159es cel\u00e9 B\u011blorusko?<\/strong>\u00a0A v\u00edte, pro\u010d mnoz\u00ed tvrd\u00ed, \u017ee tyto komick\u00e9 drony let\u011bly z Ukrajiny? Proto\u017ee dosah dron\u016f je 700Km a tyto z\u00e1hadn\u011b p\u0159ekonaly 100m a vypla\u0161ily i \u010cernochovou s Pir\u00e1tem Lipavsk\u00fdm. Dnbes pr\u00fd zase p\u0159\u00edtelem \u0158eporyjce.<\/p>\n<p>Dr\u017ete se pevn\u011b, a aby divadlo bylo dokonal\u00e9, startovala letad\u00fdlka \u010cernochov\u00e9! I Ukrajinci se sm\u011bj\u00ed, co to bylo za debilitu!<\/p>\n<p>__________<\/p>\n<div class=\"explanation wholeWidth\">\n<div class=\"explanationTitle\"><span style=\"color: #993366;\">Sest\u0159elen\u00ed rusk\u00e9ho \u0161\u00e1hedu v Polsku st\u00e1lo NATO (N\u00c1S)\u00a0<strong>400 tis\u00edc eur<\/strong>\u00a0<\/span><\/p>\n<\/div>\n<div class=\"explanationContent\"><span style=\"color: #993366;\">Zni\u010den\u00ed jednoho rusk\u00e9ho dronu, kter\u00fd 10. z\u00e1\u0159\u00ed vl\u00e9tl do vzdu\u0161n\u00e9ho prostoru Polska, st\u00e1lo zem\u011b NATO\u00a0<strong>400 tis\u00edc eur.<\/strong>\u00a0Bild p\u00ed\u0161e.\u017ee takov\u00e9 n\u00e1klady jsou iracion\u00e1ln\u00ed a zva\u017euje alternativy.<\/span>__________<\/p>\n<p>Podle n\u011bmeck\u00e9ho vyd\u00e1n\u00ed\u00a0<strong>piloti st\u00edha\u010dek F-35 pou\u017eili st\u0159ely AIM-9 Sidewinder.<\/strong>\u00a0N\u00e1klady na jednu takovou munici p\u0159esahuj\u00ed 400 tis\u00edc eur. Zat\u00edmco\u00a0<strong>cena Shahedsu se m\u011b\u0159\u00ed v n\u011bkolika tis\u00edc\u00edch rubl\u016f. (Mo\u017en\u00e1 tis\u00edc korun)\u00a0<\/strong><\/p>\n<p>&#8222;Ve strategick\u00e9 perspektiv\u011b nen\u00ed pou\u017eit\u00ed F-35 proti levn\u00fdm bezpilotn\u00edm letoun\u016fm opodstatn\u011bn\u00e9,&#8220; citoval den\u00edk nejmenovan\u00e9ho p\u0159edstavitele NATO.<\/p>\n<\/div>\n<\/div>\n<p>V\u00e1\u017en\u011b ti degener\u00e1ti p\u016fl noci sleduj\u00ed papundekly z Ruska bez n\u00e1lo\u017ee a bomb a pak na n\u011b vyraz\u00ed F-35? A Ji\u0159\u00edna Posp\u00ed\u0161il kv\u00edl\u00ed v \u0158ezn\u00ed\u010dkov\u011b televizi o stra\u0161n\u00e9m ohro\u017een\u00ed?<\/p>\n<h3><strong>Div\u00edte se, \u017ee i Ukrajinci se t\u0159\u00edskaj\u00ed sm\u00edchy a pozvali Pol\u00e1ky, jak sest\u0159elovat tyto komick\u00e9 papundekly?<\/strong><\/h3>\n<p><img decoding=\"async\" loading=\"lazy\" class=\"aligncenter\" src=\"https:\/\/www.skrytapravda.cz\/images\/blogy\/805\/2025\/9zari\/Sn%C3%ADmek_obrazovky_4691_433e4.webp\" alt=\"Sn\u00edmek obrazovky 4691 433e4\" width=\"767\" height=\"569\" \/><\/p>\n<p>&nbsp;<\/p>\n<div class=\"info_box cela_sirka jpalert\">\n<div class=\"explanationContent\">Up\u0159\u00edmn\u011b, pokud tyto papundekly (<em><strong>zda je na kr\u00e1lik\u00e1rn\u011b origin\u00e1l netu\u0161\u00edm, ale velikost souhlas\u00ed<\/strong><\/em>)\u00a0<strong>pozorovali celou noc a n\u011bjak\u00fd magor na n\u011b po\u0161le F-35,<\/strong> nejen, \u017ee by m\u011bl z arm\u00e1dy vylet\u011bt na minutu, ale je\u0161t\u011b j\u00edt do krimin\u00e1lu, proto\u017ee nejen n\u00e1klady na st\u0159elu, ale i start letadla a nav\u00edc st\u0159elou ohroz\u00ed i civilisty je zlo\u010din proti m\u00edru, nikoliv obrann\u00fd z\u00e1krok. A vl\u00e1dy potvrzuj\u00ed, \u017ee skute\u010dn\u011b F-35 vyp\u00e1lil \u0161\u00edlenou st\u0159elu proti tomuto prd\u00edtku.<\/div>\n<\/div>\n<h4>A samoz\u0159ejm\u011b tito (na\u0161i) tupci a degener\u00e1ti v\u010detn\u011b \u010cernochov\u00e9 vyrazili ve v\u00edt\u011bzn\u00fd ryk!<\/h4>\n<p><img decoding=\"async\" loading=\"lazy\" class=\"aligncenter\" src=\"https:\/\/www.skrytapravda.cz\/images\/blogy\/805\/2025\/9zari\/Sn%C3%ADmek_obrazovky_4690_69865.webp\" alt=\"Sn\u00edmek obrazovky 4690 69865\" width=\"694\" height=\"643\" \/><\/p>\n<p><img decoding=\"async\" loading=\"lazy\" class=\"aligncenter\" src=\"https:\/\/www.skrytapravda.cz\/images\/blogy\/805\/2025\/9zari\/Sn%C3%ADmek_obrazovky_4692_1dd7a.webp\" alt=\"Sn\u00edmek obrazovky 4692 1dd7a\" width=\"695\" height=\"517\" \/><\/p>\n<p><img decoding=\"async\" loading=\"lazy\" class=\"aligncenter\" src=\"https:\/\/www.skrytapravda.cz\/images\/blogy\/805\/2025\/9zari\/cernoch_e34a3.webp\" alt=\"cernoch e34a3\" width=\"691\" height=\"481\" \/><\/p>\n<h4>Je norm\u00e1ln\u00ed, abychom cpali do ch\u0159t\u00e1nu zelen\u00fdm mozk\u016fm miliardy a biliony korun, kdy si sami \u017eij\u00ed jak prasata v \u017eit\u011b a ochrana je nulov\u00e1?<\/h4>\n<p>Kde bylo NATO, kdy\u017e teroristick\u00e1 skupina Zelensk\u00e9ho z Ukrajiny zlikvidovala Nord Streamy, kdy se v\u00e1lelo NATO a &#8222;Sey\u0161el\u00e1ch&#8220; za na\u0161e pen\u00edze, nebo kdy\u017e ukrajin\u0161t\u00ed terorist\u00e9 napadaj\u00ed ropovod, vedouc\u00ed do Ma\u010farska a Slovenska?<\/p>\n<p>Banda fl\u00e1ka\u010d\u016f, co ostatn\u00ed pos\u00edl\u00e1 bojovat a um\u00edrat a v\u00e1l\u00ed se na rautech je pro na\u0161i zem naprosto nepot\u0159ebn\u00e1.<\/p>\n<h2>\u017d\u00e1d\u00e1m okam\u017eit\u00e9 referendum o vystoupen\u00ed z NATO: jd\u011bte k \u010dertu a jasn\u00fd d\u016fvod!<\/h2>\n<p><a href=\"https:\/\/www.skrytapravda.cz\/z-domova\/2766-zadam-okamzite-referendum-o-vystoupeni-z-nato-a-jasny-duvod\">Petr Pokorn\u00fd<\/a><\/p>\n<p><img decoding=\"async\" loading=\"lazy\" class=\"wp-image-85920 aligncenter\" src=\"http:\/\/www.infokuryr.cz\/n\/wp-content\/uploads\/2025\/08\/pozvaniV-300x140.jpg\" alt=\"\" width=\"735\" height=\"343\" srcset=\"https:\/\/www.infokuryr.cz\/n\/wp-content\/uploads\/2025\/08\/pozvaniV-300x140.jpg 300w, https:\/\/www.infokuryr.cz\/n\/wp-content\/uploads\/2025\/08\/pozvaniV.jpg 925w\" sizes=\"(max-width: 735px) 100vw, 735px\" \/><\/p>\n<p><img decoding=\"async\" loading=\"lazy\" class=\"wp-image-86739 aligncenter\" src=\"http:\/\/www.infokuryr.cz\/n\/wp-content\/uploads\/2025\/08\/volby-program-211x300.png\" alt=\"\" width=\"727\" height=\"1034\" srcset=\"https:\/\/www.infokuryr.cz\/n\/wp-content\/uploads\/2025\/08\/volby-program-211x300.png 211w, https:\/\/www.infokuryr.cz\/n\/wp-content\/uploads\/2025\/08\/volby-program-721x1024.png 721w, https:\/\/www.infokuryr.cz\/n\/wp-content\/uploads\/2025\/08\/volby-program-768x1091.png 768w, https:\/\/www.infokuryr.cz\/n\/wp-content\/uploads\/2025\/08\/volby-program-1081x1536.png 1081w, https:\/\/www.infokuryr.cz\/n\/wp-content\/uploads\/2025\/08\/volby-program-1442x2048.png 1442w, https:\/\/www.infokuryr.cz\/n\/wp-content\/uploads\/2025\/08\/volby-program-1024x1455.png 1024w\" sizes=\"(max-width: 727px) 100vw, 727px\" \/><\/p>\n<\/div>\n","protected":false},"excerpt":{"rendered":"<p>Liber\u00e1ln\u00ed sb\u011b\u0159, kterou chr\u00e1n\u00ed NATO, jej\u00ed\u017e \u00fakolem je vra\u017edit, v\u00e1l\u010dit a plnit kampeli\u010dky m\u00edsto pom\u00e1hat&#8230;<\/p>\n","protected":false},"author":2,"featured_media":87678,"comment_status":"closed","ping_status":"closed","sticky":false,"template":"","format":"standard","meta":[],"categories":[6],"tags":[2856,1503,39,31],"_links":{"self":[{"href":"https:\/\/www.infokuryr.cz\/n\/wp-json\/wp\/v2\/posts\/87677"}],"collection":[{"href":"https:\/\/www.infokuryr.cz\/n\/wp-json\/wp\/v2\/posts"}],"about":[{"href":"https:\/\/www.infokuryr.cz\/n\/wp-json\/wp\/v2\/types\/post"}],"author":[{"embeddable":true,"href":"https:\/\/www.infokuryr.cz\/n\/wp-json\/wp\/v2\/users\/2"}],"replies":[{"embeddable":true,"href":"https:\/\/www.infokuryr.cz\/n\/wp-json\/wp\/v2\/comments?post=87677"}],"version-history":[{"count":1,"href":"https:\/\/www.infokuryr.cz\/n\/wp-json\/wp\/v2\/posts\/87677\/revisions"}],"predecessor-version":[{"id":87679,"href":"https:\/\/www.infokuryr.cz\/n\/wp-json\/wp\/v2\/posts\/87677\/revisions\/87679"}],"wp:featuredmedia":[{"embeddable":true,"href":"https:\/\/www.infokuryr.cz\/n\/wp-json\/wp\/v2\/media\/87678"}],"wp:attachment":[{"href":"https:\/\/www.infokuryr.cz\/n\/wp-json\/wp\/v2\/media?parent=87677"}],"wp:term":[{"taxonomy":"category","embeddable":true,"href":"https:\/\/www.infokuryr.cz\/n\/wp-json\/wp\/v2\/categories?post=87677"},{"taxonomy":"post_tag","embeddable":true,"href":"https:\/\/www.infokuryr.cz\/n\/wp-json\/wp\/v2\/tags?post=87677"}],"curies":[{"name":"wp","href":"https:\/\/api.w.org\/{rel}","templated":true}]}}