{"id":87673,"date":"2025-09-13T00:13:51","date_gmt":"2025-09-12T22:13:51","guid":{"rendered":"https:\/\/www.infokuryr.cz\/n\/?p=87673"},"modified":"2025-09-12T14:55:31","modified_gmt":"2025-09-12T12:55:31","slug":"go-day-dance-festival-tanec-a-osveta-proti-hpv-pristi-tyden-v-praze","status":"publish","type":"post","link":"https:\/\/www.infokuryr.cz\/n\/2025\/09\/13\/go-day-dance-festival-tanec-a-osveta-proti-hpv-pristi-tyden-v-praze\/","title":{"rendered":"GO Day Dance Festival: Tanec a osv\u011bta proti HPV p\u0159\u00ed\u0161t\u00ed t\u00fdden v Praze"},"content":{"rendered":"<div id=\"fb-root\"><\/div>\n<p><strong>P\u0159\u00ed\u0161t\u00ed t\u00fdden prob\u011bhne jedine\u010dn\u00e1 ud\u00e1lost, kter\u00e1 spoj\u00ed tanec, pohyb a d\u016fle\u017eit\u00e9 informace o prevenci proti HPV \u2013 GO Day Dance Festival. Akce se uskute\u010dn\u00ed v sobotu 20. z\u00e1\u0159\u00ed v Hole\u0161ovick\u00e9 tr\u017enici v Praze od 16 do 18 hodin, p\u0159inese n\u00e1v\u0161t\u011bvn\u00edk\u016fm nejen tane\u010dn\u00ed vystoupen\u00ed skupiny teenager\u016f ENGAGe Teens CZ, ale tak\u00e9 p\u0159\u00edle\u017eitost zapojit se do spole\u010dn\u00e9ho tane\u010dn\u00edho workshopu.<\/strong><img decoding=\"async\" loading=\"lazy\" class=\"wp-image-87675 aligncenter\" src=\"http:\/\/www.infokuryr.cz\/n\/wp-content\/uploads\/2025\/09\/Foto-3-300x225.jpeg\" alt=\"\" width=\"951\" height=\"713\" srcset=\"https:\/\/www.infokuryr.cz\/n\/wp-content\/uploads\/2025\/09\/Foto-3-300x225.jpeg 300w, https:\/\/www.infokuryr.cz\/n\/wp-content\/uploads\/2025\/09\/Foto-3-1024x768.jpeg 1024w, https:\/\/www.infokuryr.cz\/n\/wp-content\/uploads\/2025\/09\/Foto-3-768x576.jpeg 768w, https:\/\/www.infokuryr.cz\/n\/wp-content\/uploads\/2025\/09\/Foto-3-1536x1152.jpeg 1536w, https:\/\/www.infokuryr.cz\/n\/wp-content\/uploads\/2025\/09\/Foto-3.jpeg 2016w\" sizes=\"(max-width: 951px) 100vw, 951px\" \/><\/p>\n<p>HPV pat\u0159\u00ed mezi nejb\u011b\u017en\u011bj\u0161\u00ed sexu\u00e1ln\u011b p\u0159enosn\u00e9 infekce, p\u0159i\u010dem\u017e riziko naka\u017een\u00ed hroz\u00ed ji\u017e od prvn\u00edho sexu\u00e1ln\u00edho partnera. Na\u0161i organiz\u00e1to\u0159i cht\u011bj\u00ed zd\u016fraznit, \u017ee o\u010dkov\u00e1n\u00ed je pro d\u00edvky i chlapce ve v\u011bku 11\u201315 let v \u010cesk\u00e9 republice pln\u011b hrazeno zdravotn\u00edm poji\u0161t\u011bn\u00edm a p\u0159edstavuje efektivn\u00ed zp\u016fsob ochrany zdrav\u00ed.<\/p>\n<p>Tato akce je sou\u010d\u00e1st\u00ed projektu Aktivn\u00ed \u010cesko a p\u0159ipom\u00edn\u00e1 Sv\u011btov\u00fd den onkogynekologick\u00fdch diagn\u00f3z (World GO Day) v \u010cesk\u00e9 republice. Sou\u010d\u00e1st\u00ed programu bude tak\u00e9 p\u0159edstaven\u00ed eduka\u010dn\u00edho videa zam\u011b\u0159en\u00e9ho na prevenci mezi teenagery, tane\u010dn\u00ed v\u00fdzva a sd\u00edlen\u00ed eduka\u010dn\u00edch materi\u00e1l\u016f na soci\u00e1ln\u00edch s\u00edt\u00edch ONKO Unie.<\/p>\n<p>P\u0159ij\u010fte se dozv\u011bd\u011bt v\u00edce o tom, jak chr\u00e1nit sebe a sv\u00e9 bl\u00edzk\u00e9, a u\u017eijte si odpoledne pln\u00e9 tance a pohybu. Podpo\u0159te na\u0161i snahu o eliminaci rakoviny spojen\u00e9 s HPV a p\u0159ipojte se k n\u00e1m 20. z\u00e1\u0159\u00ed v Praze. Akci zah\u00e1j\u00ed pan\u00ed MUDr. Barbora Mackov\u00e1, MHA, \u0159editelka St\u00e1tn\u00edho zdravotn\u00edho \u00fastavu.<\/p>\n<p>Petra Ad\u00e1mkov\u00e1, \u0159editelka ONKO Unie, kter\u00e1 tuto akci po\u0159\u00e1d\u00e1 ve spolupr\u00e1ci<br \/>\ns dobrovoln\u00edky z Volunteers4sport, vyz\u00fdv\u00e1 rodi\u010de, aby vyu\u017eili p\u0159\u00edle\u017eitosti k o\u010dkov\u00e1n\u00ed sv\u00fdch d\u011bt\u00ed a p\u0159isp\u011bli t\u00edm k jejich zdrav\u011bj\u0161\u00ed budoucnosti.<\/p>\n<p>V\u00edce informac\u00ed na: <a href=\"https:\/\/www.facebook.com\/events\/771866025420731\">(8) \u2728 GO Day Dance Festival 2025 \u2013 Tancem a pohybem proti HPV \u2728 | Facebook<\/a><\/p>\n<p><a href=\"http:\/\/www.onko-unie.cz\">www.onko-unie.cz<\/a><\/p>\n<p><img decoding=\"async\" loading=\"lazy\" class=\"wp-image-85920 aligncenter\" src=\"http:\/\/www.infokuryr.cz\/n\/wp-content\/uploads\/2025\/08\/pozvaniV-300x140.jpg\" alt=\"\" width=\"770\" height=\"359\" srcset=\"https:\/\/www.infokuryr.cz\/n\/wp-content\/uploads\/2025\/08\/pozvaniV-300x140.jpg 300w, https:\/\/www.infokuryr.cz\/n\/wp-content\/uploads\/2025\/08\/pozvaniV.jpg 925w\" sizes=\"(max-width: 770px) 100vw, 770px\" \/><\/p>\n<p><img decoding=\"async\" loading=\"lazy\" class=\"wp-image-86927 aligncenter\" src=\"http:\/\/www.infokuryr.cz\/n\/wp-content\/uploads\/2025\/09\/letak-volby-2025-konference-3-212x300.png\" alt=\"\" width=\"773\" height=\"1094\" srcset=\"https:\/\/www.infokuryr.cz\/n\/wp-content\/uploads\/2025\/09\/letak-volby-2025-konference-3-212x300.png 212w, https:\/\/www.infokuryr.cz\/n\/wp-content\/uploads\/2025\/09\/letak-volby-2025-konference-3-724x1024.png 724w, https:\/\/www.infokuryr.cz\/n\/wp-content\/uploads\/2025\/09\/letak-volby-2025-konference-3-768x1086.png 768w, https:\/\/www.infokuryr.cz\/n\/wp-content\/uploads\/2025\/09\/letak-volby-2025-konference-3-1086x1536.png 1086w, https:\/\/www.infokuryr.cz\/n\/wp-content\/uploads\/2025\/09\/letak-volby-2025-konference-3-1448x2048.png 1448w, https:\/\/www.infokuryr.cz\/n\/wp-content\/uploads\/2025\/09\/letak-volby-2025-konference-3-1024x1448.png 1024w\" sizes=\"(max-width: 773px) 100vw, 773px\" \/><\/p>\n<p>&nbsp;<\/p>\n","protected":false},"excerpt":{"rendered":"<p>P\u0159\u00ed\u0161t\u00ed t\u00fdden prob\u011bhne jedine\u010dn\u00e1 ud\u00e1lost, kter\u00e1 spoj\u00ed tanec, pohyb a d\u016fle\u017eit\u00e9 informace o prevenci proti&#8230;<\/p>\n","protected":false},"author":2,"featured_media":87674,"comment_status":"closed","ping_status":"closed","sticky":false,"template":"","format":"standard","meta":[],"categories":[6],"tags":[1077,5791,331],"_links":{"self":[{"href":"https:\/\/www.infokuryr.cz\/n\/wp-json\/wp\/v2\/posts\/87673"}],"collection":[{"href":"https:\/\/www.infokuryr.cz\/n\/wp-json\/wp\/v2\/posts"}],"about":[{"href":"https:\/\/www.infokuryr.cz\/n\/wp-json\/wp\/v2\/types\/post"}],"author":[{"embeddable":true,"href":"https:\/\/www.infokuryr.cz\/n\/wp-json\/wp\/v2\/users\/2"}],"replies":[{"embeddable":true,"href":"https:\/\/www.infokuryr.cz\/n\/wp-json\/wp\/v2\/comments?post=87673"}],"version-history":[{"count":1,"href":"https:\/\/www.infokuryr.cz\/n\/wp-json\/wp\/v2\/posts\/87673\/revisions"}],"predecessor-version":[{"id":87676,"href":"https:\/\/www.infokuryr.cz\/n\/wp-json\/wp\/v2\/posts\/87673\/revisions\/87676"}],"wp:featuredmedia":[{"embeddable":true,"href":"https:\/\/www.infokuryr.cz\/n\/wp-json\/wp\/v2\/media\/87674"}],"wp:attachment":[{"href":"https:\/\/www.infokuryr.cz\/n\/wp-json\/wp\/v2\/media?parent=87673"}],"wp:term":[{"taxonomy":"category","embeddable":true,"href":"https:\/\/www.infokuryr.cz\/n\/wp-json\/wp\/v2\/categories?post=87673"},{"taxonomy":"post_tag","embeddable":true,"href":"https:\/\/www.infokuryr.cz\/n\/wp-json\/wp\/v2\/tags?post=87673"}],"curies":[{"name":"wp","href":"https:\/\/api.w.org\/{rel}","templated":true}]}}