{"id":87666,"date":"2025-09-13T00:22:52","date_gmt":"2025-09-12T22:22:52","guid":{"rendered":"https:\/\/www.infokuryr.cz\/n\/?p=87666"},"modified":"2025-09-12T14:40:48","modified_gmt":"2025-09-12T12:40:48","slug":"svaty-fauci-pada-a-s-nim-i-pribeh-o-koronaviru","status":"publish","type":"post","link":"https:\/\/www.infokuryr.cz\/n\/2025\/09\/13\/svaty-fauci-pada-a-s-nim-i-pribeh-o-koronaviru\/","title":{"rendered":"Svat\u00fd Fauci pad\u00e1 \u2013 a s n\u00edm i p\u0159\u00edb\u011bh o koronaviru"},"content":{"rendered":"<div id=\"fb-root\"><\/div>\n<p><strong><span dir=\"auto\">Pokud bude ikona \u201eV\u011bdy\u2122\u201c p\u0159isti\u017eena p\u0159i skartov\u00e1n\u00ed dokument\u016f, dome\u010dek z karet se kone\u010dn\u011b zhrout\u00ed. Anthony Fauci, mu\u017e, kter\u00fd byl b\u011bhem pandemie koronaviru pov\u00fd\u0161en na velekn\u011bze kultu rou\u0161ek, nyn\u00ed stoj\u00ed p\u0159ed politick\u00fdm tribun\u00e1lem jako lh\u00e1\u0159. Rand Paul p\u0159edlo\u017eil d\u016fkazy \u2013 a ty jsou explozivn\u011bj\u0161\u00ed ne\u017e cokoli, co byla americk\u00e1 m\u00e9dia dosud ochotna p\u0159iznat.<\/span><\/strong><\/p>\n<p><span dir=\"auto\">Nov\u00e9 odhalen\u00ed je jednodu\u0161e politick\u00e1 bomba: V \u00fanoru 2020 Fauci po\u017eadoval, aby tehdej\u0161\u00ed \u0159editel NIH Francis Collins po p\u0159e\u010dten\u00ed smazal e-mail. To nejen\u017ee odporuje jeho v\u00fdpov\u011bdi p\u0159ed Kongresem, ale prakticky vol\u00e1 po utajen\u00ed. Pr\u00e1v\u011b v t\u00e9to dob\u011b prob\u00edhala tajn\u00e1 hlasov\u00e1n\u00ed o tom, jak prosadit narativ o \u201ep\u0159irozen\u00e9m p\u016fvodu\u201c viru a uml\u010det kritick\u00e9 hlasy z v\u011bdeck\u00e9 komunity. Skute\u010dnost, \u017ee Fauci je tak v p\u0159\u00edm\u00e9m rozporu se svou vlastn\u00ed p\u0159\u00edsahou sv\u011bdectv\u00edm, je st\u011b\u017e\u00ed diskutabiln\u00ed. Lhal \u2013 a ne v \u017e\u00e1dn\u00e9 talk show, ale p\u0159ed americk\u00fdm Kongresem.<\/span><\/p>\n<p><span dir=\"auto\">Paul\u016fv po\u017eadavek adresovan\u00fd kongresov\u00e9mu v\u00fdboru, kter\u00fd na Fauciho klade t\u011b\u017ekou z\u00e1t\u011b\u017e, je svou p\u0159esnost\u00ed v\u00fdmluvn\u00fd: U\u017e se nejedn\u00e1 o trivi\u00e1ln\u00ed detaily, ale sp\u00ed\u0161e o roky komunikace zahrnuj\u00edc\u00ed v\u0161echny kl\u00ed\u010dov\u00e9 pojmy a kl\u00ed\u010dov\u00e9 postavy t\u00fdkaj\u00edc\u00ed se v\u00fdvoje koronaviru v letech 2018 a\u017e 2023. A\u0165 u\u017e jde o EcoHealth Alliance, Petera Daszaka, Wuhan Institute, DARPA, lobby Gain-of-Function nebo v\u0161udyp\u0159\u00edtomn\u00e9 spojen\u00ed s Wellcome Trust \u2013 v\u0161e m\u00e1 b\u00fdt zve\u0159ejn\u011bno. A to v neredigovan\u00e9 podob\u011b. T\u00edmto po\u017eadavkem Paul otev\u00edr\u00e1 dve\u0159e k jednomu z nejv\u011bt\u0161\u00edch odhalen\u00ed v historii americk\u00e9 v\u011bdeck\u00e9 byrokracie.<\/span><\/p>\n<figure class=\"wp-block-embed is-type-rich is-provider-twitter wp-block-embed-twitter\">\n<div class=\"wp-block-embed__wrapper\">\n<div class=\"twitter-tweet twitter-tweet-rendered\"><iframe id=\"twitter-widget-0\" class=\"\" title=\"X P\u0159\u00edsp\u011bvek\" src=\"https:\/\/platform.twitter.com\/embed\/Tweet.html?dnt=true&amp;embedId=twitter-widget-0&amp;features=eyJ0ZndfdGltZWxpbmVfbGlzdCI6eyJidWNrZXQiOltdLCJ2ZXJzaW9uIjpudWxsfSwidGZ3X2ZvbGxvd2VyX2NvdW50X3N1bnNldCI6eyJidWNrZXQiOnRydWUsInZlcnNpb24iOm51bGx9LCJ0ZndfdHdlZXRfZWRpdF9iYWNrZW5kIjp7ImJ1Y2tldCI6Im9uIiwidmVyc2lvbiI6bnVsbH0sInRmd19yZWZzcmNfc2Vzc2lvbiI6eyJidWNrZXQiOiJvbiIsInZlcnNpb24iOm51bGx9LCJ0ZndfZm9zbnJfc29mdF9pbnRlcnZlbnRpb25zX2VuYWJsZWQiOnsiYnVja2V0Ijoib24iLCJ2ZXJzaW9uIjpudWxsfSwidGZ3X21peGVkX21lZGlhXzE1ODk3Ijp7ImJ1Y2tldCI6InRyZWF0bWVudCIsInZlcnNpb24iOm51bGx9LCJ0ZndfZXhwZXJpbWVudHNfY29va2llX2V4cGlyYXRpb24iOnsiYnVja2V0IjoxMjA5NjAwLCJ2ZXJzaW9uIjpudWxsfSwidGZ3X3Nob3dfYmlyZHdhdGNoX3Bpdm90c19lbmFibGVkIjp7ImJ1Y2tldCI6Im9uIiwidmVyc2lvbiI6bnVsbH0sInRmd19kdXBsaWNhdGVfc2NyaWJlc190b19zZXR0aW5ncyI6eyJidWNrZXQiOiJvbiIsInZlcnNpb24iOm51bGx9LCJ0ZndfdXNlX3Byb2ZpbGVfaW1hZ2Vfc2hhcGVfZW5hYmxlZCI6eyJidWNrZXQiOiJvbiIsInZlcnNpb24iOm51bGx9LCJ0ZndfdmlkZW9faGxzX2R5bmFtaWNfbWFuaWZlc3RzXzE1MDgyIjp7ImJ1Y2tldCI6InRydWVfYml0cmF0ZSIsInZlcnNpb24iOm51bGx9LCJ0ZndfbGVnYWN5X3RpbWVsaW5lX3N1bnNldCI6eyJidWNrZXQiOnRydWUsInZlcnNpb24iOm51bGx9LCJ0ZndfdHdlZXRfZWRpdF9mcm9udGVuZCI6eyJidWNrZXQiOiJvbiIsInZlcnNpb24iOm51bGx9fQ%3D%3D&amp;frame=false&amp;hideCard=false&amp;hideThread=false&amp;id=1965766267580580311&amp;lang=cs&amp;origin=https%3A%2F%2Freport24.news%2Fder-heilige-fauci-faellt-und-mit-ihm-das-corona-narrativ%2F&amp;sessionId=d3625b943eee83acac678aec27eac1b7b465b16b&amp;theme=light&amp;widgetsVersion=2615f7e52b7e0%3A1702314776716&amp;width=550px\" frameborder=\"0\" scrolling=\"no\" allowfullscreen=\"allowfullscreen\" data-tweet-id=\"1965766267580580311\" data-mce-fragment=\"1\"><\/iframe><\/div>\n<\/div>\n<\/figure>\n<p><span dir=\"auto\">Skute\u010dnost, \u017ee Fauci neust\u00e1le komunikoval nejen s politiky, ale tak\u00e9 se strukturami CIA, FBI a dokonce i Pentagonu, vrh\u00e1 celou \u201epandemii\u201c je\u0161t\u011b siln\u011bji do sv\u011btla, kter\u00e9 nep\u0159ipom\u00edn\u00e1 \u201evirem naka\u017een\u00e9ho netop\u00fdra\u201c, ale sp\u00ed\u0161e zorganizovan\u00fd projekt. Ka\u017ed\u00fd, kdo si p\u0159e\u010dte seznam, si rychle uv\u011bdom\u00ed: Pracovala zde mezin\u00e1rodn\u00ed s\u00ed\u0165, \u017eiven\u00e1 st\u00e1tn\u00edmi fondy a sou\u010dasn\u011b vyv\u00edjej\u00edc\u00ed politick\u00fd a medi\u00e1ln\u00ed vliv. V\u00fdsledkem byl sv\u011bt ve stavu nouze, kter\u00fd nalil miliardy do farmaceutick\u00fdch spekulant\u016f a trvale zm\u011bnil spole\u010dnost.<\/span><\/p>\n<p><span dir=\"auto\">Kl\u00ed\u010dovou ot\u00e1zkou nyn\u00ed je: Bude Fauci kone\u010dn\u011b pohn\u00e1n k odpov\u011bdnosti? Nebo i tato kapitola z\u016fstane fra\u0161kou, s n\u011bkolika symbolick\u00fdmi ob\u011btovan\u00fdmi figurkami, zat\u00edmco skute\u010dn\u00ed loutk\u00e1\u0159i budou i nad\u00e1le neru\u0161en\u011b jednat v pozad\u00ed? Tato ned\u016fv\u011bra je opr\u00e1vn\u011bn\u00e1, proto\u017ee politick\u00e1 t\u0159\u00edda ve Washingtonu m\u00e1 co ztratit. Fauci nebyl jen tak ledajak\u00fd st\u00e1tn\u00ed \u00fa\u0159edn\u00edk; byl tv\u00e1\u0159\u00ed koronavirov\u00e9 politiky, mu\u017eem, kter\u00e9ho otrocky n\u00e1sledovali i prezidenti. Pokud se nyn\u00ed uk\u00e1\u017ee, \u017ee tento \u201epan V\u011bda\u201c u\u017e l\u00e9ta podv\u00e1d\u00ed, kryje a ma\u017ee informace, pak budou z\u00e1klady cel\u00e9ho \u201epandemick\u00e9ho\u201c narativu k\u0159ehk\u00e9.<\/span><\/p>\n<p><span dir=\"auto\">Pokrytectv\u00ed je nesnesiteln\u00e9: Zat\u00edmco oby\u010dejn\u00ed ob\u010dan\u00e9 byli han\u011bni a kriminalizov\u00e1ni za to, \u017ee odm\u00edtali nosit rou\u0161ku, Fauci br\u00e1nil nezbytn\u00e9 transparentnosti \u017e\u00e1dostmi o smaz\u00e1n\u00ed a tajn\u00fdmi kan\u00e1ly. Zat\u00edmco l\u00e9ka\u0159i, kte\u0159\u00ed prov\u00e1d\u011bli alternativn\u00ed l\u00e9\u010dbu, riskovali nebo dokonce p\u0159i\u0161li o sv\u00e9 licence, nejvy\u0161\u0161\u00ed americk\u00fd zdravotnick\u00fd \u00fa\u0159edn\u00edk dovolil, aby mizely kritick\u00e9 informace. Zat\u00edmco miliony lid\u00ed kv\u016fli lockdown\u016fm p\u0159i\u0161ly o \u017eivobyt\u00ed, Fauci rozes\u00edlal e-maily s textem \u201ePros\u00edm o smaz\u00e1n\u00ed\u201c.<\/span><\/p>\n<figure class=\"wp-block-embed is-type-rich is-provider-twitter wp-block-embed-twitter\">\n<div class=\"wp-block-embed__wrapper\">\n<div class=\"twitter-tweet twitter-tweet-rendered\"><iframe id=\"twitter-widget-1\" class=\"\" title=\"X P\u0159\u00edsp\u011bvek\" src=\"https:\/\/platform.twitter.com\/embed\/Tweet.html?dnt=true&amp;embedId=twitter-widget-1&amp;features=eyJ0ZndfdGltZWxpbmVfbGlzdCI6eyJidWNrZXQiOltdLCJ2ZXJzaW9uIjpudWxsfSwidGZ3X2ZvbGxvd2VyX2NvdW50X3N1bnNldCI6eyJidWNrZXQiOnRydWUsInZlcnNpb24iOm51bGx9LCJ0ZndfdHdlZXRfZWRpdF9iYWNrZW5kIjp7ImJ1Y2tldCI6Im9uIiwidmVyc2lvbiI6bnVsbH0sInRmd19yZWZzcmNfc2Vzc2lvbiI6eyJidWNrZXQiOiJvbiIsInZlcnNpb24iOm51bGx9LCJ0ZndfZm9zbnJfc29mdF9pbnRlcnZlbnRpb25zX2VuYWJsZWQiOnsiYnVja2V0Ijoib24iLCJ2ZXJzaW9uIjpudWxsfSwidGZ3X21peGVkX21lZGlhXzE1ODk3Ijp7ImJ1Y2tldCI6InRyZWF0bWVudCIsInZlcnNpb24iOm51bGx9LCJ0ZndfZXhwZXJpbWVudHNfY29va2llX2V4cGlyYXRpb24iOnsiYnVja2V0IjoxMjA5NjAwLCJ2ZXJzaW9uIjpudWxsfSwidGZ3X3Nob3dfYmlyZHdhdGNoX3Bpdm90c19lbmFibGVkIjp7ImJ1Y2tldCI6Im9uIiwidmVyc2lvbiI6bnVsbH0sInRmd19kdXBsaWNhdGVfc2NyaWJlc190b19zZXR0aW5ncyI6eyJidWNrZXQiOiJvbiIsInZlcnNpb24iOm51bGx9LCJ0ZndfdXNlX3Byb2ZpbGVfaW1hZ2Vfc2hhcGVfZW5hYmxlZCI6eyJidWNrZXQiOiJvbiIsInZlcnNpb24iOm51bGx9LCJ0ZndfdmlkZW9faGxzX2R5bmFtaWNfbWFuaWZlc3RzXzE1MDgyIjp7ImJ1Y2tldCI6InRydWVfYml0cmF0ZSIsInZlcnNpb24iOm51bGx9LCJ0ZndfbGVnYWN5X3RpbWVsaW5lX3N1bnNldCI6eyJidWNrZXQiOnRydWUsInZlcnNpb24iOm51bGx9LCJ0ZndfdHdlZXRfZWRpdF9mcm9udGVuZCI6eyJidWNrZXQiOiJvbiIsInZlcnNpb24iOm51bGx9fQ%3D%3D&amp;frame=false&amp;hideCard=false&amp;hideThread=false&amp;id=1965817077706703113&amp;lang=cs&amp;origin=https%3A%2F%2Freport24.news%2Fder-heilige-fauci-faellt-und-mit-ihm-das-corona-narrativ%2F&amp;sessionId=d3625b943eee83acac678aec27eac1b7b465b16b&amp;theme=light&amp;widgetsVersion=2615f7e52b7e0%3A1702314776716&amp;width=550px\" frameborder=\"0\" scrolling=\"no\" allowfullscreen=\"allowfullscreen\" data-tweet-id=\"1965817077706703113\" data-mce-fragment=\"1\"><\/iframe><\/div>\n<\/div>\n<\/figure>\n<p><span dir=\"auto\">Rand Paul nyn\u00ed po\u017eaduje uvoln\u011bn\u00ed v\u0161ech komunika\u010dn\u00edch kan\u00e1l\u016f \u2013 od e-mail\u016f a textov\u00fdch zpr\u00e1v a\u017e po zpr\u00e1vy ze Signalu a WhatsAppu. Pokud by se na ve\u0159ejnost dostal by\u0165 jen zlomek t\u011bchto dat, mohlo by se to pro Fauciho a jeho s\u00ed\u0165 zkomplikovat. P\u0159esto skepticismus p\u0159etrv\u00e1v\u00e1: P\u0159\u00edli\u0161 \u010dasto jsme byli sv\u011bdky \u201eskand\u00e1l\u016f\u201c v americk\u00e9m syst\u00e9mu, kter\u00e9 byly rychle zakryty nov\u00fdm narativem. Tentokr\u00e1t je v\u0161ak tlak obrovsk\u00fd, d\u016fkazy p\u0159\u00edli\u0161 konkr\u00e9tn\u00ed a vzpom\u00ednka na proti\u00fastavn\u00ed donucovac\u00ed opat\u0159en\u00ed p\u0159\u00edli\u0161 \u010derstv\u00e1.<\/span><\/p>\n<p><span dir=\"auto\">Jedna v\u011bc je jasn\u00e1: Fauci se zap\u00ed\u0161e do d\u011bjin ne jako v\u011bdec, ale jako symbol jednoho z nejv\u011bt\u0161\u00edch politick\u00fdch a v\u011bdeck\u00fdch podvod\u016f na\u0161\u00ed doby. To, co d\u0159\u00edm\u00e1 v archivech, by mohlo definitivn\u011b dok\u00e1zat, \u017ee COVID-19 nebyl l\u00e9ka\u0159sk\u00fdm projektem, ale geopolitick\u00fdm. A p\u0159esn\u011b toho se ve Washingtonu nejv\u00edce boj\u00ed.<\/span><\/p>\n<p><img decoding=\"async\" loading=\"lazy\" class=\"alignnone size-full wp-image-1185\" src=\"http:\/\/www.infokuryr.cz\/n\/wp-content\/uploads\/2021\/04\/kuryr-podpis.png\" alt=\"\" width=\"84\" height=\"24\" \/><\/p>\n<p><img decoding=\"async\" loading=\"lazy\" class=\"wp-image-86739 aligncenter\" src=\"http:\/\/www.infokuryr.cz\/n\/wp-content\/uploads\/2025\/08\/volby-program-211x300.png\" alt=\"\" width=\"756\" height=\"1075\" srcset=\"https:\/\/www.infokuryr.cz\/n\/wp-content\/uploads\/2025\/08\/volby-program-211x300.png 211w, https:\/\/www.infokuryr.cz\/n\/wp-content\/uploads\/2025\/08\/volby-program-721x1024.png 721w, https:\/\/www.infokuryr.cz\/n\/wp-content\/uploads\/2025\/08\/volby-program-768x1091.png 768w, https:\/\/www.infokuryr.cz\/n\/wp-content\/uploads\/2025\/08\/volby-program-1081x1536.png 1081w, https:\/\/www.infokuryr.cz\/n\/wp-content\/uploads\/2025\/08\/volby-program-1442x2048.png 1442w, https:\/\/www.infokuryr.cz\/n\/wp-content\/uploads\/2025\/08\/volby-program-1024x1455.png 1024w\" sizes=\"(max-width: 756px) 100vw, 756px\" \/><\/p>\n","protected":false},"excerpt":{"rendered":"<p>Pokud bude ikona \u201eV\u011bdy\u2122\u201c p\u0159isti\u017eena p\u0159i skartov\u00e1n\u00ed dokument\u016f, dome\u010dek z karet se kone\u010dn\u011b zhrout\u00ed. Anthony&#8230;<\/p>\n","protected":false},"author":2,"featured_media":87667,"comment_status":"closed","ping_status":"closed","sticky":false,"template":"","format":"standard","meta":[],"categories":[7],"tags":[23,549,497],"_links":{"self":[{"href":"https:\/\/www.infokuryr.cz\/n\/wp-json\/wp\/v2\/posts\/87666"}],"collection":[{"href":"https:\/\/www.infokuryr.cz\/n\/wp-json\/wp\/v2\/posts"}],"about":[{"href":"https:\/\/www.infokuryr.cz\/n\/wp-json\/wp\/v2\/types\/post"}],"author":[{"embeddable":true,"href":"https:\/\/www.infokuryr.cz\/n\/wp-json\/wp\/v2\/users\/2"}],"replies":[{"embeddable":true,"href":"https:\/\/www.infokuryr.cz\/n\/wp-json\/wp\/v2\/comments?post=87666"}],"version-history":[{"count":0,"href":"https:\/\/www.infokuryr.cz\/n\/wp-json\/wp\/v2\/posts\/87666\/revisions"}],"wp:featuredmedia":[{"embeddable":true,"href":"https:\/\/www.infokuryr.cz\/n\/wp-json\/wp\/v2\/media\/87667"}],"wp:attachment":[{"href":"https:\/\/www.infokuryr.cz\/n\/wp-json\/wp\/v2\/media?parent=87666"}],"wp:term":[{"taxonomy":"category","embeddable":true,"href":"https:\/\/www.infokuryr.cz\/n\/wp-json\/wp\/v2\/categories?post=87666"},{"taxonomy":"post_tag","embeddable":true,"href":"https:\/\/www.infokuryr.cz\/n\/wp-json\/wp\/v2\/tags?post=87666"}],"curies":[{"name":"wp","href":"https:\/\/api.w.org\/{rel}","templated":true}]}}