{"id":87631,"date":"2025-09-12T06:01:35","date_gmt":"2025-09-12T04:01:35","guid":{"rendered":"https:\/\/www.infokuryr.cz\/n\/?p=87631"},"modified":"2025-09-12T06:01:35","modified_gmt":"2025-09-12T04:01:35","slug":"miroslav-kelnar-pripomenuti-nasim-milym-henleinovskym-spoluobcanum-2","status":"publish","type":"post","link":"https:\/\/www.infokuryr.cz\/n\/2025\/09\/12\/miroslav-kelnar-pripomenuti-nasim-milym-henleinovskym-spoluobcanum-2\/","title":{"rendered":"Miroslav Kelnar: P\u0159ipomenut\u00ed na\u0161im \u201emil\u00fdm Henleinovsk\u00fdm spoluob\u010dan\u016fm\u201c"},"content":{"rendered":"<div id=\"fb-root\"><\/div>\n<p>Navazuji na sv\u016fj\u00a0<a href=\"https:\/\/narodnidemokracie.cz\/ing-miroslav-kelnar-pripomenuti-nasim-milym-henleinovskym-spoluobcanum\/\">d\u0159\u00edv\u011bj\u0161\u00ed \u010dl\u00e1nek<\/a>,\u00a0kdy se zde chci op\u011bt zab\u00fdvat t\u00e9matem \u010cesko \u2013 sudetsk\u00fdch vztah\u016f v obdob\u00ed kolem 2. sv\u011btov\u00e9 v\u00e1lky a peripeti\u00ed t\u011bchto vztah\u016f prov\u00e1zej\u00edc\u00edch v\u00fdvoj situace na v\u00fdchodn\u00ed i z\u00e1padn\u00ed front\u011b.<\/p>\n<p>V pop\u0159evratov\u00e9m obdob\u00ed po roce 1989 se zde bylo mo\u017eno setkat s pokusy tu n\u011bkdy l\u00ed\u010dit vztahy mezi \u010cechy a N\u011bmci v 1. republice jako harmonick\u00e9, tedy ty vztahy, kter\u00e9 tu existovaly do doby, ne\u017e tyto vztahy mezi \u010cechy a N\u011bmci za\u010daly b\u00fdt negativn\u011b ovliv\u0148ov\u00e1ny Hitlerem. Takov\u00e9to pokusy idealizovat vztahy mezi \u010cechy a N\u011bmci neodpov\u00eddaj\u00ed pln\u011b realit\u011b. V\u017edy zde bylo d\u011blen\u00ed: \u201eJ\u00e1 jsem \u010cech a ty jsi N\u011bmec\u201c.<\/p>\n<p><img decoding=\"async\" loading=\"lazy\" class=\"alignleft\" src=\"https:\/\/narodnidemokracie.cz\/wp-content\/uploads\/2025\/09\/Bez-nazvu.jpg\" width=\"433\" height=\"439\" \/><\/p>\n<p>Ty vztahy mezi ob\u011bma n\u00e1rody se vyhrotily u\u017e v\u00a0dob\u011b, kdy se tvo\u0159ilo samostatn\u00e9 \u010ceskoslovensko v\u00a0roce 1918, kdy se N\u011bmci us\u00eddlen\u00ed v\u00a0Sudetech poprv\u00e9 usilovali o odtr\u017een\u00ed od \u010desk\u00fdch zem\u00ed. D\u016fvodem pro tyto pokusy byl strach, \u017ee N\u011bmci ztrat\u00ed svoje v\u00fdsadn\u00ed postaven\u00ed v\u00a0t\u00e9to republice, kter\u00e9 tu m\u011bli za doby, kdy nad \u010desk\u00fdm n\u00e1rodem vl\u00e1dli Habsburkov\u00e9.<\/p>\n<p align=\"justify\">\u00a0\u00a0\u00a0Je nutno dodat, \u017ee\u00a0<strong>N\u011bmci tu po vzniku \u010ceskoslovenska dostali v\u00edce sv\u00fdch men\u0161inov\u00fdch pr\u00e1v, ne\u017e bylo v\u00a0t\u00e9 dob\u011b v\u00a0jin\u00fdch zem\u00edch b\u011b\u017en\u00e9<\/strong>. A tvrzen\u00ed, \u017ee N\u011bmci byli v\u00a0obdob\u00ed 1. republiky loaj\u00e1ln\u00edmi ob\u010dany \u010ceskoslovenska, a \u017ee tu vz\u00e1jemnou nen\u00e1vist rozdm\u00fdchal a\u017e Hitler, nen\u00ed pravdiv\u00e9. Hitler t\u011bmto Sude\u0165\u00e1k\u016fm v po\u010d\u00e1tku jen zhmotnil ty jejich sny, \u017ee se vr\u00e1t\u00ed do v\u00fdsadn\u00edho postaven\u00ed v\u016f\u010di n\u00e1m \u010cech\u016fm a podlo\u017eil tyto jejich nad\u011bje agresivn\u00ed r\u00e9torikou v\u016f\u010di Slovan\u016fm s dopln\u011bn\u00edm o tvrzen\u00ed o m\u00e9n\u011bcennosti n\u00e1s Slovan\u016f. Kdo by na stran\u011b N\u011bmc\u016f takov\u00e9to lichotky necht\u011bl sly\u0161et? Tato fale\u0161n\u00e1 propagandistick\u00e1 tvrzen\u00ed pak vygradovala a\u017e k\u00a0po\u017eadavku Sude\u0165\u00e1k\u016f na odtrhnut\u00ed Sudet od \u010desk\u00fdch zem\u00ed.<\/p>\n<p align=\"justify\">\u00a0\u00a0\u00a0\u00a0\u00a0Nen\u00ed snad t\u0159eba opakovat, \u017ee Sudety jsou historicky \u010desk\u00fdm \u00fazem\u00edm spravovan\u00fdm \u010desk\u00fdmi kr\u00e1li, a \u017ee N\u011bmci sem byli pozv\u00e1n\u00ed, aby obsadili pohrani\u010dn\u00ed neobydlen\u00e1 \u00fazem\u00ed \u010desk\u00e9ho kr\u00e1lovstv\u00ed, a tento transfer n\u011bmeck\u00e9ho obyvatelstva na \u010desk\u00e9 \u00fazem\u00ed prob\u00edhal u\u017e za vl\u00e1dy V\u00e1clava I, to je ve 12. stolet\u00ed. Toto jsou nezpochybniteln\u00e1 fakta.<\/p>\n<p align=\"justify\">\u00a0\u00a0\u00a0K charakterizov\u00e1n\u00ed vztah\u016f mezi \u010cechy a N\u011bmci za 1. republiky bych vyu\u017eil slova jednoho sv\u00e9ho b\u00fdval\u00e9ho kolegy z Brna, kter\u00fd za\u017eil je\u0161t\u011b dobu 30. let minul\u00e9ho stolet\u00ed, tedy dobu, kdy je\u0161t\u011b vztahy mezi \u010cechy a N\u011bmci nebyly infikov\u00e1ny Hitlerem. V Brn\u011b, jak je zn\u00e1mo, byla siln\u00e1 p\u0159edv\u00e1le\u010dn\u00e1 n\u011bmeck\u00e1 diaspora a ten m\u016fj d\u00e1vn\u00fd kolega mi ty vz\u00e1jemn\u00e9 vztahy s N\u011bmci p\u0159ibl\u00ed\u017eil asi takto.<em>\u00a0\u201eMy \u010de\u0161t\u00ed kluci z Brna jsme m\u011bli svoji partu kluk\u016f a N\u011bmci z Brna zase m\u011bli svoji partu kluk\u016f, a kdy\u017e jsme se potkali na ulici, tak jsme se pobili, a pro\u010d jsme se pobili? No proto\u017ee my jsme byli \u010ce\u0161i a oni N\u011bmci.\u201c<\/em>\u00a0Tak\u017ee to n\u00e1rodnostn\u00ed d\u011blen\u00ed zde bylo odjak\u017eiva a za\u010d\u00ednalo platit ji\u017e od d\u011btsk\u00fdch let.<\/p>\n<p align=\"justify\">\u00a0\u00a0\u00a0\u00a0To byl jen takov\u00fd mal\u00fd exkurz do vztah\u016f \u010cech\u016f a N\u011bmc\u016f p\u0159ed 2. sv\u011btovou v\u00e1lkou, ale chci se zde sp\u00ed\u0161e v\u011bnovat vztah\u016fm mezi \u010cechy a N\u011bmci na konci Druh\u00e9 sv\u011btov\u00e9 v\u00e1lky, kdy\u017e u\u017e bylo jasn\u00e9, \u017ee ta v\u00e1lka je na v\u00fdchodn\u00ed front\u011b prohran\u00e1 a \u017ee je jen ot\u00e1zkou \u010dasu, kdy Rud\u00e1 arm\u00e1da obsad\u00ed \u010ceskoslovensko. \u0158ekn\u011bme si pravdu, \u017ee ta bl\u00e1hov\u00e1 nad\u011bje na zvrat ve v\u00e1lce na stran\u011b N\u011bmc\u016f nebyla \u00fapln\u011b neopodstatn\u011bn\u00e1 a vych\u00e1zela i z toho, \u017ee se nakonec mohou domluvit z\u00e1padn\u00ed spojenci s Hitlerem a p\u016fjdou nakonec spole\u010dn\u011b v\u00e1l\u010dit proti Rud\u00e9 arm\u00e1d\u011b. Odhalen byl ned\u00e1vno pl\u00e1n Churchilla z roku 1945 pro operaci s n\u00e1zvem \u201eNemysliteln\u00e9\u201c, potvrzuj\u00edc\u00ed, \u017ee takov\u00e9 pl\u00e1ny na spole\u010dn\u00e9 ta\u017een\u00ed Hitlerovc\u016f se z\u00e1padn\u00edmi arm\u00e1dami proti Sov\u011btsk\u00e9mu svazu a jeho spojenc\u016fm, \u017ee tu na konci v\u00e1lky skute\u010dn\u011b existovaly.<\/p>\n<p align=\"justify\">\u00a0\u00a0\u00a0\u00a0To m\u00e9 hlavn\u00ed sd\u011blen\u00ed, kter\u00e9 chci ve sv\u00e9m \u010dl\u00e1nku vyslovit, se t\u00fdk\u00e1 konce v\u00e1lky v Sudetech a jde konkr\u00e9tn\u011b o osud tzv.\u00a0<a href=\"https:\/\/www.gruntova.cz\/druha-svetova-valka\/vysadek-gustava-schneidera\" target=\"_blank\" rel=\"noopener\">Schneiderova v\u00fdsadku<\/a>\u00a0shozen\u00e9ho na konci ledna 1945 na pomez\u00ed Sudet a zbytku \u010desk\u00fdch zem\u00ed, kdy ji\u017e i ti nejzaryt\u011bj\u0161\u00ed fa\u0161ist\u00e9 v Berl\u00edn\u011b p\u0159est\u00e1vali doufat, \u017ee by N\u011bmecko mohlo je\u0161t\u011b tuto v\u00e1lku vyhr\u00e1t. V\u017edy\u0165 v konci ledna 1945 se hrnula Rud\u00e1 arm\u00e1da Polskem a byla u\u017e na \u0159ece Od\u0159e. A pr\u00e1v\u011b v tuto dobu byl vysazen paradesant Gustava Schneidera, zvan\u00fd tak\u00e9 jako Borka\u0148uk a nebo Komensk\u00fd, na teritoria, kde se m\u00edsilo osazenstvo \u010cech\u016f a N\u011bmc\u016f, a to byl pr\u00e1v\u011b region Moravsk\u00e9 T\u0159ebov\u00e9 a Svitavska. A pr\u00e1v\u011b proto byli do t\u00e9to partyz\u00e1nsk\u00e9 skupiny zahrnuti i 4 N\u011bmci se Sudet jako spojovac\u00ed \u010dl\u00e1nek na sudetsk\u00e9 N\u011bmce, kte\u0159\u00ed m\u011bli napomoci komunikaci s m\u00edstn\u00edm obyvatelstvem.<\/p>\n<p align=\"justify\">\u00a0\u00a0\u00a0\u00a0Ale n\u011bkdo, kdo pl\u00e1noval tento v\u00fdsadek, podcenil zdej\u0161\u00ed N\u011bmce, podcenil jejich profa\u0161istick\u00fd fanatismus. Tato skupina byla vysazena dne 22. 1. 1945 u obce Pohledy na Svitavsku. A jak tito partyz\u00e1ni po seskoku zaklepali v noci na prvn\u00ed sude\u0165\u00e1ck\u00fd d\u016fm na okraji obce Pohledy se \u017e\u00e1dost\u00ed o pomoc, tak m\u00edsto pomoci se do\u010dkali prav\u00e9ho opaku.<\/p>\n<p align=\"justify\">\u00a0\u00a0\u00a0\u00a0Ten doty\u010dn\u00fd majitel domu (Jan Rohatshek) je\u0161t\u011b v noci zorganizoval m\u00edstn\u00ed domobranu a Sude\u0165\u00e1ci se za\u010dali ozbrojovat a p\u0159ipravovat se na boj s partyz\u00e1ny. P\u0159itom ale takt\u00e9\u017e zbuntovali druh\u00fd den r\u00e1no ve\u0161ker\u00e9 SS a gestap\u00e1ck\u00e9 jednotky v okol\u00ed t\u011bchto dvou okres\u016f. Zat\u00edmco \u010de\u0161t\u00ed ob\u010dan\u00e9 partyz\u00e1n\u016fm pomohli, nap\u0159\u00edklad z obce B\u011bl\u00e1 \u2013 Malon\u00edn, kde man\u017eel\u00e9 \u0160vancarovi nechali u sebe partyz\u00e1ny p\u0159espat, tak Sude\u0165\u00e1ci se aktivn\u011b z\u00fa\u010dastnili honu na partyz\u00e1ny. Nakonec po 4 dnech fa\u0161istick\u00e9 jednotky partyz\u00e1ny obkl\u00ed\u010dily u m\u011bste\u010dka P\u0159edn\u00ed Arno\u0161tov, kde prob\u011bhl jejich posledn\u00ed boj s n\u011bmeck\u00fdmi jednotami. Z\u016fstal \u017eiv jen jeden sov\u011btsk\u00fd partyz\u00e1n \u010cerepenko, kter\u00fd byl do konce v\u00e1lky ukryt u jedn\u00e9 \u010ce\u0161ky v obci Hrani\u010dky.<\/p>\n<p align=\"justify\">\u00a0\u00a0\u00a0Chci t\u00edmto demonstrovat, \u017ee\u00a0<strong>je\u0161t\u011b na konci v\u00e1lky, kdy u\u017e i n\u011bkte\u0159\u00ed \u010deln\u00ed nacisti\u010dt\u00ed pohlav\u00e1\u0159i hledali kontakty na spojence, aby si zajistili lep\u0161\u00ed zach\u00e1zen\u00ed po skon\u010den\u00ed v\u00e1lky, tak fanati\u010dt\u00ed sudet\u0161t\u00ed N\u011bmci na \u010desk\u00e9m \u00fazem\u00ed byli je\u0161t\u011b ochotni kdykoliv ud\u00e1vat \u010cechy, ale i t\u0159eba N\u011bmce z vlastn\u00edch \u0159ad, kte\u0159\u00ed by se za\u010dali odvracet od nacistick\u00e9 propagandy.<\/strong>\u00a0Tak mi to p\u0159ipom\u00edn\u00e1 ten \u201eneslavn\u00fd\u201c projev Goebbelse z \u00fanora 1943 p\u0159ed zapln\u011bnou sportovn\u00ed halou, kde Goebbels \u0159ve<em>\u00a0\u201eChcete tot\u00e1ln\u00ed v\u00e1lku?\u201c<\/em>\u00a0A hala \u0161\u00edl\u00ed, a odpov\u00edd\u00e1, \u017ee chce.<\/p>\n<p align=\"justify\">\u00a0\u00a0\u00a0Cituji n\u00ed\u017ee z \u010dl\u00e1nku\u00a0<a href=\"https:\/\/www.gruntova.cz\/druha-svetova-valka\/vysadek-gustava-schneidera\" target=\"_blank\" rel=\"noopener\">\u201e<\/a>V\u00fdsadek Gustava Schneidera\u201c, kde\u00a0je pops\u00e1n pod\u00edl t\u011bchto m\u00edstn\u00edch sudetsk\u00fdch N\u011bmc\u016f z\u00a0obce Pohledy na likvidaci tohoto deseti\u010dlenn\u00e9ho desantu Gustava Schneidera:<\/p>\n<p align=\"justify\">\u201e<i>Je t\u0159eba konstatovat, \u017ee n\u011bmeck\u00e9 obyvatelstvo Moravskot\u0159ebovska i Svitavska bylo velmi aktivn\u00ed p\u0159i pron\u00e1sledov\u00e1n\u00ed v\u00fdsadku Gustava Schneidera a velkou m\u011brou p\u0159isp\u011blo k jeho likvidaci. Na druh\u00e9 stran\u011b v tomto moravsk\u00e9m regionu \u017eili state\u010dn\u00ed lid\u00e9, kte\u0159\u00ed nev\u00e1hali poskytnout pomoc para\u0161utist\u016fm, kte\u0159\u00ed riskovali sv\u00e9 \u017eivoty. Obdivuhodnou state\u010dnost projevila mladi\u010dk\u00e1 Bronislava Mackov\u00e1, kter\u00e1 pom\u00e1hala I. K. \u010cerepenkovi. Pe\u010dovala o zran\u011bn\u00e9ho sov\u011btsk\u00e9ho para\u0161utistu v dob\u011b, kdy v okol\u00ed\u00a0 skupina Viktora Kru\u017eilina (Jermak) aktivn\u011b vystupovala proti nacist\u016fm a kdy partyz\u00e1ni zast\u0159elili t\u0159i n\u011bmeck\u00e9 \u010detn\u00edky v nedalek\u00e9m hostinci u \u0160vec\u016f ve Vranov\u00e9, kdy gestapo organizovalo po partyz\u00e1nech velk\u00e9 p\u00e1tr\u00e1n\u00ed. Falt\u00fdnkovi, Frodlovi, rodina Pokorn\u00fdch i dal\u0161\u00ed projevili nesm\u00edrnou odvahu, kdy\u017e pomohli zran\u011bn\u00e9mu \u010cerepenkovi, kter\u00fd p\u0159es sv\u00e9 t\u011blesn\u00e9 posti\u017een\u00ed, omrzl\u00fd a hladov\u00fd hledal sv\u00e9 spolubojovn\u00edky\u201c.<\/i><\/p>\n<p align=\"justify\"><img decoding=\"async\" loading=\"lazy\" class=\"wp-image-85920 aligncenter\" src=\"http:\/\/www.infokuryr.cz\/n\/wp-content\/uploads\/2025\/08\/pozvaniV-300x140.jpg\" alt=\"\" width=\"718\" height=\"335\" srcset=\"https:\/\/www.infokuryr.cz\/n\/wp-content\/uploads\/2025\/08\/pozvaniV-300x140.jpg 300w, https:\/\/www.infokuryr.cz\/n\/wp-content\/uploads\/2025\/08\/pozvaniV.jpg 925w\" sizes=\"(max-width: 718px) 100vw, 718px\" \/><\/p>\n<p align=\"justify\">\u00a0\u00a0\u00a0<strong>A te\u010f si p\u0159edstavte, \u017ee potomci t\u011bchto Sude\u0165\u00e1k\u016f z\u00a0Pohled u Svitav n\u00e1m \u010cech\u016fm dnes budou vy\u010d\u00edtat, \u017ee jsme s\u00a0nimi nalo\u017eili nespravedliv\u011b, a \u017ee jsme je vyhnali z\u00a0na\u0161\u00ed republiky a p\u0159ipravili je o majetek atd<\/strong>. V\u017edy\u0165 mo\u017en\u00e1 sta\u010dilo, aby ten udava\u010d Rohatshek jen ml\u010del a po v\u00e1lce vyu\u017eil argumentu, \u017ee nebyl fanatick\u00fdm N\u011bmcem, \u017ee mohl zradit para\u0161utistick\u00fd v\u00fdsadek Schneider, ale \u017ee tak neu\u010dinil, a mohl by zde v\u00a0republice po v\u00e1lce snad i z\u016fstat. Byla to jejich sude\u0165\u00e1ck\u00e1 volba.<\/p>\n<p align=\"justify\">\u00a0\u00a0Na z\u00e1v\u011br mus\u00edm konstatovat \u017ee d\u00edky profesion\u00e1ln\u00ed st\u00e1tnick\u00e9 politice Bene\u0161e a rozumn\u00e9 politice za socialismu, kde se nikomu zde v\u00a0\u010ceskoslovensku jeho n\u00e1rodnostn\u00ed pr\u00e1va neup\u00edrala, ale tak\u00e9 se nikomu nevnucovala, se poda\u0159ilo vy\u0159e\u0161it sta\u0159i\u010dk\u00fd probl\u00e9m existuj\u00edc\u00ed zde v\u00a0t\u00e9to republice po stalet\u00ed, a to probl\u00e9m mezi \u010cechy a N\u011bmci. Ten probl\u00e9m zde zanikl a my z 1. pov\u00e1le\u010dn\u00e9 \u010desk\u00e9 generace jsme nikdy netu\u0161ili, \u017ee se m\u016f\u017ee znovu ot\u00e1zka Sude\u0165\u00e1k\u016f dostat op\u011bt na p\u0159et\u0159es. A p\u0159edstavte si, \u017ee\u00a0<strong>Fialova vl\u00e1da za\u010dala znovu otev\u00edrat tu Pando\u0159inu sk\u0159\u00ed\u0148ku a za\u010dala zde N\u011bmc\u016fm vnucovat pr\u00e1va, o kter\u00e1 tu ani nikdo ne\u017e\u00e1dal.<\/strong>\u00a0V\u017edy\u0165 u\u017e tu ne\u017eij\u00ed ani ti, kte\u0159\u00ed by o tato pr\u00e1va mohli \u017e\u00e1dat.<\/p>\n<p align=\"justify\">\u00a0\u00a0\u00a0\u00a0Mluv\u00edm tu o opat\u0159en\u00ed, \u017ee v 8 vybran\u00fdch sude\u0165\u00e1ck\u00fdch okresech bude\u00a0<a href=\"https:\/\/www.youtube.com\/watch?v=IkSNZ5xPA8s\" target=\"_blank\" rel=\"noopener\">druh\u00fdm \u00fa\u0159edn\u00edm jazykem n\u011bm\u010dina<\/a>. A pr\u00e1v\u011b toto opat\u0159en\u00ed o druh\u00e9m \u00fa\u0159edn\u00edm jazyku se vztahuje i na okres Svitavy, kde le\u017e\u00ed ta zm\u00edn\u011bn\u00e1 ves Pohledy. A pon\u011bvad\u017e i j\u00e1 z tohoto svitavsk\u00e9ho okresu poch\u00e1z\u00edm a p\u00e1tr\u00e1m marn\u011b ve sv\u00e9 pam\u011bti, \u017ee bych tu n\u011bkdy potkal n\u011bkoho, kdo se hl\u00e1s\u00ed k n\u011bmeck\u00e9 n\u00e1rodnosti a um\u011bl by jen N\u011bmecky a ne \u010cesky, tedy krom\u011b turist\u016f, tak pova\u017euji toto opat\u0159en\u00ed za bizardn\u00ed.<\/p>\n<p align=\"justify\">\u00a0 \u00a0\u00a0<strong>Tak se pt\u00e1m, zbl\u00e1znila se tato Fialova vl\u00e1da ji\u017e \u00fapln\u011b? Jak to m\u00e1 b\u011b\u017en\u00fd ob\u010dan ch\u00e1pat?<\/strong>\u00a0\u017de se te\u010f bude cel\u00fd m\u011bstsk\u00fd \u00fa\u0159ad ve m\u011bstech z t\u011bchto 8 okres\u016f u\u010dit n\u011bmecky pro p\u0159\u00edpad, \u017ee tam jednou za rok p\u0159ijde k nim n\u011bkdo a \u0159ekne:\u00a0<em>\u201eJ\u00e1 sice um\u00edm stejn\u011b dob\u0159e \u010cesky jako N\u011bmecky, ale j\u00e1 m\u00e1m p\u0159ece pr\u00e1vo zde pou\u017e\u00edvat sv\u016fj n\u00e1rodn\u00ed jazyk, a tak j\u00e1 toto pr\u00e1vo vy\u017eaduji\u201c.<\/em>\u00a0Nejde tu u\u017e ani tak o Sude\u0165\u00e1ky, ale nelze si nev\u0161imnout, jak Fialova vl\u00e1da ve zrychlen\u00e9m re\u017eimu z\u00e1sobuje \u010desk\u00fd prostor imigranty jin\u00fdch etnik, a je mo\u017eno o\u010dek\u00e1vat, \u017ee nebude dlouho trvat, ne\u017e se tato jin\u00e1 etnika za\u010dnou zde v na\u0161\u00ed zemi dom\u00e1hat \u201esv\u00fdch n\u00e1rodnostn\u00edch pr\u00e1v\u201c.<\/p>\n<p align=\"justify\">\u00a0 \u00a0 \u00a0\u00a0Co je v\u00a0pozad\u00ed t\u011bchto aktivit? Podle m\u00e9ho, jen ta\u00a0<strong>naprosto n\u00edzk\u00e1 snaha Fialovy vl\u00e1dy se n\u011bkomu vet\u0159\u00ed do p\u0159\u00edzn\u011b<\/strong>. K tomu si p\u0159idejte \u00fa\u010dast ministra Beka na sjezdu Sude\u0165\u00e1k\u016f v N\u011bmecku a pozv\u00e1n\u00ed v\u016f\u010di Sude\u0165\u00e1k\u016fm, aby si sv\u016fj p\u0159\u00ed\u0161t\u00ed sude\u0165\u00e1ck\u00fd sjezd kraj\u00e1nk\u016f ud\u011blali zde v Brn\u011b. A nelze ani nevzpomenout na \u00fapornou snahu Petra Pavla o vr\u00e1cen\u00ed majetku \u0161lechtick\u00e9mu rodu Lichten\u0161tejn\u016f prost\u0159ednictv\u00edm n\u011bjak\u00e9ho spole\u010dn\u00e9ho fondu, do kter\u00e9ho bude vlo\u017een majetek zabaven\u00fd Lichten\u0161tejn\u016fm na z\u00e1klad\u011b Bene\u0161ov\u00fdch dekret\u016f. Jedn\u00e1 se tu zcela evidentn\u011b o snahu PePy, jak n\u011bkolika postupn\u00fdmi kroky\u00a0<strong>p\u0159ipravit p\u016fdu pro prolomen\u00ed Bene\u0161ov\u00fdch dekret\u016f v p\u0159\u00edpad\u011b rodu Lichten\u0161tejn\u016f<\/strong>.<\/p>\n<p align=\"justify\">\u00a0\u00a0\u00a0\u00a0\u00a0Vid\u00edme tu zcela nezakryt\u011b, \u017ee jsme se nalodili na n\u011bjakou nebezpe\u010dnou trajektorii, ze kter\u00e9 u\u017e nen\u00ed cesty zp\u00e1tky. \u010cechy se staly po 2. sv\u011btov\u00e9 v\u00e1lce jedno-n\u00e1rodnostn\u00ed zem\u00ed, kde vymizely ve\u0161ker\u00e9 n\u00e1rodnostn\u00ed t\u0159enice, a to n\u011bkomu z\u0159ejm\u011b vad\u00ed a chce tento stav zm\u011bnit.<\/p>\n<p align=\"justify\">\u00a0\u00a0\u00a0\u00a0Obr\u00e1zek pomn\u00edk\u016f para\u0161utist\u016f u obce P\u0159edn\u00ed Arno\u0161tov jsem po\u0159\u00eddil toto l\u00e9to, kdy jsem u tohoto pam\u00e1tn\u00edku vzdal t\u011bmto hrdin\u016fm svoji \u00factu.<\/p>\n<p align=\"justify\"><em>Ing. Miroslav Kelnar, \u010dlen N\u00e1rodn\u00ed demokracie<\/em><\/p>\n<p align=\"justify\"><img decoding=\"async\" loading=\"lazy\" class=\"alignnone size-full wp-image-87632\" src=\"http:\/\/www.infokuryr.cz\/n\/wp-content\/uploads\/2025\/09\/kelnar.jpg\" alt=\"\" width=\"200\" height=\"259\" \/><\/p>\n<p align=\"justify\"><img decoding=\"async\" loading=\"lazy\" class=\"wp-image-86927 aligncenter\" src=\"http:\/\/www.infokuryr.cz\/n\/wp-content\/uploads\/2025\/09\/letak-volby-2025-konference-3-212x300.png\" alt=\"\" width=\"778\" height=\"1101\" srcset=\"https:\/\/www.infokuryr.cz\/n\/wp-content\/uploads\/2025\/09\/letak-volby-2025-konference-3-212x300.png 212w, https:\/\/www.infokuryr.cz\/n\/wp-content\/uploads\/2025\/09\/letak-volby-2025-konference-3-724x1024.png 724w, https:\/\/www.infokuryr.cz\/n\/wp-content\/uploads\/2025\/09\/letak-volby-2025-konference-3-768x1086.png 768w, https:\/\/www.infokuryr.cz\/n\/wp-content\/uploads\/2025\/09\/letak-volby-2025-konference-3-1086x1536.png 1086w, https:\/\/www.infokuryr.cz\/n\/wp-content\/uploads\/2025\/09\/letak-volby-2025-konference-3-1448x2048.png 1448w, https:\/\/www.infokuryr.cz\/n\/wp-content\/uploads\/2025\/09\/letak-volby-2025-konference-3-1024x1448.png 1024w\" sizes=\"(max-width: 778px) 100vw, 778px\" \/><\/p>\n","protected":false},"excerpt":{"rendered":"<p>Navazuji na sv\u016fj\u00a0d\u0159\u00edv\u011bj\u0161\u00ed \u010dl\u00e1nek,\u00a0kdy se zde chci op\u011bt zab\u00fdvat t\u00e9matem \u010cesko \u2013 sudetsk\u00fdch vztah\u016f v&#8230;<\/p>\n","protected":false},"author":2,"featured_media":81850,"comment_status":"closed","ping_status":"closed","sticky":false,"template":"","format":"standard","meta":[],"categories":[6],"tags":[398,1503,7378],"_links":{"self":[{"href":"https:\/\/www.infokuryr.cz\/n\/wp-json\/wp\/v2\/posts\/87631"}],"collection":[{"href":"https:\/\/www.infokuryr.cz\/n\/wp-json\/wp\/v2\/posts"}],"about":[{"href":"https:\/\/www.infokuryr.cz\/n\/wp-json\/wp\/v2\/types\/post"}],"author":[{"embeddable":true,"href":"https:\/\/www.infokuryr.cz\/n\/wp-json\/wp\/v2\/users\/2"}],"replies":[{"embeddable":true,"href":"https:\/\/www.infokuryr.cz\/n\/wp-json\/wp\/v2\/comments?post=87631"}],"version-history":[{"count":0,"href":"https:\/\/www.infokuryr.cz\/n\/wp-json\/wp\/v2\/posts\/87631\/revisions"}],"wp:featuredmedia":[{"embeddable":true,"href":"https:\/\/www.infokuryr.cz\/n\/wp-json\/wp\/v2\/media\/81850"}],"wp:attachment":[{"href":"https:\/\/www.infokuryr.cz\/n\/wp-json\/wp\/v2\/media?parent=87631"}],"wp:term":[{"taxonomy":"category","embeddable":true,"href":"https:\/\/www.infokuryr.cz\/n\/wp-json\/wp\/v2\/categories?post=87631"},{"taxonomy":"post_tag","embeddable":true,"href":"https:\/\/www.infokuryr.cz\/n\/wp-json\/wp\/v2\/tags?post=87631"}],"curies":[{"name":"wp","href":"https:\/\/api.w.org\/{rel}","templated":true}]}}