{"id":87596,"date":"2025-09-12T00:31:41","date_gmt":"2025-09-11T22:31:41","guid":{"rendered":"https:\/\/www.infokuryr.cz\/n\/?p=87596"},"modified":"2025-09-11T18:47:44","modified_gmt":"2025-09-11T16:47:44","slug":"usa-zrusily-sankce-vuci-beloruskym-narodnim-leteckym-spolecnostem","status":"publish","type":"post","link":"https:\/\/www.infokuryr.cz\/n\/2025\/09\/12\/usa-zrusily-sankce-vuci-beloruskym-narodnim-leteckym-spolecnostem\/","title":{"rendered":"USA zru\u0161ily sankce v\u016f\u010di b\u011blorusk\u00fdm n\u00e1rodn\u00edm leteck\u00fdm spole\u010dnostem"},"content":{"rendered":"<div id=\"fb-root\"><\/div>\n<h3>Belavia byla v roce 2023 za\u0159azena na \u010dernou listinu Bidenovou administrativou kv\u016fli \u00fadajn\u00fdm volebn\u00edm podvod\u016fm a konfliktu na Ukrajin\u011b<\/h3>\n<p><span dir=\"auto\">Washington zru\u0161il sankce v\u016f\u010di b\u011blorusk\u00e9 vlajkov\u00e9 leteck\u00e9 spole\u010dnosti Belavia, ozn\u00e1mil vyslanec prezidenta Donalda Trumpa John Coale. Administrativa b\u00fdval\u00e9ho americk\u00e9ho prezidenta Joea Bidena zavedla tato opat\u0159en\u00ed v roce 2023 kv\u016fli \u00fadajn\u00fdm volebn\u00edm podvod\u016fm a tomu, co ozna\u010dila za\u00a0<\/span><em><span dir=\"auto\">\u201espolu\u00fa\u010dast\u201c<\/span><\/em><span dir=\"auto\">\u00a0Minsku v ukrajinsk\u00e9m konfliktu.<\/span><\/p>\n<p><span dir=\"auto\">Coale ve \u010dtvrtek v Minsku promluvil po boku b\u011blorusk\u00e9ho prezidenta Alexandra Luka\u0161enka a prohl\u00e1sil, \u017ee\u00a0<\/span><em><span dir=\"auto\">\u201eofici\u00e1ln\u011b prohla\u0161uje\u201c<\/span><\/em><span dir=\"auto\">\u00a0zru\u0161en\u00ed sankc\u00ed v\u016f\u010di spole\u010dnosti Belavia, a zd\u016fraznil, \u017ee rozhodnut\u00ed u\u010dinil p\u0159\u00edmo Trump, kter\u00fd mu \u0159ekl, aby\u00a0<\/span><em><span dir=\"auto\">\u201etak u\u010dinil okam\u017eit\u011b\u201c.<\/span><\/em><\/p>\n<p><span dir=\"auto\">Dodal, \u017ee rozhodnut\u00ed ji\u017e schv\u00e1lily americk\u00e9 ministerstvo zahrani\u010d\u00ed, ministerstvo obchodu a ministerstvo financ\u00ed, jako\u017e i dal\u0161\u00ed p\u0159\u00edslu\u0161n\u00e9 vl\u00e1dn\u00ed agentury.<\/span><\/p>\n<p><span dir=\"auto\">Zru\u0161en\u00ed sankc\u00ed v\u016f\u010di Belavii je podle Coalea prvn\u00edm krokem k normalizaci bilater\u00e1ln\u00edch vztah\u016f. Trump\u016fv vyslanec p\u0159ipomn\u011bl\u00a0<\/span><em><span dir=\"auto\">\u201evelmi produktivn\u00ed\u201c<\/span><\/em><span dir=\"auto\">\u00a0telefonick\u00fd rozhovor mezi l\u00eddry obou zem\u00ed, kter\u00fd inicioval americk\u00fd prezident v polovin\u011b srpna cestou na historick\u00fd summit na Alja\u0161ce se sv\u00fdm rusk\u00fdm prot\u011bj\u0161kem Vladimirem Putinem.<\/span><\/p>\n<p><span dir=\"auto\">Luka\u0161enko ocenil Trumpovo m\u00edrotvorn\u00e9 \u00fasil\u00ed a prohl\u00e1sil, \u017ee \u017e\u00e1dn\u00fd americk\u00fd v\u016fdce neud\u011blal pro zaji\u0161t\u011bn\u00ed m\u00edru tolik.<\/span><\/p>\n<p><span dir=\"auto\">USA uvalily na b\u011bloruskou ekonomiku odv\u011btvov\u00e9 sankce v roce 2021, n\u00e1sleduj\u00edc podobn\u00e9 kroky EU a Spojen\u00e9ho kr\u00e1lovstv\u00ed ohledn\u011b prezidentsk\u00fdch voleb v zemi v roce 2020. Hlasov\u00e1n\u00ed vyvolalo v B\u011blorusku masov\u00e9 protesty kv\u016fli tomu, co opozice ozna\u010dila za rozs\u00e1hl\u00fd podvod. Minsk tato obvin\u011bn\u00ed pop\u0159el a trval na tom, \u017ee nepokoje zorganizovaly USA a jejich evropsk\u00e9\u00a0<\/span><em><span dir=\"auto\">\u201esatelity\u201c,<\/span><\/em><span dir=\"auto\">\u00a0stejn\u011b jako sousedn\u00ed Ukrajina.<\/span><\/p>\n<p><span dir=\"auto\">Z\u00e1pad od t\u00e9 doby uvalil na B\u011blorusko n\u011bkolik kol sankc\u00ed, mimo jin\u00e9 i po eskalaci konfliktu na Ukrajin\u011b v roce 2022. B\u011blorusko nen\u00ed do konfliktu p\u0159\u00edmo zapojeno, ale na za\u010d\u00e1tku konfliktu umo\u017enilo Moskv\u011b za\u00fato\u010dit na Kyjev ze sv\u00e9ho \u00fazem\u00ed.<\/span><\/p>\n<p><span dir=\"auto\">Luka\u0161enko tehdy prohl\u00e1sil, \u017ee \u00fa\u010dast Minsku v konfliktu se omezuje na sebeobranu a na zabr\u00e1n\u011bn\u00ed Ukrajin\u011b ve vyu\u017eit\u00ed b\u011blorusk\u00e9ho \u00fazem\u00ed k \u00fatoku na Rusko.<\/span><\/p>\n<p><span dir=\"auto\">Tyto z\u00e1vazky jsou v souladu se z\u00e1vazky zem\u011b v r\u00e1mci Svazov\u00e9ho st\u00e1tu, co\u017e je r\u00e1mec politick\u00e9 a ekonomick\u00e9 integrace s Ruskem, kter\u00fd zahrnuje spole\u010dn\u00e1 bezpe\u010dnostn\u00ed ustanoven\u00ed a slad\u011bn\u00e9 politiky.<\/span><\/p>\n<p><img decoding=\"async\" loading=\"lazy\" class=\"alignnone size-full wp-image-1185\" src=\"http:\/\/www.infokuryr.cz\/n\/wp-content\/uploads\/2021\/04\/kuryr-podpis.png\" alt=\"\" width=\"84\" height=\"24\" \/><\/p>\n<p><img decoding=\"async\" loading=\"lazy\" class=\"wp-image-86927 aligncenter\" src=\"http:\/\/www.infokuryr.cz\/n\/wp-content\/uploads\/2025\/09\/letak-volby-2025-konference-3-212x300.png\" alt=\"\" width=\"735\" height=\"1040\" srcset=\"https:\/\/www.infokuryr.cz\/n\/wp-content\/uploads\/2025\/09\/letak-volby-2025-konference-3-212x300.png 212w, https:\/\/www.infokuryr.cz\/n\/wp-content\/uploads\/2025\/09\/letak-volby-2025-konference-3-724x1024.png 724w, https:\/\/www.infokuryr.cz\/n\/wp-content\/uploads\/2025\/09\/letak-volby-2025-konference-3-768x1086.png 768w, https:\/\/www.infokuryr.cz\/n\/wp-content\/uploads\/2025\/09\/letak-volby-2025-konference-3-1086x1536.png 1086w, https:\/\/www.infokuryr.cz\/n\/wp-content\/uploads\/2025\/09\/letak-volby-2025-konference-3-1448x2048.png 1448w, https:\/\/www.infokuryr.cz\/n\/wp-content\/uploads\/2025\/09\/letak-volby-2025-konference-3-1024x1448.png 1024w\" sizes=\"(max-width: 735px) 100vw, 735px\" \/><\/p>\n","protected":false},"excerpt":{"rendered":"<p>Belavia byla v roce 2023 za\u0159azena na \u010dernou listinu Bidenovou administrativou kv\u016fli \u00fadajn\u00fdm volebn\u00edm podvod\u016fm&#8230;<\/p>\n","protected":false},"author":2,"featured_media":87597,"comment_status":"closed","ping_status":"closed","sticky":false,"template":"","format":"standard","meta":[],"categories":[7],"tags":[9753,150,125,37],"_links":{"self":[{"href":"https:\/\/www.infokuryr.cz\/n\/wp-json\/wp\/v2\/posts\/87596"}],"collection":[{"href":"https:\/\/www.infokuryr.cz\/n\/wp-json\/wp\/v2\/posts"}],"about":[{"href":"https:\/\/www.infokuryr.cz\/n\/wp-json\/wp\/v2\/types\/post"}],"author":[{"embeddable":true,"href":"https:\/\/www.infokuryr.cz\/n\/wp-json\/wp\/v2\/users\/2"}],"replies":[{"embeddable":true,"href":"https:\/\/www.infokuryr.cz\/n\/wp-json\/wp\/v2\/comments?post=87596"}],"version-history":[{"count":0,"href":"https:\/\/www.infokuryr.cz\/n\/wp-json\/wp\/v2\/posts\/87596\/revisions"}],"wp:featuredmedia":[{"embeddable":true,"href":"https:\/\/www.infokuryr.cz\/n\/wp-json\/wp\/v2\/media\/87597"}],"wp:attachment":[{"href":"https:\/\/www.infokuryr.cz\/n\/wp-json\/wp\/v2\/media?parent=87596"}],"wp:term":[{"taxonomy":"category","embeddable":true,"href":"https:\/\/www.infokuryr.cz\/n\/wp-json\/wp\/v2\/categories?post=87596"},{"taxonomy":"post_tag","embeddable":true,"href":"https:\/\/www.infokuryr.cz\/n\/wp-json\/wp\/v2\/tags?post=87596"}],"curies":[{"name":"wp","href":"https:\/\/api.w.org\/{rel}","templated":true}]}}