{"id":87590,"date":"2025-09-12T00:30:25","date_gmt":"2025-09-11T22:30:25","guid":{"rendered":"https:\/\/www.infokuryr.cz\/n\/?p=87590"},"modified":"2025-09-11T16:57:02","modified_gmt":"2025-09-11T14:57:02","slug":"ruske-drony-nad-polskem-ukrajinska-operace-pod-falesnou-vlajkou","status":"publish","type":"post","link":"https:\/\/www.infokuryr.cz\/n\/2025\/09\/12\/ruske-drony-nad-polskem-ukrajinska-operace-pod-falesnou-vlajkou\/","title":{"rendered":"\u201eRusk\u00e9\u201c drony nad Polskem \u2013 ukrajinsk\u00e1 operace pod fale\u0161nou vlajkou?"},"content":{"rendered":"<div id=\"fb-root\"><\/div>\n<p><strong><span dir=\"auto\">Nic se nev\u00ed jist\u011b. Lze si ale polo\u017eit ot\u00e1zku \u201ecui bono?\u201c \u2013 kdo z toho m\u00e1 prosp\u011bch? Pro\u010d by Rusko poslalo do Polska n\u011bkolik dron\u016f, kdy\u017e by dob\u0159e v\u011bd\u011blo, \u017ee NATO a EU toho zneu\u017eij\u00ed k propagandistick\u00fdm \u00fa\u010del\u016fm?<\/span><\/strong><\/p>\n<p><span dir=\"auto\">Pokud jde o v\u00fdchodn\u00ed k\u0159\u00eddlo NATO, sta\u010d\u00ed \u00fadajn\u011b rusk\u00fd kl\u00ed\u010d spadnout z nebe a ve Var\u0161av\u011b se rozezn\u011bly sir\u00e9ny. Tak\u017ee nyn\u00ed \u00fadajn\u011b 19 \u201erusk\u00fdch dron\u016f\u201c naru\u0161ilo polsk\u00fd vzdu\u0161n\u00fd prostor. Premi\u00e9r Donald Tusk incident vyu\u017e\u00edv\u00e1 k m\u00e1chnut\u00ed tot\u00e1ln\u00ed eskala\u010dn\u00ed zbran\u00ed: byl aktivov\u00e1n \u010dl\u00e1nek 4 NATO, prob\u00edhaj\u00ed konzultace a situace je ve stavu vysok\u00e9 pohotovosti. Propaganda EU j\u00e1s\u00e1: \u201e\u00fasp\u011bch\u201c polsk\u00fdch a alian\u010dn\u00edch sil. P\u0159i bli\u017e\u0161\u00edm zkoum\u00e1n\u00ed v\u0161ak vyvst\u00e1vaj\u00ed nep\u0159\u00edjemn\u00e9 ot\u00e1zky \u2013 a jednou z nich je: Nemohla by se ve skute\u010dnosti jednat o ukrajinskou operaci pod fale\u0161nou vlajkou?<\/span><\/p>\n<p><a href=\"https:\/\/x.com\/BrunellaCapitan\/status\/1965730416654176447?ref_src=twsrc%5Etfw%7Ctwcamp%5Etweetembed%7Ctwterm%5E1965730416654176447%7Ctwgr%5Eff4729970fd25ca5006dde8d4856bb0bf0c5d801%7Ctwcon%5Es1_&amp;ref_url=https%3A%2F%2Freport24.news%2Frussische-drohnen-ueber-polen-eine-ukrainische-false-flag-aktion%2F\"><img decoding=\"async\" loading=\"lazy\" class=\"wp-image-87591 aligncenter\" src=\"http:\/\/www.infokuryr.cz\/n\/wp-content\/uploads\/2025\/09\/o1-2-237x300.jpg\" alt=\"\" width=\"484\" height=\"613\" srcset=\"https:\/\/www.infokuryr.cz\/n\/wp-content\/uploads\/2025\/09\/o1-2-237x300.jpg 237w, https:\/\/www.infokuryr.cz\/n\/wp-content\/uploads\/2025\/09\/o1-2.jpg 595w\" sizes=\"(max-width: 484px) 100vw, 484px\" \/><\/a><\/p>\n<p><span dir=\"auto\">Zpr\u00e1vy, kter\u00e9 v sou\u010dasnosti \u0161\u00ed\u0159\u00ed\u00a0<\/span><a href=\"https:\/\/www.euronews.com\/2025\/09\/10\/poland-activates-nato-article-4-to-consult-allies-after-russian-drone-incursion\"><span dir=\"auto\">EuroNews<\/span><\/a><span dir=\"auto\"> a dal\u0161\u00ed m\u00e9dia sp\u0159\u00e1telen\u00e1 s NATO, jsou v\u0161\u00edm, jen ne nepodlo\u017een\u00e9. Mluv\u00ed se o trosk\u00e1ch pobl\u00ed\u017e b\u011blorusk\u00fdch hranic, o uzav\u0159en\u00fdch leti\u0161t\u00edch, o \u00fadajn\u011b bezprecedentn\u00edm rusk\u00e9m \u00fatoku. Chyb\u00ed v\u0161ak ov\u011b\u0159iteln\u00e9 d\u016fkazy. \u017d\u00e1dn\u00e9 nez\u00e1visl\u00e9 fotografie, \u017e\u00e1dn\u00e9 jasn\u00e9 radarov\u00e9 z\u00e1znamy, \u017e\u00e1dn\u00e9 reprezentativn\u00ed trosky s jasnou identifikac\u00ed. Jen zn\u00e1m\u00e1 z\u00e1plava \u201einformac\u00ed\u201c z Var\u0161avy a Bruselu, ozdoben\u00e1 agresivn\u00edmi slogany z \u00fast\u0159ed\u00ed NATO.<\/span><\/p>\n<p><a href=\"https:\/\/report24.news\/russische-drohnen-ueber-polen-eine-ukrainische-false-flag-aktion\/\"><img decoding=\"async\" loading=\"lazy\" class=\"wp-image-87592 aligncenter\" src=\"http:\/\/www.infokuryr.cz\/n\/wp-content\/uploads\/2025\/09\/o2-2-205x300.jpg\" alt=\"\" width=\"490\" height=\"717\" srcset=\"https:\/\/www.infokuryr.cz\/n\/wp-content\/uploads\/2025\/09\/o2-2-205x300.jpg 205w, https:\/\/www.infokuryr.cz\/n\/wp-content\/uploads\/2025\/09\/o2-2.jpg 608w\" sizes=\"(max-width: 490px) 100vw, 490px\" \/><\/a><\/p>\n<p><span dir=\"auto\">Ukrajinsk\u00e1 diverzn\u00ed taktika by byla nejen p\u0159edstaviteln\u00e1, ale dokonce logick\u00e1. Kyjev se ocitl v dilematu: fronta hroz\u00ed zhroucen\u00edm, z\u00e1padn\u00ed podpora se rozpad\u00e1 a zinscenovan\u00fd incident by byl perfektn\u00ed p\u0159\u00edle\u017eitost\u00ed k hloub\u011bj\u0161\u00edmu vta\u017een\u00ed NATO do konfliktu. Pochybn\u00e9 incidenty byly ji\u017e d\u0159\u00edve zneu\u017eity k vykreslen\u00ed Ruska jako agresora. Neov\u011b\u0159en\u00e9 zpr\u00e1vy ze samotn\u00e9ho Polska nazna\u010duj\u00ed, \u017ee v ofici\u00e1ln\u00edm narativu skute\u010dn\u011b existuj\u00ed nesrovnalosti. A ka\u017ed\u00fd, kdo sleduje p\u0159\u00edb\u011bh \u201erusk\u00fdch \u00fatok\u016f\u201c, v\u00ed, \u017ee ve h\u0159e je \u010dasto v\u00edce propagandy NATO ne\u017e tvrd\u00fdch fakt\u016f.<\/span><\/p>\n<p><span dir=\"auto\">Ofici\u00e1ln\u00ed narativ samoz\u0159ejm\u011b nelze p\u0159ehl\u00e9dnout: \u0161\u00e9f NATO Rutte kritizuje \u201ebezohledn\u00e9 chov\u00e1n\u00ed Moskvy\u201c, Macron ron\u00ed diplomatick\u00e9 krokod\u00fdl\u00ed slzy a slibuje solidaritu, zat\u00edmco v samotn\u00e9m Polsku je zv\u00fd\u0161en stupe\u0148 pohotovosti. S velkou sl\u00e1vou jsou mobilizov\u00e1ny st\u00edha\u010dky F-35, F-16 a \u00fato\u010dn\u00e9 vrtuln\u00edky, aby sest\u0159elily n\u011bkolik dron\u016f \u2013 jejich p\u016fvod, mimochodem, z\u016fst\u00e1v\u00e1 nezn\u00e1m\u00fd. Propagandistick\u00fd efekt je v\u0161ak k nezaplacen\u00ed: Z\u00e1pad lze nad\u00e1le udr\u017eovat ve strachu a teroru a z\u00e1rove\u0148 posilovat vojenskou p\u0159\u00edtomnost na v\u00fdchodn\u00edm k\u0159\u00eddle.<\/span><\/p>\n<figure class=\"wp-block-embed is-type-rich is-provider-twitter wp-block-embed-twitter\">\n<div class=\"wp-block-embed__wrapper\">\n<div class=\"twitter-tweet twitter-tweet-rendered\"><iframe id=\"twitter-widget-2\" class=\"\" title=\"X P\u0159\u00edsp\u011bvek\" src=\"https:\/\/platform.twitter.com\/embed\/Tweet.html?dnt=true&amp;embedId=twitter-widget-2&amp;features=eyJ0ZndfdGltZWxpbmVfbGlzdCI6eyJidWNrZXQiOltdLCJ2ZXJzaW9uIjpudWxsfSwidGZ3X2ZvbGxvd2VyX2NvdW50X3N1bnNldCI6eyJidWNrZXQiOnRydWUsInZlcnNpb24iOm51bGx9LCJ0ZndfdHdlZXRfZWRpdF9iYWNrZW5kIjp7ImJ1Y2tldCI6Im9uIiwidmVyc2lvbiI6bnVsbH0sInRmd19yZWZzcmNfc2Vzc2lvbiI6eyJidWNrZXQiOiJvbiIsInZlcnNpb24iOm51bGx9LCJ0ZndfZm9zbnJfc29mdF9pbnRlcnZlbnRpb25zX2VuYWJsZWQiOnsiYnVja2V0Ijoib24iLCJ2ZXJzaW9uIjpudWxsfSwidGZ3X21peGVkX21lZGlhXzE1ODk3Ijp7ImJ1Y2tldCI6InRyZWF0bWVudCIsInZlcnNpb24iOm51bGx9LCJ0ZndfZXhwZXJpbWVudHNfY29va2llX2V4cGlyYXRpb24iOnsiYnVja2V0IjoxMjA5NjAwLCJ2ZXJzaW9uIjpudWxsfSwidGZ3X3Nob3dfYmlyZHdhdGNoX3Bpdm90c19lbmFibGVkIjp7ImJ1Y2tldCI6Im9uIiwidmVyc2lvbiI6bnVsbH0sInRmd19kdXBsaWNhdGVfc2NyaWJlc190b19zZXR0aW5ncyI6eyJidWNrZXQiOiJvbiIsInZlcnNpb24iOm51bGx9LCJ0ZndfdXNlX3Byb2ZpbGVfaW1hZ2Vfc2hhcGVfZW5hYmxlZCI6eyJidWNrZXQiOiJvbiIsInZlcnNpb24iOm51bGx9LCJ0ZndfdmlkZW9faGxzX2R5bmFtaWNfbWFuaWZlc3RzXzE1MDgyIjp7ImJ1Y2tldCI6InRydWVfYml0cmF0ZSIsInZlcnNpb24iOm51bGx9LCJ0ZndfbGVnYWN5X3RpbWVsaW5lX3N1bnNldCI6eyJidWNrZXQiOnRydWUsInZlcnNpb24iOm51bGx9LCJ0ZndfdHdlZXRfZWRpdF9mcm9udGVuZCI6eyJidWNrZXQiOiJvbiIsInZlcnNpb24iOm51bGx9fQ%3D%3D&amp;frame=false&amp;hideCard=false&amp;hideThread=false&amp;id=1965760678687600664&amp;lang=cs&amp;origin=https%3A%2F%2Freport24.news%2Frussische-drohnen-ueber-polen-eine-ukrainische-false-flag-aktion%2F&amp;sessionId=ff4729970fd25ca5006dde8d4856bb0bf0c5d801&amp;theme=light&amp;widgetsVersion=2615f7e52b7e0%3A1702314776716&amp;width=550px\" frameborder=\"0\" scrolling=\"no\" allowfullscreen=\"allowfullscreen\" data-tweet-id=\"1965760678687600664\" data-mce-fragment=\"1\"><\/iframe><\/div>\n<\/div>\n<\/figure>\n<p><span dir=\"auto\">Je to ten sam\u00fd star\u00fd vzorec: Rusko je prohl\u00e1\u0161eno za \u017eh\u00e1\u0159e, zat\u00edmco Ukrajin\u011b je dovoleno zaz\u00e1\u0159it ve sv\u00e9m statusu ob\u011bti. Ale ka\u017ed\u00fd, kdo se pod\u00edv\u00e1 pozorn\u011bji, rozpozn\u00e1 vzorec provokace. Sc\u00e9n\u00e1\u0159 ukrajinsk\u00e9 operace pod fale\u0161nou vlajkou je samoz\u0159ejm\u011b z mainstreamov\u00fdch m\u00e9di\u00ed vynech\u00e1n, proto\u017ee by zpochybnil solidaritu NATO. P\u0159esto je pr\u00e1v\u011b tato my\u0161lenka l\u00e1kav\u00e1: Co kdyby \u00fadajn\u00e9 \u201erusk\u00e9 drony\u201c byly ve skute\u010dnosti odp\u00e1leny ukrajinsk\u00fdmi rukama \u2013 s v\u011bdom\u00edm nebo tich\u00fdm souhlasem z\u00e1padn\u00edch zpravodajsk\u00fdch slu\u017eeb? Koneckonc\u016f, c\u00edl sv\u011bt\u00ed prost\u0159edky, pokud jde o prodlu\u017eov\u00e1n\u00ed v\u00e1lky a ozna\u010dov\u00e1n\u00ed Ruska za glob\u00e1ln\u00ed dareb\u00e1ck\u00fd st\u00e1t.<\/span><\/p>\n<figure class=\"wp-block-embed is-type-rich is-provider-twitter wp-block-embed-twitter\">\n<div class=\"wp-block-embed__wrapper\">\n<div class=\"twitter-tweet twitter-tweet-rendered\"><iframe id=\"twitter-widget-3\" class=\"\" title=\"X P\u0159\u00edsp\u011bvek\" src=\"https:\/\/platform.twitter.com\/embed\/Tweet.html?dnt=true&amp;embedId=twitter-widget-3&amp;features=eyJ0ZndfdGltZWxpbmVfbGlzdCI6eyJidWNrZXQiOltdLCJ2ZXJzaW9uIjpudWxsfSwidGZ3X2ZvbGxvd2VyX2NvdW50X3N1bnNldCI6eyJidWNrZXQiOnRydWUsInZlcnNpb24iOm51bGx9LCJ0ZndfdHdlZXRfZWRpdF9iYWNrZW5kIjp7ImJ1Y2tldCI6Im9uIiwidmVyc2lvbiI6bnVsbH0sInRmd19yZWZzcmNfc2Vzc2lvbiI6eyJidWNrZXQiOiJvbiIsInZlcnNpb24iOm51bGx9LCJ0ZndfZm9zbnJfc29mdF9pbnRlcnZlbnRpb25zX2VuYWJsZWQiOnsiYnVja2V0Ijoib24iLCJ2ZXJzaW9uIjpudWxsfSwidGZ3X21peGVkX21lZGlhXzE1ODk3Ijp7ImJ1Y2tldCI6InRyZWF0bWVudCIsInZlcnNpb24iOm51bGx9LCJ0ZndfZXhwZXJpbWVudHNfY29va2llX2V4cGlyYXRpb24iOnsiYnVja2V0IjoxMjA5NjAwLCJ2ZXJzaW9uIjpudWxsfSwidGZ3X3Nob3dfYmlyZHdhdGNoX3Bpdm90c19lbmFibGVkIjp7ImJ1Y2tldCI6Im9uIiwidmVyc2lvbiI6bnVsbH0sInRmd19kdXBsaWNhdGVfc2NyaWJlc190b19zZXR0aW5ncyI6eyJidWNrZXQiOiJvbiIsInZlcnNpb24iOm51bGx9LCJ0ZndfdXNlX3Byb2ZpbGVfaW1hZ2Vfc2hhcGVfZW5hYmxlZCI6eyJidWNrZXQiOiJvbiIsInZlcnNpb24iOm51bGx9LCJ0ZndfdmlkZW9faGxzX2R5bmFtaWNfbWFuaWZlc3RzXzE1MDgyIjp7ImJ1Y2tldCI6InRydWVfYml0cmF0ZSIsInZlcnNpb24iOm51bGx9LCJ0ZndfbGVnYWN5X3RpbWVsaW5lX3N1bnNldCI6eyJidWNrZXQiOnRydWUsInZlcnNpb24iOm51bGx9LCJ0ZndfdHdlZXRfZWRpdF9mcm9udGVuZCI6eyJidWNrZXQiOiJvbiIsInZlcnNpb24iOm51bGx9fQ%3D%3D&amp;frame=false&amp;hideCard=false&amp;hideThread=false&amp;id=1965723776273842289&amp;lang=cs&amp;origin=https%3A%2F%2Freport24.news%2Frussische-drohnen-ueber-polen-eine-ukrainische-false-flag-aktion%2F&amp;sessionId=ff4729970fd25ca5006dde8d4856bb0bf0c5d801&amp;theme=light&amp;widgetsVersion=2615f7e52b7e0%3A1702314776716&amp;width=550px\" frameborder=\"0\" scrolling=\"no\" allowfullscreen=\"allowfullscreen\" data-tweet-id=\"1965723776273842289\" data-mce-fragment=\"1\"><\/iframe><\/div>\n<\/div>\n<\/figure>\n<p><span dir=\"auto\">To zanech\u00e1v\u00e1 ho\u0159kou pachu\u0165: polsk\u00e1 vl\u00e1da a NATO se prezentuj\u00ed jako spasitel\u00e9 v nouzi, ale z\u00e1rove\u0148 se nebezpe\u010dn\u011b p\u0159ibli\u017euj\u00ed k propasti p\u0159\u00edm\u00e9 konfrontace s Ruskem. Pokud by se podez\u0159en\u00ed z fale\u0161n\u00e9 vlajky uk\u00e1zalo jako pravdiv\u00e9, byl by to jen politick\u00fd sud s prachem \u2013 a dal\u0161\u00ed d\u016fkaz toho, jak nemilosrdn\u011b se v t\u00e9to v\u00e1lce zach\u00e1z\u00ed s pravdou.<\/span><\/p>\n<p><img decoding=\"async\" loading=\"lazy\" class=\"alignnone size-full wp-image-1185\" src=\"http:\/\/www.infokuryr.cz\/n\/wp-content\/uploads\/2021\/04\/kuryr-podpis.png\" alt=\"\" width=\"84\" height=\"24\" \/><\/p>\n<p><img decoding=\"async\" loading=\"lazy\" class=\"wp-image-86927 aligncenter\" src=\"http:\/\/www.infokuryr.cz\/n\/wp-content\/uploads\/2025\/09\/letak-volby-2025-konference-3-212x300.png\" alt=\"\" width=\"728\" height=\"1030\" srcset=\"https:\/\/www.infokuryr.cz\/n\/wp-content\/uploads\/2025\/09\/letak-volby-2025-konference-3-212x300.png 212w, https:\/\/www.infokuryr.cz\/n\/wp-content\/uploads\/2025\/09\/letak-volby-2025-konference-3-724x1024.png 724w, https:\/\/www.infokuryr.cz\/n\/wp-content\/uploads\/2025\/09\/letak-volby-2025-konference-3-768x1086.png 768w, https:\/\/www.infokuryr.cz\/n\/wp-content\/uploads\/2025\/09\/letak-volby-2025-konference-3-1086x1536.png 1086w, https:\/\/www.infokuryr.cz\/n\/wp-content\/uploads\/2025\/09\/letak-volby-2025-konference-3-1448x2048.png 1448w, https:\/\/www.infokuryr.cz\/n\/wp-content\/uploads\/2025\/09\/letak-volby-2025-konference-3-1024x1448.png 1024w\" sizes=\"(max-width: 728px) 100vw, 728px\" \/><\/p>\n","protected":false},"excerpt":{"rendered":"<p>Nic se nev\u00ed jist\u011b. Lze si ale polo\u017eit ot\u00e1zku \u201ecui bono?\u201c \u2013 kdo z toho&#8230;<\/p>\n","protected":false},"author":2,"featured_media":87593,"comment_status":"closed","ping_status":"closed","sticky":false,"template":"","format":"standard","meta":[],"categories":[7],"tags":[2856,31,716,26],"_links":{"self":[{"href":"https:\/\/www.infokuryr.cz\/n\/wp-json\/wp\/v2\/posts\/87590"}],"collection":[{"href":"https:\/\/www.infokuryr.cz\/n\/wp-json\/wp\/v2\/posts"}],"about":[{"href":"https:\/\/www.infokuryr.cz\/n\/wp-json\/wp\/v2\/types\/post"}],"author":[{"embeddable":true,"href":"https:\/\/www.infokuryr.cz\/n\/wp-json\/wp\/v2\/users\/2"}],"replies":[{"embeddable":true,"href":"https:\/\/www.infokuryr.cz\/n\/wp-json\/wp\/v2\/comments?post=87590"}],"version-history":[{"count":0,"href":"https:\/\/www.infokuryr.cz\/n\/wp-json\/wp\/v2\/posts\/87590\/revisions"}],"wp:featuredmedia":[{"embeddable":true,"href":"https:\/\/www.infokuryr.cz\/n\/wp-json\/wp\/v2\/media\/87593"}],"wp:attachment":[{"href":"https:\/\/www.infokuryr.cz\/n\/wp-json\/wp\/v2\/media?parent=87590"}],"wp:term":[{"taxonomy":"category","embeddable":true,"href":"https:\/\/www.infokuryr.cz\/n\/wp-json\/wp\/v2\/categories?post=87590"},{"taxonomy":"post_tag","embeddable":true,"href":"https:\/\/www.infokuryr.cz\/n\/wp-json\/wp\/v2\/tags?post=87590"}],"curies":[{"name":"wp","href":"https:\/\/api.w.org\/{rel}","templated":true}]}}