{"id":87583,"date":"2025-09-12T00:22:57","date_gmt":"2025-09-11T22:22:57","guid":{"rendered":"https:\/\/www.infokuryr.cz\/n\/?p=87583"},"modified":"2025-09-11T11:28:50","modified_gmt":"2025-09-11T09:28:50","slug":"petr-pokorny-tahle-vysinuta-eurosoudruzka-cernochova-kandiduje-v-praze-drzost-ods-je-nekonecna","status":"publish","type":"post","link":"https:\/\/www.infokuryr.cz\/n\/2025\/09\/12\/petr-pokorny-tahle-vysinuta-eurosoudruzka-cernochova-kandiduje-v-praze-drzost-ods-je-nekonecna\/","title":{"rendered":"Petr Pokorn\u00fd: Tahle vy\u0161inut\u00e1 eurosoudru\u017eka \u010cernochov\u00e1 kandiduje v Praze? Drzost ODS je nekone\u010dn\u00e1&#8230;"},"content":{"rendered":"<div id=\"fb-root\"><\/div>\n<h4>L\u017ee, kudy chod\u00ed, kolik chlap\u016f musela m\u00edt, aby tato nesv\u00e9pr\u00e1vn\u00e1, prolhan\u00e1 d\u00e1ma na\u0161la cesti\u010dku a\u017e do vl\u00e1dy?I kdy\u017e je bezd\u011btn\u00e1. P\u0159ece nen\u00ed mo\u017en\u00e9, aby toto bylo na ministerstvu obrany!<\/h4>\n<div style=\"width: 640px;\" class=\"wp-video\"><!--[if lt IE 9]><script>document.createElement('video');<\/script><![endif]-->\n<video class=\"wp-video-shortcode\" id=\"video-87583-1\" width=\"640\" height=\"1138\" preload=\"metadata\" controls=\"controls\"><source type=\"video\/mp4\" src=\"http:\/\/www.infokuryr.cz\/n\/wp-content\/uploads\/2025\/09\/cernoch.mp4?_=1\" \/><a href=\"http:\/\/www.infokuryr.cz\/n\/wp-content\/uploads\/2025\/09\/cernoch.mp4\">http:\/\/www.infokuryr.cz\/n\/wp-content\/uploads\/2025\/09\/cernoch.mp4<\/a><\/video><\/div>\n<h3><strong><br \/>\nTak co vlastn\u011b \u0159ekla Fuck Tri\u010dko \u010cernochov\u00e1 o washingtonsk\u00e9 \u00famluv\u011b?\u00a0 Poslechn\u011bte si to znovu.<\/strong><\/h3>\n<p>Nen\u00ed to pravda, , opovr\u017eliv\u011b zafun\u011bla \u010cernochov\u00e1. \u00c1\u00c1\u00c1ch&#8230;. Ten Rajchl je blb\u00fd&#8230; Pozorn\u011b poslouchejte.<\/p>\n<p>D\u011bl\u00e1 ostudu, l\u017ee, pop\u00edr\u00e1, co \u0159ekla p\u0159ed minutou, je naprosto uboh\u00e1. Je to \u010dlen P\u011btikoalice z ODS od \u0158eporyjce z krimin\u00e1lu a kampeli\u010dek.<\/p>\n<p><img decoding=\"async\" class=\"aligncenter\" src=\"https:\/\/www.skrytapravda.cz\/images\/2025\/VOLBY\/fuck.webp\" alt=\"fuck\" \/><\/p>\n<p>&nbsp;<\/p>\n<div class=\"clauthor\">\n<div id=\"article_author\"><a href=\"https:\/\/www.skrytapravda.cz\/z-domova\/2765-tahle-vysinuta-eurosoudruzka-cernochova-kandiduje-v-praze-drzost-ods-je-nekonecna\">Petr Pokorn\u00fd<\/a><\/div>\n<\/div>\n<div>\n<img decoding=\"async\" loading=\"lazy\" class=\"wp-image-85920 aligncenter\" src=\"http:\/\/www.infokuryr.cz\/n\/wp-content\/uploads\/2025\/08\/pozvaniV-300x140.jpg\" alt=\"\" width=\"669\" height=\"312\" srcset=\"https:\/\/www.infokuryr.cz\/n\/wp-content\/uploads\/2025\/08\/pozvaniV-300x140.jpg 300w, https:\/\/www.infokuryr.cz\/n\/wp-content\/uploads\/2025\/08\/pozvaniV.jpg 925w\" sizes=\"(max-width: 669px) 100vw, 669px\" \/><\/div>\n<div>\n<img decoding=\"async\" loading=\"lazy\" class=\"wp-image-86739 aligncenter\" src=\"http:\/\/www.infokuryr.cz\/n\/wp-content\/uploads\/2025\/08\/volby-program-211x300.png\" alt=\"\" width=\"671\" height=\"954\" srcset=\"https:\/\/www.infokuryr.cz\/n\/wp-content\/uploads\/2025\/08\/volby-program-211x300.png 211w, https:\/\/www.infokuryr.cz\/n\/wp-content\/uploads\/2025\/08\/volby-program-721x1024.png 721w, https:\/\/www.infokuryr.cz\/n\/wp-content\/uploads\/2025\/08\/volby-program-768x1091.png 768w, https:\/\/www.infokuryr.cz\/n\/wp-content\/uploads\/2025\/08\/volby-program-1081x1536.png 1081w, https:\/\/www.infokuryr.cz\/n\/wp-content\/uploads\/2025\/08\/volby-program-1442x2048.png 1442w, https:\/\/www.infokuryr.cz\/n\/wp-content\/uploads\/2025\/08\/volby-program-1024x1455.png 1024w\" sizes=\"(max-width: 671px) 100vw, 671px\" \/><\/div>\n","protected":false},"excerpt":{"rendered":"<p>L\u017ee, kudy chod\u00ed, kolik chlap\u016f musela m\u00edt, aby tato nesv\u00e9pr\u00e1vn\u00e1, prolhan\u00e1 d\u00e1ma na\u0161la cesti\u010dku a\u017e&#8230;<\/p>\n","protected":false},"author":2,"featured_media":29221,"comment_status":"closed","ping_status":"closed","sticky":false,"template":"","format":"standard","meta":[],"categories":[6],"tags":[2854,1503,889],"_links":{"self":[{"href":"https:\/\/www.infokuryr.cz\/n\/wp-json\/wp\/v2\/posts\/87583"}],"collection":[{"href":"https:\/\/www.infokuryr.cz\/n\/wp-json\/wp\/v2\/posts"}],"about":[{"href":"https:\/\/www.infokuryr.cz\/n\/wp-json\/wp\/v2\/types\/post"}],"author":[{"embeddable":true,"href":"https:\/\/www.infokuryr.cz\/n\/wp-json\/wp\/v2\/users\/2"}],"replies":[{"embeddable":true,"href":"https:\/\/www.infokuryr.cz\/n\/wp-json\/wp\/v2\/comments?post=87583"}],"version-history":[{"count":1,"href":"https:\/\/www.infokuryr.cz\/n\/wp-json\/wp\/v2\/posts\/87583\/revisions"}],"predecessor-version":[{"id":87585,"href":"https:\/\/www.infokuryr.cz\/n\/wp-json\/wp\/v2\/posts\/87583\/revisions\/87585"}],"wp:featuredmedia":[{"embeddable":true,"href":"https:\/\/www.infokuryr.cz\/n\/wp-json\/wp\/v2\/media\/29221"}],"wp:attachment":[{"href":"https:\/\/www.infokuryr.cz\/n\/wp-json\/wp\/v2\/media?parent=87583"}],"wp:term":[{"taxonomy":"category","embeddable":true,"href":"https:\/\/www.infokuryr.cz\/n\/wp-json\/wp\/v2\/categories?post=87583"},{"taxonomy":"post_tag","embeddable":true,"href":"https:\/\/www.infokuryr.cz\/n\/wp-json\/wp\/v2\/tags?post=87583"}],"curies":[{"name":"wp","href":"https:\/\/api.w.org\/{rel}","templated":true}]}}