{"id":87559,"date":"2025-09-12T00:15:35","date_gmt":"2025-09-11T22:15:35","guid":{"rendered":"https:\/\/www.infokuryr.cz\/n\/?p=87559"},"modified":"2025-09-11T11:05:37","modified_gmt":"2025-09-11T09:05:37","slug":"arnaud-bertrand-zil-jsem-nekolik-mesicu-v-nepalu","status":"publish","type":"post","link":"https:\/\/www.infokuryr.cz\/n\/2025\/09\/12\/arnaud-bertrand-zil-jsem-nekolik-mesicu-v-nepalu\/","title":{"rendered":"Arnaud Bertrand: \u017dil jsem n\u011bkolik m\u011bs\u00edc\u016f v Nep\u00e1lu"},"content":{"rendered":"<div id=\"fb-root\"><\/div>\n<p><strong><span dir=\"auto\">N\u011bkolik m\u011bs\u00edc\u016f jsem \u017eil v Nep\u00e1lu \u2013 \u00fachvatn\u00e9 zemi, kter\u00e1 je m\u00e9mu srdci velmi bl\u00edzk\u00e1.<\/span><\/strong><\/p>\n<p><span dir=\"auto\">Byl jsem tam b\u011bhem zem\u011bt\u0159esen\u00ed v roce 2015, v dob\u011b, kdy jeden z dne\u0161n\u00edch hlavn\u00edch protagonist\u016f protest\u016f \u201egenerace Z\u201c, Sudan Gurung (zakladatel\u00a0<\/span><em><span dir=\"auto\">Hami Nep\u00e1l<\/span><\/em><span dir=\"auto\">\u00a0), ztratil d\u00edt\u011b \u2013 co\u017e bylo spou\u0161t\u011b\u010dem jeho z\u00e1vazku.<\/span><\/p>\n<p><span dir=\"auto\">Vid\u011bl jsem tu korupci. Ve skute\u010dnosti vl\u00e1dn\u00ed struktury ve velk\u00fdch \u010d\u00e1stech Nep\u00e1lu sotva funguj\u00ed. Mimo velk\u00e1 m\u011bsta je st\u00e1t sp\u00ed\u0161e teoretick\u00fd ne\u017e skute\u010dn\u00fd. To bylo k\u0159i\u0161\u0165\u00e1lov\u011b jasn\u00e9 b\u011bhem zem\u011bt\u0159esen\u00ed, ale viditeln\u00e9 to bylo i jinde. Na vlastn\u00ed o\u010di jsem byl sv\u011bdkem toho, \u017ee lid\u00e9 nevolaj\u00ed policii kv\u016fli drobn\u00fdm trestn\u00fdm \u010din\u016fm, ale m\u00edsto toho se uchyluj\u00ed k vigilantismu (a to nen\u00ed hezk\u00fd pohled). Obyvatelstvo je z velk\u00e9 \u010d\u00e1sti ponech\u00e1no samo sob\u011b.<\/span><\/p>\n<div class=\"twitter-tweet twitter-tweet-rendered\"><iframe id=\"twitter-widget-0\" class=\"\" title=\"X Post\" src=\"https:\/\/platform.twitter.com\/embed\/Tweet.html?dnt=false&amp;embedId=twitter-widget-0&amp;features=eyJ0ZndfdGltZWxpbmVfbGlzdCI6eyJidWNrZXQiOltdLCJ2ZXJzaW9uIjpudWxsfSwidGZ3X2ZvbGxvd2VyX2NvdW50X3N1bnNldCI6eyJidWNrZXQiOnRydWUsInZlcnNpb24iOm51bGx9LCJ0ZndfdHdlZXRfZWRpdF9iYWNrZW5kIjp7ImJ1Y2tldCI6Im9uIiwidmVyc2lvbiI6bnVsbH0sInRmd19yZWZzcmNfc2Vzc2lvbiI6eyJidWNrZXQiOiJvbiIsInZlcnNpb24iOm51bGx9LCJ0ZndfZm9zbnJfc29mdF9pbnRlcnZlbnRpb25zX2VuYWJsZWQiOnsiYnVja2V0Ijoib24iLCJ2ZXJzaW9uIjpudWxsfSwidGZ3X21peGVkX21lZGlhXzE1ODk3Ijp7ImJ1Y2tldCI6InRyZWF0bWVudCIsInZlcnNpb24iOm51bGx9LCJ0ZndfZXhwZXJpbWVudHNfY29va2llX2V4cGlyYXRpb24iOnsiYnVja2V0IjoxMjA5NjAwLCJ2ZXJzaW9uIjpudWxsfSwidGZ3X3Nob3dfYmlyZHdhdGNoX3Bpdm90c19lbmFibGVkIjp7ImJ1Y2tldCI6Im9uIiwidmVyc2lvbiI6bnVsbH0sInRmd19kdXBsaWNhdGVfc2NyaWJlc190b19zZXR0aW5ncyI6eyJidWNrZXQiOiJvbiIsInZlcnNpb24iOm51bGx9LCJ0ZndfdXNlX3Byb2ZpbGVfaW1hZ2Vfc2hhcGVfZW5hYmxlZCI6eyJidWNrZXQiOiJvbiIsInZlcnNpb24iOm51bGx9LCJ0ZndfdmlkZW9faGxzX2R5bmFtaWNfbWFuaWZlc3RzXzE1MDgyIjp7ImJ1Y2tldCI6InRydWVfYml0cmF0ZSIsInZlcnNpb24iOm51bGx9LCJ0ZndfbGVnYWN5X3RpbWVsaW5lX3N1bnNldCI6eyJidWNrZXQiOnRydWUsInZlcnNpb24iOm51bGx9LCJ0ZndfdHdlZXRfZWRpdF9mcm9udGVuZCI6eyJidWNrZXQiOiJvbiIsInZlcnNpb24iOm51bGx9fQ%3D%3D&amp;frame=false&amp;hideCard=false&amp;hideThread=false&amp;id=1965663406729633903&amp;lang=cs&amp;origin=https%3A%2F%2Funcutnews.ch%2Fich-habe-einige-monate-in-nepal-gelebt%2F&amp;sessionId=bb251168b6666ffaee3fbd5cd6964eaf0d32d108&amp;theme=light&amp;widgetsVersion=2615f7e52b7e0%3A1702314776716&amp;width=550px\" frameborder=\"0\" scrolling=\"no\" allowfullscreen=\"allowfullscreen\" data-tweet-id=\"1965663406729633903\" data-mce-fragment=\"1\"><\/iframe><\/div>\n<p><strong><span dir=\"auto\">K tomu se p\u0159id\u00e1v\u00e1 pravd\u011bpodobn\u011b nejobt\u00ed\u017en\u011bj\u0161\u00ed geografie na sv\u011bt\u011b, kter\u00e1 ovliv\u0148uje prakticky ka\u017ed\u00fd aspekt n\u00e1rodn\u00edho rozvoje:<\/span><\/strong><\/p>\n<ol>\n<li><span dir=\"auto\">nejt\u011b\u017e\u0161\u00ed ter\u00e9n na Zemi,<\/span><\/li>\n<li><span dir=\"auto\">nejsiln\u011bj\u0161\u00ed bou\u0159e (proto\u017ee mraky z indick\u00e9ho subkontinentu se vyb\u00edjej\u00ed na him\u00e1lajsk\u00e9 zdi \u2013 osobn\u011b jsem byl sv\u011bdkem toho, jak se vesnick\u00e9 ulice b\u011bhem n\u011bkolika minut prom\u011bn\u00ed v drav\u00e9 \u0159eky),<\/span><\/li>\n<li><span dir=\"auto\">pravideln\u00e1 zem\u011bt\u0159esen\u00ed (jak jinak by Him\u00e1laj mohl vzniknout?),<\/span><\/li>\n<li><span dir=\"auto\">vnitrozemsk\u00e1 poloha,<\/span><\/li>\n<li><span dir=\"auto\">N\u00e1razn\u00edkov\u00fd st\u00e1t mezi dv\u011bma velmocemi,<\/span><\/li>\n<li><span dir=\"auto\">T\u00e9m\u011b\u0159 \u00fapln\u00e1 z\u00e1vislost na Indii v oblasti dovozu a v\u00fdvozu (kv\u016fli him\u00e1lajsk\u00e9 bari\u00e9\u0159e v\u016f\u010di \u010c\u00edn\u011b). Byl jsem sv\u011bdkem toho, jak Indie po zem\u011bt\u0159esen\u00ed v roce 2015 zavedla brut\u00e1ln\u00ed blok\u00e1du, aby si vynutila \u00fastavn\u00ed dodatek \u2013 a t\u00edm je\u0161t\u011b zhor\u0161ila ji\u017e tak hroznou humanit\u00e1rn\u00ed katastrofu.<\/span><\/li>\n<\/ol>\n<p><span dir=\"auto\">Vzhledem k tomu v\u0161emu by bylo podcen\u011bn\u00edm stolet\u00ed \u0159\u00edci, \u017ee k doveden\u00ed takov\u00e9 zem\u011b k prosperit\u011b je zapot\u0159eb\u00ed mimo\u0159\u00e1dn\u00e9ho st\u00e1tn\u00edctva.<\/span><\/p>\n<p><span dir=\"auto\">Mnoz\u00ed reflexivn\u011b prohla\u0161uj\u00ed, \u017ee sou\u010dasn\u00e9 protesty jsou barevnou revoluc\u00ed zorganizovanou USA. Po kr\u00e1tk\u00e9m \u010dten\u00ed jsem v\u0161ak nena\u0161el \u017e\u00e1dn\u00e9 p\u0159esv\u011bd\u010div\u00e9 d\u016fkazy pro toto. Vzhledem k represivn\u00edm struktur\u00e1ln\u00edm omezen\u00edm Nep\u00e1lu vyvst\u00e1v\u00e1 tak\u00e9 ot\u00e1zka: Jak\u00fd smysl by v\u016fbec m\u011bla zorganizovan\u00e1 barevn\u00e1 revoluce v zemi s touto geografi\u00ed?<\/span><\/p>\n<p><span dir=\"auto\">Proti tomu hovo\u0159\u00ed i nad\u0161en\u00ed protestuj\u00edc\u00edch pro Balendru \u0160\u00e1ha, starostu K\u00e1thm\u00e1nd\u00fa. \u0160\u00e1h je protiindick\u00fd vlastenec bez vazeb na Z\u00e1pad, kter\u00fd v roce 2022 vyhr\u00e1l volby starosty jako nez\u00e1visl\u00fd kandid\u00e1t s programem, jeho\u017e sou\u010d\u00e1st\u00ed byly opravy kanalizace, funk\u010dn\u00ed semafory a demolice neleg\u00e1ln\u00edch staveb. Protesty ani nechce v\u00e9st, proto\u017ee se u\u017e nepova\u017euje za sou\u010d\u00e1st \u201egenerace Z\u201c. Barevn\u00e1 revoluce s \u201evyvolen\u00fdm v\u016fdcem\u201c, kter\u00fd ani nechce v\u00e9st a jeho\u017e n\u00e1zory jsou pro zahrani\u010dn\u00ed politiku USA nepohodln\u00e9? T\u011b\u017eko si to p\u0159edstavit.<\/span><\/p>\n<p><span dir=\"auto\">Ale hypoteticky p\u0159edpokl\u00e1dejme, \u017ee by tomu tak bylo: Co by z toho USA z\u00edskaly? I na vrcholu kolonialismu, po v\u00edt\u011bzstv\u00ed v anglo-nep\u00e1lsk\u00e9 v\u00e1lce (1814\u201316), se Britov\u00e9 zdr\u017eeli kolonizace Nep\u00e1lu \u2013 p\u0159esto\u017ee doslova okupovali sk\u00e1ly v Atlantiku. Byli pouze ohromeni gurkhsk\u00fdmi bojovn\u00edky, kte\u0159\u00ed dodnes tvo\u0159\u00ed pluky v britsk\u00e9 arm\u00e1d\u011b (co\u017e je ironicky dal\u0161\u00edm handicapem: nejlep\u0161\u00ed nep\u00e1l\u0161t\u00ed bojovn\u00edci slou\u017e\u00ed na z\u00e1klad\u011b smlouvy s jin\u00fdmi n\u00e1rody).<\/span><\/p>\n<p><span dir=\"auto\">Z pohledu Occamovy b\u0159itvy nevy\u017eaduje nep\u00e1lsk\u00e1 dysfunkce vn\u011bj\u0161\u00ed kontrolu \u2013 okolnosti ji zaru\u010duj\u00ed samy.<\/span><\/p>\n<p><strong><span dir=\"auto\">A i \u00fasp\u011b\u0161n\u00e1 barevn\u00e1 revoluce by byla Pyrrhov\u00fdm v\u00edt\u011bzstv\u00edm:<\/span><\/strong><\/p>\n<ul>\n<li><span dir=\"auto\">USA by m\u011bly vliv na vl\u00e1du, kter\u00e1 sotva dok\u00e1\u017ee vl\u00e1dnout, v zemi, kter\u00e1 nem\u016f\u017ee hostit \u017e\u00e1dn\u00e9 strategick\u00e9 zdroje a z n\u00ed\u017e nelze organizovat \u017e\u00e1dnou mocenskou projekci proti \u010c\u00edn\u011b (mezi nimi osmitis\u00edcov\u00e9 hory&#8230;).<\/span><\/li>\n<li><span dir=\"auto\">Indii by to sotva zaj\u00edmalo \u2013 u\u017e uk\u00e1zala, \u017ee dok\u00e1\u017ee ekonomicky u\u0161krtit jakoukoli nep\u00e1lskou vl\u00e1du.<\/span><\/li>\n<li><span dir=\"auto\">\u010c\u00edna by to zpoza sv\u00e9 him\u00e1lajsk\u00e9 zdi sledovala s pokr\u010den\u00edm ramen.<\/span><\/li>\n<li><span dir=\"auto\">A nep\u00e1lsk\u00fd lid se n\u00e1sleduj\u00edc\u00edho r\u00e1na probudil se stejnou nemilosrdnou geografi\u00ed a z\u00e1vislost\u00ed na Indii.<\/span><\/li>\n<\/ul>\n<p><span dir=\"auto\">Nechci tento p\u0159\u00edsp\u011bvek zakon\u010dit tak deterministickou notou. Nep\u00e1l nen\u00ed odsouzen k v\u011b\u010dn\u00e9mu utrpen\u00ed. Lid\u00e9, kter\u00e9 jsem tam potkal, pat\u0159ili k nejhou\u017eevnat\u011bj\u0161\u00edm, nejvynal\u00e9zav\u011bj\u0161\u00edm a nejdobromysln\u011bj\u0161\u00edm, jak\u00e9 jsem kdy poznal. P\u0159e\u017eili v\u0161e, co jim geografie p\u0159inesla, s pozoruhodnou d\u016fstojnost\u00ed. Pokud n\u011bkte\u0159\u00ed lid\u00e9 dok\u00e1\u017eou nakonec prom\u011bnit \u201enemo\u017en\u00e9\u201c v \u201epouze obt\u00ed\u017en\u00e9\u201c, jsou to oni.<\/span><\/p>\n<p><span dir=\"auto\">Protesty \u2013 a\u0165 u\u017e p\u0159ich\u00e1zej\u00ed odkudkoli \u2013 ukazuj\u00ed p\u0159esn\u011b toto: \u017ee mlad\u0161\u00ed generace navzdory v\u0161emu v\u011b\u0159\u00ed v lep\u0161\u00ed budoucnost sv\u00e9 zem\u011b. To samo o sob\u011b je d\u016fle\u017eit\u011bj\u0161\u00ed ne\u017e jak\u00e1koli geopolitick\u00e1 interpretace. A tento duch, spr\u00e1vn\u011b nasm\u011brovan\u00fd, je pravd\u011bpodobn\u011b nejd\u016fle\u017eit\u011bj\u0161\u00edm p\u0159\u00ednosem Nep\u00e1lu \u2013 bez ohledu na geografii nebo velmocenskou politiku.<\/span><\/p>\n<p><span dir=\"auto\">A kone\u010dn\u011b: Nav\u0161tivte pros\u00edm Nep\u00e1l. Nav\u0161tivte z\u00e1kladn\u00ed t\u00e1bor Everestu. Nav\u0161tivte rodi\u0161t\u011b Buddhy. Projd\u011bte se kvetouc\u00edmi rododendronov\u00fdmi lesy Annapurny. Pozorujte n\u011bkter\u00e9 z posledn\u00edch zb\u00fdvaj\u00edc\u00edch divok\u00fdch nosoro\u017ec\u016f v Asii. Ochutnejte lahodn\u00e9 momo.<\/span><\/p>\n<p><span dir=\"auto\">Va\u0161e turistick\u00e9 dolary nevy\u0159e\u0161\u00ed struktur\u00e1ln\u00ed probl\u00e9my Nep\u00e1lu, ale pomohou skute\u010dn\u00fdm lidem v jejich ka\u017edodenn\u00edm \u017eivot\u011b \u2013 a budete m\u00edt v\u00fdlet sv\u00e9ho \u017eivota. Geografie sice Nep\u00e1lu vnucuje t\u011b\u017ek\u00e9 d\u011bdictv\u00ed, ale tak\u00e9 vytvo\u0159ila jedno z nejneoby\u010dejn\u011bj\u0161\u00edch m\u00edst a lid\u00ed na sv\u011bt\u011b.<\/span><\/p>\n<p><img decoding=\"async\" loading=\"lazy\" class=\"alignnone size-full wp-image-1185\" src=\"http:\/\/www.infokuryr.cz\/n\/wp-content\/uploads\/2021\/04\/kuryr-podpis.png\" alt=\"\" width=\"84\" height=\"24\" \/><\/p>\n<p><img decoding=\"async\" loading=\"lazy\" class=\"wp-image-86927 aligncenter\" src=\"http:\/\/www.infokuryr.cz\/n\/wp-content\/uploads\/2025\/09\/letak-volby-2025-konference-3-212x300.png\" alt=\"\" width=\"772\" height=\"1092\" srcset=\"https:\/\/www.infokuryr.cz\/n\/wp-content\/uploads\/2025\/09\/letak-volby-2025-konference-3-212x300.png 212w, https:\/\/www.infokuryr.cz\/n\/wp-content\/uploads\/2025\/09\/letak-volby-2025-konference-3-724x1024.png 724w, https:\/\/www.infokuryr.cz\/n\/wp-content\/uploads\/2025\/09\/letak-volby-2025-konference-3-768x1086.png 768w, https:\/\/www.infokuryr.cz\/n\/wp-content\/uploads\/2025\/09\/letak-volby-2025-konference-3-1086x1536.png 1086w, https:\/\/www.infokuryr.cz\/n\/wp-content\/uploads\/2025\/09\/letak-volby-2025-konference-3-1448x2048.png 1448w, https:\/\/www.infokuryr.cz\/n\/wp-content\/uploads\/2025\/09\/letak-volby-2025-konference-3-1024x1448.png 1024w\" sizes=\"(max-width: 772px) 100vw, 772px\" \/><\/p>\n","protected":false},"excerpt":{"rendered":"<p>N\u011bkolik m\u011bs\u00edc\u016f jsem \u017eil v Nep\u00e1lu \u2013 \u00fachvatn\u00e9 zemi, kter\u00e1 je m\u00e9mu srdci velmi bl\u00edzk\u00e1&#8230;.<\/p>\n","protected":false},"author":2,"featured_media":87560,"comment_status":"closed","ping_status":"closed","sticky":false,"template":"","format":"standard","meta":[],"categories":[7],"tags":[1503,4247,3227],"_links":{"self":[{"href":"https:\/\/www.infokuryr.cz\/n\/wp-json\/wp\/v2\/posts\/87559"}],"collection":[{"href":"https:\/\/www.infokuryr.cz\/n\/wp-json\/wp\/v2\/posts"}],"about":[{"href":"https:\/\/www.infokuryr.cz\/n\/wp-json\/wp\/v2\/types\/post"}],"author":[{"embeddable":true,"href":"https:\/\/www.infokuryr.cz\/n\/wp-json\/wp\/v2\/users\/2"}],"replies":[{"embeddable":true,"href":"https:\/\/www.infokuryr.cz\/n\/wp-json\/wp\/v2\/comments?post=87559"}],"version-history":[{"count":0,"href":"https:\/\/www.infokuryr.cz\/n\/wp-json\/wp\/v2\/posts\/87559\/revisions"}],"wp:featuredmedia":[{"embeddable":true,"href":"https:\/\/www.infokuryr.cz\/n\/wp-json\/wp\/v2\/media\/87560"}],"wp:attachment":[{"href":"https:\/\/www.infokuryr.cz\/n\/wp-json\/wp\/v2\/media?parent=87559"}],"wp:term":[{"taxonomy":"category","embeddable":true,"href":"https:\/\/www.infokuryr.cz\/n\/wp-json\/wp\/v2\/categories?post=87559"},{"taxonomy":"post_tag","embeddable":true,"href":"https:\/\/www.infokuryr.cz\/n\/wp-json\/wp\/v2\/tags?post=87559"}],"curies":[{"name":"wp","href":"https:\/\/api.w.org\/{rel}","templated":true}]}}