{"id":87555,"date":"2025-09-12T00:14:34","date_gmt":"2025-09-11T22:14:34","guid":{"rendered":"https:\/\/www.infokuryr.cz\/n\/?p=87555"},"modified":"2025-09-11T09:29:05","modified_gmt":"2025-09-11T07:29:05","slug":"kit-klarenberg-neonacista-ktery-vedel-prilis-mnoho","status":"publish","type":"post","link":"https:\/\/www.infokuryr.cz\/n\/2025\/09\/12\/kit-klarenberg-neonacista-ktery-vedel-prilis-mnoho\/","title":{"rendered":"Kit Klarenberg: Neonacista, kter\u00fd v\u011bd\u011bl p\u0159\u00edli\u0161 mnoho?"},"content":{"rendered":"<div id=\"fb-root\"><\/div>\n<div class=\"elementor-element elementor-element-1fb4c2c elementor-widget elementor-widget-theme-post-content\" data-id=\"1fb4c2c\" data-element_type=\"widget\" data-widget_type=\"theme-post-content.default\">\n<div class=\"elementor-widget-container\" style=\"text-align: left;\">\n<p><span dir=\"auto\">30. srpna byl Andrij Parubij zast\u0159elen za b\u00edl\u00e9ho dne ve Lvov\u011b na Ukrajin\u011b. Kl\u00ed\u010dov\u00e1 postava majdansk\u00e9ho p\u0159evratu zorganizovan\u00e9ho zahrani\u010dn\u00edmi mocnostmi a po mnoho let prominentn\u00ed a vlivn\u00fd m\u00edstn\u00ed politik byl po mnoho let oplak\u00e1v\u00e1n \u0159adou britsk\u00fdch, evropsk\u00fdch a americk\u00fdch politik\u016f. Do t\u0159\u00ed dn\u016f byl Parubij\u016fv vrah zat\u010den a p\u0159iznal se. Vrah neprojevil \u017e\u00e1dnou l\u00edtost a tvrdil, \u017ee jeho \u010din byl \u201epomstou st\u00e1tu\u201c za zmizen\u00ed jeho syna, o kter\u00e9m se p\u0159edpokl\u00e1dalo, \u017ee zem\u0159el v boj\u00edch v Bachmutu v roce 2023.<\/span><\/p>\n<p><span dir=\"auto\">Ale za t\u00edmto p\u0159\u00edb\u011bhem je t\u00e9m\u011b\u0159 jist\u011b v\u00edc, ne\u017e se na prvn\u00ed pohled zd\u00e1. Bezprost\u0159edn\u011b po Parubijov\u011b vra\u017ed\u011b se objevila tvrzen\u00ed, \u017ee o n\u011bkolik m\u011bs\u00edc\u016f d\u0159\u00edve po\u017e\u00e1dal o ofici\u00e1ln\u00ed ochranu SBU, ale byla odm\u00edtnuta. To vyvolalo pobou\u0159en\u00ed a donutilo bezpe\u010dnostn\u00ed slo\u017eky v Kyjev\u011b, aby vydaly vysv\u011btlen\u00ed, pro\u010d byla Parubijova \u017e\u00e1dost zam\u00edtnuta. Kupodivu byla n\u00e1sledn\u011b svol\u00e1na tiskov\u00e1 konference, na kter\u00e9 SBU a m\u00edstn\u00ed org\u00e1ny \u010dinn\u00e9 v trestn\u00edm \u0159\u00edzen\u00ed rozporupln\u011b pop\u0159ely, \u017ee by n\u011bkdy po\u017e\u00e1dal o ochranu od jak\u00e9koli st\u00e1tn\u00ed agentury.<\/span><\/p>\n<p><span dir=\"auto\">A\u0165 u\u017e je pravda jak\u00e1koli, Parubij si s sebou do hrobu odnesl obrovsk\u00e9 mno\u017estv\u00ed citliv\u00fdch tajemstv\u00ed, na jejich\u017e pokra\u010duj\u00edc\u00edm utajov\u00e1n\u00ed m\u00e1 z\u00e1jem mnoho jednotlivc\u016f a organizac\u00ed. Jako dlouholet\u00fd a otev\u0159en\u00fd ultranacionalista v roce 1991 spoluzalo\u017eil otev\u0159en\u011b neonacistickou Soci\u00e1ln\u011b-nacionalistickou stranu \u2013 pozd\u011bji p\u0159ejmenovanou na Svobodu \u2013 a v letech 1998 a\u017e 2004 vedl jej\u00ed polovojensk\u00e9 k\u0159\u00eddlo Patriot Ukrajiny. Tato entita, stejn\u011b jako jej\u00ed mate\u0159sk\u00e1 politick\u00e1 strana, agresivn\u011b prosazovala povstaleck\u00e9 n\u00e1sil\u00ed a hl\u00e1sala zu\u0159ivou, genocidn\u00ed nen\u00e1vist v\u016f\u010di Rusku a Rus\u016fm.<\/span><\/p>\n<figure class=\"wp-block-image aligncenter size-large\"><img decoding=\"async\" loading=\"lazy\" class=\"aligncenter\" src=\"https:\/\/substackcdn.com\/image\/fetch\/$s_!qcpq!,w_1456,c_limit,f_webp,q_auto:good,fl_progressive:steep\/https%3A%2F%2Fsubstack-post-media.s3.amazonaws.com%2Fpublic%2Fimages%2F2a3f890e-3bd7-4a16-ae25-7da7c39fee4a_1456x953.webp\" alt=\"\" width=\"872\" height=\"571\" \/><figcaption class=\"wp-element-caption\"><em><span dir=\"auto\">Let\u00e1k od \u201ePatriot of Ukraine\u201c s Andrijem Parubijem<\/span><\/em><\/figcaption><\/figure>\n<p><span dir=\"auto\">Parubij byl kl\u00ed\u010dovou postavou USA zorganizovan\u00e9 oran\u017eov\u00e9 revoluce v Kyjev\u011b v roce 2004. Jeho role v majdansk\u00e9m p\u0159evratu a ve v\u0161em, co n\u00e1sledovalo a co uvrhlo Ukrajinu do v\u00e1lky s Moskvou, byla je\u0161t\u011b v\u00fdznamn\u011bj\u0161\u00ed. Po vypuknut\u00ed protest\u016f v listopadu 2013 zalo\u017eil Parubij \u201eS\u00edly sebeobrany Majdanu\u201c. A\u010dkoli byly zd\u00e1nliv\u011b zodpov\u011bdn\u00e9 za ochranu \u201epokojn\u00fdch\u201c protestuj\u00edc\u00edch p\u0159ed po\u0159\u00e1dkovou polici\u00ed, tyto s\u00edly \u00fazce spolupracovaly s fa\u0161istickou paramilit\u00e1rn\u00ed skupinou Prav\u00fd sektor. Ta se pravideln\u011b dopou\u0161t\u011bla \u200b\u200b\u017eh\u00e1\u0159stv\u00ed a n\u00e1siln\u00fdch \u010din\u016f, aby vyvolala negativn\u00ed reakce ze strany policie.<\/span><\/p>\n<p><span dir=\"auto\">Protesty skon\u010dily \u00fat\u011bkem zvolen\u00e9ho prezidenta Viktora Janukovy\u010de z Ukrajiny 22. \u00fanora 2014. Tomu p\u0159edch\u00e1zel masakr demonstrant\u016f odst\u0159elova\u010di na N\u00e1m\u011bst\u00ed svobody (nyn\u00ed Majdan) v Kyjev\u011b. Vl\u00e1dn\u00ed s\u00edly \u2013 pravd\u011bpodobn\u011b s ruskou podporou \u2013 byly obvin\u011bny z krveprolit\u00ed, co\u017e spustilo lavinu mezin\u00e1rodn\u00edho odsouzen\u00ed a v\u00fdhr\u016f\u017eky ze strany Paribouov\u00fdch sil sebeobrany Majdanu, \u017ee v p\u0159\u00edpad\u011b nerezignace prezidenta za\u00fato\u010d\u00ed na jeho rezidenci a n\u00e1siln\u011b ho odvolaj\u00ed z funkce. Janukovy\u010dovu vl\u00e1du nahradila fa\u0161isticky orientovan\u00e1, nevolen\u00e1 administrativa, kterou osobn\u011b vybrala Victoria Nulandov\u00e1, vysok\u00e1 vyslankyn\u011b americk\u00e9ho ministerstva zahrani\u010d\u00ed pro Ukrajinu.<\/span><\/p>\n<p><span dir=\"auto\">Parubij, jmenovan\u00fd p\u0159edsedou Rady n\u00e1rodn\u00ed bezpe\u010dnosti a obrany, dohl\u00ed\u017eel na zah\u00e1jen\u00ed a proveden\u00ed ukrajinsk\u00e9 \u201eprotiteroristick\u00e9 operace\u201c, brut\u00e1ln\u00edho z\u00e1sahu proti rusky mluv\u00edc\u00edmu obyvatelstvu zem\u011b. Inicioval tak\u00e9 kroky k integraci Kyjeva do obrann\u00fdch a bezpe\u010dnostn\u00edch struktur NATO p\u0159ed jeho form\u00e1ln\u00edm \u010dlenstv\u00edm. Parubij si zpo\u010d\u00e1tku udr\u017eel svou pozici i za zvolen\u00e9ho krajn\u011b pravicov\u00e9ho prezidenta Petra Poro\u0161enka, ale v srpnu 2014 rezignoval po podpisu minsk\u00fdch dohod, jejich\u017e c\u00edlem bylo nastolit m\u00edr na Donbasu, proto\u017ee v\u011b\u0159il, \u017ee konflikt lze vy\u0159e\u0161it pouze \u201esilou\u201c.<\/span><\/p>\n<p><span dir=\"auto\">Parubij se stal je\u0161t\u011b agresivn\u011bj\u0161\u00edm, kdy\u017e v \u00fanoru 2022 vypukla z\u00e1stupn\u00e1 v\u00e1lka. V ran\u00fdch f\u00e1z\u00edch konfliktu vehementn\u011b odm\u00edtal jedn\u00e1n\u00ed s Moskvou a m\u00edsto toho nal\u00e9hal na Kyjev, aby \u201ezni\u010dil Rusk\u00e9 imp\u00e9rium\u201c. Masakr na Majdanu mezit\u00edm z\u016fstal ofici\u00e1ln\u011b nevy\u0159e\u0161en. Tato absence vy\u0161et\u0159ov\u00e1n\u00ed byla tak do o\u010d\u00ed bij\u00edc\u00ed, \u017ee i mezi ukrajinsk\u00fdmi vy\u0161et\u0159ovateli vzniklo podez\u0159en\u00ed, \u017ee ofici\u00e1ln\u00ed vy\u0161et\u0159ov\u00e1n\u00ed vra\u017ed je \u00famysln\u011b sabotov\u00e1no. V zemi jist\u011b existovalo mnoho vlivn\u00fdch osobnost\u00ed, kter\u00e9 cht\u011bly pravdu zakr\u00fdt a poh\u0159b\u00edt \u2013 mezi nimi byl pravd\u011bpodobn\u011b nejv\u00fdznamn\u011bj\u0161\u00ed Andriy Parubij.<\/span><\/p>\n<h3 class=\"has-medium-font-size\"><strong><span dir=\"auto\">\u201eSvat\u00e9 ob\u011bti\u201c<\/span><\/strong><\/h3>\n<p><span dir=\"auto\">V \u0159\u00edjnu 2023 kyjevsk\u00fd soud kone\u010dn\u011b vynesl rozsudek v p\u0159\u00edpadu masakru na Majdanu, kter\u00fd za\u010dal v roce 2016. Z p\u011bti policist\u016f obvin\u011bn\u00fdch ze spolu\u00fa\u010dasti na zv\u011brstvech byl jeden osvobozen, dal\u0161\u00ed byl odsouzen k trestu odn\u011bt\u00ed svobody za \u00fadajn\u00e9 \u201ezneu\u017eit\u00ed pravomoci \u00fa\u0159adu\u201c a t\u0159i byli v nep\u0159\u00edtomnosti odsouzeni za 31 vra\u017ed a 44 pokus\u016f o vra\u017edu. Ve skute\u010dnosti nebyl za tento incident nikdy pr\u00e1vn\u011b potrest\u00e1n \u017e\u00e1dn\u00fd ukrajinsk\u00fd \u00fa\u0159edn\u00edk z tohoto obdob\u00ed. Rozsudek rovn\u011b\u017e uznal, \u017ee neexistuj\u00ed \u017e\u00e1dn\u00e9 d\u016fkazy o tom, \u017ee by st\u00e1t na\u0159\u00eddil st\u0159elbu na protestuj\u00edc\u00ed.<\/span><\/p>\n<p><span dir=\"auto\">Verdikt d\u00e1le definitivn\u011b vylou\u010dil zapojen\u00ed rusk\u00fdch element\u016f do masov\u00fdch st\u0159eleb \u2013 konspira\u010dn\u00ed teorii, kterou po mnoho let siln\u011b propagovaly promajdanovsk\u00e9 elementy, v\u010detn\u011b Parubija. Je\u0161t\u011b d\u016fle\u017eit\u011bj\u0161\u00ed je, \u017ee soud zjistil, \u017ee v nejm\u00e9n\u011b 28 ze 128 p\u0159\u00edpad\u016f st\u0159elby na protestuj\u00edc\u00ed, kter\u00e9 byly b\u011bhem soudn\u00edho procesu pro\u0161et\u0159eny, \u201enebylo zapojen\u00ed policist\u016f prok\u00e1z\u00e1no\u201c a zapojen\u00ed \u201edal\u0161\u00edch nezn\u00e1m\u00fdch osob\u201c do zab\u00edjen\u00ed \u201enelze vylou\u010dit\u201c. To je mimo\u0159\u00e1dn\u00e9 podcen\u011bn\u00ed.<\/span><\/p>\n<p><span dir=\"auto\">V rozhodnut\u00ed bylo zji\u0161t\u011bno, \u017ee \u201edostate\u010dn\u00e9\u201c d\u016fkazy \u201ejasn\u011b\u201c nazna\u010duj\u00ed, \u017ee z hotelu Ukrajina na n\u00e1m\u011bst\u00ed Svobody, co\u017e byla \u201eoblast nekontrolovan\u00e1 org\u00e1ny \u010dinn\u00fdmi v trestn\u00edm \u0159\u00edzen\u00ed\u201c, bylo na protestuj\u00edc\u00ed vyp\u00e1leno mnoho st\u0159el. V rozhodnut\u00ed se nezm\u00ednilo, \u017ee b\u011bhem nepokoj\u016f na Majdanu slou\u017eil hotel Ukrajina jako s\u00eddlo strany Svoboda, jej\u00ed\u017e v\u016fdci \u2013 v\u010detn\u011b Parubije \u2013 koordinovali chaos v ulic\u00edch. Mnoho aktivist\u016f Svobody m\u011blo svou z\u00e1kladnu v 11. pat\u0159e hotelu. Odst\u0159elova\u010de v t\u00e9to oblasti pozorovala \u0159ada zdroj\u016f, v\u010detn\u011b BBC.<\/span><\/p>\n<p><span dir=\"auto\">\u010cetn\u00e9 v\u00fdpov\u011bdi sv\u011bdk\u016f b\u011bhem zdlouhav\u00e9ho procesu v\u0161ak nazna\u010dovaly, \u017ee hotel Ukrajina nebyl jedinou budovou ani oblast\u00ed, ze kter\u00e9 se na protestuj\u00edc\u00ed st\u0159\u00edlelo, a \u017ee jej v t\u00e9 dob\u011b okupovaly opozi\u010dn\u00ed s\u00edly \u2013 nikoli vl\u00e1dn\u00ed jednotky. Obzvl\u00e1\u0161t\u011b pozoruhodn\u00e9 bylo sv\u011bdectv\u00ed Nazara Mucha\u010dova, velitele sebeobrany Majdanu a poradce Parubija. Dostal p\u0159\u00edstup k d\u016fkaz\u016fm shrom\u00e1\u017ed\u011bn\u00fdm vl\u00e1dou v souvislosti s masakrem a provedl vlastn\u00ed vy\u0161et\u0159ov\u00e1n\u00ed.<\/span><\/p>\n<p><span dir=\"auto\">Zji\u0161t\u011bn\u00ed Mucha\u010dovova vy\u0161et\u0159ov\u00e1n\u00ed masov\u00e9 vra\u017edy jasn\u011b nazna\u010dila, \u017ee za st\u0159elbu na protestuj\u00edc\u00ed a policii z m\u00edst obsazen\u00fdch opozi\u010dn\u00edmi elementy, v\u010detn\u011b hotelu Ukrajina, byly zodpov\u011bdn\u00e9 \u201et\u0159et\u00ed s\u00edly\u201c s vazbami na veden\u00ed Majdanu. Dosp\u011bl k z\u00e1v\u011bru, \u017ee Parubij a dal\u0161\u00ed pot\u0159ebovali k svr\u017een\u00ed vl\u00e1dy \u201eposv\u00e1tn\u00e9 ob\u011bti\u201c. Mucha\u010dovova v\u00fdpov\u011b\u010f je obzvl\u00e1\u0161t\u011b siln\u00e1 a p\u0159esv\u011bd\u010div\u00e1, jeliko\u017e s\u00e1m byl \u010dlenem majdansk\u00e9 sebeobrany, nad\u00e1le podporuje majdansk\u00fd p\u0159evrat a je oddan\u00fdm ultranacionalistou.<\/span><\/p>\n<p><span dir=\"auto\">Mezit\u00edm Stanyslav \u0160uljak, velitel po\u0159\u00e1dkov\u00e9 policie b\u011bhem protest\u016f na Majdanu, informoval, \u017ee \u0159ada policist\u016f pozorovala odst\u0159elova\u010de st\u0159\u00edlej\u00edc\u00ed z m\u00edst kontrolovan\u00fdch Majdanem. V d\u016fsledku toho bezpe\u010dnostn\u00ed slo\u017eky vyjedn\u00e1valy se z\u00e1stupci Majdansk\u00e9 sebeobrany o pro\u0161et\u0159en\u00ed t\u011bchto oblast\u00ed, ale Parubij jejich \u017e\u00e1dosti odm\u00edtl. Je\u0161t\u011b usv\u011bd\u010duj\u00edc\u00ed je, \u017ee \u0159ada sv\u011bdk\u016f \u2013 v\u010detn\u011b \u010dlen\u016f Prav\u00e9ho sektoru \u2013 vypov\u00eddala o zadr\u017een\u00ed ozbrojen\u00fdch osob, o nich\u017e bylo zn\u00e1mo nebo podez\u0159el\u00fdch ze st\u0159elby na protestuj\u00edc\u00ed b\u011bhem masakru. Po zat\u010den\u00ed byli tito lid\u00e9 p\u0159ed\u00e1ni Parubijov\u011b Majdansk\u00e9 sebeobran\u011b \u2013 jen aby byli propu\u0161t\u011bni bez n\u00e1sledk\u016f a vysv\u011btlen\u00ed a u\u017e nikdy nebyli spat\u0159eni.<\/span><\/p>\n<h3 class=\"has-medium-font-size\"><strong><span dir=\"auto\">\u201eMrtvola\u201c<\/span><\/strong><\/h3>\n<p><span dir=\"auto\">Bezprost\u0159edn\u011b po Parubijov\u011b smrti provedla popul\u00e1rn\u00ed ukrajinsk\u00e1 tiskov\u00e1 agentura Strana rozhovor s n\u011bkolika jeho spolupracovn\u00edky. Je zaj\u00edmav\u00e9, \u017ee v\u011bt\u0161ina z nich jeho likvidaci p\u0159ipisovala \u201eruk\u00e1m Kremlu\u201c, zat\u00edmco jin\u00ed \u201enevylou\u010dili vnitropolitick\u00e9 pozad\u00ed vra\u017edy\u201c. To znamen\u00e1, \u017ee Parubij mohl b\u00fdt eliminov\u00e1n kv\u016fli \u201eo\u010dek\u00e1v\u00e1n\u00ed budouc\u00edch politick\u00fdch nepokoj\u016f v zemi\u201c. Koneckonc\u016f, jak anonymn\u00ed zdroj sd\u011blil Stran\u011b, \u201eAndrej velmi dob\u0159e v\u011bd\u011bl, jak zorganizovat Majdan\u201c.<\/span><\/p>\n<p><span dir=\"auto\">Hrozba hroz\u00edc\u00edho \u201epolitick\u00e9ho p\u0159evratu\u201c na Ukrajin\u011b je velmi re\u00e1ln\u00e1. Moskevsk\u00e9 ozbrojen\u00e9 s\u00edly v Donbasu ka\u017ed\u00fd den ne\u00faprosn\u011b postupuj\u00ed. Vysok\u00e9 ztr\u00e1ty, dezerce a ne\u00fasp\u011b\u0161n\u00e9 n\u00e1borov\u00e9 kampan\u011b znamenaj\u00ed, \u017ee nedostatek person\u00e1lu v Kyjev\u011b je tak v\u00e1\u017en\u00fd, \u017ee \u017eeny \u2013 n\u011bkter\u00e9 z nich t\u011bhotn\u00e9 \u2013 nyn\u00ed bojuj\u00ed v prvn\u00ed linii. Evropa je z\u00e1visl\u00e1 na n\u00e1kupu zbran\u00ed od Washingtonu, aby vybavila sv\u00e9ho selh\u00e1vaj\u00edc\u00edho z\u00e1stupce, zat\u00edmco Donald Trump rozhodn\u011b odm\u00edt\u00e1 \u010dlenstv\u00ed v NATO nebo navr\u00e1cen\u00ed ztracen\u00fdch \u00fazem\u00ed. V\u00e1lka pro Kyjev u\u017e n\u011bjakou dobu jasn\u011b skon\u010dila.<\/span><\/p>\n<p><span dir=\"auto\">Prezident Volodymyr Zelenskyj se nicm\u00e9n\u011b ve\u0159ejn\u011b dr\u017e\u00ed maximalistick\u00fdch \u2013 a zcela nedosa\u017eiteln\u00fdch \u2013 v\u00e1le\u010dn\u00fdch c\u00edl\u016f, v\u010detn\u011b znovudobyt\u00ed Krymu. M\u00e1 dobr\u00e9 d\u016fvody k ve\u0159ejn\u00e9mu udr\u017eov\u00e1n\u00ed t\u00e9to absurdn\u00ed fas\u00e1dy. V \u010dervenci Zelensk\u00e9ho pokus dostat \u201eprotikorup\u010dn\u00ed\u201c agentury veden\u00e9 USA pod p\u0159\u00edmou kontrolu jeho vl\u00e1dy vyvolal masov\u00e9 protesty, v\u00fdzvy k jeho rezignaci i od jeho nejsiln\u011bj\u0161\u00edch z\u00e1padn\u00edch podporovatel\u016f a ostrou kritiku ze strany vlivn\u00fdch kruh\u016f v zemi. Mezi nejhlasit\u011bj\u0161\u00ed hlasy pat\u0159il Andrij Biletskyj, zakladatel nechvaln\u011b zn\u00e1m\u00e9ho neonacistick\u00e9ho praporu Azov.<\/span><\/p>\n<p><span dir=\"auto\">V srpnov\u00e9m rozhovoru pro The Times Biletsky opakovan\u011b kritizoval Zelensk\u00e9ho a kategoricky odm\u00edtl jak\u00e1koli jedn\u00e1n\u00ed s Ruskem. Nast\u00ednil svou osobn\u00ed \u201evizi budoucnosti\u201c permanentn\u00ed v\u00e1lky s Moskvou, v n\u00ed\u017e by se Ukrajina stala \u201epermanentn\u011b militarizovanou spole\u010dnost\u00ed\u201c a \u201earm\u00e1dou a arzen\u00e1lem\u201c Evropy. Jeho pozn\u00e1mky se objevily jen o n\u011bkolik dn\u00ed pozd\u011bji v t\u00e9m\u011b\u0159 identick\u00e9 smute\u010dn\u00ed \u0159e\u010di ve stejn\u00fdch novin\u00e1ch, v n\u00ed\u017e popul\u00e1rn\u00ed youtuber a b\u00fdval\u00fd \u0161\u00e9f od\u011bsk\u00e9 pobo\u010dky Prav\u00e9ho sektoru Sergej Sternenko otev\u0159en\u011b pohrozil ukrajinsk\u00e9mu prezidentovi smrt\u00ed:<\/span><\/p>\n<p><strong><em><span dir=\"auto\">\u201ePokud by se&#8230; Zelenskyj vzdal nedobyt\u00fdch \u00fazem\u00ed, byl by politicky a pak i fakticky mrtv\u00fd. To by byla bomba pod na\u0161\u00ed suverenitou. Lid\u00e9 by to nikdy nep\u0159ijali&#8230; Nakonec bude jen jeden v\u00edt\u011bz, Rusko nebo Ukrajina&#8230; Pokud rusk\u00e9 imp\u00e9rium bude pokra\u010dovat ve sv\u00e9 sou\u010dasn\u00e9 podob\u011b, bude se v\u017edy cht\u00edt roz\u0161i\u0159ovat. Kompromis je nemo\u017en\u00fd. Boj bude trvat v\u011b\u010dn\u011b, dokud Rusko neopust\u00ed ukrajinsk\u00e9 \u00fazem\u00ed.\u201c<\/span><\/em><\/strong><\/p>\n<p><span dir=\"auto\">Sternenko sehr\u00e1l kl\u00ed\u010dovou roli v masakru v Od\u011bse v kv\u011btnu 2014, p\u0159i kter\u00e9m byly zabity des\u00edtky aktivist\u016f proti Majdanu a stovky dal\u0161\u00edch zran\u011bny. Dal\u0161\u00ed kl\u00ed\u010dovou postavou Prav\u00e9ho sektoru zapletenou do tohoto hr\u016fzn\u00e9ho incidentu byl Demjan Hanul, kter\u00fd byl zavra\u017ed\u011bn v b\u0159eznu. Fa\u0161istick\u00e1 paramilit\u00e1rn\u00ed skupina tehdy masakr ozna\u010dila za \u201esv\u011btlou kapitolu v na\u0161ich n\u00e1rodn\u00edch d\u011bjin\u00e1ch\u201c. P\u0159edem byl ve m\u011bst\u011b nasazen Andrij Parubij a 500 \u010dlen\u016f jeho sebeobrany na Majdanu, co\u017e siln\u011b nazna\u010dovalo, \u017ee pr\u016fmyslov\u00e9 upalov\u00e1n\u00ed rusky mluv\u00edc\u00edch ukrajinsk\u00fdch obyvatel bylo \u00famyslnou masovou vra\u017edou.<\/span><\/p>\n<figure class=\"wp-block-image aligncenter size-large\"><img decoding=\"async\" loading=\"lazy\" class=\"aligncenter\" src=\"https:\/\/substackcdn.com\/image\/fetch\/$s_!-LyO!,w_1456,c_limit,f_webp,q_auto:good,fl_progressive:steep\/https%3A%2F%2Fsubstack-post-media.s3.amazonaws.com%2Fpublic%2Fimages%2F78d395a0-f12a-4be4-8d88-abaa50f6076b_1456x971.webp\" alt=\"\" width=\"966\" height=\"644\" \/><figcaption class=\"wp-element-caption\"><em><span dir=\"auto\">Masakr v Od\u011bse 2. kv\u011btna 2014<\/span><\/em><\/figcaption><\/figure>\n<p><span dir=\"auto\">Po od\u011bsk\u00e9m pekle se prominentn\u00ed p\u0159edstavitelka Svobody Iryna Farionov\u00e1, jej\u00ed\u017e pokoj v hotelu Ukrajina slou\u017eil b\u011bhem masakru na Majdanu jako hn\u00edzdo odst\u0159elova\u010d\u016f, radovala nad ohniv\u00fdm krveprolit\u00edm a prohl\u00e1sila: \u201eA\u0165 \u010f\u00e1blov\u00e9 ho\u0159\u00ed v pekle&#8230; Bravo!\u201c Sama byla v \u010dervenci 2024 zavra\u017ed\u011bna, p\u0159esto\u017ee byla pod intenzivn\u00edm dohledem SBU. Je docela n\u00e1hoda, \u017ee zat\u00edmco se smy\u010dka kolem Zelensk\u00e9ho st\u00e1le utahuje, ti, kte\u0159\u00ed dok\u00e1\u017e\u00ed nejp\u0159esv\u011bd\u010div\u011bji vysv\u011btlit ud\u00e1losti, kter\u00e9 vedly ke vzniku re\u017eimu na Majdanu, padaj\u00ed jako mouchy.<\/span><\/p>\n<\/div>\n<\/div>\n<div class=\"elementor-element elementor-element-8c57238 quelle dc-has-condition dc-condition-empty elementor-widget elementor-widget-heading\" data-id=\"8c57238\" data-element_type=\"widget\" data-widget_type=\"heading.default\">\n<div class=\"elementor-widget-container\">\n<h3 class=\"elementor-heading-title elementor-size-default\"><span style=\"font-size: 12pt;\"><a href=\"https:\/\/www.kitklarenberg.com\/p\/the-neo-nazi-who-knew-too-much?utm_source=post-email-title&amp;publication_id=552010&amp;post_id=172720418&amp;utm_campaign=email-post-title&amp;isFreemail=false&amp;r=pf6gr&amp;triedRedirect=true&amp;utm_medium=email\" target=\"_blank\" rel=\"nofollow noopener\"><span dir=\"auto\">Zdroj<\/span><\/a><\/span><\/h3>\n<p><img decoding=\"async\" loading=\"lazy\" class=\"wp-image-86739 aligncenter\" src=\"http:\/\/www.infokuryr.cz\/n\/wp-content\/uploads\/2025\/08\/volby-program-211x300.png\" alt=\"\" width=\"723\" height=\"1028\" srcset=\"https:\/\/www.infokuryr.cz\/n\/wp-content\/uploads\/2025\/08\/volby-program-211x300.png 211w, https:\/\/www.infokuryr.cz\/n\/wp-content\/uploads\/2025\/08\/volby-program-721x1024.png 721w, https:\/\/www.infokuryr.cz\/n\/wp-content\/uploads\/2025\/08\/volby-program-768x1091.png 768w, https:\/\/www.infokuryr.cz\/n\/wp-content\/uploads\/2025\/08\/volby-program-1081x1536.png 1081w, https:\/\/www.infokuryr.cz\/n\/wp-content\/uploads\/2025\/08\/volby-program-1442x2048.png 1442w, https:\/\/www.infokuryr.cz\/n\/wp-content\/uploads\/2025\/08\/volby-program-1024x1455.png 1024w\" sizes=\"(max-width: 723px) 100vw, 723px\" \/><\/p>\n<\/div>\n<\/div>\n","protected":false},"excerpt":{"rendered":"<p>30. srpna byl Andrij Parubij zast\u0159elen za b\u00edl\u00e9ho dne ve Lvov\u011b na Ukrajin\u011b. Kl\u00ed\u010dov\u00e1 postava&#8230;<\/p>\n","protected":false},"author":2,"featured_media":87556,"comment_status":"closed","ping_status":"closed","sticky":false,"template":"","format":"standard","meta":[],"categories":[7],"tags":[468,455,26],"_links":{"self":[{"href":"https:\/\/www.infokuryr.cz\/n\/wp-json\/wp\/v2\/posts\/87555"}],"collection":[{"href":"https:\/\/www.infokuryr.cz\/n\/wp-json\/wp\/v2\/posts"}],"about":[{"href":"https:\/\/www.infokuryr.cz\/n\/wp-json\/wp\/v2\/types\/post"}],"author":[{"embeddable":true,"href":"https:\/\/www.infokuryr.cz\/n\/wp-json\/wp\/v2\/users\/2"}],"replies":[{"embeddable":true,"href":"https:\/\/www.infokuryr.cz\/n\/wp-json\/wp\/v2\/comments?post=87555"}],"version-history":[{"count":0,"href":"https:\/\/www.infokuryr.cz\/n\/wp-json\/wp\/v2\/posts\/87555\/revisions"}],"wp:featuredmedia":[{"embeddable":true,"href":"https:\/\/www.infokuryr.cz\/n\/wp-json\/wp\/v2\/media\/87556"}],"wp:attachment":[{"href":"https:\/\/www.infokuryr.cz\/n\/wp-json\/wp\/v2\/media?parent=87555"}],"wp:term":[{"taxonomy":"category","embeddable":true,"href":"https:\/\/www.infokuryr.cz\/n\/wp-json\/wp\/v2\/categories?post=87555"},{"taxonomy":"post_tag","embeddable":true,"href":"https:\/\/www.infokuryr.cz\/n\/wp-json\/wp\/v2\/tags?post=87555"}],"curies":[{"name":"wp","href":"https:\/\/api.w.org\/{rel}","templated":true}]}}