{"id":87551,"date":"2025-09-12T00:11:42","date_gmt":"2025-09-11T22:11:42","guid":{"rendered":"https:\/\/www.infokuryr.cz\/n\/?p=87551"},"modified":"2025-09-11T09:20:35","modified_gmt":"2025-09-11T07:20:35","slug":"thomas-roper-predsedkyne-evropske-komise-oznamila-nova-cenzurni-opatreni-v-eu","status":"publish","type":"post","link":"https:\/\/www.infokuryr.cz\/n\/2025\/09\/12\/thomas-roper-predsedkyne-evropske-komise-oznamila-nova-cenzurni-opatreni-v-eu\/","title":{"rendered":"Thomas R\u00f6per: P\u0159edsedkyn\u011b Evropsk\u00e9 komise ozn\u00e1mila nov\u00e1 cenzurn\u00ed opat\u0159en\u00ed v EU"},"content":{"rendered":"<div id=\"fb-root\"><\/div>\n<p><strong><span dir=\"auto\">P\u0159edsedkyn\u011b Evropsk\u00e9 komise von der Leyenov\u00e1 ve sv\u00e9m projevu k Evropsk\u00e9mu parlamentu ozn\u00e1mila nov\u00e1 opat\u0159en\u00ed k cenzu\u0159e a potla\u010dov\u00e1n\u00ed odli\u0161n\u00fdch n\u00e1zor\u016f, kter\u00e1 ozna\u010dila za boj za svobodn\u00e1 m\u00e9dia.<\/span><\/strong><\/p>\n<p><span dir=\"auto\">Projev\u00a0<\/span><a href=\"https:\/\/www.youtube.com\/watch?v=MBcpHMPMLEE\"><u><span dir=\"auto\">,<\/span><\/u><\/a><span dir=\"auto\">\u00a0kter\u00fd p\u0159edsedkyn\u011b Evropsk\u00e9 komise ka\u017edoro\u010dn\u011b p\u0159edn\u00e1\u0161\u00ed v Evropsk\u00e9m parlamentu pod n\u00e1zvem \u201eStav Unie\u201c, je projevem, v n\u011bm\u017e p\u0159edstavuje pl\u00e1ny Komise na n\u00e1sleduj\u00edc\u00ed rok. Projev trval ve st\u0159edu asi hodinu a von der Leyenov\u00e1 v n\u011bm ozn\u00e1mila sv\u016fj z\u00e1m\u011br p\u0159evz\u00edt kontrolu nad obrann\u00fdmi programy \u010dlensk\u00fdch st\u00e1t\u016f EU a \u0159\u00eddit je podobn\u00fdm zp\u016fsobem, jak\u00fdm kontroluje jejich finance. Mimo jin\u00e9 tak\u00e9 vyzvala k ukon\u010den\u00ed jednomyslnosti v d\u016fle\u017eit\u00fdch rozhodnut\u00edch EU.<\/span><\/p>\n<p><span dir=\"auto\">V projevu se v\u0161ak objevily dva body, kdy se parlament rozbou\u0159il. Prvn\u00edm byl okam\u017eik, kdy varovala p\u0159ed novou pandemi\u00ed, a druh\u00fdm okam\u017eik, kdy ozn\u00e1mila spu\u0161t\u011bn\u00ed nov\u00e9ho programu cenzury a potla\u010dov\u00e1n\u00ed disentu. \u0158ekla:<\/span><\/p>\n<p><em><span dir=\"auto\">\u201eNa\u0161e demokracie je ohro\u017eena. Vzestup manipulac\u00ed a dezinformac\u00ed rozd\u011bluje na\u0161e spole\u010dnosti. Podkop\u00e1v\u00e1 to nejen d\u016fv\u011bru v pravdu, ale i v samotnou demokracii. Proto nal\u00e9hav\u011b pot\u0159ebujeme \u201a\u0161t\u00edt demokracie\u2018 EU. Pot\u0159ebujeme v\u011bt\u0161\u00ed kapacity pro monitorov\u00e1n\u00ed a odhalov\u00e1n\u00ed manipulac\u00ed a dezinformac\u00ed. Proto vytvo\u0159\u00edme nov\u00e9 Evropsk\u00e9 centrum pro demokratickou odolnost.\u201c<\/span><\/em><\/p>\n<p><span dir=\"auto\">V tu chv\u00edli se v m\u00edstnosti ozval sm\u00edch, kter\u00fd donutil p\u0159edsedu Evropsk\u00e9ho parlamentu zas\u00e1hnout a po\u017e\u00e1dat o klid. Von der Leyenov\u00e1 se sna\u017eila p\u0159edst\u00edrat, \u017ee nesly\u0161ela, ale odml\u010dela se a pak v\u00fdhru\u017en\u011b pokra\u010dovala:<\/span><\/p>\n<p><em><span dir=\"auto\">\u201ePozorn\u011b m\u011b poslouchejte! Prvn\u00edm krokem v politice autokratick\u00fdch v\u016fdc\u016f je v\u017edy p\u0159evzet\u00ed kontroly nad nez\u00e1visl\u00fdmi m\u00e9dii. Proto mus\u00edme ud\u011blat v\u00edce pro ochranu na\u0161ich m\u00e9di\u00ed a nez\u00e1visl\u00e9ho tisku. Spust\u00edme tak\u00e9 nov\u00fd program s n\u00e1zvem \u201eMedi\u00e1ln\u00ed obrana\u201c, kter\u00fd bude podporovat nez\u00e1vislou \u017eurnalistiku a medi\u00e1ln\u00ed gramotnost. Mus\u00edme v\u0161ak tak\u00e9 investovat do \u0159e\u0161en\u00ed n\u011bkter\u00fdch z\u00e1kladn\u00edch p\u0159\u00ed\u010din tohoto trendu. Proto jsme v p\u0159\u00ed\u0161t\u00edm rozpo\u010dtu navrhli v\u00fdrazn\u00e9 nav\u00fd\u0161en\u00ed financov\u00e1n\u00ed m\u00e9di\u00ed. Mus\u00edme tak\u00e9 zv\u00fd\u0161it investice a vyu\u017e\u00edt na\u0161e n\u00e1stroje k podpo\u0159e nez\u00e1visl\u00fdch a m\u00edstn\u00edch m\u00e9di\u00ed. Svobodn\u00fd tisk je z\u00e1kladem ka\u017ed\u00e9 demokracie. A budeme podporovat svobodu evropsk\u00e9ho tisku.\u201c<\/span><\/em><\/p>\n<p><span dir=\"auto\">Von der Leyenov\u00e1 musela sv\u016fj projev n\u011bkolikr\u00e1t p\u0159eru\u0161it kv\u016fli neust\u00e1l\u00e9mu posm\u011bchu a protest\u016fm \u010dlen\u016f parlamentu. V s\u00e1le zavl\u00e1dla nespokojenost i tehdy, kdy\u017e hovo\u0159ila o hroz\u00edc\u00edm odposlechu telefon\u016f, kter\u00fd m\u00e1 \u00fadajn\u011b chr\u00e1nit d\u011bti p\u0159ed pedofily.<\/span><\/p>\n<h3 class=\"wp-block-heading\"><span dir=\"auto\">Nov\u00e1 cenzurn\u00ed opat\u0159en\u00ed Zensursuly<\/span><\/h3>\n<p><span dir=\"auto\">Von der Leyenov\u00e1 d\u011bl\u00e1 to, z \u010deho ve sv\u00e9m projevu obvinila autokraty. Vyu\u017e\u00edv\u00e1 z\u00e1kony EU ke kontrole tisku a k tvrd\u00e9mu z\u00e1sahu proti odli\u0161n\u00fdm n\u00e1zor\u016fm a m\u00e9di\u00edm. Cenzura rusk\u00fdch m\u00e9di\u00ed v EU a\u00a0<\/span><a href=\"https:\/\/anti-spiegel.ru\/2025\/was-die-verhaengung-von-sanktionen-gegen-thomas-roeper-bedeutet\/\"><u><span dir=\"auto\">sv\u00e9voln\u011b uvalen\u00e9 sankce proti kritik\u016fm<\/span><\/u><\/a><span dir=\"auto\">\u00a0politiky EU, jako jsem j\u00e1, jsou toho jasn\u00fdm d\u016fkazem. Tak\u017ee i p\u0159i sebelep\u0161\u00ed v\u016fli nem\u016f\u017ee b\u00fdt \u0159e\u010d o ochran\u011b nez\u00e1visl\u00e9ho tisku; von der Leyenov\u00e1 d\u011bl\u00e1 prav\u00fd opak.<\/span><\/p>\n<p><span dir=\"auto\">Vzhledem k tomu, \u017ee st\u00e1le v\u00edce lid\u00ed p\u0159est\u00e1v\u00e1 v\u011b\u0159it narativ\u016fm mainstreamov\u00fdch m\u00e9di\u00ed, von der Leyenov\u00e1 oznamuje \u201ev\u00fdznamn\u00e9 zv\u00fd\u0161en\u00ed financov\u00e1n\u00ed m\u00e9di\u00ed\u201c a z\u00e1rove\u0148 se sna\u017e\u00ed uml\u010det kritiky.<\/span><\/p>\n<p><span dir=\"auto\">Jsem velmi zv\u011bdav\u00fd, co Evropsk\u00e1 komise k tomuto t\u00e9matu brzy p\u0159edlo\u017e\u00ed a samoz\u0159ejm\u011b o tom pod\u00e1 zpr\u00e1vu.<\/span><\/p>\n<p><a href=\"https:\/\/anti-spiegel.ru\/2025\/eu-kommissionschefin-kuendigt-neue-zensur-massnahmen-in-der-eu-an\/\">Thomas R\u00f6per<\/a><\/p>\n<p><img decoding=\"async\" loading=\"lazy\" class=\"alignnone  wp-image-22016\" src=\"http:\/\/www.infokuryr.cz\/n\/wp-content\/uploads\/2023\/01\/Thomas-Roper-298x300.jpg\" alt=\"\" width=\"145\" height=\"146\" srcset=\"https:\/\/www.infokuryr.cz\/n\/wp-content\/uploads\/2023\/01\/Thomas-Roper-298x300.jpg 298w, https:\/\/www.infokuryr.cz\/n\/wp-content\/uploads\/2023\/01\/Thomas-Roper-150x150.jpg 150w, https:\/\/www.infokuryr.cz\/n\/wp-content\/uploads\/2023\/01\/Thomas-Roper.jpg 596w\" sizes=\"(max-width: 145px) 100vw, 145px\" \/><\/p>\n<p><img decoding=\"async\" loading=\"lazy\" class=\"wp-image-86927 aligncenter\" src=\"http:\/\/www.infokuryr.cz\/n\/wp-content\/uploads\/2025\/09\/letak-volby-2025-konference-3-212x300.png\" alt=\"\" width=\"727\" height=\"1029\" srcset=\"https:\/\/www.infokuryr.cz\/n\/wp-content\/uploads\/2025\/09\/letak-volby-2025-konference-3-212x300.png 212w, https:\/\/www.infokuryr.cz\/n\/wp-content\/uploads\/2025\/09\/letak-volby-2025-konference-3-724x1024.png 724w, https:\/\/www.infokuryr.cz\/n\/wp-content\/uploads\/2025\/09\/letak-volby-2025-konference-3-768x1086.png 768w, https:\/\/www.infokuryr.cz\/n\/wp-content\/uploads\/2025\/09\/letak-volby-2025-konference-3-1086x1536.png 1086w, https:\/\/www.infokuryr.cz\/n\/wp-content\/uploads\/2025\/09\/letak-volby-2025-konference-3-1448x2048.png 1448w, https:\/\/www.infokuryr.cz\/n\/wp-content\/uploads\/2025\/09\/letak-volby-2025-konference-3-1024x1448.png 1024w\" sizes=\"(max-width: 727px) 100vw, 727px\" \/><\/p>\n","protected":false},"excerpt":{"rendered":"<p>P\u0159edsedkyn\u011b Evropsk\u00e9 komise von der Leyenov\u00e1 ve sv\u00e9m projevu k Evropsk\u00e9mu parlamentu ozn\u00e1mila nov\u00e1 opat\u0159en\u00ed&#8230;<\/p>\n","protected":false},"author":2,"featured_media":19255,"comment_status":"closed","ping_status":"closed","sticky":false,"template":"","format":"standard","meta":[],"categories":[7],"tags":[63,41,48,3251],"_links":{"self":[{"href":"https:\/\/www.infokuryr.cz\/n\/wp-json\/wp\/v2\/posts\/87551"}],"collection":[{"href":"https:\/\/www.infokuryr.cz\/n\/wp-json\/wp\/v2\/posts"}],"about":[{"href":"https:\/\/www.infokuryr.cz\/n\/wp-json\/wp\/v2\/types\/post"}],"author":[{"embeddable":true,"href":"https:\/\/www.infokuryr.cz\/n\/wp-json\/wp\/v2\/users\/2"}],"replies":[{"embeddable":true,"href":"https:\/\/www.infokuryr.cz\/n\/wp-json\/wp\/v2\/comments?post=87551"}],"version-history":[{"count":0,"href":"https:\/\/www.infokuryr.cz\/n\/wp-json\/wp\/v2\/posts\/87551\/revisions"}],"wp:featuredmedia":[{"embeddable":true,"href":"https:\/\/www.infokuryr.cz\/n\/wp-json\/wp\/v2\/media\/19255"}],"wp:attachment":[{"href":"https:\/\/www.infokuryr.cz\/n\/wp-json\/wp\/v2\/media?parent=87551"}],"wp:term":[{"taxonomy":"category","embeddable":true,"href":"https:\/\/www.infokuryr.cz\/n\/wp-json\/wp\/v2\/categories?post=87551"},{"taxonomy":"post_tag","embeddable":true,"href":"https:\/\/www.infokuryr.cz\/n\/wp-json\/wp\/v2\/tags?post=87551"}],"curies":[{"name":"wp","href":"https:\/\/api.w.org\/{rel}","templated":true}]}}