{"id":87526,"date":"2025-09-11T04:52:09","date_gmt":"2025-09-11T02:52:09","guid":{"rendered":"https:\/\/www.infokuryr.cz\/n\/?p=87526"},"modified":"2025-09-11T04:52:09","modified_gmt":"2025-09-11T02:52:09","slug":"trump-slibuje-ze-bude-patrat-po-tech-kteri-financuji-nasili-pachane-radikalni-levici","status":"publish","type":"post","link":"https:\/\/www.infokuryr.cz\/n\/2025\/09\/11\/trump-slibuje-ze-bude-patrat-po-tech-kteri-financuji-nasili-pachane-radikalni-levici\/","title":{"rendered":"Trump slibuje, \u017ee bude p\u00e1trat po t\u011bch, kte\u0159\u00ed financuj\u00ed n\u00e1sil\u00ed p\u00e1chan\u00e9 \u201eradik\u00e1ln\u00ed levic\u00ed\u201c"},"content":{"rendered":"<div id=\"fb-root\"><\/div>\n<h3>Americk\u00fd prezident sl\u00edbil, \u017ee \u201enajde ka\u017ed\u00e9ho jednotlivce\u201c, kdo stoj\u00ed za atent\u00e1tem na Charlieho Kirka a dal\u0161\u00edmi \u00fatoky<\/h3>\n<p><span dir=\"auto\">Prezident Donald Trump sl\u00edbil, \u017ee bude st\u00edhat nejen vraha konzervativn\u00edho aktivisty Charlieho Kirka, ale i ty, kter\u00e9 obvinil z financov\u00e1n\u00ed a podn\u011bcov\u00e1n\u00ed politick\u00e9ho n\u00e1sil\u00ed\u00a0<\/span><em><span dir=\"auto\">\u201eradik\u00e1ln\u00ed levice\u201c<\/span><\/em><span dir=\"auto\">\u00a0po cel\u00fdch Spojen\u00fdch st\u00e1tech.<\/span><\/p>\n<p><span dir=\"auto\">Ve video prohl\u00e1\u0161en\u00ed zve\u0159ejn\u011bn\u00e9m ve st\u0159edu ve\u010der na Truth Social Trump popsal 31let\u00e9ho Kirka jako\u00a0<\/span><em><span dir=\"auto\">\u201evlastence\u201c<\/span><\/em><span dir=\"auto\">\u00a0a\u00a0<\/span><em><span dir=\"auto\">\u201emu\u010dedn\u00edka za pravdu a svobodu\u201c a<\/span><\/em><span dir=\"auto\">\u00a0chv\u00e1lil ho za to, \u017ee inspiruje mlad\u00e9 Ameri\u010dany prost\u0159ednictv\u00edm debat na univerzitn\u00edch kampusech po cel\u00e9 zemi.<\/span><\/p>\n<p><em><span dir=\"auto\">\u201eCharlie byl to nejlep\u0161\u00ed z Ameriky a monstrum, kter\u00e9 ho napadlo, \u00fato\u010dilo na celou na\u0161i zemi,\u201c<\/span><\/em><span dir=\"auto\">\u00a0\u0159ekl Trump.\u00a0<\/span><em><span dir=\"auto\">\u201eVrah se ho pokusil uml\u010det kulkou, ale neusp\u011bl, proto\u017ee spole\u010dn\u011b zajist\u00edme, aby jeho hlas, jeho poselstv\u00ed a jeho odkaz \u017eily po nespo\u010det generac\u00ed.\u201c<\/span><\/em><\/p>\n<div class=\"rtcode\">\n<div class=\"twitter-tweet twitter-tweet-rendered\"><iframe id=\"twitter-widget-0\" class=\"\" title=\"X P\u0159\u00edsp\u011bvek\" src=\"https:\/\/platform.twitter.com\/embed\/Tweet.html?creatorScreenName=RT_com&amp;dnt=false&amp;embedId=twitter-widget-0&amp;features=eyJ0ZndfdGltZWxpbmVfbGlzdCI6eyJidWNrZXQiOltdLCJ2ZXJzaW9uIjpudWxsfSwidGZ3X2ZvbGxvd2VyX2NvdW50X3N1bnNldCI6eyJidWNrZXQiOnRydWUsInZlcnNpb24iOm51bGx9LCJ0ZndfdHdlZXRfZWRpdF9iYWNrZW5kIjp7ImJ1Y2tldCI6Im9uIiwidmVyc2lvbiI6bnVsbH0sInRmd19yZWZzcmNfc2Vzc2lvbiI6eyJidWNrZXQiOiJvbiIsInZlcnNpb24iOm51bGx9LCJ0ZndfZm9zbnJfc29mdF9pbnRlcnZlbnRpb25zX2VuYWJsZWQiOnsiYnVja2V0Ijoib24iLCJ2ZXJzaW9uIjpudWxsfSwidGZ3X21peGVkX21lZGlhXzE1ODk3Ijp7ImJ1Y2tldCI6InRyZWF0bWVudCIsInZlcnNpb24iOm51bGx9LCJ0ZndfZXhwZXJpbWVudHNfY29va2llX2V4cGlyYXRpb24iOnsiYnVja2V0IjoxMjA5NjAwLCJ2ZXJzaW9uIjpudWxsfSwidGZ3X3Nob3dfYmlyZHdhdGNoX3Bpdm90c19lbmFibGVkIjp7ImJ1Y2tldCI6Im9uIiwidmVyc2lvbiI6bnVsbH0sInRmd19kdXBsaWNhdGVfc2NyaWJlc190b19zZXR0aW5ncyI6eyJidWNrZXQiOiJvbiIsInZlcnNpb24iOm51bGx9LCJ0ZndfdXNlX3Byb2ZpbGVfaW1hZ2Vfc2hhcGVfZW5hYmxlZCI6eyJidWNrZXQiOiJvbiIsInZlcnNpb24iOm51bGx9LCJ0ZndfdmlkZW9faGxzX2R5bmFtaWNfbWFuaWZlc3RzXzE1MDgyIjp7ImJ1Y2tldCI6InRydWVfYml0cmF0ZSIsInZlcnNpb24iOm51bGx9LCJ0ZndfbGVnYWN5X3RpbWVsaW5lX3N1bnNldCI6eyJidWNrZXQiOnRydWUsInZlcnNpb24iOm51bGx9LCJ0ZndfdHdlZXRfZWRpdF9mcm9udGVuZCI6eyJidWNrZXQiOiJvbiIsInZlcnNpb24iOm51bGx9fQ%3D%3D&amp;frame=false&amp;hideCard=false&amp;hideThread=false&amp;id=1965946655188070750&amp;lang=cs&amp;maxWidth=560px&amp;origin=https%3A%2F%2Fwww.rt.com%2Fnews%2F624448-trump-radical-left-violence%2F&amp;sessionId=f589f30042664d687aac4c0991cc0d4736b53106&amp;siteScreenName=RT_com&amp;theme=light&amp;widgetsVersion=2615f7e52b7e0%3A1702314776716&amp;width=550px\" frameborder=\"0\" scrolling=\"no\" allowfullscreen=\"allowfullscreen\" data-tweet-id=\"1965946655188070750\" data-mce-fragment=\"1\"><\/iframe><\/div>\n<\/div>\n<p><span dir=\"auto\">Prezident spojil Kirkovu vra\u017edu s t\u00edm, co nazval roky levicov\u00e9 d\u00e9monizace konzervativc\u016f, a varoval, \u017ee\u00a0<\/span><em><span dir=\"auto\">\u201en\u00e1sil\u00ed a vra\u017edy jsou tragick\u00fdm d\u016fsledkem d\u00e9monizace t\u011bch, s nimi\u017e den co den, rok co rok nesouhlas\u00edte\u201c.<\/span><\/em><\/p>\n<p><em><span dir=\"auto\">\u201ePo l\u00e9ta radik\u00e1ln\u00ed levice p\u0159irovn\u00e1vala \u00fa\u017easn\u00e9 Ameri\u010dany, jako byl Charlie, k nacist\u016fm a nejhor\u0161\u00edm masov\u00fdm vrah\u016fm a zlo\u010dinc\u016fm na sv\u011bt\u011b. Tento druh r\u00e9toriky je p\u0159\u00edmo zodpov\u011bdn\u00fd za terorismus, kter\u00fd dnes v na\u0161\u00ed zemi vid\u00edme. A mus\u00ed okam\u017eit\u011b p\u0159estat,\u201c<\/span><\/em><span dir=\"auto\">\u00a0prohl\u00e1sil Trump.<\/span><\/p>\n<p><span dir=\"auto\">Sl\u00edbil, \u017ee vyu\u017eije ve\u0161kerou v\u00e1hu sv\u00e9 administrativy k vy\u0161et\u0159ov\u00e1n\u00ed nejen pachatel\u016f, ale tak\u00e9\u00a0<\/span><em><span dir=\"auto\">\u201eorganizac\u00ed, kter\u00e9 ji financuj\u00ed a podporuj\u00ed, a tak\u00e9 t\u011bch, kte\u0159\u00ed \u00fato\u010d\u00ed na na\u0161e soudce, \u00fa\u0159edn\u00edky \u010dinn\u00e9 v trestn\u00edm \u0159\u00edzen\u00ed a v\u0161echny ostatn\u00ed, kte\u0159\u00ed v na\u0161\u00ed zemi nastoluj\u00ed po\u0159\u00e1dek\u201c.<\/span><\/em><\/p>\n<p><span dir=\"auto\">Trump zm\u00ednil dal\u0161\u00ed incidenty, kter\u00e9 p\u0159ipsal levicov\u00e9mu extremismu, v\u010detn\u011b pokusu o atent\u00e1t na n\u011bj v Butleru v Pensylv\u00e1nii v roce 2024, zast\u0159elen\u00ed l\u00eddra v\u011bt\u0161iny ve Sn\u011bmovn\u011b reprezentant\u016f Steva Scalise v roce 2017, \u00fatok\u016f na agenty ICE a ned\u00e1vn\u00e9ho zabit\u00ed vedouc\u00edho pracovn\u00edka zdravotnictv\u00ed v New Yorku.<\/span><\/p>\n<p><em><span dir=\"auto\">\u201eToto je pro Ameriku temn\u00fd okam\u017eik,\u201c<\/span><\/em><span dir=\"auto\">\u00a0\u0159ekl Trump a vyzval k jednot\u011b kolem\u00a0<\/span><em><span dir=\"auto\">\u201eamerick\u00fdch hodnot, pro kter\u00e9 Charlie Kirk \u017eil a zem\u0159el \u2013 hodnot svobody projevu, ob\u010danstv\u00ed, pr\u00e1vn\u00edho st\u00e1tu a vlasteneck\u00e9 oddanosti a l\u00e1sky k Bohu.\u201c<\/span><\/em><\/p>\n<p><img decoding=\"async\" loading=\"lazy\" class=\"alignnone size-full wp-image-1185\" src=\"http:\/\/www.infokuryr.cz\/n\/wp-content\/uploads\/2021\/04\/kuryr-podpis.png\" alt=\"\" width=\"84\" height=\"24\" \/><\/p>\n<p><img decoding=\"async\" loading=\"lazy\" class=\"wp-image-86739 aligncenter\" src=\"http:\/\/www.infokuryr.cz\/n\/wp-content\/uploads\/2025\/08\/volby-program-211x300.png\" alt=\"\" width=\"678\" height=\"964\" srcset=\"https:\/\/www.infokuryr.cz\/n\/wp-content\/uploads\/2025\/08\/volby-program-211x300.png 211w, https:\/\/www.infokuryr.cz\/n\/wp-content\/uploads\/2025\/08\/volby-program-721x1024.png 721w, https:\/\/www.infokuryr.cz\/n\/wp-content\/uploads\/2025\/08\/volby-program-768x1091.png 768w, https:\/\/www.infokuryr.cz\/n\/wp-content\/uploads\/2025\/08\/volby-program-1081x1536.png 1081w, https:\/\/www.infokuryr.cz\/n\/wp-content\/uploads\/2025\/08\/volby-program-1442x2048.png 1442w, https:\/\/www.infokuryr.cz\/n\/wp-content\/uploads\/2025\/08\/volby-program-1024x1455.png 1024w\" sizes=\"(max-width: 678px) 100vw, 678px\" \/><\/p>\n","protected":false},"excerpt":{"rendered":"<p>Americk\u00fd prezident sl\u00edbil, \u017ee \u201enajde ka\u017ed\u00e9ho jednotlivce\u201c, kdo stoj\u00ed za atent\u00e1tem na Charlieho Kirka a&#8230;<\/p>\n","protected":false},"author":2,"featured_media":87527,"comment_status":"closed","ping_status":"closed","sticky":false,"template":"","format":"standard","meta":[],"categories":[7],"tags":[1312,239,452],"_links":{"self":[{"href":"https:\/\/www.infokuryr.cz\/n\/wp-json\/wp\/v2\/posts\/87526"}],"collection":[{"href":"https:\/\/www.infokuryr.cz\/n\/wp-json\/wp\/v2\/posts"}],"about":[{"href":"https:\/\/www.infokuryr.cz\/n\/wp-json\/wp\/v2\/types\/post"}],"author":[{"embeddable":true,"href":"https:\/\/www.infokuryr.cz\/n\/wp-json\/wp\/v2\/users\/2"}],"replies":[{"embeddable":true,"href":"https:\/\/www.infokuryr.cz\/n\/wp-json\/wp\/v2\/comments?post=87526"}],"version-history":[{"count":0,"href":"https:\/\/www.infokuryr.cz\/n\/wp-json\/wp\/v2\/posts\/87526\/revisions"}],"wp:featuredmedia":[{"embeddable":true,"href":"https:\/\/www.infokuryr.cz\/n\/wp-json\/wp\/v2\/media\/87527"}],"wp:attachment":[{"href":"https:\/\/www.infokuryr.cz\/n\/wp-json\/wp\/v2\/media?parent=87526"}],"wp:term":[{"taxonomy":"category","embeddable":true,"href":"https:\/\/www.infokuryr.cz\/n\/wp-json\/wp\/v2\/categories?post=87526"},{"taxonomy":"post_tag","embeddable":true,"href":"https:\/\/www.infokuryr.cz\/n\/wp-json\/wp\/v2\/tags?post=87526"}],"curies":[{"name":"wp","href":"https:\/\/api.w.org\/{rel}","templated":true}]}}