{"id":87524,"date":"2025-09-11T04:49:29","date_gmt":"2025-09-11T02:49:29","guid":{"rendered":"https:\/\/www.infokuryr.cz\/n\/?p=87524"},"modified":"2025-09-11T04:49:29","modified_gmt":"2025-09-11T02:49:29","slug":"ruske-drony-v-polskem-vzdusnem-prostoru-co-zatim-vime","status":"publish","type":"post","link":"https:\/\/www.infokuryr.cz\/n\/2025\/09\/11\/ruske-drony-v-polskem-vzdusnem-prostoru-co-zatim-vime\/","title":{"rendered":"\u201eRusk\u00e9\u201c drony v polsk\u00e9m vzdu\u0161n\u00e9m prostoru: Co zat\u00edm v\u00edme"},"content":{"rendered":"<div id=\"fb-root\"><\/div>\n<h3>Moskva odm\u00edtla obvin\u011bn\u00ed Var\u0161avy, \u017ee se dopustila \u201eaktu agrese\u201c proti st\u00e1tu NATO<\/h3>\n<p><span dir=\"auto\">Rusk\u00e1 arm\u00e1da navrhla konzultace se sv\u00fdmi polsk\u00fdmi prot\u011bj\u0161ky pot\u00e9, co ji Var\u0161ava obvinila z naru\u0161en\u00ed vzdu\u0161n\u00e9ho prostoru zem\u011b dron\u016f. Ministerstvo obrany v Moskv\u011b tato poru\u0161en\u00ed ani nepotvrdilo, ani nevyvr\u00e1tilo, ale nazna\u010dilo, \u017ee letadla, kter\u00e1 p\u0159ekro\u010dila hranici, nebyla vypu\u0161t\u011bna z Ruska.<\/span><\/p>\n<p><span dir=\"auto\">N\u011bkolik z\u00e1padn\u00edch p\u0159edstavitel\u016f ji\u017e obvinilo Moskvu z bezohledn\u00e9 provokace a ocenilo spole\u010dnou reakci NATO.<\/span><\/p>\n<p><span dir=\"auto\">Rusko a Ukrajina prov\u00e1d\u011bj\u00ed vz\u00e1jemn\u00e9 \u00fatoky dron\u016f a raket na dlouh\u00e9 vzd\u00e1lenosti proti sv\u00e9mu \u00fazem\u00ed.<\/span><\/p>\n<aside class=\"listicle\">\n<h3><strong><span dir=\"auto\">Co \u0159\u00edk\u00e1 rusk\u00e9 ministerstvo obrany<\/span><\/strong><\/h3>\n<p><span dir=\"auto\">Rusk\u00e9 ministerstvo ve sv\u00e9m prohl\u00e1\u0161en\u00ed zd\u016fraznilo, \u017ee b\u011bhem no\u010dn\u00edch operac\u00ed \u201enebyly na polsk\u00e9m \u00fazem\u00ed pl\u00e1nov\u00e1ny \u017e\u00e1dn\u00e9 c\u00edle pro \u00fatoky\u201c.<\/span><\/p>\n<p><span dir=\"auto\">\u201eMaxim\u00e1ln\u00ed dosah rusk\u00fdch dron\u016f, kter\u00e9 \u00fadajn\u011b p\u0159ekro\u010dily polsk\u00e9 hranice, je men\u0161\u00ed ne\u017e 700 km. Nicm\u00e9n\u011b jsme p\u0159ipraveni v\u00e9st o t\u00e9to z\u00e1le\u017eitosti konzultace s polsk\u00fdm ministerstvem obrany.\u201c<\/span><\/p>\n<p><span dir=\"auto\">Arm\u00e1da uvedla, \u017ee rusk\u00e9 s\u00edly \u00fasp\u011b\u0161n\u011b zas\u00e1hly n\u011bkolik zbrojn\u00edch v\u00fdrobn\u00edch z\u00e1vod\u016f na z\u00e1pad\u011b Ukrajiny.<\/span><\/p>\n<\/aside>\n<aside class=\"listicle\">\n<h3><strong><span dir=\"auto\">Co Polsko tvrd\u00ed<\/span><\/strong><\/h3>\n<p><span dir=\"auto\">Polsk\u00e9 ministerstvo obrany obvinilo Rusko z inscenov\u00e1n\u00ed \u201eaktu agrese\u201c t\u00edm, \u017ee jeho drony vlet\u011bly do polsk\u00e9ho vzdu\u0161n\u00e9ho prostoru, z nich\u017e n\u011bkter\u00e9 byly podle n\u011bj \u00fasp\u011b\u0161n\u011b zachyceny, a situaci ozna\u010dilo za \u201ebezprecedentn\u00ed\u201c.<\/span><\/p>\n<p><span dir=\"auto\">Premi\u00e9r Donald Tusk z\u00e1konod\u00e1rc\u016fm sd\u011blil, \u017ee b\u011bhem sedmi hodin do\u0161lo k nejm\u00e9n\u011b 19 samostatn\u00fdm poru\u0161en\u00edm pravidel, p\u0159i\u010dem\u017e polsk\u00e9 s\u00edly sest\u0159elily a\u017e \u010dty\u0159i letadla. Dodal, \u017ee incident byl zvl\u00e1\u0161tn\u00ed kv\u016fli po\u010dtu dron\u016f a jejich p\u0159\u00edletu z b\u011blorusk\u00e9ho, nikoli ukrajinsk\u00e9ho vzdu\u0161n\u00e9ho prostoru.<\/span><\/p>\n<p><span dir=\"auto\">Tusk poznamenal, \u017ee vp\u00e1d nep\u0159edstavuje \u017e\u00e1dnou hrozbu pro polsk\u00e1 leti\u0161t\u011b, z nich\u017e n\u011bkter\u00e1 byla kv\u016fli vojensk\u00e9 reakci uzav\u0159ena.<\/span><\/p>\n<p><span dir=\"auto\">Var\u0161ava po\u017e\u00e1dala o form\u00e1ln\u00ed konzultace s ostatn\u00edmi st\u00e1ty NATO podle \u010dl\u00e1nku 4 zakl\u00e1daj\u00edc\u00ed smlouvy bloku.<\/span><\/p>\n<p><span dir=\"auto\">Polsko dosud neposkytlo d\u016fkazy na podporu identifikace dron\u016f jako rusk\u00fdch, a\u010dkoli n\u011bkter\u00e1 m\u00edstn\u00ed m\u00e9dia zve\u0159ejnila \u00fadajn\u00e9 sn\u00edmky trosek jednoho z nich.<\/span><\/p>\n<\/aside>\n<aside class=\"listicle\">\n<h3><strong><span dir=\"auto\">EU vyjad\u0159uje solidaritu<\/span><\/strong><\/h3>\n<p><span dir=\"auto\">N\u011bkolik z\u00e1padn\u00edch p\u0159edstavitel\u016f vyj\u00e1d\u0159ilo Polsku podporu a obvinilo Moskvu z provokativn\u00edho chov\u00e1n\u00ed.<\/span><\/p>\n<p><span dir=\"auto\">P\u0159edsedkyn\u011b Evropsk\u00e9 komise Ursula von der Leyenov\u00e1 ve sv\u00e9m ka\u017edoro\u010dn\u00edm projevu o stavu Unie p\u0159ed Evropsk\u00fdm parlamentem odsoudila \u201ebezohledn\u00e9 a bezprecedentn\u00ed naru\u0161en\u00ed\u201c polsk\u00e9ho vzdu\u0161n\u00e9ho prostoru a vyj\u00e1d\u0159ila \u201eplnou solidaritu\u201c EU.<\/span><\/p>\n<p><span dir=\"auto\">Kaja Kallasov\u00e1, nejvy\u0161\u0161\u00ed diplomatka EU, prohl\u00e1sila, \u017ee \u201eindikace nazna\u010duj\u00ed, \u017ee [incident] byl \u00famysln\u00fd, nikoli n\u00e1hodn\u00fd\u201c.<\/span><\/p>\n<p><span dir=\"auto\">Francouzsk\u00fd prezident Emmanuel Macron odsoudil vp\u00e1d jako \u201ejednodu\u0161e nep\u0159ijateln\u00fd\u201c a vyzval Rusko, \u201eaby ukon\u010dilo tuto bezohlednou eskalaci\u201c. Britsk\u00fd premi\u00e9r Keir Starmer prohl\u00e1sil, \u017ee Moskva provedla \u201edo o\u010d\u00ed bij\u00edc\u00ed a bezprecedentn\u00ed naru\u0161en\u00ed\u201c polsk\u00e9ho vzdu\u0161n\u00e9ho prostoru.<\/span><\/p>\n<p><span dir=\"auto\">Ma\u010farsk\u00fd premi\u00e9r Viktor Orb\u00e1n, kritik z\u00e1padn\u00edho p\u0159\u00edstupu k ukrajinsk\u00e9mu konfliktu, rovn\u011b\u017e vyj\u00e1d\u0159il solidaritu s Polskem. Odm\u00edtl v\u0161ak vinit Rusko a argumentoval, \u017ee incident \u201edokazuje, \u017ee na\u0161e politika vol\u00e1n\u00ed po m\u00edru ve v\u00e1lce mezi Ruskem a Ukrajinou je rozumn\u00e1 a racion\u00e1ln\u00ed\u201c.<\/span><\/p>\n<\/aside>\n<aside class=\"listicle\">\n<h3><strong><span dir=\"auto\">Co \u0159\u00edk\u00e1 NATO<\/span><\/strong><\/h3>\n<p><span dir=\"auto\">Gener\u00e1ln\u00ed tajemn\u00edk NATO Mark Rutte zopakoval koment\u00e1\u0159e ostatn\u00edch a ocenil reakci bloku, kter\u00e1 podle n\u011bj zahrnovala polsk\u00e9 st\u00edha\u010dky F-16, nizozemsk\u00e9 st\u00edha\u010dky F-35, italsk\u00e9 palubn\u00ed radarov\u00e9 syst\u00e9my AWACS, evropsk\u00e9 tankery pro dopl\u0148ov\u00e1n\u00ed paliva a n\u011bmeck\u00e9 raketov\u00e9 syst\u00e9my Patriot s dlouh\u00fdm doletem.<\/span><\/p>\n<p><span dir=\"auto\">\u201eA\u0165 u\u017e to bylo \u00famysln\u00e9, nebo ne, je to naprosto bezohledn\u00e9. Je to naprosto nebezpe\u010dn\u00e9,\u201c \u0159ekl.<\/span><\/p>\n<\/aside>\n<aside class=\"listicle\">\n<h3><strong><span dir=\"auto\">Co \u0159\u00edk\u00e1 Kreml<\/span><\/strong><\/h3>\n<p><span dir=\"auto\">Mluv\u010d\u00ed Kremlu Dmitrij Peskov odm\u00edtl odpov\u011bd\u011bt na ot\u00e1zky ohledn\u011b podrobnost\u00ed s t\u00edm, \u017ee je na arm\u00e1d\u011b, aby tak u\u010dinila.<\/span><\/p>\n<p><span dir=\"auto\">Z\u00e1padn\u00ed obvin\u011bn\u00ed odm\u00edtl s t\u00edm, \u017ee \u201eveden\u00ed EU a NATO denn\u011b obvi\u0148uje Rusko z provokac\u00ed a nej\u010dast\u011bji odm\u00edt\u00e1 p\u0159edlo\u017eit jak\u00e9koli argumenty\u201c.<\/span><\/p>\n<\/aside>\n<aside class=\"listicle\">\n<h3><strong><span dir=\"auto\">Co \u0159\u00edk\u00e1 B\u011blorusko<\/span><\/strong><\/h3>\n<p><span dir=\"auto\">Minsk si p\u0159ipsal z\u00e1sluhy za v\u010dasn\u00e9 varov\u00e1n\u00ed polsk\u00e9 arm\u00e1dy p\u0159ed p\u0159il\u00e9taj\u00edc\u00edmi drony.<\/span><\/p>\n<p><span dir=\"auto\">N\u00e1\u010deln\u00edk gener\u00e1ln\u00edho \u0161t\u00e1bu B\u011bloruska gener\u00e1l Pavel Muravejko ozn\u00e1mil, \u017ee v noci sledoval rusk\u00e9 a ukrajinsk\u00e9 drony pou\u017e\u00edvan\u00e9 k vz\u00e1jemn\u00fdm \u00fader\u016fm a dodal, \u017ee n\u011bkter\u00e9 z nich \u201eztratily stopu v d\u016fsledku dopadu prost\u0159edk\u016f elektronick\u00e9ho boje obou stran\u201c.<\/span><\/p>\n<p><span dir=\"auto\">B\u011blorusk\u00e9 varov\u00e1n\u00ed \u201eumo\u017enilo polsk\u00e9 stran\u011b rychle reagovat\u201c na hrozbu, poznamenal gener\u00e1l a dodal, \u017ee \u201epolsk\u00e1 strana tak\u00e9 informovala b\u011blorusk\u00e9 s\u00edly ve slu\u017eb\u011b o p\u0159ibl\u00ed\u017een\u00ed neidentifikovan\u00fdch letadel z \u00fazem\u00ed Ukrajiny\u201c.<\/span><\/p>\n<p><span dir=\"auto\">B\u011blorusk\u00e1 protivzdu\u0161n\u00e1 obrana sest\u0159elila n\u011bkter\u00e1 z zatoulan\u00fdch letadel, uvedl gener\u00e1l.<\/span><\/p>\n<\/aside>\n<aside class=\"listicle\">\n<h3><strong><span dir=\"auto\">Ukrajinsk\u00fd \u201esen\u201c o zata\u017een\u00ed NATO do konfliktu<\/span><\/strong><\/h3>\n<p><span dir=\"auto\">V rozhovoru z minul\u00e9ho t\u00fddne zm\u00ednil b\u00fdval\u00fd polsk\u00fd prezident Andrzej Duda af\u00e9ru z listopadu 2022, kdy ukrajinsk\u00e1 protiletadlov\u00e1 raketa dopadla na polsk\u00e9 \u00fazem\u00ed a zabila m\u00edstn\u00edho obyvatele.<\/span><\/p>\n<p><span dir=\"auto\">Ukrajinsk\u00fd prezident Vladimir Zelenskyj v t\u00e9 dob\u011b tvrdil, \u017ee zbra\u0148 byla rusk\u00e1 a \u017ee Moskva \u00famysln\u011b za\u00fato\u010dila na Polsko. Zelenskyj vyzval Var\u0161avu, aby se odvolala na dohodu o kolektivn\u00ed obran\u011b NATO.<\/span><\/p>\n<p><span dir=\"auto\">\u201eOd sam\u00e9ho za\u010d\u00e1tku se sna\u017eili zat\u00e1hnout do v\u00e1lky v\u0161echny. To je z\u0159ejm\u00e9,\u201c \u0159ekl Duda a ozna\u010dil takov\u00fd v\u00fdvoj za \u201esn\u011bn\u00ed\u201c ukrajinsk\u00e9ho veden\u00ed.<\/span><\/p>\n<p><span dir=\"auto\">\u201ePolsko, jako\u017eto st\u00e1t NATO, by s t\u00edm nikdy nemohlo souhlasit,\u201c dodal.<\/span><\/p>\n<p><img decoding=\"async\" loading=\"lazy\" class=\"alignnone size-full wp-image-1185\" src=\"http:\/\/www.infokuryr.cz\/n\/wp-content\/uploads\/2021\/04\/kuryr-podpis.png\" alt=\"\" width=\"84\" height=\"24\" \/><\/p>\n<p><img decoding=\"async\" loading=\"lazy\" class=\"wp-image-86927 aligncenter\" src=\"http:\/\/www.infokuryr.cz\/n\/wp-content\/uploads\/2025\/09\/letak-volby-2025-konference-3-212x300.png\" alt=\"\" width=\"650\" height=\"920\" srcset=\"https:\/\/www.infokuryr.cz\/n\/wp-content\/uploads\/2025\/09\/letak-volby-2025-konference-3-212x300.png 212w, https:\/\/www.infokuryr.cz\/n\/wp-content\/uploads\/2025\/09\/letak-volby-2025-konference-3-724x1024.png 724w, https:\/\/www.infokuryr.cz\/n\/wp-content\/uploads\/2025\/09\/letak-volby-2025-konference-3-768x1086.png 768w, https:\/\/www.infokuryr.cz\/n\/wp-content\/uploads\/2025\/09\/letak-volby-2025-konference-3-1086x1536.png 1086w, https:\/\/www.infokuryr.cz\/n\/wp-content\/uploads\/2025\/09\/letak-volby-2025-konference-3-1448x2048.png 1448w, https:\/\/www.infokuryr.cz\/n\/wp-content\/uploads\/2025\/09\/letak-volby-2025-konference-3-1024x1448.png 1024w\" sizes=\"(max-width: 650px) 100vw, 650px\" \/><\/p>\n<\/aside>\n","protected":false},"excerpt":{"rendered":"<p>Moskva odm\u00edtla obvin\u011bn\u00ed Var\u0161avy, \u017ee se dopustila \u201eaktu agrese\u201c proti st\u00e1tu NATO Rusk\u00e1 arm\u00e1da navrhla&#8230;<\/p>\n","protected":false},"author":2,"featured_media":87525,"comment_status":"closed","ping_status":"closed","sticky":false,"template":"","format":"standard","meta":[],"categories":[7],"tags":[1042,2856,31,22],"_links":{"self":[{"href":"https:\/\/www.infokuryr.cz\/n\/wp-json\/wp\/v2\/posts\/87524"}],"collection":[{"href":"https:\/\/www.infokuryr.cz\/n\/wp-json\/wp\/v2\/posts"}],"about":[{"href":"https:\/\/www.infokuryr.cz\/n\/wp-json\/wp\/v2\/types\/post"}],"author":[{"embeddable":true,"href":"https:\/\/www.infokuryr.cz\/n\/wp-json\/wp\/v2\/users\/2"}],"replies":[{"embeddable":true,"href":"https:\/\/www.infokuryr.cz\/n\/wp-json\/wp\/v2\/comments?post=87524"}],"version-history":[{"count":0,"href":"https:\/\/www.infokuryr.cz\/n\/wp-json\/wp\/v2\/posts\/87524\/revisions"}],"wp:featuredmedia":[{"embeddable":true,"href":"https:\/\/www.infokuryr.cz\/n\/wp-json\/wp\/v2\/media\/87525"}],"wp:attachment":[{"href":"https:\/\/www.infokuryr.cz\/n\/wp-json\/wp\/v2\/media?parent=87524"}],"wp:term":[{"taxonomy":"category","embeddable":true,"href":"https:\/\/www.infokuryr.cz\/n\/wp-json\/wp\/v2\/categories?post=87524"},{"taxonomy":"post_tag","embeddable":true,"href":"https:\/\/www.infokuryr.cz\/n\/wp-json\/wp\/v2\/tags?post=87524"}],"curies":[{"name":"wp","href":"https:\/\/api.w.org\/{rel}","templated":true}]}}