{"id":87522,"date":"2025-09-11T04:45:25","date_gmt":"2025-09-11T02:45:25","guid":{"rendered":"https:\/\/www.infokuryr.cz\/n\/?p=87522"},"modified":"2025-09-11T04:45:25","modified_gmt":"2025-09-11T02:45:25","slug":"tucker-carlson-tvrdi-ze-izraelsti-spioni-vedeli-o-utocich-z-11-zari","status":"publish","type":"post","link":"https:\/\/www.infokuryr.cz\/n\/2025\/09\/11\/tucker-carlson-tvrdi-ze-izraelsti-spioni-vedeli-o-utocich-z-11-zari\/","title":{"rendered":"Tucker Carlson tvrd\u00ed, \u017ee izrael\u0161t\u00ed \u0161pioni v\u011bd\u011bli o \u00fatoc\u00edch z 11. z\u00e1\u0159\u00ed"},"content":{"rendered":"<div id=\"fb-root\"><\/div>\n<h3>Americk\u00fd novin\u00e1\u0159 \u0159\u00edk\u00e1, \u017ee jeho p\u0159ipravovan\u00e1 dokument\u00e1rn\u00ed s\u00e9rie o \u00fatoc\u00edch z 11. z\u00e1\u0159\u00ed bude zkoumat p\u0159ehl\u00ed\u017een\u00e9 pravdy<\/h3>\n<p><span dir=\"auto\">Americk\u00fd novin\u00e1\u0159 Tucker Carlson tvrd\u00ed, \u017ee izraelsk\u00e9 tajn\u00e9 slu\u017eby v\u011bd\u011bly o 11. z\u00e1\u0159\u00ed p\u0159edem. Toto t\u00e9ma, stejn\u011b jako dal\u0161\u00ed dlouho utajovan\u00e1 fakta, prozkoum\u00e1 v jeho p\u0159ipravovan\u00e9 dokument\u00e1rn\u00ed s\u00e9rii o \u00fatoc\u00edch.\u00a0<\/span><\/p>\n<p><span dir=\"auto\">Carlson se k tomu vyj\u00e1d\u0159il v \u00fater\u00fd v po\u0159adu Pierse Morgana Uncensored News. Novin\u00e1\u0159 pouk\u00e1zal na to, \u017ee izraelsk\u00e9 veden\u00ed nikdy neskr\u00fdvalo sv\u016fj postoj k \u00fatoku a v\u011b\u0159ilo, \u017ee \u00fatok m\u011bl pozitivn\u00ed dopad na vztahy mezi USA a Izraelem.<\/span><\/p>\n<p><em><span dir=\"auto\">\u201eSamoz\u0159ejm\u011b jsem netvrdil, \u017ee to ud\u011blali \u017did\u00e9. Ani nev\u00edm, co to znamen\u00e1. Mysl\u00edm si, \u017ee \u0159\u00edkat takov\u00e9 v\u011bci je ve skute\u010dnosti zp\u016fsob, jak zdiskreditovat skute\u010dn\u00e9 ot\u00e1zky,\u201c<\/span><\/em><span dir=\"auto\">\u00a0\u0159ekl Carlson.<\/span><\/p>\n<p><em><span dir=\"auto\">\u201eBenjamin Netanjahu hned po [\u00fatoc\u00edch] p\u0159ed kamerou \u0159ekl, \u017ee je to dobr\u00e1 v\u011bc, proto\u017ee to Spojen\u00e9 st\u00e1ty zatahuje do konfliktu, do kter\u00e9ho jsme na existenci\u00e1ln\u00ed \u00farovni zapojeni po cel\u00e1 desetilet\u00ed,\u201c<\/span><\/em><span dir=\"auto\">\u00a0dodal.<\/span><\/p>\n<p><span dir=\"auto\">Carlson z\u0159ejm\u011b odkazoval na Netanjahuovy pozn\u00e1mky z roku 2002 b\u011bhem sly\u0161en\u00ed ve Sn\u011bmovn\u011b reprezentant\u016f USA, kdy\u017e \u0159ekl, \u017ee demokracie\u00a0<\/span><em><span dir=\"auto\">\u201en\u011bkdy mus\u00ed b\u00fdt do v\u00e1lky donuceny bombardov\u00e1n\u00edm\u201c,<\/span><\/em><span dir=\"auto\">\u00a0a p\u0159irovnal ud\u00e1losti z 11. z\u00e1\u0159\u00ed k \u00fatoku na Pearl Harbor.\u00a0<\/span><\/p>\n<p><span dir=\"auto\">Novin\u00e1\u0159 se tak\u00e9 odvolal na af\u00e9ru\u00a0<\/span><em><span dir=\"auto\">\u201eizraelsk\u00fdch student\u016f um\u011bn\u00ed\u201c<\/span><\/em><span dir=\"auto\">\u00a0a uvedl, \u017ee ve\u0159ejn\u00e9 pov\u011bdom\u00ed o n\u00ed je velmi omezen\u00e9 a zpr\u00e1vy o n\u00ed nakonec miz\u00ed.\u00a0<\/span><\/p>\n<p><em><span dir=\"auto\">\u201eV\u00edme, \u017ee skupina \u201aizraelsk\u00fdch student\u016f um\u011bn\u00ed\u2018 \u2013 kte\u0159\u00ed zjevn\u011b nebyli studenty um\u011bn\u00ed, n\u011bkte\u0159\u00ed z nich byli zjevn\u011b spojeni s izraelskou tajnou slu\u017ebou \u2013 byla zat\u010dena a pom\u011brn\u011b dlouho dr\u017eena v USA, ne\u017e byla propu\u0161t\u011bna bez obvin\u011bn\u00ed. A v\u00edme, \u017ee skupina z nich \u2013 cituji dokument FBI, nikoli internet \u2013 nato\u010dila \u00fatoky z 11. z\u00e1\u0159\u00ed a\u2026 \u201azd\u00e1lo se, \u017ee o t\u011bchto \u00fatoc\u00edch v\u011bd\u011bla p\u0159edem\u2018,\u201c<\/span><\/em><span dir=\"auto\">\u00a0uvedl Carlson.\u00a0<\/span><\/p>\n<p><span dir=\"auto\">Prvn\u00ed pozorov\u00e1n\u00ed\u00a0<\/span><em><span dir=\"auto\">\u201eizraelsk\u00fdch student\u016f um\u011bn\u00ed\u201c<\/span><\/em><span dir=\"auto\">\u00a0se datuje do konce roku 2000, kdy se za\u010dali objevovat v budov\u00e1ch americk\u00fdch feder\u00e1ln\u00edch donucovac\u00edch org\u00e1n\u016f a vojensk\u00fdch slo\u017eek a sna\u017eili se prod\u00e1vat um\u011bleck\u00e1 d\u00edla a navazovat kontakty s agenty.\u00a0<\/span><em><span dir=\"auto\">\u201eStudenti\u201c<\/span><\/em><span dir=\"auto\">\u00a0se opakovan\u011b objevovali na neozna\u010den\u00fdch m\u00edstech a u skryt\u00fdch bo\u010dn\u00edch vchod\u016f a dokonce n\u011bkter\u00e9 agenty nav\u0161t\u011bvovali i v jejich domovech.<\/span><\/p>\n<p><span dir=\"auto\">Podle zpr\u00e1v m\u00e9di\u00ed z t\u00e9 doby bylo mezi za\u010d\u00e1tkem roku 2001 a \u00fatoky z 11. z\u00e1\u0159\u00ed zat\u010deno nejm\u00e9n\u011b 140 izraelsk\u00fdch ob\u010dan\u016f zapojen\u00fdch do takov\u00fdch aktivit, zat\u00edmco dal\u0161\u00edch 60 bylo zadr\u017eeno kr\u00e1tce pot\u00e9. N\u011bkter\u00e9 skupiny\u00a0<\/span><em><span dir=\"auto\">\u201estudent\u016f\u201c<\/span><\/em><span dir=\"auto\">\u00a0si nav\u00edc \u00fadajn\u011b pronaj\u00edmaly nemovitosti v t\u011bsn\u00e9 bl\u00edzkosti bydli\u0161\u0165 pachatel\u016f \u00fatok\u016f z 11. z\u00e1\u0159\u00ed.\u00a0<\/span><\/p>\n<p><img decoding=\"async\" loading=\"lazy\" class=\"alignnone size-full wp-image-1185\" src=\"http:\/\/www.infokuryr.cz\/n\/wp-content\/uploads\/2021\/04\/kuryr-podpis.png\" alt=\"\" width=\"84\" height=\"24\" \/><\/p>\n<p><em><span dir=\"auto\"><img decoding=\"async\" loading=\"lazy\" class=\"wp-image-86927 aligncenter\" src=\"http:\/\/www.infokuryr.cz\/n\/wp-content\/uploads\/2025\/09\/letak-volby-2025-konference-3-212x300.png\" alt=\"\" width=\"686\" height=\"971\" srcset=\"https:\/\/www.infokuryr.cz\/n\/wp-content\/uploads\/2025\/09\/letak-volby-2025-konference-3-212x300.png 212w, https:\/\/www.infokuryr.cz\/n\/wp-content\/uploads\/2025\/09\/letak-volby-2025-konference-3-724x1024.png 724w, https:\/\/www.infokuryr.cz\/n\/wp-content\/uploads\/2025\/09\/letak-volby-2025-konference-3-768x1086.png 768w, https:\/\/www.infokuryr.cz\/n\/wp-content\/uploads\/2025\/09\/letak-volby-2025-konference-3-1086x1536.png 1086w, https:\/\/www.infokuryr.cz\/n\/wp-content\/uploads\/2025\/09\/letak-volby-2025-konference-3-1448x2048.png 1448w, https:\/\/www.infokuryr.cz\/n\/wp-content\/uploads\/2025\/09\/letak-volby-2025-konference-3-1024x1448.png 1024w\" sizes=\"(max-width: 686px) 100vw, 686px\" \/><\/span><\/em><\/p>\n","protected":false},"excerpt":{"rendered":"<p>Americk\u00fd novin\u00e1\u0159 \u0159\u00edk\u00e1, \u017ee jeho p\u0159ipravovan\u00e1 dokument\u00e1rn\u00ed s\u00e9rie o \u00fatoc\u00edch z 11. z\u00e1\u0159\u00ed bude zkoumat&#8230;<\/p>\n","protected":false},"author":2,"featured_media":87523,"comment_status":"closed","ping_status":"closed","sticky":false,"template":"","format":"standard","meta":[],"categories":[7],"tags":[1176,107,3024],"_links":{"self":[{"href":"https:\/\/www.infokuryr.cz\/n\/wp-json\/wp\/v2\/posts\/87522"}],"collection":[{"href":"https:\/\/www.infokuryr.cz\/n\/wp-json\/wp\/v2\/posts"}],"about":[{"href":"https:\/\/www.infokuryr.cz\/n\/wp-json\/wp\/v2\/types\/post"}],"author":[{"embeddable":true,"href":"https:\/\/www.infokuryr.cz\/n\/wp-json\/wp\/v2\/users\/2"}],"replies":[{"embeddable":true,"href":"https:\/\/www.infokuryr.cz\/n\/wp-json\/wp\/v2\/comments?post=87522"}],"version-history":[{"count":0,"href":"https:\/\/www.infokuryr.cz\/n\/wp-json\/wp\/v2\/posts\/87522\/revisions"}],"wp:featuredmedia":[{"embeddable":true,"href":"https:\/\/www.infokuryr.cz\/n\/wp-json\/wp\/v2\/media\/87523"}],"wp:attachment":[{"href":"https:\/\/www.infokuryr.cz\/n\/wp-json\/wp\/v2\/media?parent=87522"}],"wp:term":[{"taxonomy":"category","embeddable":true,"href":"https:\/\/www.infokuryr.cz\/n\/wp-json\/wp\/v2\/categories?post=87522"},{"taxonomy":"post_tag","embeddable":true,"href":"https:\/\/www.infokuryr.cz\/n\/wp-json\/wp\/v2\/tags?post=87522"}],"curies":[{"name":"wp","href":"https:\/\/api.w.org\/{rel}","templated":true}]}}