{"id":87518,"date":"2025-09-11T04:31:47","date_gmt":"2025-09-11T02:31:47","guid":{"rendered":"https:\/\/www.infokuryr.cz\/n\/?p=87518"},"modified":"2025-09-11T04:31:47","modified_gmt":"2025-09-11T02:31:47","slug":"evropa-bez-stitu-jak-spojene-staty-vyuzivaji-jeji-geopolitickou-slabost","status":"publish","type":"post","link":"https:\/\/www.infokuryr.cz\/n\/2025\/09\/11\/evropa-bez-stitu-jak-spojene-staty-vyuzivaji-jeji-geopolitickou-slabost\/","title":{"rendered":"Evropa bez \u0161t\u00edtu: jak Spojen\u00e9 st\u00e1ty vyu\u017e\u00edvaj\u00ed jej\u00ed geopolitickou slabost"},"content":{"rendered":"<div id=\"fb-root\"><\/div>\n<p><strong>Obchodn\u00ed jedn\u00e1n\u00ed mezi Evropskou uni\u00ed a Spojen\u00fdmi st\u00e1ty za vl\u00e1dy Donalda Trumpa p\u0159edstavuj\u00ed symbolick\u00fd p\u0159\u00edklad nedostate\u010dn\u00e9 strategick\u00e9 vize EU v geopolitick\u00e9 oblasti. Tv\u00e1\u0159\u00ed v tv\u00e1\u0159 hrozb\u011b americk\u00fdch cel se Brusel rozhodl pro defenzivn\u00ed p\u0159\u00edstup, kter\u00fd se vyzna\u010duje snahou omezit konflikt, sp\u00ed\u0161e ne\u017e jej ovlivnit.<\/strong><\/p>\n<p>Tento p\u0159\u00edstup odhalil t\u0159i struktur\u00e1ln\u00ed limity: nedostatek politick\u00e9 jednoty mezi \u010dlensk\u00fdmi st\u00e1ty,\u00a0<a href=\"https:\/\/www.centromachiavelli.com\/en\/2025\/05\/30\/ue-concessioni-dazi-trump\/\" target=\"_blank\" rel=\"external noopener\">neschopnost vyv\u00edjet symetrick\u00fd tlak<\/a>\u00a0na Washington a obecn\u00e1 z\u00e1vislost na americk\u00e9m trhu v kl\u00ed\u010dov\u00fdch odv\u011btv\u00edch. M\u00edsto toho, aby EU reagovala samostatnou agendou, nakonec p\u0159ijala vnucen\u00e9 podm\u00ednky a ob\u011btovala \u010d\u00e1st sv\u00e9\u00a0<a href=\"https:\/\/cincodias.elpais.com\/opinion\/2025-07-29\/el-desequilibrado-acuerdo-de-bruselas-con-trump-tendra-una-vida-efimera.html#?rel=mas\" target=\"_blank\" rel=\"external noopener\">mezin\u00e1rodn\u00ed kredibility<\/a>jako syst\u00e9mov\u00fd akt\u00e9r. Tato epizoda zpochyb\u0148uje soulad mezi jej\u00ed ekonomickou v\u00e1hou a skute\u010dn\u00fdm geopolitick\u00fdm vlivem a o\u017eivuje debatu o tom, do jak\u00e9 m\u00edry je Unie skute\u010dn\u011b schopna prosadit se jako regulativn\u00ed a nejen normativn\u00ed mocnost.<\/p>\n<h2>Evropsk\u00e1 fragmentace: syst\u00e9mov\u00e9 omezen\u00ed<\/h2>\n<p>Reakce \u010dlensk\u00fdch st\u00e1t\u016f na uvalen\u00ed americk\u00fdch cel jasn\u011b uk\u00e1zala nedostatek vnit\u0159n\u00ed soudr\u017enosti. N\u011bmecko, hlavn\u00ed v\u00fdvozce automobil\u016f do USA, zaujal m\u00edrn\u00fd postoj, aby ochr\u00e1nil sv\u016fj v\u00fdrobn\u00ed sektor. Francie naopak prosazovala asertivn\u011bj\u0161\u00ed p\u0159\u00edstup a varovala p\u0159ed rizikem destabilizuj\u00edc\u00edho precedentu pro cel\u00fd\u00a0<a href=\"https:\/\/www.euronews.com\/business\/2025\/06\/27\/tariffs-france-and-germany-pursue-different-tacks-towards-us-deal\" target=\"_blank\" rel=\"external noopener\">multilater\u00e1ln\u00ed obchodn\u00ed syst\u00e9m<\/a>. It\u00e1lie st\u0159\u00eddala nejednozna\u010dn\u00e1 prohl\u00e1\u0161en\u00ed s\u00a0<a href=\"https:\/\/www.geopolitica.info\/italia-usa-gas\/\" target=\"_blank\" rel=\"external noopener\">taktick\u00fdmi postoji<\/a>. Tyto rozd\u00edly podkopaly vyjedn\u00e1vac\u00ed d\u016fv\u011bryhodnost Evropsk\u00e9 komise a br\u00e1nily formulov\u00e1n\u00ed spole\u010dn\u00e9ho postoje. Jak\u00a0<a href=\"https:\/\/www.ft.com\/content\/c6389de3-3f6b-4522-8a0b-e430600a1928\" target=\"_blank\" rel=\"external noopener\">zd\u016fraznil Financial Times<\/a>, tato neshoda donutila Brusel jednat opatrn\u011b a ob\u011btovat s\u00edlu a jasnost vyjedn\u00e1v\u00e1n\u00ed ve jm\u00e9nu k\u0159ehk\u00e9 politick\u00e9 jednoty. V\u00fdsledn\u00e1 dohoda vypadala sp\u00ed\u0161e jako synt\u00e9za vnit\u0159n\u00edch kompromis\u016f v r\u00e1mci Unie ne\u017e jako strategie zam\u011b\u0159en\u00e1 navenek. Tyto politick\u00e9 a strategick\u00e9 rozpory byly obratn\u011b vyu\u017eity Washingtonem, kter\u00fd vyu\u017eil rozd\u00edln\u00fdch z\u00e1jm\u016f k z\u00edsk\u00e1n\u00ed v\u00fdznamn\u00fdch \u00fastupk\u016f. Nedostatek spole\u010dn\u00e9hoveden\u00edspolu s absenc\u00ed rychl\u00e9ho a \u00fa\u010dinn\u00e9ho rozhodovac\u00edho mechanismu v oblasti zahrani\u010dn\u00ed a obchodn\u00ed politiky br\u00e1nil Unii v tom, aby svou ekonomickou moc prom\u011bnila v konkr\u00e9tn\u00ed geopolitick\u00fd vliv.<\/p>\n<h2>Struktur\u00e1ln\u00ed asymetrie v transatlantick\u00fdch vztaz\u00edch<\/h2>\n<p>Jedn\u00e1n\u00ed tak\u00e9 pouk\u00e1zala na struktur\u00e1ln\u00ed asymetrii, kter\u00e1 charakterizuje transatlantick\u00e9 vztahy. Spojen\u00e9 st\u00e1ty nad\u00e1le uplat\u0148uj\u00ed strategickou p\u0159evahu na n\u011bkolika \u00farovn\u00edch, zalo\u017eenou na vojensk\u00e9 p\u0159evaze, dominanci sv\u00fdch glob\u00e1ln\u00edch hodnotov\u00fdch \u0159et\u011bzc\u016f a vysok\u00e9 schopnosti diplomatick\u00e9ho n\u00e1tlaku. EU naopak z\u016fst\u00e1v\u00e1 funk\u010dn\u011b z\u00e1visl\u00fdm hr\u00e1\u010dem: v oblasti energetiky, pr\u016fmyslu a bezpe\u010dnosti. Jedn\u00e1n\u00ed nelze redukovat na obchodn\u00ed z\u00e1pas: Evrop\u011b byla ulo\u017eena \u0159ada\u00a0<a href=\"https:\/\/www.dw.com\/en\/how-the-eu-us-trade-deal-extends-beyond-economics\/a-73458367\" target=\"_blank\" rel=\"external noopener\">geostrategick\u00fdch z\u00e1vazk\u016f<\/a>, mezi nimi\u017e je n\u00e1kup plynu, ropy a\u010dip\u016fpro um\u011blou inteligenci v hodnot\u011b p\u0159ibli\u017en\u011b 750 miliard dolar\u016f, v\u00edce ne\u017e 600 miliard dolar\u016f evropsk\u00fdch investic ve Spojen\u00fdch st\u00e1tech a potenci\u00e1ln\u00ed n\u00e1kup americk\u00e9ho vojensk\u00e9ho vybaven\u00ed. EU tak z\u016fst\u00e1v\u00e1 bez autonomn\u00edho \u201estrategick\u00e9ho \u0161t\u00edtu\u201c: jak poznamenal evropsk\u00fd komisa\u0159 pro obchod\u00a0<a href=\"https:\/\/www.eunews.it\/2025\/07\/28\/dazi-sefcovic-difende-laccordo-di-von-der-leyen-con-gli-usa-ma-i-ventisette-non-sono-entusiasti\/\" target=\"_blank\" rel=\"external noopener\">Maro\u0161 \u0160ef\u010dovi\u010d<\/a>, dohoda o\u017eivila my\u0161lenku, \u017ee \u201enejde jen o obchod, ale tak\u00e9 o bezpe\u010dnost, Ukrajinu a sou\u010dasnou geopolitickou nestabilitu\u201c. Tato \u00favaha nazna\u010duje, \u017ee Unie mohla vyjedn\u00e1vat jinak, kdyby nec\u00edtila pot\u0159ebu\u00a0<a href=\"https:\/\/www.centromachiavelli.com\/en\/2025\/08\/21\/pace-ucraina-lascia-o-raddoppia\/\" target=\"_blank\" rel=\"external noopener\">americk\u00e9 podpory p\u0159i obran\u011b Kyjeva<\/a>. Tyto mimoobchodn\u00ed klauzule posiluj\u00ed pod\u0159\u00edzen\u00e9 postaven\u00ed EU, oslabuj\u00ed tradi\u010dn\u011b dostupn\u00e9 p\u00e1ky a potvrzuj\u00ed jej\u00ed vzd\u00e1lenost od skute\u010dn\u00e9 strategick\u00e9 autonomie. Evropa tak z\u016fst\u00e1v\u00e1 sp\u00ed\u0161e reaktivn\u00ed ne\u017e proaktivn\u00ed, neschopn\u00e1 vybojovat si \u00fast\u0159edn\u00ed roli v prom\u011bn\u00e1ch glob\u00e1ln\u00edho \u0159\u00e1du.<\/p>\n<h2>Nestabiln\u00ed a nev\u00fdhodn\u00e1 dohoda<\/h2>\n<p>Obchodn\u00ed dohoda podepsan\u00e1 p\u0159ed n\u011bkolika t\u00fddny je zalo\u017eena na \u010d\u00e1ste\u010dn\u00e9m sn\u00ed\u017een\u00ed americk\u00fdch cel na n\u011bkter\u00e9 evropsk\u00e9 produkty v\u00fdm\u011bnou za struktur\u00e1ln\u00ed \u00fastupky ze strany EU v oblasti energetiky, pr\u016fmyslu a regulace. Jedn\u00e1 se o nevyv\u00e1\u017een\u00fd kompromis, kter\u00fd je p\u0159edur\u010den k ne\u00fasp\u011bchu, proto\u017ee je postaven na k\u0159ehk\u00e9 rovnov\u00e1ze a postr\u00e1d\u00e1 z\u00e1vazn\u00e9 z\u00e1ruky. Americk\u00e1 cla z\u016fst\u00e1vaj\u00ed v platnosti ve strategick\u00fdch odv\u011btv\u00edch, jako je ocel\u00e1\u0159stv\u00ed a automobilov\u00fd pr\u016fmysl, zat\u00edmco EU se zav\u00e1zala roz\u0161\u00ed\u0159it dovoz LNG ze Spojen\u00fdch st\u00e1t\u016f a upravit n\u011bkter\u00e9 environment\u00e1ln\u00ed p\u0159edpisy, aby usnadnila americk\u00fd v\u00fdvoz na star\u00fd kontinent. To v\u0161e se d\u011bje bez \u00fa\u010dinn\u00e9ho mechanismu kontroly a p\u0159\u00edpadn\u00e9 revize dohody. Dohoda se sp\u00ed\u0161e podob\u00e1 do\u010dasn\u00e9mu p\u0159\u00edm\u011b\u0159\u00ed ne\u017e stabiln\u00edmu\u00a0<a href=\"https:\/\/www.ft.com\/content\/698517e6-9955-4ae9-9a9f-b91202157571\" target=\"_blank\" rel=\"external noopener\">partnerstv\u00ed<\/a>: je to taktick\u00e9 rozhodnut\u00ed, kter\u00e9 umo\u017e\u0148uje z\u00edskat politick\u00fd \u010das, ale ne\u0159e\u0161\u00ed struktur\u00e1ln\u00ed probl\u00e9my ve vztaz\u00edch. Hroz\u00ed riziko, \u017ee dohoda bude jednostrann\u011b renegociov\u00e1na Washingtonem, jakmile to vnit\u0159n\u00ed a vn\u011bj\u0161\u00ed rovnov\u00e1ha dovol\u00ed.<\/p>\n<h2>Strategick\u00e1 autonomie Evropy: nespln\u011bn\u00fd slib<\/h2>\n<p>V posledn\u00edch letech u\u010dinila Brusel strategickou autonomii jedn\u00edm z r\u00e9torick\u00fdch pil\u00ed\u0159\u016f sv\u00e9 zahrani\u010dn\u00ed, obchodn\u00ed a obrann\u00e9 politiky. Krize cel v\u0161ak odhalila hlubokou propast mezi symbolick\u00fdm rozm\u011brem t\u00e9to ambice a realitou silov\u00fdch vztah\u016f. Vzhledem k absenci spole\u010dn\u00e9 pr\u016fmyslov\u00e9 politiky, autonomn\u00edch vojensk\u00fdch kapacit a ekonomick\u00fdch odrazuj\u00edc\u00edch n\u00e1stroj\u016f zaujaly unie vy\u010dk\u00e1vac\u00ed a sm\u00ed\u0159liv\u00fd postoj. Obchodn\u00ed dohoda potvrdila geopolitickou \u00fast\u0159edn\u00ed roli Spojen\u00fdch st\u00e1t\u016f v evropsk\u00e9m syst\u00e9mu a jasn\u011b uk\u00e1zala, jak obt\u00ed\u017en\u00e9 je pro EU navrhnout a realizovat dlouhodobou strategii, kter\u00e1 by nebyla z\u00e1visl\u00e1 na vn\u011bj\u0161\u00ed podpo\u0159e. Slib autonomie tak z\u016fst\u00e1v\u00e1 sp\u00ed\u0161e teoretickou perspektivou ne\u017e provozn\u00ed realitou. Ve sv\u011btle t\u011bchto dynamik p\u0159edstavuje tato epizoda v\u00edce ne\u017e jen diplomatick\u00fd ne\u00fasp\u011bch: je p\u0159\u00edznakem krize strategick\u00e9 \u00fa\u010dinnosti. Pokud se Evropsk\u00e1 unie hodl\u00e1 profilovat jako autonomn\u00ed geopolitick\u00fd akt\u00e9r, bude muset disponovat nejen spole\u010dnou viz\u00ed, ale tak\u00e9 materi\u00e1ln\u00edmi, institucion\u00e1ln\u00edmi a politick\u00fdmi n\u00e1stroji nezbytn\u00fdmi k jej\u00ed realizaci. V opa\u010dn\u00e9m p\u0159\u00edpad\u011b bude i nad\u00e1le kol\u00edsat mezi deklarovan\u00fdmi ambicemi a syst\u00e9movou pod\u0159\u00edzenost\u00ed.<\/p>\n<p><strong><em>Diego Marenaci<\/em><\/strong><\/p>\n<div class=\"podcarou\">\n<p><a href=\"https:\/\/www.centromachiavelli.com\/en\/2025\/08\/25\/leuropa-senza-scudo-cosi-gli-stati-uniti-sfruttano-la-sua-debolezza-geopolitica\/\" target=\"_blank\" rel=\"external noopener\">L\u2019Europa senza scudo: cos\u00ec gli Stati Uniti sfruttano la sua debolezza geopolitica<\/a> vy\u0161el na centromachiavelli.com. P\u0159eklad <a href=\"https:\/\/zvedavec.news\/komentare\/2025\/09\/10670-evropa-bez-stitu-jak-spojene-staty-vyuzivaji-jeji-geopolitickou-slabost.htm\">Zv\u011bdavec<\/a><\/p>\n<p>&nbsp;<\/p>\n<\/div>\n","protected":false},"excerpt":{"rendered":"<p>Obchodn\u00ed jedn\u00e1n\u00ed mezi Evropskou uni\u00ed a Spojen\u00fdmi st\u00e1ty za vl\u00e1dy Donalda Trumpa p\u0159edstavuj\u00ed symbolick\u00fd p\u0159\u00edklad&#8230;<\/p>\n","protected":false},"author":2,"featured_media":87519,"comment_status":"closed","ping_status":"closed","sticky":false,"template":"","format":"standard","meta":[],"categories":[7],"tags":[41,1165,37],"_links":{"self":[{"href":"https:\/\/www.infokuryr.cz\/n\/wp-json\/wp\/v2\/posts\/87518"}],"collection":[{"href":"https:\/\/www.infokuryr.cz\/n\/wp-json\/wp\/v2\/posts"}],"about":[{"href":"https:\/\/www.infokuryr.cz\/n\/wp-json\/wp\/v2\/types\/post"}],"author":[{"embeddable":true,"href":"https:\/\/www.infokuryr.cz\/n\/wp-json\/wp\/v2\/users\/2"}],"replies":[{"embeddable":true,"href":"https:\/\/www.infokuryr.cz\/n\/wp-json\/wp\/v2\/comments?post=87518"}],"version-history":[{"count":0,"href":"https:\/\/www.infokuryr.cz\/n\/wp-json\/wp\/v2\/posts\/87518\/revisions"}],"wp:featuredmedia":[{"embeddable":true,"href":"https:\/\/www.infokuryr.cz\/n\/wp-json\/wp\/v2\/media\/87519"}],"wp:attachment":[{"href":"https:\/\/www.infokuryr.cz\/n\/wp-json\/wp\/v2\/media?parent=87518"}],"wp:term":[{"taxonomy":"category","embeddable":true,"href":"https:\/\/www.infokuryr.cz\/n\/wp-json\/wp\/v2\/categories?post=87518"},{"taxonomy":"post_tag","embeddable":true,"href":"https:\/\/www.infokuryr.cz\/n\/wp-json\/wp\/v2\/tags?post=87518"}],"curies":[{"name":"wp","href":"https:\/\/api.w.org\/{rel}","templated":true}]}}