{"id":87509,"date":"2025-09-11T00:34:55","date_gmt":"2025-09-10T22:34:55","guid":{"rendered":"https:\/\/www.infokuryr.cz\/n\/?p=87509"},"modified":"2025-09-10T18:43:03","modified_gmt":"2025-09-10T16:43:03","slug":"nejdelsi-izraelsky-utok-na-jemen-si-vyzadal-pres-100-mrtvych-nebo-zranenych","status":"publish","type":"post","link":"https:\/\/www.infokuryr.cz\/n\/2025\/09\/11\/nejdelsi-izraelsky-utok-na-jemen-si-vyzadal-pres-100-mrtvych-nebo-zranenych\/","title":{"rendered":"\u201eNejdel\u0161\u00ed\u201c izraelsk\u00fd \u00fatok na Jemen si vy\u017e\u00e1dal p\u0159es 100 mrtv\u00fdch nebo zran\u011bn\u00fdch"},"content":{"rendered":"<div id=\"fb-root\"><\/div>\n<p><strong><span dir=\"auto\">Vlna izraelsk\u00fdch \u00fader\u016f zas\u00e1hla 10. z\u00e1\u0159\u00ed oblasti kontrolovan\u00e9 H\u00fat\u00edy (AnsarAll\u00e1h) v Jemenu, co\u017e Izraelsk\u00e9 obrann\u00e9 s\u00edly (IDF) ozna\u010dily za dosud \u201enejdel\u0161\u00ed\u201c operaci proti zemi.<\/span><\/strong><\/p>\n<p><span dir=\"auto\">Izraelsk\u00e9 obrann\u00e9 s\u00edly (IDF) ve sv\u00e9m prohl\u00e1\u0161en\u00ed uvedly, \u017ee \u00fatoky byly zam\u011b\u0159eny na vojensk\u00e9 t\u00e1bory, kde se shroma\u017e\u010fovali agenti H\u00fat\u00ed\u016f, velitelstv\u00ed \u201epropagandistick\u00e9 divize\u201c skupiny a sklad pohonn\u00fdch hmot, a to jak v hlavn\u00edm m\u011bst\u011b San\u00e1, tak v severov\u00fdchodn\u00ed provincii al-D\u017eaf.<\/span><\/p>\n<p><span dir=\"auto\">Jemensk\u00e1 televize Al-Masirah, kterou provozuj\u00ed H\u00fat\u00edov\u00e9, uvedla, \u017ee \u00fatoky zas\u00e1hly zdravotnick\u00e9 st\u0159edisko v ulici al-Sitteen jihoz\u00e1padn\u011b od San&#8217;\u00e1 a tak\u00e9 vl\u00e1dn\u00ed komplex v okrese al-Hazm v al-D\u017eaf.<\/span><\/p>\n<p><iframe loading=\"lazy\" src=\"https:\/\/s5.cdnstatic.space\/wp-content\/uploads\/2025\/09\/ye1.mp4\" width=\"600\" height=\"338\" data-mce-fragment=\"1\"><\/iframe><\/p>\n<p><iframe loading=\"lazy\" src=\"https:\/\/s5.cdnstatic.space\/wp-content\/uploads\/2025\/09\/ye2.mp4\" width=\"600\" height=\"338\" data-mce-fragment=\"1\"><\/iframe><\/p>\n<p><span dir=\"auto\">Podle IDF je propagandistick\u00e1 divize H\u00fat\u00ed\u016f \u201ezodpov\u011bdn\u00e1 za \u0161\u00ed\u0159en\u00ed podn\u011bcov\u00e1n\u00ed a propagandistick\u00fdch sd\u011blen\u00ed v m\u00e9di\u00edch, v\u010detn\u011b projev\u016f v\u016fdce Abdula Malika [al-H\u00fat\u00edho] a prohl\u00e1\u0161en\u00ed mluv\u010d\u00edho Yahyi Sar\u00edho\u201c.<\/span><\/p>\n<p><em><span dir=\"auto\">\u201eB\u011bhem v\u00e1lky st\u00e1lo velitelstv\u00ed v \u010dele propagandy a psychologick\u00e9ho teroru re\u017eimu,\u201c uvedla arm\u00e1da.<\/span><\/em><\/p>\n<p><span dir=\"auto\">Dodala, \u017ee t\u00e1bory H\u00fat\u00ed\u016f, kter\u00e9 byly napadeny, skupina vyu\u017e\u00edvala k \u201epl\u00e1nov\u00e1n\u00ed a prov\u00e1d\u011bn\u00ed teroristick\u00fdch \u00fatok\u016f proti IDF a St\u00e1tu Izrael. V t\u00e1borech se tak\u00e9 nach\u00e1zela opera\u010dn\u00ed a zpravodajsk\u00e1 velitelsk\u00e1 centra vyu\u017e\u00edvan\u00e1 re\u017eimem\u201c.<\/span><\/p>\n<p><span dir=\"auto\">Izraelsk\u00e9 obrann\u00e9 s\u00edly (IDF) poznamenaly, \u017ee \u00fatok znamenal nejdel\u0161\u00ed let izraelsk\u00e9ho letectva (IAF) od za\u010d\u00e1tku v\u00e1lky, p\u0159i\u010dem\u017e st\u00edha\u010dky let\u011bly k c\u00edl\u016fm p\u0159es 2 350 kilometr\u016f.<\/span><\/p>\n<p><span dir=\"auto\">\u00dader\u016f se z\u00fa\u010dastnilo p\u0159es deset st\u00edha\u010dek IAF, kter\u00e9 shodily p\u0159ibli\u017en\u011b 30 kus\u016f munice na 15 c\u00edl\u016f v San\u00e1 a v oblasti al-D\u017eaf severn\u011b od hlavn\u00edho m\u011bsta, uvedla arm\u00e1da a dodala, \u017ee cestou k proveden\u00ed \u00faderu a cestou zp\u011bt do Izraele prob\u011bhlo n\u011bkolik tankov\u00e1n\u00ed ve vzduchu.<\/span><\/p>\n<p><span dir=\"auto\">B\u011bhem \u00fatoku uvedl vojensk\u00fd mluv\u010d\u00ed H\u00fat\u00ed\u016f Jahja S\u00e1r\u00ed, \u017ee protivzdu\u0161n\u00e1 obrana skupiny zas\u00e1hla izraelsk\u00e9 st\u00edha\u010dky. Pozd\u011bji informoval o civiln\u00edch ob\u011btech.<\/span><\/p>\n<p><em><span dir=\"auto\">\u201eJemensk\u00e9 ozbrojen\u00e9 s\u00edly pop\u00edraj\u00ed obvin\u011bn\u00ed izraelsk\u00e9ho nep\u0159\u00edtele ze zam\u011b\u0159ov\u00e1n\u00ed se na odpalovac\u00ed za\u0159\u00edzen\u00ed raket a potvrzuj\u00ed, \u017ee \u00fatoky zas\u00e1hly \u010dist\u011b civiln\u00ed c\u00edle, v\u010detn\u011b novin \u201a26. z\u00e1\u0159\u00ed\u2018 a \u201aAl-Yaman\u2018. Novin\u00e1\u0159i i novin\u00e1\u0159ky, stejn\u011b jako civilist\u00e9 a p\u0159ihl\u00ed\u017eej\u00edc\u00ed, byli zabiti a zran\u011bni,\u201c uvedl mluv\u010d\u00ed.<\/span><\/em><\/p>\n<p><em><span dir=\"auto\">\u201eOzbrojen\u00e9 s\u00edly potvrzuj\u00ed, \u017ee tato brut\u00e1ln\u00ed agrese nez\u016fstane bez trestu,\u201c dodal.<\/span><\/em><\/p>\n<p><span dir=\"auto\">Ministerstvo zdravotnictv\u00ed veden\u00e9 H\u00fat\u00edy pozd\u011bji uvedlo, \u017ee v d\u016fsledku izraelsk\u00fdch \u00fader\u016f bylo zabito dev\u011bt lid\u00ed a p\u0159es 118 dal\u0161\u00edch bylo zran\u011bno.<\/span><\/p>\n<p><span dir=\"auto\">Izraelsk\u00fd premi\u00e9r Benjamin Netanjahu v koment\u00e1\u0159i k \u00fatoku sl\u00edbil, \u017ee IDF \u201ebude pokra\u010dovat v \u00faderech\u201c proti H\u00fat\u00ed\u016fm v Jemenu.<\/span><\/p>\n<p><em><span dir=\"auto\">\u201eP\u0159ed n\u011bkolika dny jsme zlikvidovali v\u011bt\u0161inu \u010dlen\u016f teroristick\u00e9 vl\u00e1dy H\u00fat\u00ed\u016f,\u201c \u0159ekl Netanjahu na slavnostn\u00edm polo\u017een\u00ed z\u00e1kladn\u00edho kamene nov\u00e9 promen\u00e1dy v Bat Jamu pojmenovan\u00e9 po prezidentu Spojen\u00fdch st\u00e1t\u016f Donaldu Trumpovi. \u201eV reakci na to H\u00fat\u00edov\u00e9 p\u0159ed dv\u011bma dny zah\u00e1jili palbu na leti\u0161t\u011b Ramon.\u201c<\/span><\/em><\/p>\n<p><em><span dir=\"auto\">\u201eTo neoslabilo na\u0161e odhodl\u00e1n\u00ed,\u201c pokra\u010doval \u00favodn\u00edk. \u201eDnes jsme je znovu zas\u00e1hli ze vzduchu, zas\u00e1hli jsme jejich teroristick\u00e1 za\u0159\u00edzen\u00ed, teroristick\u00e9 z\u00e1kladny s mnoha teroristy a tak\u00e9 dal\u0161\u00ed lokality.\u201c<\/span><\/em><\/p>\n<p><em><span dir=\"auto\">\u201eBudeme pokra\u010dovat v \u00faderech,\u201c slibuje Netanjahu. \u201eKdokoli n\u00e1s ude\u0159\u00ed, kdokoli n\u00e1s za\u00fato\u010d\u00ed \u2013 dostihneme ho,\u201c dodal.<\/span><\/em><\/p>\n<p><span dir=\"auto\">V n\u011bkolika dnech p\u0159edch\u00e1zej\u00edc\u00edch \u00fader\u016fm H\u00fat\u00edov\u00e9 zintenzivnili sv\u00e9 raketov\u00e9 a dronov\u00e9 \u00fatoky na Izrael. 7. z\u00e1\u0159\u00ed zas\u00e1hl dron vypu\u0161t\u011bn\u00fd skupinou z Jemenu mezin\u00e1rodn\u00ed leti\u0161t\u011b Ramon na jihu zem\u011b a lehce zranil jednoho mu\u017ee.<\/span><\/p>\n<p><span dir=\"auto\">Od 18. b\u0159ezna, kdy IDF obnovila ofenz\u00edvu v p\u00e1smu Gazy, H\u00fat\u00edov\u00e9 odp\u00e1lili na Izrael 81 balistick\u00fdch raket a nejm\u00e9n\u011b 35 sebevra\u017eedn\u00fdch dron\u016f.<\/span><\/p>\n<p><span dir=\"auto\">V\u010detn\u011b posledn\u00edch \u00fader\u016f Izrael dosud podnikl 17 \u00fatok\u016f proti Jemenu. H\u00fat\u00edov\u00e9 se nenechali odradit ani d\u0159\u00edve, kdy\u017e byl minul\u00fd m\u011bs\u00edc zabit premi\u00e9r skupiny a n\u011bkolik \u010dlen\u016f jej\u00edho kabinetu. Lze o\u010dek\u00e1vat dal\u0161\u00ed eskalaci ze strany skupiny.<\/span><\/p>\n<p><img decoding=\"async\" loading=\"lazy\" class=\"alignnone size-full wp-image-1185\" src=\"http:\/\/www.infokuryr.cz\/n\/wp-content\/uploads\/2021\/04\/kuryr-podpis.png\" alt=\"\" width=\"84\" height=\"24\" \/><\/p>\n<p><img decoding=\"async\" loading=\"lazy\" class=\"wp-image-86927 aligncenter\" src=\"http:\/\/www.infokuryr.cz\/n\/wp-content\/uploads\/2025\/09\/letak-volby-2025-konference-3-212x300.png\" alt=\"\" width=\"746\" height=\"1056\" srcset=\"https:\/\/www.infokuryr.cz\/n\/wp-content\/uploads\/2025\/09\/letak-volby-2025-konference-3-212x300.png 212w, https:\/\/www.infokuryr.cz\/n\/wp-content\/uploads\/2025\/09\/letak-volby-2025-konference-3-724x1024.png 724w, https:\/\/www.infokuryr.cz\/n\/wp-content\/uploads\/2025\/09\/letak-volby-2025-konference-3-768x1086.png 768w, https:\/\/www.infokuryr.cz\/n\/wp-content\/uploads\/2025\/09\/letak-volby-2025-konference-3-1086x1536.png 1086w, https:\/\/www.infokuryr.cz\/n\/wp-content\/uploads\/2025\/09\/letak-volby-2025-konference-3-1448x2048.png 1448w, https:\/\/www.infokuryr.cz\/n\/wp-content\/uploads\/2025\/09\/letak-volby-2025-konference-3-1024x1448.png 1024w\" sizes=\"(max-width: 746px) 100vw, 746px\" \/><\/p>\n","protected":false},"excerpt":{"rendered":"<p>Vlna izraelsk\u00fdch \u00fader\u016f zas\u00e1hla 10. z\u00e1\u0159\u00ed oblasti kontrolovan\u00e9 H\u00fat\u00edy (AnsarAll\u00e1h) v Jemenu, co\u017e Izraelsk\u00e9 obrann\u00e9&#8230;<\/p>\n","protected":false},"author":2,"featured_media":52066,"comment_status":"closed","ping_status":"closed","sticky":false,"template":"","format":"standard","meta":[],"categories":[7],"tags":[107,1400,1863,5135],"_links":{"self":[{"href":"https:\/\/www.infokuryr.cz\/n\/wp-json\/wp\/v2\/posts\/87509"}],"collection":[{"href":"https:\/\/www.infokuryr.cz\/n\/wp-json\/wp\/v2\/posts"}],"about":[{"href":"https:\/\/www.infokuryr.cz\/n\/wp-json\/wp\/v2\/types\/post"}],"author":[{"embeddable":true,"href":"https:\/\/www.infokuryr.cz\/n\/wp-json\/wp\/v2\/users\/2"}],"replies":[{"embeddable":true,"href":"https:\/\/www.infokuryr.cz\/n\/wp-json\/wp\/v2\/comments?post=87509"}],"version-history":[{"count":0,"href":"https:\/\/www.infokuryr.cz\/n\/wp-json\/wp\/v2\/posts\/87509\/revisions"}],"wp:featuredmedia":[{"embeddable":true,"href":"https:\/\/www.infokuryr.cz\/n\/wp-json\/wp\/v2\/media\/52066"}],"wp:attachment":[{"href":"https:\/\/www.infokuryr.cz\/n\/wp-json\/wp\/v2\/media?parent=87509"}],"wp:term":[{"taxonomy":"category","embeddable":true,"href":"https:\/\/www.infokuryr.cz\/n\/wp-json\/wp\/v2\/categories?post=87509"},{"taxonomy":"post_tag","embeddable":true,"href":"https:\/\/www.infokuryr.cz\/n\/wp-json\/wp\/v2\/tags?post=87509"}],"curies":[{"name":"wp","href":"https:\/\/api.w.org\/{rel}","templated":true}]}}