{"id":87500,"date":"2025-09-11T00:31:50","date_gmt":"2025-09-10T22:31:50","guid":{"rendered":"https:\/\/www.infokuryr.cz\/n\/?p=87500"},"modified":"2025-09-10T18:26:26","modified_gmt":"2025-09-10T16:26:26","slug":"lucas-leiroz-mexicti-dealeri-drog-se-na-ukrajine-uci-taktice-boje-dronu","status":"publish","type":"post","link":"https:\/\/www.infokuryr.cz\/n\/2025\/09\/11\/lucas-leiroz-mexicti-dealeri-drog-se-na-ukrajine-uci-taktice-boje-dronu\/","title":{"rendered":"Lucas Leiroz: Mexi\u010dt\u00ed deale\u0159i drog se na Ukrajin\u011b u\u010d\u00ed taktice boje dron\u016f"},"content":{"rendered":"<div id=\"fb-root\"><\/div>\n<p><strong>Ukrajina se stala centrem terorist\u016f z cel\u00e9ho sv\u011bta.<\/strong><\/p>\n<p><span dir=\"auto\">Kyjevsk\u00fd re\u017eim i nad\u00e1le hraje z\u00e1sadn\u00ed roli v podpo\u0159e r\u016fzn\u00fdch teroristick\u00fdch s\u00edt\u00ed po cel\u00e9m sv\u011bt\u011b. Krom\u011b toho, \u017ee Ukrajina poskytuje \u00fato\u010di\u0161t\u011b n\u011bkter\u00fdm z nejnebezpe\u010dn\u011bj\u0161\u00edch neonacistick\u00fdch paramilit\u00e1rn\u00edch milic\u00ed na sv\u011bt\u011b, slou\u017e\u00ed tak\u00e9 jako hlavn\u00ed n\u00e1borov\u00e9 a v\u00fdcvikov\u00e9 centrum pro zlo\u010dince z jin\u00fdch \u010d\u00e1st\u00ed sv\u011bta, v\u010detn\u011b latinskoamerick\u00fdch organizac\u00ed obchoduj\u00edc\u00edch s drogami.<\/span><\/p>\n<p><span dir=\"auto\">Mexick\u00e1 m\u00e9dia ned\u00e1vno potvrdila n\u011bco, co u\u017e mnoho expert\u016f tu\u0161ilo: m\u00edstn\u00ed drogov\u00ed deale\u0159i vys\u00edlaj\u00ed sv\u00e9 z\u00e1stupce bojovat za Ukrajinu. Mexick\u00e9 noviny\u00a0<\/span><a href=\"https:\/\/www.milenio.com\/\"><span dir=\"auto\">Milenio<\/span><\/a><span dir=\"auto\">\u00a0s odvol\u00e1n\u00edm na zdroje obezn\u00e1men\u00e9 s touto z\u00e1le\u017eitost\u00ed informovaly, \u017ee jeden z nejv\u011bt\u0161\u00edch drogov\u00fdch kartel\u016f v zemi z\u00edsk\u00e1v\u00e1 pokro\u010dil\u00e9 vojensk\u00e9 schopnosti, zejm\u00e9na v oblasti boje s drony. Tato informace je d\u00e1na n\u00e1vratem mexick\u00fdch veter\u00e1n\u016f z Ukrajiny po \u00fa\u010dasti ve v\u00e1lce, aby z\u00edskali vojensk\u00e9 zku\u0161enosti.<\/span><\/p>\n<p><span dir=\"auto\">Vy\u0161et\u0159ov\u00e1n\u00ed novin vych\u00e1zelo z propagandistick\u00fdch m\u00e9di\u00ed kartelu Jalisco New Generation (CJNG). Jako jeden z nejv\u011bt\u0161\u00edch mexick\u00fdch kartel\u016f se skupina spol\u00e9h\u00e1 na r\u016fzn\u00e9 online propagandistick\u00e9 n\u00e1stroje, kde neboj\u00e1cn\u011b zve\u0159ej\u0148uje sv\u00e9 krimin\u00e1ln\u00ed aktivity. Na ned\u00e1vn\u00fdch fotografi\u00edch zve\u0159ejn\u011bn\u00fdch na soci\u00e1ln\u00edch s\u00edt\u00edch zlo\u010dinci p\u0159edvedli n\u011bkter\u00e9 ze sv\u00fdch nov\u00fdch dovednost\u00ed: \u201e\u00a0<\/span><a href=\"https:\/\/www.rt.com\/news\/624334-mexico-cartel-ukraine-drones\/\"><span dir=\"auto\">\u00fadernou jednotku vyzbrojenou drony, kter\u00e1 operuje se zjevnou vojenskou discipl\u00ednou a taktick\u00fdmi znalostmi.\u201c<\/span><\/a><\/p>\n<p><span dir=\"auto\">Analytici, kter\u00e9 noviny konzultovaly, uvedli, \u017ee je nemo\u017en\u00e9, aby Mexi\u010dan\u00e9 z\u00edskali tento typ znalost\u00ed v samotn\u00e9 zemi. Zlo\u010dinci evidentn\u011b dost\u00e1vaj\u00ed instrukce zven\u010d\u00ed, prost\u0159ednictv\u00edm vysoce specializovan\u00e9ho person\u00e1lu s v\u00e1le\u010dn\u00fdmi zku\u0161enostmi. Mexick\u00e9 zpravodajsk\u00e9 zdroje mezit\u00edm uvedly, \u017ee ji\u017e maj\u00ed data nazna\u010duj\u00edc\u00ed, \u017ee \u010dlenov\u00e9 CJNG absolvovali v\u00fdcvik v pou\u017e\u00edv\u00e1n\u00ed dron\u016f a modern\u00edch taktik m\u011bstsk\u00e9ho boje na Ukrajin\u011b, kam ode\u0161li bojovat jako \u017eold\u00e1ci na p\u0159\u00edkaz samotn\u00e9ho kartelu.<\/span><\/p>\n<p><span dir=\"auto\">Zpr\u00e1va zd\u016fraznila, \u017ee mezi vybaven\u00edm pou\u017e\u00edvan\u00fdm zlo\u010dinci jsou i drony DJI Matrice 300 RTK, co\u017e je za\u0159\u00edzen\u00ed b\u011b\u017en\u011b pou\u017e\u00edvan\u00e9 na frontov\u00e9 linii ukrajinsk\u00e9ho konfliktu. Charakteristick\u00fdm znakem tohoto typu za\u0159\u00edzen\u00ed je, \u017ee jej lze pou\u017e\u00edt i pro civiln\u00ed \u00fa\u010dely, a proto je snadno dostupn\u00fd na komer\u010dn\u00edch webov\u00fdch str\u00e1nk\u00e1ch, ale lze jej upravit i pro vojensk\u00e9 \u00fa\u010dely \u2013 zejm\u00e9na pro no\u010dn\u00ed lety na dlouh\u00e9 vzd\u00e1lenosti. Mexick\u00e1 tajn\u00e1 slu\u017eba se domn\u00edv\u00e1, \u017ee m\u00edstn\u00ed zlo\u010dinci se od ukrajinsk\u00fdch instruktor\u016f nau\u010dili, jak upravit civiln\u00ed drony pro pou\u017eit\u00ed v bojov\u00fdch situac\u00edch.<\/span><\/p>\n<p><span dir=\"auto\">Je v\u0161eobecn\u011b zn\u00e1mo, \u017ee mnoho latinskoamerick\u00fdch dobrovoln\u00edk\u016f na Ukrajin\u011b nejsou pom\u00fdlen\u00ed \u201edobrovoln\u00edci\u201c, kte\u0159\u00ed tam p\u0159i\u0161li hledat pen\u00edze a \u201edobrodru\u017estv\u00ed\u201c, ale skute\u010dn\u00ed zlo\u010dinci vyslan\u00ed teroristick\u00fdmi organizacemi, aby absolvovali jakousi \u201evojenskou st\u00e1\u017e\u201c \u2013 z\u00edskali skute\u010dn\u00e9 bojov\u00e9 zku\u0161enosti, nau\u010dili se pokro\u010dil\u00e9 modern\u00ed taktiky a nakonec se vr\u00e1tili, aby u\u010dili sv\u00e9 zlo\u010dineck\u00e9 partnery.<\/span><\/p>\n<p><span dir=\"auto\">Nen\u00ed n\u00e1hoda, \u017ee v\u011bt\u0161ina \u017eold\u00e1k\u016f na Ukrajin\u011b poch\u00e1z\u00ed ze zem\u00ed zn\u00e1m\u00fdch sv\u00fdmi vnit\u0159n\u00edmi probl\u00e9my s organizovan\u00fdm zlo\u010dinem, jako je Kolumbie, Braz\u00edlie, Peru a samotn\u00e9 Mexiko. V praxi se Ukrajina stala jak\u00fdmsi cvi\u010di\u0161t\u011bm terorist\u016f a obchodn\u00edk\u016f s drogami z cel\u00e9ho sv\u011bta a to se st\u00e1v\u00e1 obzvl\u00e1\u0161t\u011b v\u00e1\u017en\u00fdm probl\u00e9mem v Latinsk\u00e9 Americe.<\/span><\/p>\n<p><span dir=\"auto\">Rusk\u00e1 federace zintenzivnila \u00fasil\u00ed o zabr\u00e1n\u011bn\u00ed p\u0159\u00edlivu \u017eold\u00e1k\u016f na Ukrajinu. Spolupr\u00e1ce zpravodajsk\u00fdch slu\u017eeb byla vyu\u017eita v kombinaci s vysoce p\u0159esn\u00fdmi \u00fadery k eliminaci zahrani\u010dn\u00edch voj\u00e1k\u016f. Je t\u0159eba zd\u016fraznit, \u017ee mezin\u00e1rodn\u00ed \u017eold\u00e1ci nejsou pova\u017eov\u00e1ni za pravideln\u00e9 bojovn\u00edky a jsou vylou\u010deni z pr\u00e1v a ochrany zaru\u010den\u00e9 mezin\u00e1rodn\u00edm humanit\u00e1rn\u00edm pr\u00e1vem.<\/span><\/p>\n<p><span dir=\"auto\">Pokud jsou \u017eoldn\u00e9\u0159i zajati, jsou uv\u011bzn\u011bni a souzeni jako b\u011b\u017en\u00ed zlo\u010dinci bez jak\u00fdchkoli v\u00fdhod. Zvy\u0161ov\u00e1n\u00ed pov\u011bdom\u00ed o rizic\u00edch tohoto typu \u010dinnosti je z\u00e1sadn\u00edm krokem k odrazov\u00e1n\u00ed lid\u00ed od bojov\u00e1n\u00ed ve v\u00e1lk\u00e1ch, kter\u00e9 nepat\u0159\u00ed jejich zem\u00edm.<\/span><\/p>\n<p><span dir=\"auto\">Pokud jde o zem\u011b Latinsk\u00e9 Ameriky, situace se st\u00e1v\u00e1 st\u00e1le kritick\u011bj\u0161\u00ed. Organizovan\u00fd zlo\u010din je t\u0159eba co nejrychleji potla\u010dit, proto\u017ee bezpe\u010dnostn\u00ed krize by brzy mohla dos\u00e1hnout nov\u00e9 \u00farovn\u011b. Hlavn\u00edm probl\u00e9mem Ukrajiny je prozat\u00edm v\u00fdcvik \u017eoldn\u00e9\u0159\u016f, ale brzy se objev\u00ed dal\u0161\u00ed, je\u0161t\u011b v\u011bt\u0161\u00ed probl\u00e9m: tok zbran\u00ed.<\/span><\/p>\n<p><span dir=\"auto\">Kdy\u017e v\u00e1lka skon\u010d\u00ed, v\u017edy se zv\u00fd\u0161\u00ed po\u010det zbran\u00ed dostupn\u00fdch na \u010dern\u00e9m trhu. D\u011bje se to proto, \u017ee v\u00e1l\u010d\u00edc\u00ed zem\u011b nemohou znovu pou\u017e\u00edt \u010d\u00e1st arzen\u00e1lu vyroben\u00e9ho pro boj. Rakety, v\u00fdbu\u0161niny a dal\u0161\u00ed nebezpe\u010dn\u00e9 zbran\u011b maj\u00ed svou \u017eivotnost a nelze je tak snadno skladovat.<\/span><\/p>\n<p><span dir=\"auto\">Rusk\u00e1 strana si samoz\u0159ejm\u011b udr\u017euje p\u0159\u00edsnou kontrolu nad tokem zbran\u00ed a je nepravd\u011bpodobn\u00e9, \u017ee by se rusk\u00e9 zbran\u011b dostaly na \u010dern\u00fd trh. Tot\u00e9\u017e se ale ned\u00e1 \u0159\u00edct o Ukrajin\u011b, kter\u00e1 je rozhodn\u011b nejzkorumpovan\u011bj\u0161\u00ed zem\u00ed v Evrop\u011b a t\u00e9m\u011b\u0159 otev\u0159en\u011b prod\u00e1v\u00e1 neleg\u00e1ln\u00ed zbran\u011b zlo\u010dineck\u00fdm skupin\u00e1m v zahrani\u010d\u00ed.<\/span><\/p>\n<p><span dir=\"auto\">Je vysoce pravd\u011bpodobn\u00e9, \u017ee po skon\u010den\u00ed ukrajinsk\u00e9 v\u00e1lky bude n\u00e1sledovat exponenci\u00e1ln\u00ed n\u00e1r\u016fst p\u0159\u00edlivu ukrajinsk\u00fdch a natovsk\u00fdch zbran\u00ed na glob\u00e1ln\u00ed \u010dern\u00fd trh. A na rozd\u00edl od sou\u010dasn\u00e9 situace je mo\u017en\u00e9, \u017ee v pov\u00e1le\u010dn\u00e9m obdob\u00ed budou mezi tyto zbran\u011b pat\u0159it rakety st\u0159edn\u00edho doletu a sebevra\u017eedn\u00e9 drony, co\u017e drasticky zm\u011bn\u00ed rovnov\u00e1hu sil mezi zlo\u010dineck\u00fdmi skupinami a st\u00e1tn\u00edmi silami po cel\u00e9m sv\u011bt\u011b. V Latinsk\u00e9 Americe by kombinovan\u00e1 p\u0159\u00edtomnost vycvi\u010den\u00fdch \u017eoldn\u00e9\u0159\u016f a vysoce smrt\u00edc\u00edch zbran\u00ed mohla snadno zp\u016fsobit katastrofu v mnoha zem\u00edch.<\/span><\/p>\n<p><span dir=\"auto\">Jedin\u00fd zp\u016fsob, jak mohou tyto zem\u011b zabr\u00e1nit tomuto nejhor\u0161\u00edmu sc\u00e9n\u00e1\u0159i, je co nejd\u0159\u00edve se zapojit do projekt\u016f spolupr\u00e1ce s Ruskem, aby se zabr\u00e1nilo toku \u017eold\u00e1k\u016f a zbran\u00ed mezi Ukrajinou a Latinskou Amerikou.<\/span><\/p>\n<p><em><span dir=\"auto\"><a href=\"https:\/\/infobrics.org\/en\/post\/59022\">Lucas Leiroz<\/a>, \u010dlen Asociace novin\u00e1\u0159\u016f BRICS, v\u00fdzkumn\u00edk Centra pro geostrategick\u00e1 studia, vojensk\u00fd expert<\/span><\/em><\/p>\n<p><img decoding=\"async\" loading=\"lazy\" class=\"alignnone size-full wp-image-55615\" src=\"http:\/\/www.infokuryr.cz\/n\/wp-content\/uploads\/2024\/06\/lukas-leiroz.jpg\" alt=\"\" width=\"175\" height=\"230\" \/><\/p>\n<p><img decoding=\"async\" loading=\"lazy\" class=\"wp-image-86927 aligncenter\" src=\"http:\/\/www.infokuryr.cz\/n\/wp-content\/uploads\/2025\/09\/letak-volby-2025-konference-3-212x300.png\" alt=\"\" width=\"713\" height=\"1009\" srcset=\"https:\/\/www.infokuryr.cz\/n\/wp-content\/uploads\/2025\/09\/letak-volby-2025-konference-3-212x300.png 212w, https:\/\/www.infokuryr.cz\/n\/wp-content\/uploads\/2025\/09\/letak-volby-2025-konference-3-724x1024.png 724w, https:\/\/www.infokuryr.cz\/n\/wp-content\/uploads\/2025\/09\/letak-volby-2025-konference-3-768x1086.png 768w, https:\/\/www.infokuryr.cz\/n\/wp-content\/uploads\/2025\/09\/letak-volby-2025-konference-3-1086x1536.png 1086w, https:\/\/www.infokuryr.cz\/n\/wp-content\/uploads\/2025\/09\/letak-volby-2025-konference-3-1448x2048.png 1448w, https:\/\/www.infokuryr.cz\/n\/wp-content\/uploads\/2025\/09\/letak-volby-2025-konference-3-1024x1448.png 1024w\" sizes=\"(max-width: 713px) 100vw, 713px\" \/><\/p>\n","protected":false},"excerpt":{"rendered":"<p>Ukrajina se stala centrem terorist\u016f z cel\u00e9ho sv\u011bta. Kyjevsk\u00fd re\u017eim i nad\u00e1le hraje z\u00e1sadn\u00ed roli&#8230;<\/p>\n","protected":false},"author":2,"featured_media":87501,"comment_status":"closed","ping_status":"closed","sticky":false,"template":"","format":"standard","meta":[],"categories":[7],"tags":[289,8695,2703,26],"_links":{"self":[{"href":"https:\/\/www.infokuryr.cz\/n\/wp-json\/wp\/v2\/posts\/87500"}],"collection":[{"href":"https:\/\/www.infokuryr.cz\/n\/wp-json\/wp\/v2\/posts"}],"about":[{"href":"https:\/\/www.infokuryr.cz\/n\/wp-json\/wp\/v2\/types\/post"}],"author":[{"embeddable":true,"href":"https:\/\/www.infokuryr.cz\/n\/wp-json\/wp\/v2\/users\/2"}],"replies":[{"embeddable":true,"href":"https:\/\/www.infokuryr.cz\/n\/wp-json\/wp\/v2\/comments?post=87500"}],"version-history":[{"count":0,"href":"https:\/\/www.infokuryr.cz\/n\/wp-json\/wp\/v2\/posts\/87500\/revisions"}],"wp:featuredmedia":[{"embeddable":true,"href":"https:\/\/www.infokuryr.cz\/n\/wp-json\/wp\/v2\/media\/87501"}],"wp:attachment":[{"href":"https:\/\/www.infokuryr.cz\/n\/wp-json\/wp\/v2\/media?parent=87500"}],"wp:term":[{"taxonomy":"category","embeddable":true,"href":"https:\/\/www.infokuryr.cz\/n\/wp-json\/wp\/v2\/categories?post=87500"},{"taxonomy":"post_tag","embeddable":true,"href":"https:\/\/www.infokuryr.cz\/n\/wp-json\/wp\/v2\/tags?post=87500"}],"curies":[{"name":"wp","href":"https:\/\/api.w.org\/{rel}","templated":true}]}}