{"id":87489,"date":"2025-09-11T00:25:37","date_gmt":"2025-09-10T22:25:37","guid":{"rendered":"https:\/\/www.infokuryr.cz\/n\/?p=87489"},"modified":"2025-09-10T15:33:27","modified_gmt":"2025-09-10T13:33:27","slug":"jana-markova-tak-nez-tu-potom-co-uletlo-nekolik-dronu-nad-polsko-zacnou-vsichni-sturmovat-do-valky-bych-se-trochu-uklidnila","status":"publish","type":"post","link":"https:\/\/www.infokuryr.cz\/n\/2025\/09\/11\/jana-markova-tak-nez-tu-potom-co-uletlo-nekolik-dronu-nad-polsko-zacnou-vsichni-sturmovat-do-valky-bych-se-trochu-uklidnila\/","title":{"rendered":"Jana Markov\u00e1: Tak ne\u017e tu potom, co ul\u00e9tlo n\u011bkolik dron\u016f nad Polsko za\u010dnou v\u0161ichni \u0161turmovat do v\u00e1lky, bych se trochu uklidnila"},"content":{"rendered":"<div id=\"fb-root\"><\/div>\n<p>Nejen proto, \u017ee bych se hluboce zamyslela nad t\u00edm, komu toto \u0161turmov\u00e1n\u00ed prosp\u011bje, komu m\u016f\u017ee a m\u00e1 zachr\u00e1nit krk, pro\u010d pr\u00fd Zelensk\u00fd vydal pro 20 nejd\u016fle\u017eit\u011bj\u0161\u00edch diplomat\u016f z\u00e1kaz opou\u0161t\u011bt Ukrajinu, jak se jev\u00ed fronta a taky to, \u017ee p\u0159es ten z\u00e1kaz mu b\u00fdval\u00fd ministr zahrani\u010d\u00ed Kuleba mo\u017en\u00e1 zdrhnout stihl. Taky bych se pod\u00edvala za prvn\u00ed ke\u0159, p\u0159\u00edpadn\u011b roh, zda tam nevykukuje zv\u011bdav\u00e9 oko anglosasa s divnou ant\u00e9nou v ruce.<\/p>\n<p>Nicm\u00e9n\u011b i kdybych uznala, \u017ee toto v\u0161echno za zamy\u0161len\u00ed nestoj\u00ed, je tu n\u011bco, co rozhodn\u011b stoj\u00ed. M\u016f\u017eeme si aktivovat co chceme, m\u016f\u017eeme dokonce povol\u00e1vat koho chceme a provol\u00e1vat provol\u00e1n\u00ed jak moc chceme, ale jaksi nezpochybn\u00edme fakt, \u017ee pokud budeme m\u00edt kliku, m\u016f\u017eeme po Rusech vrhat tak maxim\u00e1ln\u011b plasty, \u010di p\u0159\u00edpadn\u011b kusy \u017eeleza. Pokud tedy najdeme alespo\u0148 to \u017eelezo. My toti\u017e nem\u00e1me co v\u00fdbu\u0161n\u00e9ho do n\u011bho. My jako Evropa katastrof\u00e1ln\u011b, my jako USA o n\u011bco m\u00e9n\u011b katastrof\u00e1ln\u011b, my jako NATO o prsa korejsk\u00e9 baletky m\u00e9n\u011b katastrof\u00e1ln\u011b ne\u017e samotn\u00e1 Evropa. Proto\u017ee Trump m\u00e1 s\u00e1m m\u00e1lo.<\/p>\n<p>My Z\u00e1pad nejen\u017ee nem\u00e1me dost tov\u00e1ren na v\u00fdrobu d\u011blost\u0159eleck\u00fdch gran\u00e1t\u016f, ale nem\u00e1me ani tov\u00e1rny na v\u00fdbu\u0161niny, d\u00edky nim\u017e ty gran\u00e1ty nedopadaj\u00ed pr\u00e1v\u011b jen jako kusy \u017eeleza. Nem\u00e1me ani dost za\u0159\u00edzen\u00ed na v\u00fdrobu prachu, s n\u00edm\u017e bychom ty gran\u00e1ty odp\u00e1lili, pokud u\u017e bychom je m\u011bli. A nem\u00e1me je proto, proto\u017ee jsme si je v r\u00e1mci ekologie sami zru\u0161ili, zav\u0159eli, zbourali a je\u0161t\u011b jsme to slun\u00ed\u010dkov\u011b oslavili. Nechali jsme si jen jednu \u201estrategicky\u201c um\u00edst\u011bnou na v\u00fdchodn\u00ed Ukrajin\u011b, kterou n\u00e1m samoz\u0159ejm\u011b okam\u017eit\u011b po invazi zabrali Rusov\u00e9.\u00a0<img decoding=\"async\" loading=\"lazy\" src=\"https:\/\/static.xx.fbcdn.net\/images\/emoji.php\/v9\/t51\/1\/16\/1f603.png\" alt=\"\ud83d\ude03\" width=\"16\" height=\"16\" \/><\/p>\n<p><img decoding=\"async\" loading=\"lazy\" class=\"wp-image-85920 aligncenter\" src=\"http:\/\/www.infokuryr.cz\/n\/wp-content\/uploads\/2025\/08\/pozvaniV-300x140.jpg\" alt=\"\" width=\"656\" height=\"306\" srcset=\"https:\/\/www.infokuryr.cz\/n\/wp-content\/uploads\/2025\/08\/pozvaniV-300x140.jpg 300w, https:\/\/www.infokuryr.cz\/n\/wp-content\/uploads\/2025\/08\/pozvaniV.jpg 925w\" sizes=\"(max-width: 656px) 100vw, 656px\" \/><\/p>\n<p>Tedy je\u0161t\u011b jednu takovou tov\u00e1rnu maj\u00ed Pol\u00e1ci, proto\u017ee to nejsou takov\u00e1 paka, ale ti zase v\u011bt\u0161inu produkce dod\u00e1vaj\u00ed do USA a nikdy jinak. Tak\u017ee s t\u00edm se po\u010d\u00edtat ned\u00e1. Mimochodem v N\u011bmecku to zelen\u00ed mago\u0159i zastavili u\u017e po\u010d\u00e1tkem 90. let, proto\u017ee budeme pr\u00fd st\u0159\u00edlet ekologicky. Zkou\u0161elo se to nahradit eko v\u00fdbu\u0161ninou IMX-10, akor\u00e1t to sv\u011bte div se, nefungovalo.<\/p>\n<p>V\u00fdroba TNT byla pro Evropu fuj, muni\u010dky byly fuj, st\u0159eln\u00fd prach byl fuj, dokonce t\u011b\u017eba pot\u0159ebn\u00fdch kov\u016f byla fuj. M\u011bli jsme pocit, \u017ee v\u0161echno vy\u0159e\u0161\u00edme pomoc\u00ed p\u00e1r sofistikovan\u00fdch hra\u010dek a s p\u00e1r expedi\u010dn\u00edmi sbory. Pak jsme dostali na frak v Afgh\u00e1nist\u00e1nu, odkud jsme museli zdrhnout p\u0159ed pas\u00e1\u010dky koz a ovc\u00ed s Kalachy, i kdy\u017e to jsme po\u0159\u00e1d je\u0161t\u011b \u010d\u00edm st\u0159\u00edlet m\u011bli. Ty hra\u010dky jsme jim tam pro jistou nechali, a\u0165 se kluci pa\u0161tun\u0161t\u00ed u\u010d\u00ed, \u017ee.<\/p>\n<p>M\u011bli jsme utkv\u011blou p\u0159edstavu, \u017ee cokoliv co je fuj si dovezeme odn\u011bkud, kde to fuj nen\u00ed a my na to nevid\u00edme. Jen jsme tedy zapomn\u011bli na to, \u017ee to je pr\u00e1v\u011b to Rusko, se kter\u00fdm hodl\u00e1me v\u00e1l\u010dit a \u010c\u00edna, se kterou hodl\u00e1me v\u00e1l\u010dit hned potom. Jen tak pro srovn\u00e1n\u00ed Rusko vyr\u00e1b\u00ed asi pades\u00e1t tis\u00edc tun TNT ro\u010dn\u011b a \u010c\u00edna a Indie je\u0161t\u011b v\u00edc. Tak\u017ee zat\u00edmco my m\u00e1me Green Deal, oni maj\u00ed co d\u00e1t do munice.<\/p>\n<p>USA se tedy sna\u017e\u00ed s t\u00edm n\u011bco d\u011blat, ale ono to nen\u00ed tak snadn\u00e9. Zat\u00edm tedy sp\u00ed\u0161 kape ne\u017e pr\u0161\u00ed, ale v Evrop\u011b ani nekape. Mimochodem USA nedostaly do sv\u00fdch sklad\u016f od l\u00e9ta 2014 do podzimu 2015 ani jeden nov\u00fd gran\u00e1t r\u00e1\u017ee 155 mm. To jsou ty, kter\u00e9 jsou nyn\u00ed z\u00e1kladem ukrajinsk\u00e9 obrany a my je pro ni v r\u00e1mci muni\u010dn\u00ed iniciativy nakupujeme za draho od p\u0159ekupn\u00edk\u016f kde se d\u00e1. Akor\u00e1t u\u017e jich moc nezbylo a jsou nevaln\u00e9 kvality. Ale aspo\u0148 jsou, \u017ee.<\/p>\n<p>Tak\u017ee my si bu\u010f m\u016f\u017eeme vyt\u00e1hnout hlavu z na\u0161eho ekologick\u00e9ho pozad\u00ed, nebo se prost\u011b nem\u016f\u017eeme pou\u0161t\u011bt do \u017e\u00e1dn\u00fdch v\u011bt\u0161\u00edch akc\u00ed. Proto\u017ee prost\u011b mo\u017en\u00e1 budeme m\u00edt tanky, mo\u017en\u00e1 budeme m\u00edt i \u00fadr\u017ebu na n\u011b, ale nebudeme m\u00edt co do nich, pakli\u017ee tam nechceme l\u00e1dovat neschopn\u00e9 politiky jako v\u00fdbu\u0161n\u00fd materi\u00e1l a k odstra\u0161en\u00ed je pos\u00edlat na Rusko. N\u011bco jako baron Pr\u00e1\u0161il. \u00dapln\u011b vid\u00edm, jak se Ur\u0161ule aerodynamicky zplo\u0161\u0165uje obli\u010dej, Jan\u011b \u010cernochov\u00e9 se nezplo\u0161t\u00ed u\u017e nikdy a Charliemu vlaje jeho ctrn\u00e1ct dn\u00ed neholen\u00e9 strni\u0161t\u011b.\u00a0<img decoding=\"async\" loading=\"lazy\" src=\"https:\/\/static.xx.fbcdn.net\/images\/emoji.php\/v9\/t4c\/1\/16\/1f642.png\" alt=\"\ud83d\ude42\" width=\"16\" height=\"16\" \/><\/p>\n<p><a href=\"https:\/\/web.litterate.cz\/tak-nez-tu-potom-co-uletlo-nekolik-dronu-nad-polsko-zacnou-vsichni-sturmovat-do-valky-bych-se-trochu-uklidnila\/\">Jana Markov\u00e1<\/a><\/p>\n<p><img decoding=\"async\" loading=\"lazy\" class=\"alignnone size-full wp-image-34862\" src=\"http:\/\/www.infokuryr.cz\/n\/wp-content\/uploads\/2023\/08\/jana-markova.jpg\" alt=\"\" width=\"180\" height=\"180\" srcset=\"https:\/\/www.infokuryr.cz\/n\/wp-content\/uploads\/2023\/08\/jana-markova.jpg 180w, https:\/\/www.infokuryr.cz\/n\/wp-content\/uploads\/2023\/08\/jana-markova-150x150.jpg 150w\" sizes=\"(max-width: 180px) 100vw, 180px\" \/><\/p>\n<p><img decoding=\"async\" loading=\"lazy\" class=\"wp-image-86739 aligncenter\" src=\"http:\/\/www.infokuryr.cz\/n\/wp-content\/uploads\/2025\/08\/volby-program-211x300.png\" alt=\"\" width=\"664\" height=\"944\" srcset=\"https:\/\/www.infokuryr.cz\/n\/wp-content\/uploads\/2025\/08\/volby-program-211x300.png 211w, https:\/\/www.infokuryr.cz\/n\/wp-content\/uploads\/2025\/08\/volby-program-721x1024.png 721w, https:\/\/www.infokuryr.cz\/n\/wp-content\/uploads\/2025\/08\/volby-program-768x1091.png 768w, https:\/\/www.infokuryr.cz\/n\/wp-content\/uploads\/2025\/08\/volby-program-1081x1536.png 1081w, https:\/\/www.infokuryr.cz\/n\/wp-content\/uploads\/2025\/08\/volby-program-1442x2048.png 1442w, https:\/\/www.infokuryr.cz\/n\/wp-content\/uploads\/2025\/08\/volby-program-1024x1455.png 1024w\" sizes=\"(max-width: 664px) 100vw, 664px\" \/><\/p>\n","protected":false},"excerpt":{"rendered":"<p>Nejen proto, \u017ee bych se hluboce zamyslela nad t\u00edm, komu toto \u0161turmov\u00e1n\u00ed prosp\u011bje, komu m\u016f\u017ee&#8230;<\/p>\n","protected":false},"author":2,"featured_media":23735,"comment_status":"closed","ping_status":"closed","sticky":false,"template":"","format":"standard","meta":[],"categories":[6],"tags":[2856,1503,31,22],"_links":{"self":[{"href":"https:\/\/www.infokuryr.cz\/n\/wp-json\/wp\/v2\/posts\/87489"}],"collection":[{"href":"https:\/\/www.infokuryr.cz\/n\/wp-json\/wp\/v2\/posts"}],"about":[{"href":"https:\/\/www.infokuryr.cz\/n\/wp-json\/wp\/v2\/types\/post"}],"author":[{"embeddable":true,"href":"https:\/\/www.infokuryr.cz\/n\/wp-json\/wp\/v2\/users\/2"}],"replies":[{"embeddable":true,"href":"https:\/\/www.infokuryr.cz\/n\/wp-json\/wp\/v2\/comments?post=87489"}],"version-history":[{"count":0,"href":"https:\/\/www.infokuryr.cz\/n\/wp-json\/wp\/v2\/posts\/87489\/revisions"}],"wp:featuredmedia":[{"embeddable":true,"href":"https:\/\/www.infokuryr.cz\/n\/wp-json\/wp\/v2\/media\/23735"}],"wp:attachment":[{"href":"https:\/\/www.infokuryr.cz\/n\/wp-json\/wp\/v2\/media?parent=87489"}],"wp:term":[{"taxonomy":"category","embeddable":true,"href":"https:\/\/www.infokuryr.cz\/n\/wp-json\/wp\/v2\/categories?post=87489"},{"taxonomy":"post_tag","embeddable":true,"href":"https:\/\/www.infokuryr.cz\/n\/wp-json\/wp\/v2\/tags?post=87489"}],"curies":[{"name":"wp","href":"https:\/\/api.w.org\/{rel}","templated":true}]}}