{"id":87488,"date":"2025-09-11T00:22:07","date_gmt":"2025-09-10T22:22:07","guid":{"rendered":"https:\/\/www.infokuryr.cz\/n\/?p=87488"},"modified":"2025-09-10T15:04:46","modified_gmt":"2025-09-10T13:04:46","slug":"jan-campbell-globalni-sprava-veci-verejnych","status":"publish","type":"post","link":"https:\/\/www.infokuryr.cz\/n\/2025\/09\/11\/jan-campbell-globalni-sprava-veci-verejnych\/","title":{"rendered":"Jan Campbell: Glob\u00e1ln\u00ed spr\u00e1va v\u011bc\u00ed ve\u0159ejn\u00fdch"},"content":{"rendered":"<div id=\"fb-root\"><\/div>\n<h3><strong>\u00davod<\/strong><\/h3>\n<p>Velk\u00e1 v\u011bt\u0161ina ob\u010dan\u016f a politik\u016f v\u0161ech barev se z\u00e1jmem o mezin\u00e1rodn\u00ed a n\u00e1rodn\u00ed politiku v\u00ed, \u017ee sv\u011bt se nach\u00e1z\u00ed ji\u017e za prahem fundament\u00e1ln\u00edch zm\u011bn sv\u011btov\u00e9ho politick\u00e9ho, hospod\u00e1\u0159sk\u00e9ho, finan\u010dn\u00edho a soci\u00e1ln\u00edho syst\u00e9mu, kter\u00fd umo\u017e\u0148uje antropologick\u00e1 v\u00e1lka. Ta p\u0159edstavuje konflikt, kter\u00fd se zam\u011b\u0159uje na podstatu \u010dlov\u011bka, jeho t\u011blesn\u00e9 a psychick\u00e9 vlastnosti a kulturu. Proto tato v\u00e1lka m\u00e1 zni\u010duj\u00edc\u00ed dopady na spole\u010dnosti, kultury a hodnoty civilizac\u00ed a na lidstvo obecn\u011b.<\/p>\n<p>V\u00a0kontextu uveden\u00e9ho Spojen\u00e9 st\u00e1ty odstoupily od \u0159ady mezin\u00e1rodn\u00edch dohod, \u010d\u00edm\u017e fakticky ukon\u010dily mo\u017enost spole\u010dn\u00e9ho \u00fasil\u00ed o vytvo\u0159en\u00ed a zaveden\u00ed nov\u00e9 spr\u00e1vy v\u011bc\u00ed ve\u0159ejn\u00fdch ve sv\u011bt\u011b.<\/p>\n<p>Americk\u00e9 ministerstvo zahrani\u010d\u00ed minul\u00fd t\u00fdden v pond\u011bl\u00ed informovalo, \u017ee ukon\u010d\u00ed memoranda o porozum\u011bn\u00ed podepsan\u00e1 za Bidenovy administrativy. Dohody s p\u0159ibli\u017en\u011b 22 zem\u011bmi, zejm\u00e9na v Evrop\u011b a Africe, byly sou\u010d\u00e1st\u00ed \u0161ir\u0161\u00ed iniciativy veden\u00e9 nyn\u00ed zanikl\u00fdm Glob\u00e1ln\u00edm centrem pro anga\u017eovanost (GEC), zalo\u017een\u00e9ho v roce 2011 k boji proti online teroristick\u00e9 propagand\u011b s\u00a0mand\u00e1tem, kter\u00fd byl pozd\u011bji roz\u0161\u00ed\u0159en o \u00fadajn\u00e9 <em>dezinformace<\/em> podporovan\u00e9 zahrani\u010dn\u00edmi st\u00e1ty.<\/p>\n<p>Od n\u00e1stupu do \u00fa\u0159adu Trump tak\u00e9 zru\u0161il financov\u00e1n\u00ed Americk\u00e9 agentury pro glob\u00e1ln\u00ed m\u00e9dia, kter\u00e1 dohl\u00ed\u017e\u00ed na vys\u00edlac\u00ed spole\u010dnosti z doby studen\u00e9 v\u00e1lky, jako jsou Hlas Ameriky a R\u00e1dio Svobodn\u00e1 Evropa\/R\u00e1dio Svoboda, kter\u00e9 jsou v\u0161eobecn\u011b pova\u017eov\u00e1ny za z\u00e1padn\u00ed propagandistick\u00e9 kan\u00e1ly. Washington se tak\u00e9 postavil proti z\u00e1konu EU o digit\u00e1ln\u00edch slu\u017eb\u00e1ch. Ameri\u010dt\u00ed diplomat\u00e9 \u00fadajn\u011b v srpnu dostali pokyn lobovat proti tomuto z\u00e1konu a ozna\u010dili ho za hrozbu pro svobodu projevu a nebezpe\u010d\u00ed pro americk\u00e9 technologick\u00e9 firmy.<\/p>\n<p>Co se t\u00fd\u010de EU, Chat Control, ve skute\u010dnosti Total Control prom\u011bn\u00ed Evropskou unii na orwellovskou diktaturu, o kter\u00e9 bude Evropsk\u00e1 komise hlasovat ji\u017e v p\u00e1tek! Sm\u011brnice uvrhne pod tot\u00e1ln\u00ed kontrolu 450 milion\u016f obyvatel zem\u00ed EU pod z\u00e1minkou ochrany s\u00edt\u00ed p\u0159ed d\u011btskou pornografi\u00ed! Microsoft v\u010das namontoval do opera\u010dn\u00edho syst\u00e9mu Windows 11 v po\u010d\u00edta\u010d\u00edch s certifikac\u00ed Copilot+ \u0161pion\u00e1\u017en\u00ed n\u00e1stroj s n\u00e1zvem Recall (Vzpom\u00edn\u00e1n\u00ed). P\u0159ed p\u016fl rokem mnoz\u00ed kroutili hlavou a ptali se, co to m\u00e1 znamenat?<\/p>\n<p>Nen\u00ed proto divu, \u017ee Ma\u010farsk\u00fd premi\u00e9r Orb\u00e1n varoval, \u017ee EU je na pokraji kolapsu a bez <em>z\u00e1sadn\u00ed struktur\u00e1ln\u00ed reformy.<\/em> V ned\u011bli na ka\u017edoro\u010dn\u00edm Ob\u010dansk\u00e9m pikniku v Kotcse prohl\u00e1sil, \u017ee EU nesplnila sv\u016fj z\u00e1kladn\u00ed c\u00edl st\u00e1t se glob\u00e1ln\u00ed mocnost\u00ed, nedok\u00e1\u017ee se vypo\u0159\u00e1dat se sou\u010dasn\u00fdmi v\u00fdzvami kv\u016fli absenci spole\u010dn\u00e9 fisk\u00e1ln\u00ed politiky a vstupuje do f\u00e1ze <em>chaotick\u00e9ho a n\u00e1kladn\u00e9ho rozpadu a vstoupila do stavu fragmentace.<\/em> Proto navrhl transformaci EU do <em>soust\u0159edn\u00fdch kruh\u016f<\/em>. Orb\u00e1n nen\u00ed se sv\u00fdmi obavami s\u00e1m. V\u00edm o aktivit\u00e1ch, jejich\u017e c\u00edlem je transformace EU, vznik nov\u00e9 st\u0159edoevropsk\u00e9 instituce v\u010detn\u011b banky s novou funkc\u00ed a pravidly.<\/p>\n<p>Analytici Mezin\u00e1rodn\u00edho m\u011bnov\u00e9ho fondu, kter\u00fd se tak\u00e9 p\u0159e\u017eil, a dal\u0161\u00edch instituc\u00ed varovali, \u017ee EU riskuje stagnaci, a dokonce i kolaps kv\u016fli struktur\u00e1ln\u00edm probl\u00e9m\u016fm, slab\u00e9mu r\u016fstu, n\u00edzk\u00fdm investic\u00edm, vysok\u00fdm n\u00e1klad\u016fm na energie a geopolitick\u00e9mu nap\u011bt\u00ed. To zvy\u0161uj\u00ed Spojen\u00e9 st\u00e1ty mimo jin\u00e9 i zm\u011bnou sv\u00fdch vojensk\u00fdch priorit, kter\u00e9 se dostalo jen mal\u00e9 medi\u00e1ln\u00ed pozornosti. M\u00edsto toho, aby se jako \u00fast\u0159edn\u00ed hrozba prezentovala rivalita s \u010c\u00ednou jako d\u0159\u00edve, se nyn\u00ed do centra pozornosti dost\u00e1v\u00e1 Latinsk\u00e1 Amerika. Ve skute\u010dnosti to znamen\u00e1 zv\u00fd\u0161enou militarizaci jak na dom\u00e1c\u00ed, tak i mezin\u00e1rodn\u00ed \u00farovni. A koneckonc\u016f ne\u0161t\u011bst\u00ed pro Evropskou unii, v\u010detn\u011b jej\u00ed dohody Mercosur.<\/p>\n<p>N\u00e1vrh nov\u00e9 N\u00e1rodn\u00ed obrann\u00e9 strategie, za kter\u00fd je zodpov\u011bdn\u00fd Elbridge Colby, odborn\u00edk na bezpe\u010dnostn\u00ed strategii USA, up\u0159ednost\u0148uje region\u00e1ln\u00ed mise p\u0159ed zam\u011b\u0159en\u00edm na Peking a Moskvu. Takov\u00e9 obnoven\u00ed bude m\u00edt hlubok\u00e9 d\u016fsledky pro Evropu, NATO a cel\u00fd glob\u00e1ln\u00ed \u0159\u00e1d.<\/p>\n<p>Washington nehraje s latinskoamerickou kartou n\u00e1hodou. Pro\u010d? Proto\u017ee Caracasu vl\u00e1dne komunista Nicol\u00e1s Maduro. A Spojen\u00e9 st\u00e1ty ne\u00fasp\u011b\u0161n\u011b bojuj\u00ed proti komunist\u016fm, i \u010d\u00ednsk\u00fdm. Krom\u011b toho Venezuela m\u00e1 nejv\u011bt\u0161\u00ed sv\u011btov\u00e9 z\u00e1soby ropy, je strategicky d\u016fle\u017eit\u00e1 v glob\u00e1ln\u00edm boji o suroviny a p\u0159esun pozornosti z \u010c\u00edny na Venezuelu proto nen\u00ed jen strategick\u00fdm rozhodnut\u00edm, ale tak\u00e9 symptomem stavu samotn\u00fdch Spojen\u00fdch st\u00e1t\u016f, cht\u011bj\u00edc\u00edch udr\u017eet si sv\u016fj glob\u00e1ln\u00ed n\u00e1rok a hledaj\u00edc\u00edch nov\u00e9 fronty k\u00a0zamaskov\u00e1n\u00ed vlastn\u00ed vnit\u0159n\u00ed krize.<\/p>\n<p>Jak\u00e1koli strategick\u00e1 reorganizace m\u00e1 d\u016fsledky i pro Evropu. Plat\u00ed to i pro tzv. um\u011blou inteligenci a dialog mocensk\u00fdch struktur a mo\u017enost transcendence do komplexn\u00edho kontextu. P\u0159ipom\u00edn\u00e1m, \u017ee um\u011bl\u00e1 inteligence nen\u00ed hlubok\u00e1 a inteligentn\u00ed, ale funk\u010dn\u00ed a ne transcendentn\u00ed.\u00a0 Proto ji naz\u00fdv\u00e1m multifunkcion\u00e1ln\u00ed aproximac\u00ed. Rozpozn\u00e1v\u00e1, co bylo \u0159e\u010deno v podobn\u00fdch kontextech, a vol\u00ed statisticky nejvhodn\u011bj\u0161\u00ed reakci. Tyto reakce nejsou <em>kreativn\u00ed<\/em> v lidsk\u00e9m smyslu, nevznikaj\u00ed z inspirace nebo vnit\u0159n\u00ed nutnosti, ale z pravd\u011bpodobnost\u00ed.<\/p>\n<p>Pro\u010d se zmi\u0148uji o um\u011bl\u00e9 inteligenci v\u00a0p\u0159\u00edsp\u011bvku v\u011bnovan\u00e9m glob\u00e1ln\u00ed spr\u00e1v\u011b v\u011bc\u00ed ve\u0159ejn\u00fdch? Proto\u017ee nep\u0159isp\u00edv\u00e1 k osvobozen\u00ed lidstva, ale sp\u00ed\u0161e k ovl\u00e1d\u00e1n\u00ed my\u0161len\u00ed lid\u00ed, a odpov\u011bdi se nezakl\u00e1daj\u00ed na pravd\u011b, ale na kompatibilit\u011b. To vede k z\u00e1v\u011bru: um\u011bl\u00e1 inteligence se st\u00e1v\u00e1 n\u00e1strojem, kter\u00fd v\u011bzn\u00ed my\u0161len\u00ed v <em>p\u0159\u00edpustn\u00fdch koridorech<\/em> a potla\u010duje <em>kritick\u00e9<\/em> kladen\u00ed ot\u00e1zek.<\/p>\n<h3><strong>Zased\u00e1n\u00ed \u0160OS<\/strong><\/h3>\n<p>P\u0159ed n\u011bkolika dny se ud\u00e1la nejv\u011bt\u0161\u00ed geopolitick\u00e1 a ekonomick\u00e1 ud\u00e1lost na sv\u011bt\u011b: Zased\u00e1n\u00ed \u0160OS. \u00da\u010dastnili se ho v\u0161ichni, kdo n\u011bco znamenaj\u00ed, krom\u011b Z\u00e1padu. Tato ud\u00e1lost znamen\u00e1 <em>konec koloni\u00e1ln\u00ed a z\u00e1padn\u00ed kontroly<\/em>. Proto v\u0161echna z\u00e1padn\u00ed media ml\u010d\u00ed o v\u00fdsledku zased\u00e1n\u00ed.<\/p>\n<p>Summit nebyl divadlo. \u00da\u010dastn\u00edci p\u0159ijali Strategii rozvoje \u0160OS na obdob\u00ed 2026\u20132035, Tchien-\u0165inskou deklaraci a v\u00edce ne\u017e 20 dokument\u016f o bezpe\u010dnosti, ekonomice, kultu\u0159e a reform\u00e1ch.<\/p>\n<p>Kl\u00ed\u010dov\u00fdm rozhodnut\u00edm bylo z\u0159\u00edzen\u00ed Rozvojov\u00e9 banky \u0160OS pro financov\u00e1n\u00ed infrastruktury a soci\u00e1ln\u00edho pokroku. \u010c\u00edna p\u0159isl\u00edbila 2 miliardy juan\u016f (280 milion\u016f USD) v podob\u011b grant\u016f na rok 2025 a 10 miliard juan\u016f (1,4 miliardy USD) v podob\u011b p\u016fj\u010dek v p\u0159\u00ed\u0161t\u00edch t\u0159ech letech, a to krom\u011b podpory 100 projekt\u016f. Maj\u00ed b\u00fdt tak\u00e9 z\u0159\u00edzena \u010dty\u0159i nov\u00e1 centra \u0160OS, nap\u0159\u00edklad pro boj s kybernetick\u00fdmi \u00fatoky, nadn\u00e1rodn\u00ed kriminalitou a obchodov\u00e1n\u00edm s drogami.<\/p>\n<p><img decoding=\"async\" loading=\"lazy\" class=\"wp-image-85920 aligncenter\" src=\"http:\/\/www.infokuryr.cz\/n\/wp-content\/uploads\/2025\/08\/pozvaniV-300x140.jpg\" alt=\"\" width=\"664\" height=\"310\" srcset=\"https:\/\/www.infokuryr.cz\/n\/wp-content\/uploads\/2025\/08\/pozvaniV-300x140.jpg 300w, https:\/\/www.infokuryr.cz\/n\/wp-content\/uploads\/2025\/08\/pozvaniV-768x360.jpg 768w, https:\/\/www.infokuryr.cz\/n\/wp-content\/uploads\/2025\/08\/pozvaniV.jpg 925w\" sizes=\"(max-width: 664px) 100vw, 664px\" \/><\/p>\n<p>To ukazuje, \u017ee \u0160OS p\u0159in\u00e1\u0161\u00ed sv\u00fdm \u010dlen\u016fm konkr\u00e9tn\u00ed v\u00fdhody a demonstruje, \u017ee spolupr\u00e1ce m\u016f\u017ee p\u0159in\u00e9st skute\u010dn\u00e9 v\u00fdsledky nejenom v\u00a0p\u0159edstaviteln\u00e9 budoucnosti, v\u00a0r\u00e1mci tzv. multipolarity, nahrazuj\u00edc\u00ed <em>\u0159\u00e1d zalo\u017een\u00fd na pravidlech Spojen\u00fdch st\u00e1t\u016f a Anglosas\u016f<\/em>, kter\u00fd ve skute\u010dnosti institucionalizuje z\u00e1padn\u00ed dominanci.<\/p>\n<p>Z politick\u00e9ho hlediska setk\u00e1n\u00ed potvrdilo n\u00e1rok \u0160OS na vliv na glob\u00e1ln\u00ed spr\u00e1vu v\u011bc\u00ed ve\u0159ejn\u00fdch. Prezident Si \u0164in-pching ozna\u010dil organizaci za <em>v\u016fd\u010d\u00ed strukturu multipol\u00e1rn\u00edho sv\u011bta a hnac\u00ed s\u00edlu demokracie v mezin\u00e1rodn\u00edch vztaz\u00edch.<\/em><\/p>\n<p>Tchien-\u0165insk\u00e1 deklarace zd\u016fraz\u0148uje suverenitu, mezin\u00e1rodn\u00ed pr\u00e1vo, multilateralismus, globalizaci, ned\u011blitelnou bezpe\u010dnost a p\u0159\u00edstupy zalo\u017een\u00e9 na lidsk\u00fdch pr\u00e1vech, p\u0159izp\u016fsoben\u00e9 n\u00e1rodn\u00edm podm\u00ednk\u00e1m.<\/p>\n<h3><strong>\u010c\u00ednsk\u00e1 iniciativa pro glob\u00e1ln\u00ed spr\u00e1vu v\u011bc\u00ed ve\u0159ejn\u00fdch<\/strong><\/h3>\n<p>\u010c\u00edna p\u0159edstavila Iniciativu pro glob\u00e1ln\u00ed spr\u00e1vu v\u011bc\u00ed ve\u0159ejn\u00fdch (GGI), kterou charakterizuje p\u011bt z\u00e1kladn\u00edch princip\u016f: 1) Suver\u00e9nn\u00ed rovnost, 2) mezin\u00e1rodn\u00ed pr\u00e1vn\u00ed st\u00e1t zalo\u017een\u00fd na Chart\u011b OSN, 3) multilateralismus, 4) p\u0159\u00edstup zam\u011b\u0159en\u00fd na lidi a sd\u00edlen\u00fd rozvoj a 5) pragmatismus se zam\u011b\u0159en\u00edm na m\u011b\u0159iteln\u00e9 v\u00fdsledky.<\/p>\n<p>V\u00a0r\u00e1mci iniciativy \u010c\u00edna definuje kl\u00ed\u010dov\u00e9 oblasti: Finan\u010dn\u00ed syst\u00e9m, um\u011blou inteligenci, kyberprostor, zm\u011bnu klimatu, vesm\u00edr a mezin\u00e1rodn\u00ed obchod. C\u00edlem iniciativy je vytvo\u0159it nov\u00e9 instituce a normy, kter\u00e9 reprezentuj\u00ed glob\u00e1ln\u00ed Jih, pos\u00edlit roli OSN a zv\u00fd\u0161it ekologii, efektivitu a ekonomii mezin\u00e1rodn\u00edch mechanism\u016f.<\/p>\n<p>GGI odr\u00e1\u017e\u00ed dvoj\u00ed roli \u010c\u00edny: 1) Obr\u00e1nce syst\u00e9mu OSN, kter\u00fd se podle p\u0159esv\u011bd\u010den\u00ed autora p\u0159\u00edsp\u011bvku bude (muset) m\u011bnit ji\u017e kv\u016fli korupci, st\u0159et\u016f z\u00e1jm\u016f a procesu antropologick\u00e9 v\u00e1lky. 2) \u010c\u00edna jako hybn\u00e1 s\u00edla nov\u00e9ho \u0159\u00e1du, kter\u00fd zohled\u0148uje nejenom sou\u010dasn\u00e9 reality. V\u00a0tomto kontextu z\u00e1padn\u00ed narativ, \u017ee \u010c\u00edna je <em>revizionistickou<\/em> mocnost\u00ed, zcela ztr\u00e1c\u00ed nejenom sv\u016fj v\u00fdznam, ale i propagandistick\u00fd z\u00e1klad a ko\u0159eny.<\/p>\n<p>Anal\u00fdza fakt\u016f toti\u017e dokazuje, \u017ee to jsou Spojen\u00e9 st\u00e1ty a jejich spojenci, kdo podkop\u00e1v\u00e1 OSN, aby si udr\u017eeli hegemonii a zabr\u00e1nili skute\u010dn\u00e9 demokratizaci. Jejich odpor v\u016f\u010di glob\u00e1ln\u00ed demokratizaci odhaluje autorit\u00e1\u0159sk\u00e9 a militaristick\u00e9 tendence vlastn\u00edch <em>liber\u00e1ln\u00edch demokraci\u00ed<\/em>.<\/p>\n<p>Iniciativa GGI jako nejnov\u011bj\u0161\u00ed z \u0159ady \u010d\u00ednsk\u00fdch iniciativ navazuje na <em>Iniciativu pro glob\u00e1ln\u00ed rozvoj, Iniciativu pro glob\u00e1ln\u00ed bezpe\u010dnost a Iniciativu pro glob\u00e1ln\u00ed civilizaci<\/em>. Spole\u010dn\u011b tvo\u0159\u00ed vizi <em>spole\u010denstv\u00ed se sd\u00edlenou budoucnost\u00ed lidstva<\/em>, kter\u00e1 z\u00a0objektivn\u00edch d\u016fvod\u016f ji\u017e v\u00a0p\u0159edstaviteln\u00e9 budoucnosti nahrad\u00ed z\u00e1padn\u00ed hegemonii. Proto nen\u00ed divu, \u017ee Peking vybral \u0160OS pro prezentaci prototypu budoucnosti, nov\u00e9ho glob\u00e1ln\u00edho \u0159\u00e1du, laborato\u0159e pro my\u0161lenky a tvorbu n\u00e1stroj\u016f pro jejich realizaci.<\/p>\n<p>Summit v Tchien-\u0165inu potvrdil, \u017ee \u0160OS roste nad r\u00e1mec sv\u00e9ho p\u016fvodn\u00edho r\u00e1mce a st\u00e1v\u00e1 se kl\u00ed\u010dovou instituc\u00ed v nov\u011b vznikaj\u00edc\u00edm sv\u011btov\u00e9m \u0159\u00e1du. \u010c\u00ednsk\u00e1 <em>iniciativa glob\u00e1ln\u00ed spr\u00e1vy v\u011bc\u00ed ve\u0159ejn\u00fdch<\/em> ukazuje, \u017ee Peking nejedn\u00e1 pouze jako protiv\u00e1ha z\u00e1padn\u00ed dominance, ale aktivn\u011b nab\u00edz\u00ed alternativu k z\u00e1padn\u00edmu sv\u011btov\u00e9mu \u0159\u00e1du, zalo\u017eenou na suverenit\u011b, rovnosti a spole\u010dn\u00e9m rozvoji. To posouv\u00e1 st\u0159ed mezin\u00e1rodn\u00edho \u0159\u00e1du od <em>\u0159\u00e1du zalo\u017een\u00e9ho na pravidlech Z\u00e1padu<\/em> sm\u011brem k <em>multipol\u00e1rn\u00edmu konsensu <\/em>s\u00a0ko\u0159eny v\u00a0tak zvan\u00e9m glob\u00e1ln\u00edm Jihu.<\/p>\n<p>Reforma a zlep\u0161en\u00ed glob\u00e1ln\u00edho \u0159\u00edzen\u00ed p\u0159edstavuj\u00ed v prv\u00e9 \u0159ad\u011b po\u017eadavek na\u0161\u00ed doby. Nejenom \u00fadaje Mezin\u00e1rodn\u00edho m\u011bnov\u00e9ho fondu ukazuj\u00ed, \u017ee s pr\u016fm\u011brn\u00fdm ro\u010dn\u00edm tempem r\u016fstu v\u00edce ne\u017e 3 procenta nyn\u00ed rozv\u00edjej\u00edc\u00ed se trhy a rozvojov\u00e9 ekonomiky zab\u00edraj\u00ed v\u00edce ne\u017e 60 procent sv\u011btov\u00e9 ekonomiky. Zem\u011b glob\u00e1ln\u00edho Jihu sou\u010dasn\u011b vedou boj s\u00a0n\u00e1sledky kolonizace a hlasit\u011b po\u017eaduj\u00ed vlastn\u00ed pr\u00e1va na suverenitu, m\u00edr a rozvoj. Jedn\u00e1 se o revolu\u010dn\u00ed snahy s\u00a0v\u011bdom\u00edm, \u017ee \u017e\u00e1dn\u00fd n\u00e1rod nen\u00ed skute\u010dn\u011b ostrovem.<\/p>\n<p>St\u00e1le se v\u0161ak objevuj\u00ed nov\u00e1 t\u00e9mata: zm\u011bna klimatu, digit\u00e1ln\u00ed propast, spr\u00e1va um\u011bl\u00e9 inteligence atd. Kombinace star\u00fdch a nov\u00fdch probl\u00e9m\u016f testuje, zda se lidsk\u00e9 bytosti dok\u00e1\u017eou chopit p\u0159\u00edle\u017eitosti, p\u0159ekonat sv\u00e9 rozd\u00edly a pokusit se spole\u010dn\u011b \u010delit spole\u010dn\u00fdm hrozb\u00e1m, proto\u017ee \u017e\u00e1dn\u00e1 zem\u011b ani vl\u00e1da se s \u017e\u00e1dnou z nich nem\u016f\u017ee vypo\u0159\u00e1dat sama. Proto zlep\u0161en\u00ed glob\u00e1ln\u00edho \u0159\u00edzen\u00ed je spr\u00e1vnou v\u011bc\u00ed, kterou je t\u0159eba realizovat tv\u00e1\u0159\u00ed v tv\u00e1\u0159 spole\u010dn\u00fdm v\u00fdzv\u00e1m, kter\u00fdm \u010del\u00edme.<\/p>\n<p>Zlep\u0161en\u00ed glob\u00e1ln\u00edho vl\u00e1dnut\u00ed je nezbytn\u00fdm p\u0159edpokladem pro prosazov\u00e1n\u00ed mezin\u00e1rodn\u00ed spravedlnosti a pr\u00e1vn\u00edho st\u00e1tu. Probl\u00e9my, z nich\u017e nejnov\u011bj\u0161\u00ed a nejv\u00fdznamn\u011bj\u0161\u00ed jsou obchodn\u00ed spory uk\u00e1zaly, \u017ee pom\u00fdlen\u00e1 v\u00edra v <em>pr\u00e1vo siln\u011bj\u0161\u00edho<\/em> nebo <em>z\u00e1kon d\u017eungle<\/em> p\u0159edstavuj\u00ed destabilizuj\u00edc\u00ed s\u00edlu sv\u011btov\u00e9mu \u0159\u00e1du a t\u00edm i m\u00edru.<\/p>\n<p>Proto \u010c\u00edna integrovala do iniciativy Glob\u00e1ln\u00ed spr\u00e1va v\u011bc\u00ed ve\u0159ejn\u00fdch princip, kter\u00e9ho se \u010c\u00edna dr\u017e\u00ed v ot\u00e1zk\u00e1ch \u0159\u00edzen\u00ed cel\u00e1 desetilet\u00ed: <em>rozs\u00e1hl\u00e9 konzultace, spole\u010dn\u00fd p\u0159\u00edsp\u011bvek a sd\u00edlen\u00e9 p\u0159\u00ednosy<\/em>. I proto lze iniciativu ch\u00e1pat jako \u010d\u00ednskou odpov\u011b\u010f na vol\u00e1n\u00ed ducha doby (Zeitgeist).<\/p>\n<p><em>T\u011b\u0161\u00edm se na spolupr\u00e1ci se v\u0161emi zem\u011bmi na spravedliv\u011bj\u0161\u00edm a rovn\u011bj\u0161\u00edm syst\u00e9mu glob\u00e1ln\u00edho vl\u00e1dnut\u00ed a na pokrok sm\u011brem ke spole\u010denstv\u00ed se sd\u00edlenou budoucnost\u00ed lidstva<\/em>, \u0159ekl \u010d\u00ednsk\u00fd prezident Si \u0164in-pching na zased\u00e1n\u00ed \u0160OS. Jako autor p\u0159\u00edsp\u011bvku vyjad\u0159uji plnou podporu iniciativ\u011b GGI. Souhlasu net\u0159eba.<\/p>\n<p><strong><em>Jan Campbell<\/em><\/strong><br \/>\n<strong><em>10.08.2025<\/em><\/strong><\/p>\n<p><img decoding=\"async\" loading=\"lazy\" class=\"wp-image-86739 aligncenter\" src=\"http:\/\/www.infokuryr.cz\/n\/wp-content\/uploads\/2025\/08\/volby-program-211x300.png\" alt=\"\" width=\"722\" height=\"1027\" srcset=\"https:\/\/www.infokuryr.cz\/n\/wp-content\/uploads\/2025\/08\/volby-program-211x300.png 211w, https:\/\/www.infokuryr.cz\/n\/wp-content\/uploads\/2025\/08\/volby-program-768x1091.png 768w, https:\/\/www.infokuryr.cz\/n\/wp-content\/uploads\/2025\/08\/volby-program-1081x1536.png 1081w, https:\/\/www.infokuryr.cz\/n\/wp-content\/uploads\/2025\/08\/volby-program-1024x1455.png 1024w\" sizes=\"(max-width: 722px) 100vw, 722px\" \/><\/p>\n","protected":false},"excerpt":{"rendered":"<p>\u00davod Velk\u00e1 v\u011bt\u0161ina ob\u010dan\u016f a politik\u016f v\u0161ech barev se z\u00e1jmem o mezin\u00e1rodn\u00ed a n\u00e1rodn\u00ed politiku&#8230;<\/p>\n","protected":false},"author":2,"featured_media":47088,"comment_status":"closed","ping_status":"closed","sticky":false,"template":"","format":"standard","meta":[],"categories":[6],"tags":[1042,2181,797],"_links":{"self":[{"href":"https:\/\/www.infokuryr.cz\/n\/wp-json\/wp\/v2\/posts\/87488"}],"collection":[{"href":"https:\/\/www.infokuryr.cz\/n\/wp-json\/wp\/v2\/posts"}],"about":[{"href":"https:\/\/www.infokuryr.cz\/n\/wp-json\/wp\/v2\/types\/post"}],"author":[{"embeddable":true,"href":"https:\/\/www.infokuryr.cz\/n\/wp-json\/wp\/v2\/users\/2"}],"replies":[{"embeddable":true,"href":"https:\/\/www.infokuryr.cz\/n\/wp-json\/wp\/v2\/comments?post=87488"}],"version-history":[{"count":0,"href":"https:\/\/www.infokuryr.cz\/n\/wp-json\/wp\/v2\/posts\/87488\/revisions"}],"wp:featuredmedia":[{"embeddable":true,"href":"https:\/\/www.infokuryr.cz\/n\/wp-json\/wp\/v2\/media\/47088"}],"wp:attachment":[{"href":"https:\/\/www.infokuryr.cz\/n\/wp-json\/wp\/v2\/media?parent=87488"}],"wp:term":[{"taxonomy":"category","embeddable":true,"href":"https:\/\/www.infokuryr.cz\/n\/wp-json\/wp\/v2\/categories?post=87488"},{"taxonomy":"post_tag","embeddable":true,"href":"https:\/\/www.infokuryr.cz\/n\/wp-json\/wp\/v2\/tags?post=87488"}],"curies":[{"name":"wp","href":"https:\/\/api.w.org\/{rel}","templated":true}]}}