{"id":87451,"date":"2025-09-10T05:59:47","date_gmt":"2025-09-10T03:59:47","guid":{"rendered":"https:\/\/www.infokuryr.cz\/n\/?p=87451"},"modified":"2025-09-10T05:59:47","modified_gmt":"2025-09-10T03:59:47","slug":"michael-svatos-sokujici-data-odhaluji-co-zase-eurokrati-proti-evropanum-planuji","status":"publish","type":"post","link":"https:\/\/www.infokuryr.cz\/n\/2025\/09\/10\/michael-svatos-sokujici-data-odhaluji-co-zase-eurokrati-proti-evropanum-planuji\/","title":{"rendered":"Michael Svato\u0161: \u0160okuj\u00edc\u00ed data odhaluj\u00ed, co zase Eurokrati proti Evropan\u016fm pl\u00e1nuj\u00ed!"},"content":{"rendered":"<div id=\"fb-root\"><\/div>\n<h3>\u0160okuj\u00edc\u00ed data odhaluj\u00ed, co zase Eurokrati proti Evropan\u016fm pl\u00e1nuj\u00ed! Plus \u2013 obrovsk\u00e1 bitva, kter\u00e1 na Ukrajin\u011b v noci na dne\u0161ek za\u010dala!<\/h3>\n<p>Dnes pro V\u00e1s m\u00e1me celou \u0159adu naprosto \u0161okuj\u00edc\u00edch dat:<\/p>\n<p>Aktualizace k 02:38 hodin r\u00e1no: (Mapa n\u00ed\u017ee v textu)\u00a0<a href=\"https:\/\/t.me\/swodki\/522045\">Podle rusk\u00fdch hl\u00e1\u0161en\u00ed dnes \u010dasn\u011b nad r\u00e1nem<\/a>\u00a0se severov\u00fdchodn\u011b od obl\u00e9han\u00e9 aglomerace Pokrovsk-Myrnohrad rozzu\u0159ila v\u010dera odpoledne ne\u010dekan\u011b velk\u00e1 zu\u0159iv\u00e1 bitva. Ukrajinci ve\u010der na dvou m\u00edstech prorazili ruskou obranu a pokou\u0161ej\u00ed se klasick\u00fdmi kle\u0161t\u011bmi obkl\u00ed\u010dit Rusy u obce Vladimirovka, a sou\u010dasn\u011b \u00faderem ze z\u00e1padu sm\u011brem k vesnici Vladimirovka p\u0159et\u00ednaj\u00ed kordon, kter\u00fd Rusov\u00e9 p\u0159edev\u010d\u00edrem probili ukrajinskou obranou, aby se spojili se sv\u00fdmi diverzn\u00edmi skupinami, kter\u00e9 u\u017e p\u0159ed 14 dny pronikly hluboko na sever do t\u00fdlu ukrajinsk\u00e9 obrany. A naopak Rusov\u00e9 ve\u010der prorazili ukrajinskou obranu v\u00fdchodn\u011b vesnice Vladimirovka, a pokou\u0161ej\u00ed se jednostrann\u00fdmi kle\u0161t\u011bmi obkl\u00ed\u010dit celou ukrajinskou \u00fadernou skupinu, kter\u00e1 se pokou\u0161\u00ed obkl\u00ed\u010dit ruskou pos\u00e1dku ve vesnici Vladimirovka.<\/p>\n<p>Podle rusk\u00fdch posledn\u00edch rann\u00edch hl\u00e1\u0161en\u00ed je situace na tomto boji\u0161ti o rozm\u011brech asi 20x20km zna\u010dn\u011b nep\u0159ehledn\u00e1. \u00dapln\u011b na jihu boji\u0161t\u011b u\u017e rusk\u00e9 v\u00fdsadkov\u00e9 jednotky, podle rusk\u00fdch rann\u00edch hl\u00e1\u0161en\u00ed, pronikly do m\u011bste\u010dka Rodinskoe, a t\u00edm tedy defacto fyzicky od\u0159\u00edzly celou ukrajinskou pos\u00e1dku aglomerace Pokrovsk-Myrnohrad od ukrajinsk\u00fdch hlavn\u00edch sil. A Ukrajinci naopak nad r\u00e1nem pronikli do vesnice Majak, a za\u010dali tak pro zm\u011bnu ohro\u017eovat t\u00fdl rusk\u00fdch v\u00fdsadk\u00e1\u0159\u016f, kte\u0159\u00ed p\u0159edt\u00edm pronikli do Rodinskoe. Oby\u010dejn\u011b plat\u00ed, kdo podobn\u00e9 lit\u00e9 st\u0159etn\u00e9 sra\u017een\u00ed vyhraje, za\u010dne sv\u00e9ho protivn\u00edka \u00fasp\u011b\u0161n\u011b pron\u00e1sledovat, a za\u017eene jej o des\u00edtky kilometr\u016f za jeho p\u016fvodn\u00ed obrannou linii. Ob\u011b strany do m\u00edsta st\u0159etn\u00e9 bitvy v posledn\u00edch dnech pumpuj\u00ed zna\u010dn\u00e9 z\u00e1lohy. Ukrajinci je za\u010dali pumpovat o t\u00fdden d\u0159\u00edv, a jejich s\u00edly tak u\u017e bojuj\u00ed. Rusk\u00e9 posily za\u010daly b\u00fdt do prostoru boj\u016f p\u0159esunov\u00e1ny teprve p\u0159ed 5 dny, a to podle \u0161t\u00e1bn\u00edch zvyklost\u00ed znamen\u00e1, \u017ee pr\u00e1v\u011b v\u010dera mohly b\u00fdt jejich prvn\u00ed p\u0159edsunut\u00e9 jednotky nasazeny do boj\u016f. Vzhledem k tomu, \u017ee Ukrajinci p\u0159izn\u00e1vaj\u00ed, \u017ee rusk\u00e9 posily jsou o desetitis\u00edce voj\u00e1k\u016f siln\u011bj\u0161\u00ed, a\u017e 4-5 diviz\u00ed, zd\u00e1 se, \u017ee rozhoduj\u00edc\u00ed bitva leto\u0161n\u00ed ukrajinsk\u00e9 kampan\u011b pr\u00e1v\u011b za\u010dala. Viz mapa dole.<\/p>\n<div id=\"attachment_20287\" class=\"wp-caption aligncenter\" style=\"width: 1001px;\"><img decoding=\"async\" loading=\"lazy\" class=\" wp-image-20287\" src=\"https:\/\/www.michalapetr.com\/wp-content\/uploads\/2025\/09\/photo_2025-09-10_02-30-54.jpg\" sizes=\"(max-width: 1280px) 100vw, 1280px\" srcset=\"https:\/\/www.michalapetr.com\/wp-content\/uploads\/2025\/09\/photo_2025-09-10_02-30-54.jpg 1280w, https:\/\/www.michalapetr.com\/wp-content\/uploads\/2025\/09\/photo_2025-09-10_02-30-54-300x225.jpg 300w, https:\/\/www.michalapetr.com\/wp-content\/uploads\/2025\/09\/photo_2025-09-10_02-30-54-1030x773.jpg 1030w, https:\/\/www.michalapetr.com\/wp-content\/uploads\/2025\/09\/photo_2025-09-10_02-30-54-768x576.jpg 768w, https:\/\/www.michalapetr.com\/wp-content\/uploads\/2025\/09\/photo_2025-09-10_02-30-54-705x529.jpg 705w, https:\/\/www.michalapetr.com\/wp-content\/uploads\/2025\/09\/photo_2025-09-10_02-30-54-450x338.jpg 450w\" alt=\"\" width=\"1001\" height=\"750\" aria-describedby=\"caption-attachment-20287\" \/><\/p>\n<p id=\"caption-attachment-20287\" class=\"wp-caption-text\" style=\"text-align: justify;\">V noci na dne\u0161ek 10. z\u00e1\u0159\u00ed se rozzu\u0159ila obrovsk\u00e1 st\u0159etn\u00e1 bitva severn\u011b aglomerace Pokrovsk-Myrnohrad. Kdy\u017e podobnou bitvu u obce O\u010deretino loni Rusov\u00e9 vyhr\u00e1li, pron\u00e1sledovali pora\u017een\u00e9 dezorganizovan\u00e9 Ukrajince skoro 40km, ne\u017e ti dok\u00e1zali obnovit svoji bojeschopnost. Na map\u011b vid\u00edte dv\u011b \u010dern\u00e9 \u0161ipky = pokus Ukrajinc\u016f obkl\u00ed\u010dit Rusy ve vesnici Vladidimirovka, a dv\u011b \u017elut\u00e9 \u0161ipky = pokus Rus\u016f obkl\u00ed\u010dit Ukrajince obkli\u010duj\u00edc\u00ed Vladimirovku. Dvojit\u00e9 \u010d\u00e1ry = v\u010dera prora\u017een\u00e9 obrann\u00e9 linie. \u00dapln\u011b dole vlevo m\u011bste\u010dko Rodinskoe \u2013 v\u010dera do n\u011bj vpadli Rusov\u00e9, a obkl\u00ed\u010dili tak defacto des\u00edtku tis\u00edc Ukrajinc\u016f br\u00e1nic\u00edch celou aglomeraci Pokrovsk-Myrnohrad. Ukrajinsk\u00e9 velen\u00ed u\u017e nasadilo skoro v\u0161echny svoje z\u00e1lohy. Rusk\u00e9 velen\u00ed teprve nasadilo prvn\u00ed p\u0159edsunut\u00e9 jednotky. Rozm\u011br mapy asi 25x25km.<\/p>\n<\/div>\n<p>Pokud Rusov\u00e9 vyhraj\u00ed toto st\u0159etn\u00e9 sra\u017een\u00ed podobn\u011b rozhoduj\u00edc\u00edm zp\u016fsobem jako loni u O\u010deretina, nejen \u00fapln\u011b obkl\u00ed\u010d\u00ed 100 tis\u00edcovou aglomeraci Pokrovsk-Myrnohrad, ale hlavn\u011b se jim otev\u0159e cesta k rychl\u00e9mu \u010d\u00e1ste\u010dn\u00e9mu obkl\u00ed\u010den\u00ed mnohem v\u011bt\u0161\u00ed aglomerace Kramatorsk-Slovjansk, i s okol\u00edm asi 300 tis\u00edc obyvatel p\u0159ed v\u00e1lkou. A t\u00edm p\u0159ed zimou daj\u00ed do pohybu statis\u00edce ukrajinsk\u00fdch uprchl\u00edk\u016f. Ukrajina je u\u017e od l\u00e9ta p\u0159et\u00ed\u017een\u00e1 absorbov\u00e1n\u00edm uprchl\u00edk\u016f z Konstantinivky a Pokrovska a Myrnohradu a postr\u00e1d\u00e1, jak jsme informovali, dal\u0161\u00ed ubytovac\u00ed kapacity. Podle ukrajinsk\u00fdch sociolog\u016f, (podrobn\u011b vysv\u011btleno d\u00e1le v anal\u00fdze), to vyvol\u00e1 dal\u0161\u00ed velkou vlnu uprchl\u00edk\u016f do Evropy. A ti se u\u017e nebudou cht\u00edt vr\u00e1tit zp\u011bt. Pro Ukrajinu to bude znamenat demografickou katastrofu.<\/p>\n<h3>(1) N\u011bmecko se Zelensk\u00fdm\u00a0c\u00edlen\u011b skryt\u011b sm\u011b\u0148uje mlad\u00e9\u00a0Ukrajinky za zbran\u011b a za finan\u010dn\u00ed pomoc pro jeho re\u017eim!?\u00a0 Polsko a \u010cR nez\u016fst\u00e1vaj\u00ed v tomto \u00fasil\u00ed o nic pozadu. Aneb, co prozradil v\u00fdznamn\u00fd kyjevsk\u00fd sociolog?<\/h3>\n<p>Velmi zaj\u00edmav\u00e1 data v\u010dera zve\u0159ejnili dva z nejv\u00fdznamn\u011bj\u0161\u00edch ukrajinsk\u00fdch sociolog\u016f \u2013 Olexander Gladun a Vasyl Voskobojnik, a z nich vypl\u00fdv\u00e1, \u017ee emigrace z Ukrajiny se op\u011bt dramaticky zrychluje, a \u017ee nyn\u00ed hodlaj\u00ed ze zem\u011b emigrovat p\u0159edev\u0161\u00edm mlad\u00ed lid\u00e9 ve v\u011bku 20 a\u017e 25 let.<\/p>\n<p>Podle Voskobojnika opust\u00ed Ukrajinu v letech 2025-26 ka\u017edoro\u010dn\u011b dal\u0161\u00edch 400 000 ob\u010dan\u016f. U\u017e loni ji opustilo (v na\u0161\u00ed anal\u00fdze v\u017edy rozd\u00edl mezi v\u0161emi imigranty a emigranty) 443 000 Ukrajinc\u016f. V roce 2023 ji opustilo 134 000 Ukrajinc\u016f, a v roce 2022 ji opustilo 2 216 000 Ukrajinc\u016f. Ukrajin\u0161t\u00ed sociologov\u00e9 v\u010dera varovali, \u017ee zejm\u00e9na nyn\u011bj\u0161\u00ed emigrace z Ukrajiny bude mimo\u0159\u00e1dn\u011b bolestiv\u00e1, proto\u017ee budou emigrovat hlavn\u011b mlad\u00ed lid\u00e9. Ti tak na Ukrajin\u011b nezalo\u017e\u00ed rodiny, a ani nenastoup\u00ed do pracovn\u00edho pom\u011bru. Generace narozen\u00e1 okolo roku 2000 je na Ukrajin\u011b mimo\u0159\u00e1dn\u011b nepo\u010detn\u00e1, a proto Gladun v\u010dera zd\u016fraznil, \u017ee jej\u00ed p\u0159\u00edslu\u0161n\u00edky je t\u0159eba za ka\u017edou cenu pro Ukrajinu zachr\u00e1nit, t\u0159eba t\u00edm, \u017ee v\u016fbec nebudou pos\u00edl\u00e1ni na frontu, ale budou pouze slou\u017eit v t\u00fdlu, ale z\u00e1rove\u0148 varoval, \u017ee by jim m\u011blo b\u00fdt v emigraci v\u0161emi prost\u0159edky, v\u010detn\u011b pozitivn\u00ed diskriminace, zabr\u00e1n\u011bno.<\/p>\n<p>Gladun v\u010dera nep\u0159\u00edmo varoval, \u017ee hlavn\u011b N\u011bmecko, ale i \u010cesk\u00e1 republika, i Polsko, na tyto ukrajinsk\u00e9 emigranty v zam\u011bstnaneck\u00e9m v\u011bku ochotn\u00e9 pracovat c\u00edlen\u011b zam\u011b\u0159uj\u00ed sv\u00e9 st\u00e1tn\u00ed programy, aby na jejich \u00fazem\u00ed z\u016fstali, pracovali, zalo\u017eili si rodiny, asimilovali se, a stali se jejich ob\u010dany.<\/p>\n<p>Gladun: \u201c<em>Nemysl\u00edm si, \u017ee si Pol\u00e1ci, \u010ce\u0161i nebo N\u011bmci stanovili c\u00edl \u201enatla\u010dit\u201c Ukrajince dom\u016f, stanovili si c\u00edl, zapojit je do sv\u00e9 ekonomiky, a pak se \u010dlov\u011bk s\u00e1m rozhodne, zda se vr\u00e1t\u00ed dom\u016f\u2026Obecn\u011b se ve v\u0161ech (t\u011bchto) zem\u00edch odehr\u00e1vaj\u00ed pokusy o integraci na\u0161ich v\u00e1le\u010dn\u00fdch migrant\u016f v produktivn\u00edm v\u011bku do m\u00edstn\u00ed ekonomiky.<\/em>\u201c<\/p>\n<p><img decoding=\"async\" loading=\"lazy\" class=\"wp-image-85920 aligncenter\" src=\"http:\/\/www.infokuryr.cz\/n\/wp-content\/uploads\/2025\/08\/pozvaniV-300x140.jpg\" alt=\"\" width=\"684\" height=\"319\" srcset=\"https:\/\/www.infokuryr.cz\/n\/wp-content\/uploads\/2025\/08\/pozvaniV-300x140.jpg 300w, https:\/\/www.infokuryr.cz\/n\/wp-content\/uploads\/2025\/08\/pozvaniV.jpg 925w\" sizes=\"(max-width: 684px) 100vw, 684px\" \/><\/p>\n<p>Podle Gladuna, bude-li v\u00e1lka je\u0161t\u011b n\u011bjak\u00fd \u010das trvat, vr\u00e1t\u00ed se na Ukrajinu jen 30 a\u017e 40% emigrant\u016f, v \u017e\u00e1dn\u00e9m p\u0159\u00edpad\u011b v\u0161ak ne 50%. Podle Voskobojnika se vr\u00e1t\u00ed jen 30%. Podle Gladuna tak zejm\u00e9na na v\u00fdchodn\u00ed a ji\u017en\u00ed Ukrajin\u011b zaniknou cel\u00e1 pr\u016fmyslov\u00e1 odv\u011btv\u00ed, proto\u017ee nebudou m\u00edt zam\u011bstnance. Gladun se ost\u0159e vyj\u00e1d\u0159il proti nejnov\u011bj\u0161\u00edmu z\u00e1konu, kter\u00fdm Zelenskyj p\u0159ed p\u00e1r dny povolil mu\u017e\u016fm ve v\u011bku 18-22 let opou\u0161t\u011bt leg\u00e1ln\u011b zemi. Podle Gladuna bude tento z\u00e1kon znamenat pro Ukrajinu naprostou demografickou katastrofu, a ta se nejz\u0159eteln\u011bji projev\u00ed za 10 let, kdy na Ukrajin\u011b nebudou rodiny, kter\u00e9 by plodily d\u011bti, (Ukrajinci plod\u00ed ve v\u011bku +-30), proto\u017ee budou v\u0161ichni z t\u00e9to i tak velmi nepo\u010detn\u00e9 generace definitivn\u011b zabydleni v zem\u00edch jako jsou N\u011bmecko, \u010cesko a Polsko.<\/p>\n<p>Gladun v\u010dera potvrdil, \u017ee Evropa nyn\u00ed Ukrajin\u011b hodn\u011b pom\u00e1h\u00e1 finan\u010dn\u011b i zbran\u011bmi, ale pouze tak, aby sama neriskovala v\u00e1lku s Ruskem. Proto\u017ee ze v\u0161ech progn\u00f3z ukrajinsk\u00fdch sociolog\u016f je z\u0159ejm\u00e9, \u017ee Ukrajina si nem\u016f\u017ee z demografick\u00e9ho hlediska dovolit v\u00e9st dlouhodobou v\u00e1lku s Ruskem, a\u010dkoli ani rusk\u00e9 zdroje nejsou v tomto sm\u011bru nevy\u010derpateln\u00e9, je s podivem, \u017ee Bruselsk\u00fd komisari\u00e1t pov\u011bstn\u00fd sv\u00fdm absurdn\u00edm p\u0159ehlcen\u00edm experty tzv. humanitn\u00edch vysoko\u0161kolsk\u00fdch discipl\u00edn na \u00fakor absolvent\u016f technick\u00fdch, matematick\u00fdch a p\u0159\u00edrodov\u011bdn\u00fdch obor\u016f, nebyl zat\u00edm schopen pochopit, \u017ee ve\u0161ker\u00e9 prodlu\u017eov\u00e1n\u00ed v\u00e1lky na Ukrajin\u011b, znamen\u00e1 jen p\u0159ibli\u017eov\u00e1n\u00ed demografick\u00e9 katastrofy na Ukrajin\u011b, a ta se potom nutn\u011b mus\u00ed dostat pod drtiv\u00fd demografick\u00fd vliv Ruska. Le\u010d toto bruselsk\u00e9 p\u0159ehl\u00e9dnut\u00ed nevyhnuteln\u00e9 demografick\u00e9 katastrofy Ukrajiny nemus\u00ed b\u00fdt nikoli n\u00e1hodn\u00e9, ale p\u0159edem rafinovan\u011b kalkulovan\u00e9.<\/p>\n<p>Zat\u00edmco pl\u00e1ny \u010desk\u00fdch i polsk\u00fdch politik\u016f h\u00e1j\u00edc\u00edch z\u00e1jmy m\u00edstn\u00edch pr\u016fmysln\u00edk\u016f sice vytv\u00e1\u0159ej\u00ed podm\u00ednky, aby se pr\u00e1ceschopn\u00ed Ukrajinci nevraceli do sv\u00e9 domoviny, ale pracovali v na\u0161ich montovn\u00e1ch a v dal\u0161\u00edch oborech posti\u017een\u00fdch nedostatkem levn\u00fdch pracovn\u00edch sil, u n\u011bmeck\u00fdch politik\u016f lze vysledovat mo\u017enou velmi p\u0159ekvapivou motivaci, pro\u010d prodlu\u017euj\u00ed v\u00e1lku na Ukrajin\u011b, a vytv\u00e1\u0159ej\u00ed z\u00e1rove\u0148 pro ukrajinsk\u00e9 exulanty co nejp\u0159\u00edv\u011btiv\u011bj\u0161\u00ed asimila\u010dn\u00ed prost\u0159ed\u00ed. N\u011bkter\u00e9 n\u011bmeck\u00e9 spolkov\u00e9 zem\u011b jsou drtiv\u011b zasa\u017eeny demografick\u00fdm faktorem, kter\u00fd N\u011bmci odborn\u011b naz\u00fdvaj\u00ed\u00a0<a href=\"https:\/\/www.mdr.de\/nachrichten\/sachsen-anhalt\/maenner-ueberschuss-frauen-mangel-102.html\">M\u00e4nner\u00fcberschuss<\/a>\u00a0(p\u0159ebytek mu\u017e\u016f).<\/p>\n<p><a href=\"https:\/\/www.mdr.de\/nachrichten\/sachsen-anhalt\/maenner-ueberschuss-frauen-mangel-102.html\">P\u0159ebytek mu\u017e\u016f nad \u017eenami ve v\u011bkov\u00e9 kategorii 18 a\u017e 29 let, kter\u00e1 je pro zalo\u017een\u00ed rodiny a plozen\u00ed potomk\u016f nejd\u016fle\u017eit\u011bj\u0161\u00ed, je nejv\u011bt\u0161\u00ed ve spolkov\u00e9 zemi Sasko-Anhaltsko, a \u010din\u00ed 117 mu\u017e\u016f na 100 \u017een<\/a>. Ve 2\/3 okres\u016f Saska-Anhaltska je v\u0161ak situace je\u0161t\u011b d\u011bsiv\u011bj\u0161\u00ed, a p\u0159ipad\u00e1 v nich 125 a\u017e 130 mu\u017e\u016f ve v\u011bku 18 a\u017e 29 na 100 \u017een stejn\u00e9ho v\u011bku. Podle m\u00edstn\u00edch sociolog\u016f je tento nepom\u011br obou pohlav\u00ed v Sasku-Anhaltsku d\u00e1n emigrac\u00ed \u017een za lep\u0161\u00edmi \u017eivotn\u00edmi a pracovn\u00edmi podm\u00ednkami do velk\u00fdch n\u011bmeck\u00fdch m\u011bst. A velmi frustruje m\u00edstn\u00ed mu\u017ee, proto\u017ee ti si nejsou schopni naj\u00edt \u017eivotn\u00ed partnerku a zalo\u017eit rodinu. Mu\u017ei v Sasku-Anhaltsku se proto radikalizuj\u00ed, a jedn\u00edm z projev\u016f jejich nespokojenosti je r\u016fst preferenc\u00ed AfD. Ta m\u00e1 podle posledn\u00edch pr\u016fzkum\u016f\u00a0<a href=\"https:\/\/www.bild.de\/politik\/nach-dem-umfrage-beben-muss-die-afd-jetzt-verboten-werden-68badfe64b4cea1e73bac0f2\">v Sasku-Anhaltsku u\u017e 39% popularitu<\/a>. \u010c\u00edm v\u00edce \u017een emigruje, t\u00edm m\u00e9n\u011b d\u011bt\u00ed se rod\u00ed, a Sasko-Anhaltsko tak vym\u00edr\u00e1.\u00a0<a href=\"https:\/\/www.mdr.de\/nachrichten\/sachsen-anhalt\/demografischer-wandel-afd-frauen-leerstand-100.html\">Podle n\u011bmeck\u00fdch sociolog\u016f p\u0159\u00edmo souvis\u00ed nedostatek \u017een v Sasku-Anhaltsku s r\u016fstem politick\u00e9 obl\u00edbenosti AfD v t\u00e9to spolkov\u00e9 zem<\/a>i.<\/p>\n<p>Ani v ostatn\u00edch n\u011bmeck\u00fdch spolkov\u00fdch st\u00e1tech nen\u00ed situace lep\u0161\u00ed. V Durynsku je 116 mu\u017e\u016f na 100 \u017een. V Brandenbursku 115 mu\u017e\u016f na 100 \u017een. V S\u00e1rsku 112 na 100. Pr\u016fm\u011br N\u011bmecka je 110 na 100, ale pod pr\u016fm\u011brem jsou pouze Berl\u00edn a Hamburg se 101 \u017eenami na 100 mu\u017e\u016f ve v\u011bku 18 a\u017e 29 let.<\/p>\n<p>Na cel\u00e9 n\u011bmeck\u00e9 debat\u011b o nevyv\u00e1\u017eenosti po\u010dt\u016f imigruj\u00edc\u00edch mlad\u00fdch mu\u017e\u016f a \u017een je nanejv\u00fd\u0161 zaj\u00edmav\u00e9,\u00a0<a href=\"https:\/\/www.gleichstellungsbeauftragte-rlp.de\/2022\/01\/19\/nach-deutschland-wandern-ueberproportional-nicht-frauen-sondern-maenner-ein\/\">\u017ee do roku 2022 v n\u011bmeck\u00fdch m\u00e9di\u00edch pravideln\u011b zn\u011bly n\u00e1\u0159ky, \u017ee mlad\u00e9 \u017eeny tvo\u0159\u00ed pouze 39 a\u017e 43% v\u0161ech imigrant\u016f proud\u00edc\u00edch do N\u011bmecka<\/a>, a \u017ee tyto debaty o nevyv\u00e1\u017eenosti pohlav\u00ed imigruj\u00edc\u00edch do N\u011bmecka tak\u0159ka ustaly kr\u00e1tce po zah\u00e1jen\u00ed v\u00e1lky na Ukrajin\u011b.<\/p>\n<p>Proto\u017ee je v\u0161eobecn\u011b zn\u00e1mo, \u017ee z Ukrajiny do Evropy emigruj\u00ed p\u0159edev\u0161\u00edm \u017eeny, a proto\u017ee ukrajin\u0161t\u00ed sociologov\u00e9 nijak nezast\u00edraj\u00ed, \u017ee ukrajin\u0161t\u00ed imigranti maj\u00ed vzr\u016fstaj\u00edc\u00ed tendenci s prodlu\u017euj\u00edc\u00ed se d\u00e9lkou doby v\u00e1lky zapou\u0161t\u011bt v Evrop\u011b ko\u0159eny, nach\u00e1zet si partnery, a zahajovat proces asimilace, je tak nasnad\u011b, \u017ee Ukrajinsk\u00e9 \u017eeny jsou v N\u011bmecku v\u00edt\u00e1ny nejen n\u011bmeck\u00fdmi mu\u017ei, kte\u0159\u00ed nemohou naj\u00edt n\u011bmeck\u00e9 \u017eeny, ale i n\u011bmeck\u00fdmi st\u00e1tn\u00edmi elitami, kter\u00e9 si uv\u011bdomily, \u017ee probl\u00e9m nedostatku \u017een pro n\u011bmeck\u00e9 mu\u017ee, kter\u00fd cel\u00e1 desetilet\u00ed nedok\u00e1zaly uspokojiv\u011b vy\u0159e\u0161it, se jaksi za\u010dal \u0159e\u0161it s\u00e1m od sebe v\u00e1lkou na Ukrajin\u011b, a tak tedy: Pro\u010d tomuto \u0159e\u0161en\u00ed tro\u0161ku nepomoci? T\u00edm sp\u00ed\u0161, \u017ee jin\u00e9 \u0159e\u0161en\u00ed p\u0159eci ani nikdy nebylo nalezeno? A m\u00e1te kupodivu velmi jednoduch\u00fd motiv, pro\u010d nyn\u00ed N\u011bmecko podporuje protahov\u00e1n\u00ed v\u00e1lky na Ukrajin\u011b, a samoz\u0159ejm\u011b tento motiv plat\u00ed i pro v\u011bt\u0161inu dal\u0161\u00edch evropsk\u00fdch st\u00e1t\u016f, a\u010d v\u00edce m\u00e9n\u011b upraven\u00fd o pot\u0159ebu sp\u00ed\u0161e v\u00edce pracovn\u00edch sil obecn\u011b, ne\u017e o pot\u0159ebu v\u00edce vdavekchtiv\u00fdch pracovn\u00edch sil konkr\u00e9tn\u011b.<\/p>\n<p>Gladunovy sociologick\u00e9 progn\u00f3zy jsou konstant\u011b pesimistick\u00e9 \u2013 viz\u00a0<a href=\"https:\/\/www.michalapetr.com\/map-1892-ukrajine-ma-zbyt-pouze-6-mest-velitel-absolutni-ukrajinske-elity-brigady-cholodnyj-jar-kterou-porazil-jenom-prigozin-priznal-ze-mobilizovani-ukrajinsti-vojaci-uz-nedokazi-ani-unest-zbr\/\">MAP 1892<\/a>\u00a0= Cel\u00e1 ukrajinsk\u00e1 m\u011bsta v\u00fdchodn\u011b od Dn\u011bpru budou kompletn\u011b vys\u00eddlena. Gladunovy p\u0159edpov\u011bdi se shoduj\u00ed s progn\u00f3zami dal\u0161\u00edho ukrajinsk\u00e9ho sociologa Vladim\u00edra Stra\u0161ka viz\u00a0<a href=\"https:\/\/www.michalapetr.com\/map-2137-obelsti-trump-putina-jeho-mir-rafinovane-oddeli-ocel-od-uhli-a-napali-tak-jednou-ranou-kyjev-brusel-moskvu-i-peking-divide-et-impera-rozdel-a-panuj-prijme-mazany-putin-zdanlive-lakavou\/\">MAP 2137<\/a>\u00a0= a\u017e 90% leto\u0161n\u00edch ukrajinsk\u00fdch student\u016f hodl\u00e1 zemi so nejrychleji opustit.<\/p>\n<p>P.S. Anal\u00fdza bude z\u00edtra pokra\u010dovat dal\u0161\u00edmi p\u0159ekvapiv\u00fdmi daty a \u00fadaji. Dnes jsme se dostali teprve na za\u010d\u00e1tek. D\u00edk za v\u010derej\u0161\u00ed maily, odpov\u00edm dnes, v\u010dera nezbyl \u010das.<\/p>\n<p><a href=\"https:\/\/www.michalapetr.com\/map-2404-sokujici-data-odhaluji-co-zase-eurokrati-proti-evropanum-planuji-plus-obrovska-bitva-ktera-na-ukrajine-v-noci-na-dnesek-zacala-analyza\/\">Michael Svato\u0161<\/a><\/p>\n<p><img decoding=\"async\" loading=\"lazy\" class=\"alignnone size-full wp-image-27204\" src=\"http:\/\/www.infokuryr.cz\/n\/wp-content\/uploads\/2023\/05\/Michael_Svatos.png\" alt=\"\" width=\"180\" height=\"180\" srcset=\"https:\/\/www.infokuryr.cz\/n\/wp-content\/uploads\/2023\/05\/Michael_Svatos.png 180w, https:\/\/www.infokuryr.cz\/n\/wp-content\/uploads\/2023\/05\/Michael_Svatos-150x150.png 150w\" sizes=\"(max-width: 180px) 100vw, 180px\" \/><\/p>\n<p><img decoding=\"async\" loading=\"lazy\" class=\"wp-image-86927 aligncenter\" src=\"http:\/\/www.infokuryr.cz\/n\/wp-content\/uploads\/2025\/09\/letak-volby-2025-konference-3-212x300.png\" alt=\"\" width=\"707\" height=\"1000\" srcset=\"https:\/\/www.infokuryr.cz\/n\/wp-content\/uploads\/2025\/09\/letak-volby-2025-konference-3-212x300.png 212w, https:\/\/www.infokuryr.cz\/n\/wp-content\/uploads\/2025\/09\/letak-volby-2025-konference-3-724x1024.png 724w, https:\/\/www.infokuryr.cz\/n\/wp-content\/uploads\/2025\/09\/letak-volby-2025-konference-3-768x1086.png 768w, https:\/\/www.infokuryr.cz\/n\/wp-content\/uploads\/2025\/09\/letak-volby-2025-konference-3-1086x1536.png 1086w, https:\/\/www.infokuryr.cz\/n\/wp-content\/uploads\/2025\/09\/letak-volby-2025-konference-3-1448x2048.png 1448w, https:\/\/www.infokuryr.cz\/n\/wp-content\/uploads\/2025\/09\/letak-volby-2025-konference-3-1024x1448.png 1024w\" sizes=\"(max-width: 707px) 100vw, 707px\" \/><\/p>\n","protected":false},"excerpt":{"rendered":"<p>\u0160okuj\u00edc\u00ed data odhaluj\u00ed, co zase Eurokrati proti Evropan\u016fm pl\u00e1nuj\u00ed! Plus \u2013 obrovsk\u00e1 bitva, kter\u00e1 na&#8230;<\/p>\n","protected":false},"author":2,"featured_media":44874,"comment_status":"closed","ping_status":"closed","sticky":false,"template":"","format":"standard","meta":[],"categories":[6],"tags":[1042,41,26],"_links":{"self":[{"href":"https:\/\/www.infokuryr.cz\/n\/wp-json\/wp\/v2\/posts\/87451"}],"collection":[{"href":"https:\/\/www.infokuryr.cz\/n\/wp-json\/wp\/v2\/posts"}],"about":[{"href":"https:\/\/www.infokuryr.cz\/n\/wp-json\/wp\/v2\/types\/post"}],"author":[{"embeddable":true,"href":"https:\/\/www.infokuryr.cz\/n\/wp-json\/wp\/v2\/users\/2"}],"replies":[{"embeddable":true,"href":"https:\/\/www.infokuryr.cz\/n\/wp-json\/wp\/v2\/comments?post=87451"}],"version-history":[{"count":0,"href":"https:\/\/www.infokuryr.cz\/n\/wp-json\/wp\/v2\/posts\/87451\/revisions"}],"wp:featuredmedia":[{"embeddable":true,"href":"https:\/\/www.infokuryr.cz\/n\/wp-json\/wp\/v2\/media\/44874"}],"wp:attachment":[{"href":"https:\/\/www.infokuryr.cz\/n\/wp-json\/wp\/v2\/media?parent=87451"}],"wp:term":[{"taxonomy":"category","embeddable":true,"href":"https:\/\/www.infokuryr.cz\/n\/wp-json\/wp\/v2\/categories?post=87451"},{"taxonomy":"post_tag","embeddable":true,"href":"https:\/\/www.infokuryr.cz\/n\/wp-json\/wp\/v2\/tags?post=87451"}],"curies":[{"name":"wp","href":"https:\/\/api.w.org\/{rel}","templated":true}]}}