{"id":87445,"date":"2025-09-10T05:30:48","date_gmt":"2025-09-10T03:30:48","guid":{"rendered":"https:\/\/www.infokuryr.cz\/n\/?p=87445"},"modified":"2025-09-10T05:30:48","modified_gmt":"2025-09-10T03:30:48","slug":"jiri-vyvadil-bily-dum-eskaluje-konflikt-s-ruskem-i-se-zememi-brics","status":"publish","type":"post","link":"https:\/\/www.infokuryr.cz\/n\/2025\/09\/10\/jiri-vyvadil-bily-dum-eskaluje-konflikt-s-ruskem-i-se-zememi-brics\/","title":{"rendered":"Ji\u0159\u00ed Vyvadil: B\u00edl\u00fd d\u016fm eskaluje konflikt s Ruskem i se zem\u011bmi BRICS"},"content":{"rendered":"<div id=\"fb-root\"><\/div>\n<p><strong>V\u011bci se daly do pohybu a z v\u011brohodn\u00fdch youtubov\u00fdch kan\u00e1l\u016f s p\u0159edstihem zji\u0161\u0165ujeme, \u017ee se b\u011bhem dne\u0161ka a z\u00edt\u0159ka maj\u00ed dostavit n\u011bkte\u0159\u00ed evrop\u0161t\u00ed p\u0159edstavitel\u00e9 Do Washingtonu a p\u0159ipravit \u201ekone\u010dn\u00e9 \u0159e\u0161en\u00ed\u201c rusk\u00e9 ot\u00e1zky a ukon\u010den\u00ed ukrajinsk\u00e9 krize s c\u00edlem spolupracovat tak, aby podle vyj\u00e1d\u0159en\u00ed ministra financ\u00ed USA Scotta Bessenta ve spolupr\u00e1ci s Evropskou uni\u00ed zp\u016fsobily zhroucen\u00ed rusk\u00e9 ekonomiky.<\/strong><\/p>\n<p style=\"font-weight: 400;\">V\u00a0podobn\u00e9m duchu mluvil rovn\u011b\u017e v\u00a0kr\u00e1tk\u00e9m rozhovoru Donald Trump.<\/p>\n<p style=\"font-weight: 400;\">Podle ministra financ\u00ed Scotta Bessenta USA vsadily na v\u00edt\u011bzstv\u00ed Ukrajiny, por\u00e1\u017eku zem\u00ed BRICS a podpory evropsk\u00fdch zem\u00ed.<\/p>\n<p style=\"font-weight: 400;\">Je vymalov\u00e1no?<\/p>\n<p style=\"font-weight: 400;\">Americk\u00fd ministr financ\u00ed Scott Bessent prohl\u00e1sil, \u017ee USA a EU budou spolupracovat na sankc\u00edch, kter\u00e9 nakonec zhrout\u00ed ruskou ekonomiku. Bessent prohl\u00e1sil, \u017ee EU by m\u011bla tak\u00e9 zav\u00e9st sekund\u00e1rn\u00ed sankce a cla v\u016f\u010di rusk\u00fdm obchodn\u00edm partner\u016fm, proto\u017ee to by jist\u011b p\u0159ivedlo rusk\u00e9ho prezidenta Vladimira Putina k jednac\u00edmu stolu. To znamen\u00e1, \u017ee EU by m\u011bla zav\u00e9st sekund\u00e1rn\u00ed sankce v\u016f\u010di skupin\u011b BRICS, co\u017e by n\u00e1sledn\u011b p\u0159ibl\u00ed\u017eilo Evropu k USA. Americk\u00fd prezident Donald Trump reagoval na ned\u00e1vn\u00e9 rusk\u00e9 \u00fatoky na Ukrajinu, projevil sv\u00e9 zklam\u00e1n\u00ed a prohl\u00e1sil, \u017ee pracuje na ukon\u010den\u00ed v\u00e1lky.<\/p>\n<p><img decoding=\"async\" loading=\"lazy\" class=\"wp-image-85920 aligncenter\" src=\"http:\/\/www.infokuryr.cz\/n\/wp-content\/uploads\/2025\/08\/pozvaniV-300x140.jpg\" alt=\"\" width=\"718\" height=\"335\" srcset=\"https:\/\/www.infokuryr.cz\/n\/wp-content\/uploads\/2025\/08\/pozvaniV-300x140.jpg 300w, https:\/\/www.infokuryr.cz\/n\/wp-content\/uploads\/2025\/08\/pozvaniV.jpg 925w\" sizes=\"(max-width: 718px) 100vw, 718px\" \/><\/p>\n<p style=\"font-weight: 400;\">Asi v\u00a0t\u00e9to f\u00e1zi tak:<\/p>\n<p style=\"font-weight: 400;\">Jist\u011b se k\u00a0tomuto sd\u011blen\u00ed kvalifikovan\u011b vr\u00e1t\u00edme, i kdy\u017e ho jist\u011b brzy bude plno v\u00a0na\u0161ich m\u00e9di\u00edch.<\/p>\n<p style=\"font-weight: 400;\">Jen si dovol\u00edm u\u010dinit dv\u011b pozn\u00e1mky: Ta prvn\u00ed je lehce ironick\u00e1 : V\u00fdhru\u017eky tohoto typu sv\u011bt za\u017eil u\u017e p\u0159ed t\u0159emi a p\u016fl roky a v\u00edme, jak to dopadlo.<\/p>\n<p style=\"font-weight: 400;\">Ta druh\u00e1 je objektivn\u00ed.<\/p>\n<p style=\"font-weight: 400;\">Triumf\u00e1ln\u00ed \u00fasp\u011bch summitu \u0160anghajsk\u00e9 organizace pro spolupr\u00e1ci jako\u017eto vizitka nastupuj\u00edc\u00edho nov\u00e9ho \u0159\u00e1du zcela ot\u0159\u00e1sla z\u00e1padn\u00edm spole\u010denstv\u00edm a s\u00e1m Donald Trump, kter\u00fd jej i n\u00e1slednou p\u0159ehl\u00eddku na n\u00e1m\u011bst\u00ed Nebesk\u00e9ho klidu sledoval ve zjevn\u00e9 depresi, kterou ani na str\u00e1nk\u00e1ch Truth Social neskr\u00fdval, a\u00a0\u00a0tyto ud\u00e1losti pr\u00e1vem pokl\u00e1dal za pol\u00ed\u010dek sob\u011b sam\u00e9mu a sv\u00e9 p\u0159edstav\u011b o vlastn\u00ed velikosti i sv\u00e9 koncepci America first.<\/p>\n<p style=\"font-weight: 400;\">Evropa sama o sob\u011b je mocensky zubo\u017een\u00e1 (p\u0159\u00edkladem je doslova tragicky Francie) a jedin\u011b ve spojen\u00ed s\u00a0USA m\u00e1 \u0161anci se alespo\u0148 trochu zviditelnit.<\/p>\n<p style=\"font-weight: 400;\">A mimochodem : Jak zn\u00e1mo konal se dnes mimo\u0159\u00e1dn\u00fd summit BRICS u k\u00a0mimo\u0159\u00e1dn\u00fdm ud\u00e1lostem.<\/p>\n<p style=\"font-weight: 400;\">Co je ale v\u00fdznamn\u00e9, \u017ee vystoupen\u00ed Vladim\u00edra Putina bylo, na rozd\u00edl od vystoupen\u00ed koleg\u016f utajen\u00e9. Asi v\u011bd\u011bl pro\u010d.<\/p>\n<p style=\"font-weight: 400;\">St\u0159et Z\u00e1pad- Rusko (Glob\u00e1ln\u00ed jih \u2013 BRICS) se vyost\u0159uje.<\/p>\n<p style=\"font-weight: 400;\">A Trump zjevn\u011b nastoupil cestu konfrontace.<\/p>\n<p><a href=\"https:\/\/vasevec.info\/vip-blogy\/bily-dum-eskaluje-konflikt-s-ruskem-i-se-zememi-brics\">Ji\u0159\u00ed Vyvadil<\/a><\/p>\n<p><img decoding=\"async\" loading=\"lazy\" class=\"alignnone size-medium wp-image-16474\" src=\"http:\/\/www.infokuryr.cz\/n\/wp-content\/uploads\/2022\/10\/jiri-vyvadil-300x200.jpg\" alt=\"\" width=\"300\" height=\"200\" srcset=\"https:\/\/www.infokuryr.cz\/n\/wp-content\/uploads\/2022\/10\/jiri-vyvadil-300x200.jpg 300w, https:\/\/www.infokuryr.cz\/n\/wp-content\/uploads\/2022\/10\/jiri-vyvadil-768x512.jpg 768w, https:\/\/www.infokuryr.cz\/n\/wp-content\/uploads\/2022\/10\/jiri-vyvadil.jpg 800w\" sizes=\"(max-width: 300px) 100vw, 300px\" \/><\/p>\n<p><img decoding=\"async\" loading=\"lazy\" class=\"wp-image-86927 aligncenter\" src=\"http:\/\/www.infokuryr.cz\/n\/wp-content\/uploads\/2025\/09\/letak-volby-2025-konference-3-212x300.png\" alt=\"\" width=\"681\" height=\"964\" srcset=\"https:\/\/www.infokuryr.cz\/n\/wp-content\/uploads\/2025\/09\/letak-volby-2025-konference-3-212x300.png 212w, https:\/\/www.infokuryr.cz\/n\/wp-content\/uploads\/2025\/09\/letak-volby-2025-konference-3-724x1024.png 724w, https:\/\/www.infokuryr.cz\/n\/wp-content\/uploads\/2025\/09\/letak-volby-2025-konference-3-768x1086.png 768w, https:\/\/www.infokuryr.cz\/n\/wp-content\/uploads\/2025\/09\/letak-volby-2025-konference-3-1086x1536.png 1086w, https:\/\/www.infokuryr.cz\/n\/wp-content\/uploads\/2025\/09\/letak-volby-2025-konference-3-1448x2048.png 1448w, https:\/\/www.infokuryr.cz\/n\/wp-content\/uploads\/2025\/09\/letak-volby-2025-konference-3-1024x1448.png 1024w\" sizes=\"(max-width: 681px) 100vw, 681px\" \/><\/p>\n","protected":false},"excerpt":{"rendered":"<p>V\u011bci se daly do pohybu a z v\u011brohodn\u00fdch youtubov\u00fdch kan\u00e1l\u016f s p\u0159edstihem zji\u0161\u0165ujeme, \u017ee se&#8230;<\/p>\n","protected":false},"author":2,"featured_media":16688,"comment_status":"closed","ping_status":"closed","sticky":false,"template":"","format":"standard","meta":[],"categories":[6],"tags":[1161,1503,125,452],"_links":{"self":[{"href":"https:\/\/www.infokuryr.cz\/n\/wp-json\/wp\/v2\/posts\/87445"}],"collection":[{"href":"https:\/\/www.infokuryr.cz\/n\/wp-json\/wp\/v2\/posts"}],"about":[{"href":"https:\/\/www.infokuryr.cz\/n\/wp-json\/wp\/v2\/types\/post"}],"author":[{"embeddable":true,"href":"https:\/\/www.infokuryr.cz\/n\/wp-json\/wp\/v2\/users\/2"}],"replies":[{"embeddable":true,"href":"https:\/\/www.infokuryr.cz\/n\/wp-json\/wp\/v2\/comments?post=87445"}],"version-history":[{"count":0,"href":"https:\/\/www.infokuryr.cz\/n\/wp-json\/wp\/v2\/posts\/87445\/revisions"}],"wp:featuredmedia":[{"embeddable":true,"href":"https:\/\/www.infokuryr.cz\/n\/wp-json\/wp\/v2\/media\/16688"}],"wp:attachment":[{"href":"https:\/\/www.infokuryr.cz\/n\/wp-json\/wp\/v2\/media?parent=87445"}],"wp:term":[{"taxonomy":"category","embeddable":true,"href":"https:\/\/www.infokuryr.cz\/n\/wp-json\/wp\/v2\/categories?post=87445"},{"taxonomy":"post_tag","embeddable":true,"href":"https:\/\/www.infokuryr.cz\/n\/wp-json\/wp\/v2\/tags?post=87445"}],"curies":[{"name":"wp","href":"https:\/\/api.w.org\/{rel}","templated":true}]}}