{"id":87437,"date":"2025-09-10T05:15:47","date_gmt":"2025-09-10T03:15:47","guid":{"rendered":"https:\/\/www.infokuryr.cz\/n\/?p=87437"},"modified":"2025-09-10T05:15:47","modified_gmt":"2025-09-10T03:15:47","slug":"rusko-dostane-cely-donbas-ruska-hackerska-skupina-se-nabourala-do-generalniho-stabu-francouzske-armady","status":"publish","type":"post","link":"https:\/\/www.infokuryr.cz\/n\/2025\/09\/10\/rusko-dostane-cely-donbas-ruska-hackerska-skupina-se-nabourala-do-generalniho-stabu-francouzske-armady\/","title":{"rendered":"Rusko dostane cel\u00fd Donbas! Rusk\u00e1 hackersk\u00e1 skupina se nabourala do gener\u00e1ln\u00edho \u0161t\u00e1bu francouzsk\u00e9 arm\u00e1dy&#8230;"},"content":{"rendered":"<div id=\"fb-root\"><\/div>\n<h4>Rusko dostane cel\u00fd Donbas! Rusk\u00e1 hackersk\u00e1 skupina se nabourala do gener\u00e1ln\u00edho \u0161t\u00e1bu francouzsk\u00e9 arm\u00e1dy a publikovala mapu DMZ oblast\u00ed na Ukrajin\u011b! Viktor Orb\u00e1n nep\u0159\u00edmo potvrdil uniklou mapu a provalil informace ze z\u00e1kulis\u00ed, \u017ee Ukrajina bude rozd\u011blena na 3 z\u00f3ny! A mluv\u010d\u00ed Kremlu p\u0159ekvapil, \u017ee \u017e\u00e1dn\u00e9 nov\u00e9 sankce Rusko nezastav\u00ed p\u0159i pln\u011bn\u00ed c\u00edl\u016f SVO, ale Kreml chce s Trumpem nad\u00e1le spolupracovat na m\u00edru!<\/h4>\n<p>A m\u00e1me tady dal\u0161\u00ed pecku, ze kter\u00e9 se op\u011bt mainstreamov\u00e1 m\u00e9dia osypou ruskou kop\u0159ivkou a budou k\u0159i\u010det, \u017ee je to hoax a dezinformace. Rusk\u00e1 hackersk\u00e1 skupina KillNet si p\u0159ipsala dal\u0161\u00ed mistrovsk\u00fd kousek. Poda\u0159ilo se j\u00ed nabourat do po\u010d\u00edta\u010d\u016f francouzsk\u00e9ho gener\u00e1ln\u00edho \u0161t\u00e1bu a\u00a0<strong>ve stovk\u00e1ch gigabajt\u016f dat a text\u016f se objevila i slo\u017eka s pl\u00e1novan\u00fdm rozm\u00edst\u011bn\u00ed z\u00e1padn\u00edch vojsk zem\u00ed NATO na Ukrajin\u011b.<\/strong><\/p>\n<p>Tedy organiza\u010dn\u00ed rozm\u00edst\u011bn\u00ed tzv. Koalice ochotn\u00fdch. V materi\u00e1lech byla vojensk\u00e1 mapa s p\u0159esn\u00fdm zakreslen\u00edm rozm\u00edst\u011bn\u00fdch brig\u00e1d a pluk\u016f z\u00e1padn\u00edch vojsk na Ukrajin\u011b, p\u0159i\u010dem\u017e nejv\u011bt\u0161\u00edm \u0161okem, a to p\u0159edev\u0161\u00edm pro Ukrajince, je zakreslen\u00ed z\u00f3n obsazen\u00fdch a kontrolovan\u00fdch Ruskem.<\/p>\n<figure id=\"attachment_64689\" class=\"wp-caption aligncenter\" style=\"width: 707px;\"><a href=\"https:\/\/aeronet.news\/wp-content\/uploads\/FrenchMilitaryMapUA2.jpg\"><img decoding=\"async\" loading=\"lazy\" class=\"wp-image-64689 \" src=\"https:\/\/aeronet.news\/wp-content\/uploads\/FrenchMilitaryMapUA2-1024x724.jpg\" sizes=\"(max-width: 700px) 100vw, 700px\" srcset=\"https:\/\/aeronet.news\/wp-content\/uploads\/FrenchMilitaryMapUA2-1024x724.jpg 1024w, https:\/\/aeronet.news\/wp-content\/uploads\/FrenchMilitaryMapUA2-300x212.jpg 300w, https:\/\/aeronet.news\/wp-content\/uploads\/FrenchMilitaryMapUA2-768x543.jpg 768w, https:\/\/aeronet.news\/wp-content\/uploads\/FrenchMilitaryMapUA2-700x495.jpg 700w, https:\/\/aeronet.news\/wp-content\/uploads\/FrenchMilitaryMapUA2-505x357.jpg 505w, https:\/\/aeronet.news\/wp-content\/uploads\/FrenchMilitaryMapUA2-683x483.jpg 683w, https:\/\/aeronet.news\/wp-content\/uploads\/FrenchMilitaryMapUA2.jpg 1280w\" alt=\"\" width=\"707\" height=\"500\" \/><\/a><figcaption class=\"wp-caption-text\">Mapa francouzsk\u00e9ho gener\u00e1ln\u00edho \u0161t\u00e1bu publikovan\u00e1 rusk\u00fdmi hackery<\/figcaption><\/figure>\n<p>Na map\u011b m\u016f\u017eete vid\u011bt, \u017ee Rusov\u00e9 maj\u00ed m\u00edt kontrolu \u00fapln\u011b nad cel\u00fdm Donbasem v pln\u00fdch administrativn\u00edch hranic\u00edch DLR a LLR. To by znamenalo, \u017ee Francouzi po\u010d\u00edtaj\u00ed s t\u00edm, \u017ee Ukrajina na Donbasu padne a neudr\u017e\u00ed t\u011bch posledn\u00edch zhruba 19% Don\u011bck\u00e9 oblasti, kterou zat\u00edm AFU dr\u017e\u00ed. Z\u00e1poro\u017e\u00ed a Cherson m\u00e1 z\u016fstat na sou\u010dasn\u00fdch bojov\u00fdch lini\u00edch.<\/p>\n<p>Tento prostor je na francouzsk\u00e9 vojensk\u00e9 map\u011b zakreslen jako rusk\u00fd, pod ruskou kontrolou. N\u00e1sledn\u011b je na map\u011b zakreslena n\u00e1razn\u00edkov\u00e1 z\u00f3na tradi\u010dn\u00ed synt\u00e9zou \u010derven\u00e9 (na\u0161i) a modr\u00e9 (nep\u0159\u00edtel), tedy v\u00fdslednou fialovou barvou,\u00a0<em>buffer zone<\/em>, o \u0161\u00ed\u0159ce od 50 do 200 km, kde by m\u011bly b\u00fdt rozm\u00edst\u011bny tzv. m\u00edrov\u00e9 sbory. Podle vlaje\u010dek brig\u00e1d a pluk\u016f je vid\u011bt na map\u011b, \u017ee v t\u00e9to n\u00e1razn\u00edkov\u00e9 z\u00f3n\u011b by m\u011bly p\u016fsobit jednotky francouzsk\u00e9, britsk\u00e9, polsk\u00e9 a rumunsk\u00e9 arm\u00e1dy.<\/p>\n<h3>M\u00edrov\u00e1 mapa s evakua\u010dn\u00edmi z\u00f3nami pro evakuaci a odsun obyvatel?<\/h3>\n<p>Mapa ale m\u00e1 podivn\u00fd obsah. Rovn\u011b\u017e toti\u017e zobrazuje zelen\u00fdmi \u0161ipkami evakua\u010dn\u00ed z\u00f3ny pro Ukrajince, pro jejich evakuaci tzv. evakua\u010dn\u00edmi koridory.\u00a0<strong>Jedna evakua\u010dn\u00ed z\u00f3na bude sm\u011b\u0159ovat do Polska, dal\u0161\u00ed dv\u011b budou sm\u011b\u0159ovat do Rumunska ze z\u00e1padu a z jihu Ukrajiny.<\/strong>\u00a0Tyto zelen\u00e9 \u0161ipky na map\u011b vzbuzuj\u00ed podle vojensk\u00e9ho odborn\u00edka, na kter\u00e9ho se na\u0161e redakce obr\u00e1tila, nejv\u011bt\u0161\u00ed znepokojen\u00ed.<\/p>\n<p>Na vojensk\u00fdch map\u00e1ch se toti\u017e zelen\u00e9 evakua\u010dn\u00ed koridory pro civiln\u00ed obyvatelstvo zakresluj\u00ed nikoliv v dob\u00e1ch m\u00edrov\u00e9ho urovn\u00e1n\u00ed, ale jako\u00a0<strong>evakua\u010dn\u00ed koridory p\u0159ed zah\u00e1jen\u00edm bojov\u00fdch operac\u00ed<\/strong>\u00a0v z\u00f3n\u00e1ch, kde je obyvatelstvo. Pr\u00e1v\u011b proto se ty zelen\u00e9 z\u00f3ny zakresluj\u00ed p\u0159ed za\u010d\u00e1tkem invaz\u00ed, \u00fatok\u016f \u010di p\u0159ed zah\u00e1jen\u00edm st\u0159etu vojsk.<\/p>\n<figure id=\"attachment_64690\" class=\"wp-caption aligncenter\" style=\"width: 708px;\"><a href=\"https:\/\/aeronet.news\/wp-content\/uploads\/FrenchMilitaryMapUA.jpg\"><img decoding=\"async\" loading=\"lazy\" class=\"wp-image-64690 \" src=\"https:\/\/aeronet.news\/wp-content\/uploads\/FrenchMilitaryMapUA-1024x768.jpg\" sizes=\"(max-width: 700px) 100vw, 700px\" srcset=\"https:\/\/aeronet.news\/wp-content\/uploads\/FrenchMilitaryMapUA-1024x768.jpg 1024w, https:\/\/aeronet.news\/wp-content\/uploads\/FrenchMilitaryMapUA-300x225.jpg 300w, https:\/\/aeronet.news\/wp-content\/uploads\/FrenchMilitaryMapUA-768x576.jpg 768w, https:\/\/aeronet.news\/wp-content\/uploads\/FrenchMilitaryMapUA-700x525.jpg 700w, https:\/\/aeronet.news\/wp-content\/uploads\/FrenchMilitaryMapUA-476x357.jpg 476w, https:\/\/aeronet.news\/wp-content\/uploads\/FrenchMilitaryMapUA-644x483.jpg 644w, https:\/\/aeronet.news\/wp-content\/uploads\/FrenchMilitaryMapUA.jpg 1280w\" alt=\"\" width=\"708\" height=\"531\" \/><\/a><figcaption class=\"wp-caption-text\">Mapa francouzsk\u00e9ho gener\u00e1ln\u00edho \u0161t\u00e1bu publikovan\u00e1 rusk\u00fdmi hackery, dal\u0161\u00ed fotografie t\u00e9\u017ee mapy<\/figcaption><\/figure>\n<p>Jednotliv\u00e9 vojensk\u00e9 zna\u010dky na vojensk\u00e9 map\u011b zachycuj\u00ed rozm\u00edst\u011bn\u00ed pozemn\u00ed p\u011bchoty, motorizovan\u00e9 p\u011bchoty, obrn\u011bn\u00e9 jednotky a dokonce odpalovac\u00ed pozice raket zem\u011b \u2013 zem\u011b, co\u017e absolutn\u011b neodpov\u00edd\u00e1 v\u00fdzbroji m\u00edrov\u00fdch vojsk, ani omylem a ani n\u00e1hodou podle n\u00e1zoru vojensk\u00e9ho odborn\u00edka, kter\u00fd v 90. letech slou\u017eil v misi v Kosovu.<\/p>\n<p><strong>Mapa podle jeho n\u00e1zoru a podle vojensk\u00fdch zna\u010dek zachycuje p\u0159\u00edpravu na invazi, na st\u0159et, na vojenskou kolizi s vojsky Rusk\u00e9 arm\u00e1dy.<\/strong>\u00a0Absolutn\u011b na t\u00e9 map\u011b chyb\u00ed charakteristick\u00e9 prvky m\u00edrov\u00fdch sil, jako t\u0159eba ten hlavn\u00ed prvek, a to demilitarizovan\u00e1 z\u00f3na (DMZ) beze zbran\u00ed. Je to z\u00e1sadn\u00ed z\u00e1vada na map\u011b, kter\u00e1 by m\u011bla b\u00fdt mapou m\u00edrov\u00e9ho kontingentu a demilitarizovan\u00e9 z\u00f3ny (DMZ), ale prost\u011b nen\u00ed. Ta mapa vypr\u00e1v\u00ed \u00fapln\u011b n\u011bco jin\u00e9ho.<\/p>\n<p><img decoding=\"async\" loading=\"lazy\" class=\"wp-image-85920 aligncenter\" src=\"http:\/\/www.infokuryr.cz\/n\/wp-content\/uploads\/2025\/08\/pozvaniV-300x140.jpg\" alt=\"\" width=\"684\" height=\"319\" srcset=\"https:\/\/www.infokuryr.cz\/n\/wp-content\/uploads\/2025\/08\/pozvaniV-300x140.jpg 300w, https:\/\/www.infokuryr.cz\/n\/wp-content\/uploads\/2025\/08\/pozvaniV.jpg 925w\" sizes=\"(max-width: 684px) 100vw, 684px\" \/><\/p>\n<h3>Podle Peskova \u017e\u00e1dn\u00e9 nov\u00e9 sankce nezastav\u00ed Rusko v \u00fasil\u00ed o napln\u011bn\u00ed c\u00edl\u016f SVO<\/h3>\n<p>Na map\u011b je ta n\u00e1razn\u00edkov\u00e1 \u201cDMZ\u201d z\u00f3na vypln\u011bna vojsky NATO, brig\u00e1dami, pluky a dal\u0161\u00edmi jednotkami, obrn\u011bn\u00fdmi skupinami, raketov\u00fdmi vojsky a p\u011bchotou, a to p\u0159\u00edmo v n\u00e1razn\u00edkov\u00e9 z\u00f3n\u011b, p\u0159i\u010dem\u017e rusk\u00e9 brig\u00e1dy jsou zakresleny rovn\u011b\u017e prakticky na linii doteku.<\/p>\n<p>Ob\u00e1v\u00e1m se spole\u010dn\u011b s na\u0161im kolegou, \u017ee rusk\u00e9 hackersk\u00e9 skupin\u011b se poda\u0159ilo vyt\u00e1hnout do Francouz\u016f v\u00fdbu\u0161n\u00fd materi\u00e1l zachycuj\u00edc\u00ed pl\u00e1n de facto na spu\u0161t\u011bn\u00ed III. sv. v\u00e1lky, tzv. v\u00fdchoz\u00ed stav \u00fatoku p\u0159ed zah\u00e1jen\u00edm v\u00e1lky s Ruskem. Ta mapa toti\u017e odhaluje \u00fapln\u011b v\u0161echno. V\u0161imn\u011bte si t\u00e9 masivn\u00ed obrany Kyjeva. Mapa m\u00e1 datum vytvo\u0159en\u00ed 28. dubna 2025, jedn\u00e1 se tedy zhruba o 5 m\u011bs\u00edc\u016f star\u00fd materi\u00e1l.<\/p>\n<p>&nbsp;<\/p>\n<div id=\"rumble_v6wipx8\">\n<div id=\"vid_v6wipx8\" class=\"rumble_v6wipx8-Rumble-cls\" tabindex=\"-1\">\n<div><div class='videoWrapper'>\r\n\t            <iframe src='https:\/\/rumble.com\/embed\/pj.v6wipx8\/' frameborder='0' allowfullscreen><\/iframe>\r\n\t        <\/div><\/div>\n<\/div>\n<\/div>\n<p>&nbsp;<\/p>\n<p>Posledn\u00ed informace z B\u00edl\u00e9ho domu nazna\u010duj\u00ed, \u017ee na Trumpa p\u016fsob\u00ed obrovsk\u00e1 americk\u00e1 a rovn\u011b\u017e evropsk\u00e1 v\u00e1le\u010dn\u00e1 lobby, aby uvalil na Rusko a \u010dlensk\u00e9 zem\u011b BRICS a \u0160anghajsk\u00e9 skupiny sekund\u00e1rn\u00ed sankce, co\u017e de facto m\u00e1 zcela zma\u0159it m\u00edrov\u00fd proces. Mluv\u010d\u00ed Kremlu p\u0159ekvapiv\u011b zopakoval, \u017ee Moskva chce spolupracovat s USA a Trumpem na m\u00edrov\u00e9m \u0159e\u0161en\u00ed.<\/p>\n<p>Ale ukrajinsk\u00e9 veden\u00ed a ani Evropsk\u00e1 unie nejsou m\u00edrov\u00fdm rozhovor\u016fm naklon\u011bn\u00ed, resp. nejsou ochotni p\u0159iznat por\u00e1\u017eku a situaci na boji\u0161ti.\u00a0<strong>A z toho d\u016fvodu podle Dmitrije Peskova tud\u00ed\u017e SVO na Ukrajin\u011b pokra\u010duje a pokra\u010duj\u00ed i vzdu\u0161n\u00e9 \u00fatoky na celou Ukrajinu.<\/strong>\u00a0Kyjev m\u016f\u017ee v\u00e1lku ukon\u010dit snadno, a to podpisem kapitulace v Moskv\u011b. Nam\u00edsto toho ale Z\u00e1pad pl\u00e1nuje v\u00e1lku s Ruskem.<\/p>\n<h3>Orb\u00e1n nep\u0159\u00edmo potvrdil uniklou mapu, proto\u017ee ozn\u00e1mil, \u017ee Ukrajina bude rozd\u011blena na 3 z\u00f3ny, p\u0159esn\u011b podle unikl\u00e9 mapy!<\/h3>\n<p>Podle informac\u00ed na rusk\u00fdch kan\u00e1lech to vypad\u00e1 na kapit\u00e1ln\u00ed \u00falovek KillNetu, proto\u017ee na vlastn\u00ed o\u010di m\u016f\u017eeme vid\u011bt v\u00fdchoz\u00ed pl\u00e1n na spu\u0161t\u011bn\u00ed kolize NATO s Ruskem. Na map\u011b chyb\u00ed DMZ z\u00f3na beze zbran\u00ed. Na map\u011b jsou obrn\u011bn\u00e9 i p\u011bchotn\u00ed divize NATO v tzv. n\u00e1razn\u00edku, kde nemaj\u00ed co pohled\u00e1vat.<\/p>\n<p>A cel\u00e9 to podtrhuj\u00ed zakreslen\u00e9 3 evakua\u010dn\u00ed \u0161ipky ukazuj\u00edc\u00ed sm\u011brem ven z Ukrajiny, tedy tzv. evakua\u010dn\u00ed koridory, kter\u00e9 se nez\u0159izuj\u00ed po skon\u010den\u00ed v\u00e1lky, ale naopak p\u0159ed jej\u00edm vypuknut\u00edm. A to nen\u00ed v\u0161echna. V ned\u011bli ma\u010farsk\u00fd premi\u00e9r, nez\u00e1visle a je\u0161t\u011b v p\u0159edstihu 2 dn\u016f p\u0159ed uve\u0159ejn\u011bn\u00edm t\u00e9to vojensk\u00e9 mapy francouzsk\u00e9 arm\u00e1dy hackery z KillNetu, prohl\u00e1sil a doslova prop\u00e1lil b\u011bhem projevu, \u017ee Ukrajina bude rozd\u011blena do 3 z\u00f3n!<\/p>\n<p>&nbsp;<\/p>\n<div id=\"rumble_v6wipxi\">\n<div id=\"vid_v6wipxi\" class=\"rumble_v6wipxi-Rumble-cls\" tabindex=\"-1\">\n<div><div class='videoWrapper'>\r\n\t            <iframe src='https:\/\/rumble.com\/embed\/pj.v6wipxi\/' frameborder='0' allowfullscreen><\/iframe>\r\n\t        <\/div><\/div>\n<\/div>\n<\/div>\n<p>&nbsp;<\/p>\n<p>Jedna z\u00f3na bude rusk\u00e1, druh\u00e1 bude n\u00e1razn\u00edkov\u00e9 p\u00e1sma a t\u0159et\u00ed z\u00f3na bude to, co z\u016fstane z Ukrajiny. A d\u00e1my a p\u00e1nov\u00e9, to je p\u0159esn\u011b to, co je zachyceno na unikl\u00fdch map\u00e1ch francouzsk\u00e9ho G\u0160. Naprosto a dokonale p\u0159esn\u011b to, o \u010dem ji\u017e v ned\u011bli mluvil Viktor Orb\u00e1n.\u00a0<strong>Rozd\u011blen\u00ed Ukrajiny do 3 z\u00f3n, p\u0159i\u010dem\u017e Rusov\u00e9 dostanou cel\u00fd Donbas a k tomu sou\u010dasn\u00e9 pozice v Chersonu a Z\u00e1poro\u017e\u00ed.<\/strong>\u00a0A mezi ruskou a ukrajinskou z\u00f3nou vznikne n\u011bco, co rozhodn\u011b nelze ozna\u010dit za DMZ, ale v podstat\u011b za vojensk\u00fd \u0161t\u00edt p\u0159ipraven\u00fd k v\u00e1lce s Ruskem.<\/p>\n<h3>Medail\u00ed CIA dekorovan\u00fd \u0161\u00e9f BIS varoval ve sn\u011bmovn\u011b, \u017ee kdy\u017e Ukrajinci padnou, Rusov\u00e9 budou vra\u017edit v \u010cR<\/h3>\n<p>A pro\u010d ta v\u00e1lka je prakticky u\u017e na cest\u011b? Proto\u017ee za\u010dal \u0159ev a jekot u\u017e i od dekorovan\u00e9ho gener\u00e1la s medail\u00ed CIA za kolaboraci \u0159editele BIS Michala Koudelky, kter\u00fd na bezpe\u010dnostn\u00ed konferenci ve Sn\u011bmovn\u011b varoval p\u0159ed Ruskem, \u017ee kdy\u017e Ukrajina padne, Rusov\u00e9 p\u0159ijdou zab\u00edjet do \u010cR.\u00a0Rusko by pr\u00fd v \u010cesku zab\u00edjelo nevinn\u00e9 lidi stejn\u011b jako na Ukrajin\u011b, \u0159ekl v pond\u011bl\u00ed \u0161\u00e9f \u010desk\u00e9 rozv\u011bdky Michal Koudelka.<\/p>\n<p>V projevu\u00a0<strong>[<a href=\"https:\/\/href.li\/?https:\/\/www.politico.eu\/article\/russia-kill-people-czechia-ukraine-spy-chief-michal-koudelka\/\" target=\"_blank\" rel=\"nofollow noopener\">1<\/a>]<\/strong>\u00a0na konferenci o vnit\u0159n\u00ed bezpe\u010dnosti a odolnosti st\u00e1tu v \u010desk\u00e9 Poslaneck\u00e9 sn\u011bmovn\u011b obvinil Rusko z p\u00e1ch\u00e1n\u00ed\u00a0<strong>\u201c<em>brut\u00e1ln\u00edch vra\u017ed<\/em>\u201c<\/strong>\u00a0a ze \u201c<em>z\u00e1m\u011brn\u00fdch \u00fatok\u016f na civilisty \u2013 \u017eeny, d\u011bti a nevinn\u00e9, bezbrann\u00e9 ukrajinsk\u00e9 ob\u010dany<\/em>\u201c.\u00a0<strong>\u201c<em>V\u0161ichni bychom si m\u011bli b\u00fdt naprosto jisti, \u017ee Rusov\u00e9 by n\u00e1m ud\u011blali tot\u00e9\u017e,<\/em>\u201c<\/strong>\u00a0\u0159ekl Koudelka. \u201c<em>O tom a\u0165 nen\u00ed pochyb,<\/em>\u201d dodal na konferenci. Tyto v\u00fdroky podle rusk\u00fdch novin\u00e1\u0159\u016f odhaluj\u00ed Koudelk\u016fv strach ze zat\u010den\u00ed a odvezen\u00ed do Moskvy.<\/p>\n<figure id=\"attachment_64688\" class=\"wp-caption aligncenter\" style=\"width: 709px;\"><a href=\"https:\/\/aeronet.news\/wp-content\/uploads\/KoudelkaCIAmedalTennet.jpg\"><img decoding=\"async\" loading=\"lazy\" class=\"wp-image-64688 \" src=\"https:\/\/aeronet.news\/wp-content\/uploads\/KoudelkaCIAmedalTennet-1024x682.jpg\" sizes=\"(max-width: 700px) 100vw, 700px\" srcset=\"https:\/\/aeronet.news\/wp-content\/uploads\/KoudelkaCIAmedalTennet-1024x682.jpg 1024w, https:\/\/aeronet.news\/wp-content\/uploads\/KoudelkaCIAmedalTennet-300x200.jpg 300w, https:\/\/aeronet.news\/wp-content\/uploads\/KoudelkaCIAmedalTennet-768x512.jpg 768w, https:\/\/aeronet.news\/wp-content\/uploads\/KoudelkaCIAmedalTennet-700x466.jpg 700w, https:\/\/aeronet.news\/wp-content\/uploads\/KoudelkaCIAmedalTennet-536x357.jpg 536w, https:\/\/aeronet.news\/wp-content\/uploads\/KoudelkaCIAmedalTennet-725x483.jpg 725w, https:\/\/aeronet.news\/wp-content\/uploads\/KoudelkaCIAmedalTennet.jpg 1280w\" alt=\"\" width=\"709\" height=\"472\" \/><\/a><figcaption class=\"wp-caption-text\">Medaile CIA \u2013 Cena George Tenneta za vynikaj\u00edc\u00ed spolupr\u00e1ci ud\u011blen\u00e1 Michalu Koudelkovi v centr\u00e1le CIA v roce 2019<\/figcaption><\/figure>\n<p>Na n\u011bho a dal\u0161\u00edch v\u00edce ne\u017e 200 p\u0159edstavitel\u016f \u010desk\u00e9ho re\u017eimu jsou vyps\u00e1ny v Moskv\u011b zatyka\u010de kv\u016fli obvin\u011bn\u00ed z podpory, schvalov\u00e1n\u00ed, podn\u011bcov\u00e1n\u00ed, financov\u00e1n\u00ed, napom\u00e1h\u00e1n\u00ed, kryt\u00ed a propagaci mezin\u00e1rodn\u00edho terorismu. Toho se m\u011bli dopustit dod\u00e1vkami zbran\u00ed, munice, raket a dron\u016f t\u011bm slo\u017ek\u00e1m ukrajinsk\u00e9 arm\u00e1dy, o kter\u00fdch bezpe\u010dn\u011b podle vy\u0161et\u0159ovatel\u016f museli v\u011bd\u011bt, komu je dod\u00e1vaj\u00ed.<\/p>\n<p>Museli v\u011bd\u011bt, \u017ee tyto dodan\u00e9 zbran\u011b a munici pou\u017e\u00edvaj\u00ed jednotky Ajdar a Azov na zab\u00edjen\u00ed rusk\u00fdch civilist\u016f, a to zejm\u00e9na v rusk\u00e9m pohrani\u010d\u00ed. Rusk\u00fd vy\u0161et\u0159ovac\u00ed v\u00fdbor takto obvinil v\u00edce ne\u017e 3 000 politik\u016f, um\u011blc\u016f, aktivist\u016f a medi\u00e1ln\u00edch postav ze zem\u00ed Evropsk\u00e9 unie a podle informac\u00ed je vyd\u00e1n\u00ed t\u011bchto osob ke st\u00edh\u00e1n\u00ed do Ruska sou\u010d\u00e1st\u00ed m\u00edrov\u00fdch rozhovor\u016f mezi Kremlem a B\u00edl\u00fdm domem.<\/p>\n<h3>Koudelka za\u010dal m\u00edt z\u0159ejm\u011b strach, \u017ee by Trump mohl Rus\u016fm vydat \u010deln\u00ed evropsk\u00e9 podporovatele ukrajinsk\u00e9ho teroru<\/h3>\n<p>Koudelka jako \u0161\u00e9f BIS to samoz\u0159ejm\u011b v\u00ed, m\u00e1 informace o t\u011bch jedn\u00e1n\u00edch Ameri\u010dan\u016f, a\u00a0<strong>m\u00e1 tud\u00ed\u017e strach, \u017ee by ho Ameri\u010dan\u00e9, v r\u00e1mci k\u0161eftu s Rusy, mohli spolu s ostatn\u00edmi vydat Rus\u016fm.\u00a0Nebylo by to poprv\u00e9.<\/strong>\u00a0Bylo to jen ned\u00e1vno, kdy\u017e americk\u00e1 vl\u00e1da za pomoci dohod CIA s Talibanem evakuovala americk\u00e9 voj\u00e1ky z Afgh\u00e1nist\u00e1nu a nechala tam Talibanu napospas v\u0161echny afgh\u00e1nsk\u00e9 spolupracovn\u00edky Ameri\u010dan\u016f. V\u0161echny ty, kte\u0159\u00ed s Ameri\u010dany cel\u00fdch 20 let kolaborovali. Bez mrknut\u00ed oka je tam Ameri\u010dan\u00e9 nechali a v\u00fdm\u011bnou za klidn\u00fd odsun americk\u00fdch vojsk ze zem\u011b je tam nechali Talibanu. A je nepochybn\u00e9, \u017ee Trump v z\u00e1jmu k\u0161eftu s Rusy ob\u011btuje kohokoliv.<\/p>\n<p>&nbsp;<\/p>\n<div id=\"rumble_v4hv0db\">\n<div id=\"vid_v4hv0db\" class=\"rumble_v4hv0db-Rumble-cls\" tabindex=\"-1\">\n<div><div class='videoWrapper'>\r\n\t            <iframe src='https:\/\/rumble.com\/embed\/pj.v4hv0db\/' frameborder='0' allowfullscreen><\/iframe>\r\n\t        <\/div><\/div>\n<\/div>\n<\/div>\n<p>&nbsp;<\/p>\n<p>Rusov\u00e9 uk\u00e1\u017eou a Trump jim to spln\u00ed. Pr\u00e1v\u011b proto Koudelka v Poslaneck\u00e9 sn\u011bmovn\u011b tak moc nerv\u00f3zn\u011b varoval a hrozil, \u017ee Rusov\u00e9 budou zab\u00edjet, kdy\u017e p\u0159ijdou. Je mu jasn\u00e9, \u017ee Trump pe\u010de s Rusy k\u0161eft, a pokud upe\u010de, budou m\u00edt nejen r\u016fzn\u00ed Koudelkov\u00e9 obrovsk\u00fd probl\u00e9m.\u00a0<strong>Rusov\u00e9 si nenechaj\u00ed zab\u00edjet sv\u00e9 civlisty n\u011bjak\u00fdmi rusofoby z Evropy jen tak a bez odvety.<\/strong>\u00a0A pr\u00e1v\u011b proto vzr\u016fst\u00e1 nervozita ve vysok\u00fdch kruz\u00edch v EU, kter\u00e9 se anga\u017eovaly v podpo\u0159e ukronacist\u016f a jejich \u00fatok\u016f na rusk\u00e9 civiln\u00ed obyvatelstvo.<\/p>\n<p>Pochopte, \u017ee kdy\u017e n\u011bkdo dostane od CIA Tennetovu medaili za kolaboraci (<em>collaboration \u2013 spolupr\u00e1ci<\/em>), nen\u00ed to v podstat\u011b ocen\u011bn\u00ed, je to v podstat\u011b n\u00e1lepka, kterou Rusov\u00e9 nep\u0159ehl\u00e9dnou. Jedinou nad\u011bj\u00ed pro \u0161\u00e9fa BIS je tak prodlu\u017een\u00ed v\u00e1lky na Ukrajin\u011b a p\u0159e\u010dk\u00e1n\u00ed Trumpova prezidentstv\u00ed do ledna 2029. A douf\u00e1n\u00ed, \u017ee po n\u011bm k moci nenastoup\u00ed JD Vance, kter\u00fd kter\u00fd je v mnoha ohledech mnohem v\u011bt\u0161\u00ed kritik EU ne\u017e Trump, jen\u017e by se s Rusy mohl dohodnout mo\u017en\u00e1 i l\u00e9pe.<\/p>\n<p><a href=\"https:\/\/aeronet.news\/rusko-dostane-cely-donbas-ruska-hackerska-skupina-se-nabourala-do-generalniho-stabu-francouzske-armady-a-publikovala-mapu-dmz-oblasti-na-ukrajine-viktor-orban-neprimo-potvrdil-uniklou-mapu\/\"><em>-VK-<\/em><\/a><\/p>\n<p><img decoding=\"async\" loading=\"lazy\" class=\"wp-image-86739 aligncenter\" src=\"http:\/\/www.infokuryr.cz\/n\/wp-content\/uploads\/2025\/08\/volby-program-211x300.png\" alt=\"\" width=\"685\" height=\"974\" srcset=\"https:\/\/www.infokuryr.cz\/n\/wp-content\/uploads\/2025\/08\/volby-program-211x300.png 211w, https:\/\/www.infokuryr.cz\/n\/wp-content\/uploads\/2025\/08\/volby-program-721x1024.png 721w, https:\/\/www.infokuryr.cz\/n\/wp-content\/uploads\/2025\/08\/volby-program-768x1091.png 768w, https:\/\/www.infokuryr.cz\/n\/wp-content\/uploads\/2025\/08\/volby-program-1081x1536.png 1081w, https:\/\/www.infokuryr.cz\/n\/wp-content\/uploads\/2025\/08\/volby-program-1442x2048.png 1442w, https:\/\/www.infokuryr.cz\/n\/wp-content\/uploads\/2025\/08\/volby-program-1024x1455.png 1024w\" sizes=\"(max-width: 685px) 100vw, 685px\" \/><\/p>\n","protected":false},"excerpt":{"rendered":"<p>Rusko dostane cel\u00fd Donbas! Rusk\u00e1 hackersk\u00e1 skupina se nabourala do gener\u00e1ln\u00edho \u0161t\u00e1bu francouzsk\u00e9 arm\u00e1dy a&#8230;<\/p>\n","protected":false},"author":2,"featured_media":87438,"comment_status":"closed","ping_status":"closed","sticky":false,"template":"","format":"standard","meta":[],"categories":[6],"tags":[1042,2738,22,26,37],"_links":{"self":[{"href":"https:\/\/www.infokuryr.cz\/n\/wp-json\/wp\/v2\/posts\/87437"}],"collection":[{"href":"https:\/\/www.infokuryr.cz\/n\/wp-json\/wp\/v2\/posts"}],"about":[{"href":"https:\/\/www.infokuryr.cz\/n\/wp-json\/wp\/v2\/types\/post"}],"author":[{"embeddable":true,"href":"https:\/\/www.infokuryr.cz\/n\/wp-json\/wp\/v2\/users\/2"}],"replies":[{"embeddable":true,"href":"https:\/\/www.infokuryr.cz\/n\/wp-json\/wp\/v2\/comments?post=87437"}],"version-history":[{"count":0,"href":"https:\/\/www.infokuryr.cz\/n\/wp-json\/wp\/v2\/posts\/87437\/revisions"}],"wp:featuredmedia":[{"embeddable":true,"href":"https:\/\/www.infokuryr.cz\/n\/wp-json\/wp\/v2\/media\/87438"}],"wp:attachment":[{"href":"https:\/\/www.infokuryr.cz\/n\/wp-json\/wp\/v2\/media?parent=87437"}],"wp:term":[{"taxonomy":"category","embeddable":true,"href":"https:\/\/www.infokuryr.cz\/n\/wp-json\/wp\/v2\/categories?post=87437"},{"taxonomy":"post_tag","embeddable":true,"href":"https:\/\/www.infokuryr.cz\/n\/wp-json\/wp\/v2\/tags?post=87437"}],"curies":[{"name":"wp","href":"https:\/\/api.w.org\/{rel}","templated":true}]}}