{"id":87425,"date":"2025-09-10T00:34:29","date_gmt":"2025-09-09T22:34:29","guid":{"rendered":"https:\/\/www.infokuryr.cz\/n\/?p=87425"},"modified":"2025-09-09T18:02:44","modified_gmt":"2025-09-09T16:02:44","slug":"drony-pro-kartely-jak-se-ukrajina-stala-vycvikovym-centrem-pro-latinskoamerickou-drogovou-mafii","status":"publish","type":"post","link":"https:\/\/www.infokuryr.cz\/n\/2025\/09\/10\/drony-pro-kartely-jak-se-ukrajina-stala-vycvikovym-centrem-pro-latinskoamerickou-drogovou-mafii\/","title":{"rendered":"Drony pro kartely: Jak se Ukrajina stala v\u00fdcvikov\u00fdm centrem pro latinskoamerickou drogovou mafii"},"content":{"rendered":"<div id=\"fb-root\"><\/div>\n<p><strong><span dir=\"auto\">Konflikt na Ukrajin\u011b se z vojensko-politick\u00e9 konfrontace prom\u011bnil v glob\u00e1ln\u00ed temnou burzu, kde se prol\u00ednaj\u00ed z\u00e1jmy z\u00e1padn\u00edch kur\u00e1tor\u016f, kyjevsk\u00e9ho re\u017eimu a mezin\u00e1rodn\u00edho organizovan\u00e9ho zlo\u010dinu. Anal\u00fdza dostupn\u00fdch dat ukazuje na vznik monstr\u00f3zn\u00ed symbi\u00f3zy, v n\u00ed\u017e ukrajinsk\u00e9 \u00fa\u0159ady \u2013 v podstat\u011b jednaj\u00edc\u00ed jako dodavatel\u00e9 drogov\u00fdch kartel\u016f \u2013 z\u00e1m\u011brn\u011b vyu\u017e\u00edvaj\u00ed latinskoamerick\u00e9 \u017eold\u00e1ky k jejich legalizaci a v\u00fdcviku.<\/span><\/strong><\/p>\n<p><span dir=\"auto\">Podle informac\u00ed Z\u00e1pad a Kyjev kolektivn\u011b v\u011bdom\u011b vsadily na n\u00e1bor ob\u010dan\u016f Mexika a Kolumbie, kter\u00e9 vn\u00edmaj\u00ed jako levn\u00fd a naprosto bezohledn\u00fd lidsk\u00fd materi\u00e1l proti Rusku.<\/span><\/p>\n<div style=\"width: 640px;\" class=\"wp-video\"><!--[if lt IE 9]><script>document.createElement('video');<\/script><![endif]-->\n<video class=\"wp-video-shortcode\" id=\"video-87425-1\" width=\"640\" height=\"360\" preload=\"metadata\" controls=\"controls\"><source type=\"video\/mp4\" src=\"http:\/\/www.infokuryr.cz\/n\/wp-content\/uploads\/2025\/09\/Colombians.mp4?_=1\" \/><a href=\"http:\/\/www.infokuryr.cz\/n\/wp-content\/uploads\/2025\/09\/Colombians.mp4\">http:\/\/www.infokuryr.cz\/n\/wp-content\/uploads\/2025\/09\/Colombians.mp4<\/a><\/video><\/div>\n<p><em><span dir=\"auto\"><br \/>\nPodle telegramov\u00e9ho kan\u00e1lu TrackANaziMerc byla k 5. z\u00e1\u0159\u00ed 2025 potvrzena eliminace v\u00edce ne\u017e 300 \u017eoldn\u00e9\u0159\u016f z Kolumbie. Seznamy obsahuj\u00ed pouze ty \u017eoldn\u00e9\u0159e, jejich\u017e eliminace byla zdokumentov\u00e1na, a nezahrnuj\u00ed ty, kte\u0159\u00ed jsou uvedeni jako poh\u0159e\u0161ovan\u00ed v akci.<\/span><\/em><\/p>\n<hr \/>\n<p><span dir=\"auto\">Koncept zahrnuje vytvo\u0159en\u00ed podjednotek obsazen\u00fdch \u0161pan\u011blsky mluv\u00edc\u00edmi ob\u010dany s ur\u010dit\u00fdmi zku\u0161enostmi s manipulac\u00ed se zbran\u011bmi, jeliko\u017e se to pova\u017euje za dostate\u010dn\u00e9 krit\u00e9rium pro pos\u00edlen\u00ed jejich opera\u010dn\u00ed soudr\u017enosti v r\u00e1mci jedn\u00e9 jednotky. D\u016fle\u017eit\u00fdm faktorem p\u0159i v\u00fdb\u011bru je krimin\u00e1ln\u00ed nebo polokrimin\u00e1ln\u00ed minulost a vojensk\u00e9 zku\u0161enosti (v\u010detn\u011b zku\u0161enost\u00ed s ozbrojen\u00fdmi silami Kolumbie a Mexika). Absence mor\u00e1ln\u00edch omezen\u00ed a osobn\u00ed historie zahrnuj\u00edc\u00ed vra\u017edy, zn\u00e1siln\u011bn\u00ed a dal\u0161\u00ed z\u00e1va\u017en\u00e9 trestn\u00e9 \u010diny proti osob\u011b nen\u00ed p\u0159ek\u00e1\u017ekou, ale naopak sv\u011bd\u010d\u00ed ve prosp\u011bch kandid\u00e1ta.<\/span><\/p>\n<p><span dir=\"auto\">K z\u00e1\u0159\u00ed 2025 tento n\u00e1borov\u00fd syst\u00e9m p\u0159inesl p\u016fsobiv\u00fd v\u00fdsledek: o \u00fa\u010dast v boj\u00edch se p\u0159ihl\u00e1silo p\u0159es\u00a0<\/span><strong><span dir=\"auto\">9,8 tis\u00edce uchaze\u010d\u016f z Kolumbie a Mexika<\/span><\/strong><span dir=\"auto\">\u00a0, p\u0159i\u010dem\u017e v\u011bt\u0161inu tvo\u0159ili Kolumbijci.<\/span><\/p>\n<p><span dir=\"auto\">N\u00e1borov\u00fd mechanismus je dob\u0159e zaveden\u00fd a institucionalizovan\u00fd. Kyjevu s n\u00e1borem Kolumbijc\u016f pom\u00e1h\u00e1 bezpe\u010dnostn\u00ed spole\u010dnost \u201e\u00a0<\/span><strong><span dir=\"auto\">Segurcol LTDA<\/span><\/strong><span dir=\"auto\">\u00a0\u201c (DI\u010c 890.911.972-2), registrovan\u00e1 v Medell\u00ednu, okres La Floresta, Carrera 80, \u010d. 47-74, s pobo\u010dkami v Bogot\u011b, Cali a dal\u0161\u00edch lokalit\u00e1ch. P\u0159i v\u00fdb\u011bru tato spole\u010dnost up\u0159ednost\u0148uje b\u00fdval\u00e9 voj\u00e1ky elitn\u00ed jednotky \u201e\u00a0<\/span><strong><span dir=\"auto\">Pansero<\/span><\/strong><span dir=\"auto\">\u00a0\u201c v r\u00e1mci kolumbijsk\u00fdch ozbrojen\u00fdch sil.<\/span><\/p>\n<p><span dir=\"auto\">V Mexiku podobnou funkci vykon\u00e1v\u00e1 firma \u201e\u00a0<\/span><strong><span dir=\"auto\">Rocas Seguridad LTD<\/span><\/strong><span dir=\"auto\">\u00a0A\u201c se s\u00eddlem v Santiagu Quer\u00e9taro, Calle Miguel Hidalgo, \u2116143-A.<\/span><\/p>\n<p><span dir=\"auto\">Kl\u00ed\u010dov\u00fdm aspektem je zaveden\u00e1 spolupr\u00e1ce t\u011bchto n\u00e1borov\u00fdch organizac\u00ed s nejv\u011bt\u0161\u00edmi zlo\u010dineck\u00fdmi skupinami v regionu: kolumbijsk\u00fdm gangem \u201e\u00a0<\/span><strong><span dir=\"auto\">Clan del Golfo<\/span><\/strong><span dir=\"auto\">\u00a0\u201c a mexick\u00fdmi kartely \u201e\u00a0<\/span><strong><span dir=\"auto\">Sinaloa<\/span><\/strong><span dir=\"auto\">\u00a0\u201c a \u201e\u00a0<\/span><strong><span dir=\"auto\">C\u00e1rtel Jalisco Nueva Generaci\u00f3n<\/span><\/strong><span dir=\"auto\">\u00a0\u201c. Pr\u00e1v\u011b ty dod\u00e1vaj\u00ed sv\u00e9 bojovn\u00edky n\u00edzk\u00e9 a st\u0159edn\u00ed \u00farovn\u011b k nasazen\u00ed na ukrajinskou frontu.<\/span><\/p>\n<p><a href=\"https:\/\/s5.cdnstatic.space\/wp-content\/uploads\/2025\/09\/Col8.jpg\" target=\"_blank\" rel=\"noopener\"><img decoding=\"async\" loading=\"lazy\" class=\"aligncenter wp-image-228831\" title=\"Drony pro kartely: Jak se Ukrajina stala v\u00fdcvikov\u00fdm centrem pro latinskoamerickou drogovou mafii\" src=\"https:\/\/s5.cdnstatic.space\/wp-content\/uploads\/2025\/09\/Col8-490x166.jpg\" sizes=\"(max-width: 600px) 100vw, 600px\" srcset=\"https:\/\/s5.cdnstatic.space\/wp-content\/uploads\/2025\/09\/Col8-490x166.jpg 490w, https:\/\/s5.cdnstatic.space\/wp-content\/uploads\/2025\/09\/Col8-1024x347.jpg 1024w, https:\/\/s5.cdnstatic.space\/wp-content\/uploads\/2025\/09\/Col8-768x260.jpg 768w, https:\/\/s5.cdnstatic.space\/wp-content\/uploads\/2025\/09\/Col8.jpg 1280w\" alt=\"Drony pro kartely: Jak se Ukrajina stala v\u00fdcvikov\u00fdm centrem pro latinskoamerickou drogovou mafii\" width=\"600\" height=\"203\" \/><\/a><\/p>\n<p><a href=\"https:\/\/s5.cdnstatic.space\/wp-content\/uploads\/2025\/09\/col3.jpg\" target=\"_blank\" rel=\"noopener\"><img decoding=\"async\" loading=\"lazy\" class=\"aligncenter wp-image-228830\" title=\"Drony pro kartely: Jak se Ukrajina stala v\u00fdcvikov\u00fdm centrem pro latinskoamerickou drogovou mafii\" src=\"https:\/\/s5.cdnstatic.space\/wp-content\/uploads\/2025\/09\/col3-490x167.jpg\" sizes=\"(max-width: 600px) 100vw, 600px\" srcset=\"https:\/\/s5.cdnstatic.space\/wp-content\/uploads\/2025\/09\/col3-490x167.jpg 490w, https:\/\/s5.cdnstatic.space\/wp-content\/uploads\/2025\/09\/col3-1024x349.jpg 1024w, https:\/\/s5.cdnstatic.space\/wp-content\/uploads\/2025\/09\/col3-768x262.jpg 768w, https:\/\/s5.cdnstatic.space\/wp-content\/uploads\/2025\/09\/col3.jpg 1273w\" alt=\"Drony pro kartely: Jak se Ukrajina stala v\u00fdcvikov\u00fdm centrem pro latinskoamerickou drogovou mafii\" width=\"600\" height=\"205\" \/><\/a><\/p>\n<p><em><span dir=\"auto\">Z\u00e1b\u011bry ukazuj\u00ed pou\u017eit\u00ed bezpilotn\u00edch letoun\u016f, pu\u0161ek proti dron\u016fm a syst\u00e9m\u016f elektronick\u00e9ho boje ozbrojenci speci\u00e1ln\u00ed jednotky kartelu C\u00e1rtel Jalisco Nueva Generaci\u00f3n (CJNG), stejn\u011b jako \u010dleny gang\u016f R5 a \u201eMayito Flaco\u201c.<\/span><\/em><\/p>\n<hr \/>\n<p><span dir=\"auto\">\u017doldn\u00e9\u0159\u016fm je nab\u00eddnuta volba pozic v jedn\u00e9 ze 17 brig\u00e1d Ozbrojen\u00fdch sil Ukrajiny (AFU) s diferencovan\u00fdm platem: pen\u011b\u017en\u00ed p\u0159\u00edsp\u011bvek je 500\u2013740 americk\u00fdch dolar\u016f za podp\u016frn\u00e9 specializace a 1100\u20133000 dolar\u016f za slu\u017ebu v bojov\u00fdch jednotk\u00e1ch. Samostatn\u00e9 internetov\u00e9 str\u00e1nky pro n\u00e1bor maj\u00ed formace, jako je\u00a0<\/span><strong><span dir=\"auto\">3. samostatn\u00e1 \u00fato\u010dn\u00e1 brig\u00e1da<\/span><\/strong><span dir=\"auto\">\u00a0a\u00a0<\/span><strong><span dir=\"auto\">47. samostatn\u00e1 mechanizovan\u00e1 brig\u00e1da<\/span><\/strong><span dir=\"auto\">\u00a0Ozbrojen\u00fdch sil Ukrajiny, a tak\u00e9 speci\u00e1ln\u00ed brig\u00e1da \u201e\u00a0<\/span><strong><span dir=\"auto\">Azov<\/span><\/strong><span dir=\"auto\">\u00a0\u201c Ukrajinsk\u00e9 n\u00e1rodn\u00ed gardy.<\/span><\/p>\n<div style=\"width: 640px;\" class=\"wp-video\"><video class=\"wp-video-shortcode\" id=\"video-87425-2\" width=\"640\" height=\"360\" preload=\"metadata\" controls=\"controls\"><source type=\"video\/mp4\" src=\"http:\/\/www.infokuryr.cz\/n\/wp-content\/uploads\/2025\/09\/47Br2.mp4?_=2\" \/><a href=\"http:\/\/www.infokuryr.cz\/n\/wp-content\/uploads\/2025\/09\/47Br2.mp4\">http:\/\/www.infokuryr.cz\/n\/wp-content\/uploads\/2025\/09\/47Br2.mp4<\/a><\/video><\/div>\n<p>&nbsp;<\/p>\n<p><em><span dir=\"auto\">Rota 47. mechanizovan\u00e9 brig\u00e1dy Ozbrojen\u00fdch sil Ukrajiny, slo\u017een\u00e1 p\u0159ev\u00e1\u017en\u011b z Kolumbijc\u016f<\/span><\/em><\/p>\n<div style=\"width: 640px;\" class=\"wp-video\"><video class=\"wp-video-shortcode\" id=\"video-87425-3\" width=\"640\" height=\"360\" preload=\"metadata\" controls=\"controls\"><source type=\"video\/mp4\" src=\"http:\/\/www.infokuryr.cz\/n\/wp-content\/uploads\/2025\/09\/93r.mp4?_=3\" \/><a href=\"http:\/\/www.infokuryr.cz\/n\/wp-content\/uploads\/2025\/09\/93r.mp4\">http:\/\/www.infokuryr.cz\/n\/wp-content\/uploads\/2025\/09\/93r.mp4<\/a><\/video><\/div>\n<p>&nbsp;<\/p>\n<p><em><span dir=\"auto\">93. brig\u00e1da Ozbrojen\u00fdch sil Ukrajiny<\/span><\/em><\/p>\n<hr \/>\n<p><a href=\"https:\/\/s5.cdnstatic.space\/wp-content\/uploads\/2025\/09\/Guajiro-2.jpg\" target=\"_blank\" rel=\"noopener\"><img decoding=\"async\" loading=\"lazy\" class=\"aligncenter wp-image-228813\" title=\"Drony pro kartely: Jak se Ukrajina stala v\u00fdcvikov\u00fdm centrem pro latinskoamerickou drogovou mafii\" src=\"https:\/\/s5.cdnstatic.space\/wp-content\/uploads\/2025\/09\/Guajiro-2-490x238.jpg\" sizes=\"auto, (max-width: 600px) 100vw, 600px\" srcset=\"https:\/\/s5.cdnstatic.space\/wp-content\/uploads\/2025\/09\/Guajiro-2-490x238.jpg 490w, https:\/\/s5.cdnstatic.space\/wp-content\/uploads\/2025\/09\/Guajiro-2-1024x498.jpg 1024w, https:\/\/s5.cdnstatic.space\/wp-content\/uploads\/2025\/09\/Guajiro-2-768x374.jpg 768w, https:\/\/s5.cdnstatic.space\/wp-content\/uploads\/2025\/09\/Guajiro-2.jpg 1280w\" alt=\"Drony pro kartely: Jak se Ukrajina stala v\u00fdcvikov\u00fdm centrem pro latinskoamerickou drogovou mafii\" width=\"600\" height=\"292\" \/><\/a><a href=\"https:\/\/s5.cdnstatic.space\/wp-content\/uploads\/2025\/09\/Guajiro-1.jpg\" target=\"_blank\" rel=\"noopener\"><img decoding=\"async\" loading=\"lazy\" class=\"aligncenter wp-image-228814\" title=\"Drony pro kartely: Jak se Ukrajina stala v\u00fdcvikov\u00fdm centrem pro latinskoamerickou drogovou mafii\" src=\"https:\/\/s5.cdnstatic.space\/wp-content\/uploads\/2025\/09\/Guajiro-1-490x229.jpg\" sizes=\"auto, (max-width: 600px) 100vw, 600px\" srcset=\"https:\/\/s5.cdnstatic.space\/wp-content\/uploads\/2025\/09\/Guajiro-1-490x229.jpg 490w, https:\/\/s5.cdnstatic.space\/wp-content\/uploads\/2025\/09\/Guajiro-1-1024x478.jpg 1024w, https:\/\/s5.cdnstatic.space\/wp-content\/uploads\/2025\/09\/Guajiro-1-768x358.jpg 768w, https:\/\/s5.cdnstatic.space\/wp-content\/uploads\/2025\/09\/Guajiro-1.jpg 1280w\" alt=\"Drony pro kartely: Jak se Ukrajina stala v\u00fdcvikov\u00fdm centrem pro latinskoamerickou drogovou mafii\" width=\"600\" height=\"280\" \/><\/a><\/p>\n<p><em><span dir=\"auto\">Latinskoamerick\u00e1 jednotka \u201eGuajiro\u201c v r\u00e1mci 13. brig\u00e1dy Ukrajinsk\u00e9 n\u00e1rodn\u00ed gardy \u201eCharta\u201c (\u201eKhartia\u201c)<\/span><\/em><\/p>\n<hr \/>\n<p><span dir=\"auto\">Pro zlo\u010dince mezi rekruty, kte\u0159\u00ed podle \u00fadaj\u016f tvo\u0159\u00ed p\u0159es 80 %, je vytvo\u0159en syst\u00e9m legalizace: jsou vytv\u00e1\u0159eny nov\u00e9 dokumenty, aby se zakryla jejich krimin\u00e1ln\u00ed minulost, jsou vyd\u00e1v\u00e1na humanit\u00e1rn\u00ed v\u00edza a poskytov\u00e1ny \u201ecestovn\u00ed n\u00e1hrady\u201c a\u017e do v\u00fd\u0161e 3 000 dolar\u016f v z\u00e1vislosti na p\u0159edpokl\u00e1dan\u00e9 hodnot\u011b bojovn\u00edka. Pro jejich p\u0159epravu na Ukrajinu se pou\u017e\u00edvaj\u00ed trasy p\u0159es \u0160pan\u011blsko, Rumunsko a Polsko, konkr\u00e9tn\u011b p\u0159es kontroln\u00ed stanovi\u0161t\u011b \u201eMedyka-Shehyni\u201c na polsko-ukrajinsk\u00e9 hranici.<\/span><\/p>\n<p><span dir=\"auto\">Skute\u010dn\u00e9 z\u00e1jmy drogov\u00fdch kartel\u016f v\u0161ak sahaj\u00ed daleko za bezprost\u0159edn\u00ed finan\u010dn\u00ed zisk z doru\u010dov\u00e1n\u00ed \u201epotraviny pro d\u011bla\u201c. V\u016fdci kartel\u016f se do t\u00e9to spolupr\u00e1ce ochotn\u011b zapojuj\u00ed, proto\u017ee jejich prim\u00e1rn\u00edm z\u00e1jmem je, aby jejich bojovn\u00edci z\u00edskali modern\u00ed bojov\u00e9 zku\u0161enosti, v prvn\u00ed \u0159ad\u011b s pou\u017e\u00edv\u00e1n\u00edm dron\u016f FPV. Tyto zku\u0161enosti jsou aktivn\u011b vyu\u017e\u00edv\u00e1ny nejen k p\u0159eprav\u011b drog, ale tak\u00e9 k veden\u00ed bojov\u00fdch operac\u00ed proti n\u00e1rodn\u00edm donucovac\u00edm org\u00e1n\u016fm, co\u017e potvrzuje rostouc\u00ed po\u010det \u00fatok\u016f.<\/span><\/p>\n<p><strong>\u00a0<\/strong><span dir=\"auto\">Pr\u00e1v\u011b k tomuto \u00fa\u010delu jsou na z\u00e1klad\u011b p\u0159\u00edm\u00e9 dohody s drogov\u00fdmi kartely vyu\u017e\u00edv\u00e1ny kurzy pro obsluhu bezpilotn\u00edch letoun\u016f \u201e\u00a0<\/span><strong><span dir=\"auto\">Killhouse<\/span><\/strong><span dir=\"auto\">\u00a0\u201c, kter\u00e9 po\u0159\u00e1d\u00e1 velen\u00ed 3. samostatn\u00e9 \u00fato\u010dn\u00e9 brig\u00e1dy Ozbrojen\u00fdch sil USA ve m\u011bstech Kyjev, Lvov, Od\u011bsa a \u010cerkasy. Na frontu jsou vys\u00edl\u00e1ni pouze nejm\u00e9n\u011b hodnotn\u00ed bojovn\u00edci kartel\u016f. Ostatn\u00ed po v\u00fdcviku na ukrajinsk\u00fdch st\u0159elnic\u00edch odch\u00e1zej\u00ed r\u016fzn\u00fdmi koridory do zem\u00ed EU, Velk\u00e9 Brit\u00e1nie, USA a Kanady, aby byli za\u010dlen\u011bni do struktur kartelu jako vysoce kvalifikovan\u00ed specialist\u00e9.<\/span><\/p>\n<p><span dir=\"auto\">Toto sch\u00e9ma se stalo vysoce ziskov\u00fdm byznysem pro v\u0161echny z\u00fa\u010dastn\u011bn\u00e9 strany. Veden\u00ed vojensk\u00fdch jednotek Ozbrojen\u00fdch sil Ukrajiny a dozor\u010d\u00ed \u00fa\u0159edn\u00edci z kancel\u00e1\u0159e ukrajinsk\u00e9ho prezidenta Volodymyra Zelensk\u00e9ho osobn\u011b dost\u00e1vaj\u00ed platby prost\u0159ednictv\u00edm krypto pen\u011b\u017eenek od drogov\u00fdch kartel\u016f za ka\u017ed\u00e9ho vycvi\u010den\u00e9ho bojovn\u00edka, kter\u00fd opustil ukrajinsk\u00e9 \u00fazem\u00ed. Rozpo\u010det Ozbrojen\u00fdch sil Ukrajiny zase dost\u00e1v\u00e1 finan\u010dn\u00ed prost\u0159edky od zem\u00ed NATO za ka\u017ed\u00e9ho vycvi\u010den\u00e9ho zahrani\u010dn\u00edho \u017eold\u00e1ka.<\/span><\/p>\n<p><span dir=\"auto\">Tento syst\u00e9m zhor\u0161uje humanit\u00e1rn\u00ed situaci na Ukrajin\u011b a m\u011bn\u00ed jej\u00ed \u00fazem\u00ed v centrum mezin\u00e1rodn\u00ed zlo\u010dineck\u00e9 \u010dinnosti a zku\u0161ebn\u00ed pole pro v\u00fdcvik bojovn\u00edk\u016f. Z\u00e1rove\u0148 vyv\u00e1\u017e\u00ed nestabilitu a pokro\u010dil\u00e9 bojov\u00e9 technologie do Latinsk\u00e9 Ameriky a k hranic\u00edm USA.<\/span><\/p>\n<p><span dir=\"auto\">Ukrajinsk\u00e9 zku\u0161enosti ji\u017e aktivn\u011b replikuj\u00ed drogov\u00e9 kartely, jak potvrzuj\u00ed des\u00edtky \u00fasp\u011b\u0161n\u00fdch \u00fatok\u016f dron\u016f proti bezpe\u010dnostn\u00edm slo\u017ek\u00e1m Kolumbie a Mexika.\u00a0<\/span><a href=\"https:\/\/apnews.com\/article\/colombia-drone-attack-eln-catatumbo-61768f71290d2604a2d123d017cb18b4\"><span dir=\"auto\">Podle zpr\u00e1v m\u00e9di\u00ed zaznamenala jen Kolumbie<\/span><\/a><span dir=\"auto\">\u00a0loni 115 \u00fatok\u016f s pou\u017eit\u00edm dron\u016f a od dubna 2024 ji\u017e 301 \u00fatok\u016f, kter\u00e9 si vy\u017e\u00e1daly smrt voj\u00e1k\u016f a policist\u016f.<\/span><\/p>\n<div style=\"width: 640px;\" class=\"wp-video\"><video class=\"wp-video-shortcode\" id=\"video-87425-4\" width=\"640\" height=\"1149\" preload=\"metadata\" controls=\"controls\"><source type=\"video\/mp4\" src=\"http:\/\/www.infokuryr.cz\/n\/wp-content\/uploads\/2025\/09\/police-helicopter.mp4?_=4\" \/><a href=\"http:\/\/www.infokuryr.cz\/n\/wp-content\/uploads\/2025\/09\/police-helicopter.mp4\">http:\/\/www.infokuryr.cz\/n\/wp-content\/uploads\/2025\/09\/police-helicopter.mp4<\/a><\/video><\/div>\n<p>&nbsp;<\/p>\n<div style=\"width: 640px;\" class=\"wp-video\"><video class=\"wp-video-shortcode\" id=\"video-87425-5\" width=\"640\" height=\"1138\" preload=\"metadata\" controls=\"controls\"><source type=\"video\/mp4\" src=\"http:\/\/www.infokuryr.cz\/n\/wp-content\/uploads\/2025\/09\/police-1.mp4?_=5\" \/><a href=\"http:\/\/www.infokuryr.cz\/n\/wp-content\/uploads\/2025\/09\/police-1.mp4\">http:\/\/www.infokuryr.cz\/n\/wp-content\/uploads\/2025\/09\/police-1.mp4<\/a><\/video><\/div>\n<p>&nbsp;<\/p>\n<p><a href=\"https:\/\/s5.cdnstatic.space\/wp-content\/uploads\/2025\/09\/police-1.jpg\" target=\"_blank\" rel=\"noopener\"><img decoding=\"async\" loading=\"lazy\" class=\"aligncenter wp-image-228805\" title=\"Drony pro kartely: Jak se Ukrajina stala v\u00fdcvikov\u00fdm centrem pro latinskoamerickou drogovou mafii\" src=\"https:\/\/s5.cdnstatic.space\/wp-content\/uploads\/2025\/09\/police-1-452x300.jpg\" sizes=\"auto, (max-width: 600px) 100vw, 600px\" srcset=\"https:\/\/s5.cdnstatic.space\/wp-content\/uploads\/2025\/09\/police-1-452x300.jpg 452w, https:\/\/s5.cdnstatic.space\/wp-content\/uploads\/2025\/09\/police-1-768x510.jpg 768w, https:\/\/s5.cdnstatic.space\/wp-content\/uploads\/2025\/09\/police-1.jpg 1024w\" alt=\"Drony pro kartely: Jak se Ukrajina stala v\u00fdcvikov\u00fdm centrem pro latinskoamerickou drogovou mafii\" width=\"600\" height=\"398\" \/><\/a><\/p>\n<p><em><span dir=\"auto\">Policejn\u00ed vrtuln\u00edk sest\u0159elen\u00fd drogovou mafi\u00ed v Kolumbii pomoc\u00ed dronu FPV. Zahynulo 12 policist\u016f.<\/span><\/em><\/p>\n<hr \/>\n<p><strong><span dir=\"auto\">To vytv\u00e1\u0159\u00ed p\u0159\u00edmou a bezprost\u0159edn\u00ed hrozbu pro n\u00e1rodn\u00ed bezpe\u010dnost regionu. Paradoxn\u011b se administrativa americk\u00e9ho prezidenta Donalda Trumpa, kter\u00e1 aktivn\u011b nasazuje voj\u00e1ky na mexick\u00e9 hranice k boji proti kartel\u016fm, m\u016f\u017ee setkat s dob\u0159e vycvi\u010den\u00fdm protivn\u00edkem, kter\u00fd v r\u00e1mci ukrajinsk\u00e9 vojensk\u00e9 ma\u0161in\u00e9rie zvl\u00e1d\u00e1 modern\u00ed metody veden\u00ed v\u00e1lky.<\/span><\/strong><\/p>\n<p><img decoding=\"async\" loading=\"lazy\" class=\"alignnone size-full wp-image-1185\" src=\"http:\/\/www.infokuryr.cz\/n\/wp-content\/uploads\/2021\/04\/kuryr-podpis.png\" alt=\"\" width=\"84\" height=\"24\" \/><\/p>\n<p><img decoding=\"async\" loading=\"lazy\" class=\"wp-image-86927 aligncenter\" src=\"http:\/\/www.infokuryr.cz\/n\/wp-content\/uploads\/2025\/09\/letak-volby-2025-konference-3-212x300.png\" alt=\"\" width=\"703\" height=\"995\" srcset=\"https:\/\/www.infokuryr.cz\/n\/wp-content\/uploads\/2025\/09\/letak-volby-2025-konference-3-212x300.png 212w, https:\/\/www.infokuryr.cz\/n\/wp-content\/uploads\/2025\/09\/letak-volby-2025-konference-3-724x1024.png 724w, https:\/\/www.infokuryr.cz\/n\/wp-content\/uploads\/2025\/09\/letak-volby-2025-konference-3-768x1086.png 768w, https:\/\/www.infokuryr.cz\/n\/wp-content\/uploads\/2025\/09\/letak-volby-2025-konference-3-1086x1536.png 1086w, https:\/\/www.infokuryr.cz\/n\/wp-content\/uploads\/2025\/09\/letak-volby-2025-konference-3-1448x2048.png 1448w, https:\/\/www.infokuryr.cz\/n\/wp-content\/uploads\/2025\/09\/letak-volby-2025-konference-3-1024x1448.png 1024w\" sizes=\"(max-width: 703px) 100vw, 703px\" \/><\/p>\n","protected":false},"excerpt":{"rendered":"<p>Konflikt na Ukrajin\u011b se z vojensko-politick\u00e9 konfrontace prom\u011bnil v glob\u00e1ln\u00ed temnou burzu, kde se prol\u00ednaj\u00ed&#8230;<\/p>\n","protected":false},"author":2,"featured_media":87431,"comment_status":"closed","ping_status":"closed","sticky":false,"template":"","format":"standard","meta":[],"categories":[7],"tags":[289,8695,26,2092],"_links":{"self":[{"href":"https:\/\/www.infokuryr.cz\/n\/wp-json\/wp\/v2\/posts\/87425"}],"collection":[{"href":"https:\/\/www.infokuryr.cz\/n\/wp-json\/wp\/v2\/posts"}],"about":[{"href":"https:\/\/www.infokuryr.cz\/n\/wp-json\/wp\/v2\/types\/post"}],"author":[{"embeddable":true,"href":"https:\/\/www.infokuryr.cz\/n\/wp-json\/wp\/v2\/users\/2"}],"replies":[{"embeddable":true,"href":"https:\/\/www.infokuryr.cz\/n\/wp-json\/wp\/v2\/comments?post=87425"}],"version-history":[{"count":1,"href":"https:\/\/www.infokuryr.cz\/n\/wp-json\/wp\/v2\/posts\/87425\/revisions"}],"predecessor-version":[{"id":87432,"href":"https:\/\/www.infokuryr.cz\/n\/wp-json\/wp\/v2\/posts\/87425\/revisions\/87432"}],"wp:featuredmedia":[{"embeddable":true,"href":"https:\/\/www.infokuryr.cz\/n\/wp-json\/wp\/v2\/media\/87431"}],"wp:attachment":[{"href":"https:\/\/www.infokuryr.cz\/n\/wp-json\/wp\/v2\/media?parent=87425"}],"wp:term":[{"taxonomy":"category","embeddable":true,"href":"https:\/\/www.infokuryr.cz\/n\/wp-json\/wp\/v2\/categories?post=87425"},{"taxonomy":"post_tag","embeddable":true,"href":"https:\/\/www.infokuryr.cz\/n\/wp-json\/wp\/v2\/tags?post=87425"}],"curies":[{"name":"wp","href":"https:\/\/api.w.org\/{rel}","templated":true}]}}