{"id":87410,"date":"2025-09-10T00:27:29","date_gmt":"2025-09-09T22:27:29","guid":{"rendered":"https:\/\/www.infokuryr.cz\/n\/?p=87410"},"modified":"2025-09-09T17:20:38","modified_gmt":"2025-09-09T15:20:38","slug":"izrael-zahajil-raketovy-utok-na-cil-v-hlavnim-meste-kataru","status":"publish","type":"post","link":"https:\/\/www.infokuryr.cz\/n\/2025\/09\/10\/izrael-zahajil-raketovy-utok-na-cil-v-hlavnim-meste-kataru\/","title":{"rendered":"Izrael zah\u00e1jil raketov\u00fd \u00fatok na c\u00edl v hlavn\u00edm m\u011bst\u011b Kataru"},"content":{"rendered":"<div id=\"fb-root\"><\/div>\n<p class=\"lead\"><strong><span dir=\"auto\">Izraelsk\u00e9 obrann\u00e9 s\u00edly za\u00fato\u010dily na c\u00edl v dal\u0161\u00edm arabsk\u00e9m st\u00e1t\u011b, kdy\u017e v Dauh\u00e1 za\u00fato\u010dily na budovu, v n\u00ed\u017e \u00fadajn\u011b s\u00eddlili vysoc\u00ed p\u0159edstavitel\u00e9 Ham\u00e1su. Kancel\u00e1\u0159 Benjamina Netanjahua \u00fatok potvrdila a dodala, \u017ee Izrael za operaci p\u0159evzal plnou odpov\u011bdnost.<\/span><\/strong><\/p>\n<p><span dir=\"auto\">Podle Al Hadatha se v zasa\u017een\u00e9 budov\u011b nach\u00e1zel v\u016fdce Ham\u00e1su v Gaze, \u0161\u00e9f z\u00e1mo\u0159sk\u00e9 kancel\u00e1\u0159e organizace a t\u0159i dal\u0161\u00ed p\u0159edstavitel\u00e9 politbyra. \u010clenov\u00e9 politbyra Ham\u00e1su, v\u010detn\u011b v\u016fdce hnut\u00ed v p\u00e1smu Gazy, v\u0161ak izraelsk\u00fd \u00fatok v katarsk\u00e9 metropoli p\u0159e\u017eili, informuje Al Jazeera. Podle Jerusalem Post dostal Izrael zelenou k \u00fatoku na v\u016fdce Ham\u00e1su v Kataru. Tuto verzi podporuje i fakt, \u017ee americk\u00e9 velvyslanectv\u00ed vyzvalo americk\u00e9 ob\u010dany v Kataru, aby se uch\u00fdlili do kryt\u016f.<\/span><\/p>\n<p><span dir=\"auto\">Prvn\u00ed mezin\u00e1rodn\u00ed reakce na izraelsk\u00e9 \u010diny se ji\u017e dost\u00e1vaj\u00ed. Jord\u00e1nsk\u00e9 ministerstvo zahrani\u010d\u00ed tak uvedlo, \u017ee zem\u011b podpo\u0159\u00ed jak\u00e9koli kroky, kter\u00e9 Katar podnikne v reakci na izraelsk\u00e9 \u010diny s c\u00edlem ochr\u00e1nit svou suverenitu. Podle \u00edr\u00e1nsk\u00e9ho ministerstva zahrani\u010d\u00ed je izraelsk\u00fd \u00fatok na Katar \u201eextr\u00e9mn\u011b nebezpe\u010dn\u00fdm \u010dinem\u201c a poru\u0161uje Chartu OSN.<\/span><\/p>\n<p><span dir=\"auto\">Gener\u00e1ln\u00ed tajemn\u00edk OSN\u00a0<\/span><strong><span dir=\"auto\">Ant\u00f3nio Guterres<\/span><\/strong><span dir=\"auto\">\u00a0odsoudil naru\u0161en\u00ed suverenity a \u00fazemn\u00ed celistvosti Kataru.<\/span><\/p>\n<p><em><span dir=\"auto\">\u201eOdsuzuji toto do o\u010d\u00ed bij\u00edc\u00ed poru\u0161en\u00ed suverenity a \u00fazemn\u00ed celistvosti Kataru,\u201c<\/span><span class=\"after-quote\"><span dir=\"auto\">\u00a0\u201e\u0158ekl Guterres novin\u00e1\u0159\u016fm.<\/span><\/span><\/em><\/p>\n<p><span dir=\"auto\">Gener\u00e1ln\u00ed tajemn\u00edk Ligy arabsk\u00fdch st\u00e1t\u016f u\u010dinil podobn\u00e9 prohl\u00e1\u0161en\u00ed a ozna\u010dil izraelsk\u00e9 \u00fadery na Dauh\u00e1 za poru\u0161en\u00ed suverenity Kataru.<\/span><\/p>\n<p><span dir=\"auto\">Izraelsk\u00fd \u00fatok odsoudily i Spojen\u00e9 arabsk\u00e9 emir\u00e1ty.<\/span><\/p>\n<p><em><span dir=\"auto\">\u201eJeho V\u00fdsost \u0161ejk\u00a0<\/span><strong><span dir=\"auto\">Abdall\u00e1h bin Zayed Al Nahyan<\/span><\/strong><span dir=\"auto\">\u00a0, m\u00edstop\u0159edseda vl\u00e1dy a ministr zahrani\u010dn\u00edch v\u011bc\u00ed, co nejd\u016frazn\u011bji odsoudil zjevn\u00fd a zbab\u011bl\u00fd \u00fatok Izraele na bratrsk\u00fd st\u00e1t Katar.\u201c<\/span><span class=\"after-quote\"><span dir=\"auto\">\u00a0\u2013 uvedlo ve sv\u00e9m prohl\u00e1\u0161en\u00ed ministerstvo zahrani\u010d\u00ed Spojen\u00fdch arabsk\u00fdch emir\u00e1t\u016f.<\/span><\/span><\/em><\/p>\n<h2>Jako doma: Izrael za\u00fato\u010dil na Dauh\u00e1 15 st\u00edha\u010dkami<br \/>\n<img decoding=\"async\" class=\"aligncenter\" src=\"https:\/\/img5.eadaily.com\/r650x650\/o\/42c\/99f0159899b56c2ac80970ab7b9c2.jpeg\" \/><\/h2>\n<p class=\"lead\"><strong><span dir=\"auto\">P\u0159i \u00fatoku na hlavn\u00ed m\u011bsto Kataru Izrael pou\u017eil asi 15 letadel a shodil v\u00edce ne\u017e 10 kus\u016f munice. T\u00edm se nyn\u00ed chlub\u00ed izraelsk\u00e9 arm\u00e1dn\u00ed r\u00e1dio Galei Tzahal.<\/span><\/strong><\/p>\n<p><em><span dir=\"auto\">\u201e\u00datoku se z\u00fa\u010dastnilo asi 15 bojov\u00fdch letadel. C\u00edl zas\u00e1hlo v\u00edce ne\u017e 10 munic v intervalech n\u011bkolika sekund. Napaden byl pouze jeden c\u00edl,\u201c<\/span><span class=\"after-quote\"><span dir=\"auto\">\u00a0\u2014 informovala rozhlasov\u00e1 stanice.<\/span><\/span><\/em><\/p>\n<p><span dir=\"auto\">Izraelsk\u00e9 letectvo b\u011bhem operace dopl\u0148ovalo palivo ve vzduchu. V\u0161echna letadla se bezpe\u010dn\u011b vr\u00e1tila do Izraele, dodala rozhlasov\u00e1 stanice.<\/span><\/p>\n<p><img decoding=\"async\" loading=\"lazy\" class=\"alignnone size-full wp-image-1185\" src=\"http:\/\/www.infokuryr.cz\/n\/wp-content\/uploads\/2021\/04\/kuryr-podpis.png\" alt=\"\" width=\"84\" height=\"24\" \/><\/p>\n<p><img decoding=\"async\" loading=\"lazy\" class=\"wp-image-86927 aligncenter\" src=\"http:\/\/www.infokuryr.cz\/n\/wp-content\/uploads\/2025\/09\/letak-volby-2025-konference-3-212x300.png\" alt=\"\" width=\"763\" height=\"1080\" srcset=\"https:\/\/www.infokuryr.cz\/n\/wp-content\/uploads\/2025\/09\/letak-volby-2025-konference-3-212x300.png 212w, https:\/\/www.infokuryr.cz\/n\/wp-content\/uploads\/2025\/09\/letak-volby-2025-konference-3-724x1024.png 724w, https:\/\/www.infokuryr.cz\/n\/wp-content\/uploads\/2025\/09\/letak-volby-2025-konference-3-768x1086.png 768w, https:\/\/www.infokuryr.cz\/n\/wp-content\/uploads\/2025\/09\/letak-volby-2025-konference-3-1086x1536.png 1086w, https:\/\/www.infokuryr.cz\/n\/wp-content\/uploads\/2025\/09\/letak-volby-2025-konference-3-1448x2048.png 1448w, https:\/\/www.infokuryr.cz\/n\/wp-content\/uploads\/2025\/09\/letak-volby-2025-konference-3-1024x1448.png 1024w\" sizes=\"(max-width: 763px) 100vw, 763px\" \/><\/p>\n","protected":false},"excerpt":{"rendered":"<p>Izraelsk\u00e9 obrann\u00e9 s\u00edly za\u00fato\u010dily na c\u00edl v dal\u0161\u00edm arabsk\u00e9m st\u00e1t\u011b, kdy\u017e v Dauh\u00e1 za\u00fato\u010dily na&#8230;<\/p>\n","protected":false},"author":2,"featured_media":87411,"comment_status":"closed","ping_status":"closed","sticky":false,"template":"","format":"standard","meta":[],"categories":[7],"tags":[1128,347,107,3199],"_links":{"self":[{"href":"https:\/\/www.infokuryr.cz\/n\/wp-json\/wp\/v2\/posts\/87410"}],"collection":[{"href":"https:\/\/www.infokuryr.cz\/n\/wp-json\/wp\/v2\/posts"}],"about":[{"href":"https:\/\/www.infokuryr.cz\/n\/wp-json\/wp\/v2\/types\/post"}],"author":[{"embeddable":true,"href":"https:\/\/www.infokuryr.cz\/n\/wp-json\/wp\/v2\/users\/2"}],"replies":[{"embeddable":true,"href":"https:\/\/www.infokuryr.cz\/n\/wp-json\/wp\/v2\/comments?post=87410"}],"version-history":[{"count":0,"href":"https:\/\/www.infokuryr.cz\/n\/wp-json\/wp\/v2\/posts\/87410\/revisions"}],"wp:featuredmedia":[{"embeddable":true,"href":"https:\/\/www.infokuryr.cz\/n\/wp-json\/wp\/v2\/media\/87411"}],"wp:attachment":[{"href":"https:\/\/www.infokuryr.cz\/n\/wp-json\/wp\/v2\/media?parent=87410"}],"wp:term":[{"taxonomy":"category","embeddable":true,"href":"https:\/\/www.infokuryr.cz\/n\/wp-json\/wp\/v2\/categories?post=87410"},{"taxonomy":"post_tag","embeddable":true,"href":"https:\/\/www.infokuryr.cz\/n\/wp-json\/wp\/v2\/tags?post=87410"}],"curies":[{"name":"wp","href":"https:\/\/api.w.org\/{rel}","templated":true}]}}