{"id":87341,"date":"2025-09-09T00:29:53","date_gmt":"2025-09-08T22:29:53","guid":{"rendered":"https:\/\/www.infokuryr.cz\/n\/?p=87341"},"modified":"2025-09-08T19:57:33","modified_gmt":"2025-09-08T17:57:33","slug":"ondrej-prokop-hrib-stavi-luxusni-vilu-za-25-milionu-cechum-ale-pirati-vystavbu-zablokovali","status":"publish","type":"post","link":"https:\/\/www.infokuryr.cz\/n\/2025\/09\/09\/ondrej-prokop-hrib-stavi-luxusni-vilu-za-25-milionu-cechum-ale-pirati-vystavbu-zablokovali\/","title":{"rendered":"Ond\u0159ej Prokop: H\u0159ib stav\u00ed luxusn\u00ed vilu za 25 milion\u016f. \u010cech\u016fm ale Pir\u00e1ti v\u00fdstavbu zablokovali"},"content":{"rendered":"<div id=\"fb-root\"><\/div>\n<p>Zden\u011bk H\u0159ib si stav\u00ed luxusn\u00ed vilu za 25 milion\u016f K\u010d. Zat\u00edmco lid\u00e9 se st\u011bhuj\u00ed z m\u011bsta kv\u016fli cen\u00e1m pry\u010d, Pir\u00e1ti jim z deseti tis\u00edc sl\u00edben\u00fdch byt\u016f nepostavili ani jeden. Te\u010f p\u0159i\u0161li s je\u0161t\u011b absurdn\u011bj\u0161\u00edm p\u0159\u00edslibem. Pr\u00fd postav\u00ed dokonce 200 tis\u00edc domov\u016f!<\/p>\n<p>\ud83d\udc49 &#8222;Na to prost\u011b u\u017e nem\u00e1me,&#8220; a &#8222;Rodiny ve finan\u010dn\u00ed t\u00edsni \u010dek\u00e1 nejhor\u0161\u00ed m\u011bs\u00edc,&#8220; psaly Seznam Zpr\u00e1vy. Zat\u00edmco se minist\u0159i dohaduj\u00ed, kam nalij\u00ed miliardy, \u0159ada lid\u00ed po\u010d\u00edt\u00e1 ka\u017edou korunu, aby v\u016fbec vy\u0161li.<\/p>\n<p>\ud83d\udc49 A pokud byste si mysleli, \u017ee vl\u00e1da snad souc\u00edt\u00ed se sv\u00fdmi ob\u010dany, tak v\u00e1s mo\u017en\u00e1 p\u0159ekvap\u00ed p\u0159ehled o jejich platech. Berou i p\u0159es 5 milion\u016f ro\u010dn\u011b. Fiala je dokonce a\u017e \u010dtrn\u00e1ct\u00fd nejl\u00e9pe placen\u00fd politik ze v\u0161ech sv\u00fdch koleg\u016f.<\/p>\n<p>\ud83d\udc49 Hnut\u00ed ANO p\u0159edstavilo podrobn\u00fd program toho, jak chceme zlep\u0161it \u017eivot v \u010cesk\u00e9 republice, v\u010detn\u011b informac\u00ed, kde na to vz\u00edt pen\u00edze. Porovnejte s &#8222;programem&#8220; koalice Spolu, kter\u00fd je cel\u00fd zalo\u017een jen a pouze na strachu, Rusku a Antibabi\u0161ovi.<\/p>\n<p><img decoding=\"async\" loading=\"lazy\" class=\"wp-image-85920 aligncenter\" src=\"http:\/\/www.infokuryr.cz\/n\/wp-content\/uploads\/2025\/08\/pozvaniV-300x140.jpg\" alt=\"\" width=\"690\" height=\"322\" srcset=\"https:\/\/www.infokuryr.cz\/n\/wp-content\/uploads\/2025\/08\/pozvaniV-300x140.jpg 300w, https:\/\/www.infokuryr.cz\/n\/wp-content\/uploads\/2025\/08\/pozvaniV-768x360.jpg 768w, https:\/\/www.infokuryr.cz\/n\/wp-content\/uploads\/2025\/08\/pozvaniV.jpg 925w\" sizes=\"(max-width: 690px) 100vw, 690px\" \/><\/p>\n<p>\ud83d\udc49 Fiala jednal s Evropskou radou ohledn\u011b zm\u00edrn\u011bn\u00ed emisn\u00edch povolenek. Co ta n\u00e1hl\u00e1 zm\u011bna? Je\u0161t\u011b ned\u00e1vno von der Leyenov\u00e1 d\u011bkovala Petru Fialovi za to, \u017ee pr\u00e1v\u011b i d\u00edky \u010cesku se poda\u0159il prosadit p\u0159\u00edsn\u00fd zelen\u00fd bal\u00ed\u010dek FIT55.<\/p>\n<p>\ud83d\udc49 Kone\u010dn\u011b za\u010d\u00edn\u00e1me vid\u011bt, o kolik \u010cesko p\u0159ijde kv\u016fli Bla\u017ekov\u011b bitcoin\u016fm. Podle ministryn\u011b Decroix budeme vracet des\u00edtky mili\u00f3n\u016f korun. Premi\u00e9r se tv\u00e1\u0159\u00ed jakoby nic a \u0159\u00edk\u00e1, \u017ee st\u00e1tu \u017e\u00e1dn\u00e1 \u0161koda nevznikla. S\u00e1m Bla\u017eek jde je\u0161t\u011b d\u00e1l. Podle n\u011bj jsou \u017ealobci v kauze \u00fahlavn\u00edmi nep\u0159\u00e1teli ODS.<\/p>\n<p>\ud83d\udc49 Podle Stanjury nejsou pen\u00edze na stavbu d\u00e1lnic. A vlastn\u011b ani na skoro nic jin\u00e9ho. Jeho katastrof\u00e1ln\u00ed rozpo\u010det na\u0161tval i kolegy z vlastn\u00ed strany. Ministr Kupka (tak\u00e9 ODS) zu\u0159\u00ed a po\u017eaduje o 60 miliard v\u00edc. Dok\u00e1\u017ee se tahle vl\u00e1da v\u016fbec na n\u011b\u010dem domluvit?<\/p>\n<p>\ud83d\udc49 Des\u00edtky milion\u016f ro\u010dn\u011b se utr\u00e1c\u00ed za r\u016fzn\u00e9 projektov\u00e1n\u00ed, ale nepostavili v Praze zat\u00edm ani jeden byt. \u010c\u00edm d\u00e1l v\u00edc ob\u010dan\u016f tak pochopiteln\u011b ut\u00edk\u00e1 do St\u0159edo\u010desk\u00e9ho kraje. Jejich doj\u00ed\u017ed\u011bn\u00ed do pr\u00e1ce ale pak je\u0161t\u011b v\u00edce zesiluje u\u017e tak obrovsk\u00fd n\u00e1por na dopravu, kterou op\u011bt pr\u00e1v\u011b Pir\u00e1ti zmatlali.<\/p>\n<p>\ud83d\udc49 Trochu zapr\u0161\u00ed a co se stane? Do stanic metra zat\u00e9kaj\u00ed p\u0159\u00edvaly vody. Takhle se H\u0159ib star\u00e1 o MHD, kter\u00fdm se tak r\u00e1d chlub\u00ed?<\/p>\n<p>\ud83d\udc49 Pra\u017esk\u00e9 \u0161koly postupn\u011b m\u011bn\u00ed j\u00eddeln\u00ed\u010dky podle nov\u00e9 vl\u00e1dn\u00ed vyhl\u00e1\u0161ky. Vl\u00e1da nak\u00e1zala va\u0159it v\u00edce lu\u0161t\u011bnin, ryb a zdrav\u00e9ho j\u00eddla. Bohulib\u00fd z\u00e1m\u011br, ale ot\u00e1zka je, zda takhle intenzivn\u00ed zm\u011bna nep\u0159inese nakonec v\u00edc \u0161kody ne\u017e u\u017eitku.<\/p>\n<p>To v\u0161e a mnohem v\u00edc se dozv\u00edte ve 147. d\u00edlu m\u00e9ho politick\u00e9ho podcastu. D\u011bkuji v\u00e1m p\u0159edem za zhl\u00e9dnut\u00ed a pros\u00edm o dal\u0161\u00ed sd\u00edlen\u00ed, a\u0165 se pravdu dozv\u00ed co nejv\u00edc lid\u00ed! T\u011b\u0161\u00edm se na dotazy i koment\u00e1\u0159e!<\/p>\n<p><iframe loading=\"lazy\" title=\"H\u0159ib stav\u00ed luxusn\u00ed vilu za 25 milion\u016f. \u010cech\u016fm ale Pir\u00e1ti v\u00fdstavbu zablokovali. | \u010cau Praho #147\" width=\"640\" height=\"360\" src=\"https:\/\/www.youtube.com\/embed\/aX8hvDC4daM?feature=oembed\" frameborder=\"0\" allow=\"accelerometer; autoplay; clipboard-write; encrypted-media; gyroscope; picture-in-picture; web-share\" referrerpolicy=\"strict-origin-when-cross-origin\" allowfullscreen><\/iframe><\/p>\n<h4>Ing. Ond\u0159ej Prokop<\/h4>\n<p><img decoding=\"async\" loading=\"lazy\" class=\"wp-image-86739 aligncenter\" src=\"http:\/\/www.infokuryr.cz\/n\/wp-content\/uploads\/2025\/08\/volby-program-211x300.png\" alt=\"\" width=\"823\" height=\"1170\" srcset=\"https:\/\/www.infokuryr.cz\/n\/wp-content\/uploads\/2025\/08\/volby-program-211x300.png 211w, https:\/\/www.infokuryr.cz\/n\/wp-content\/uploads\/2025\/08\/volby-program-721x1024.png 721w, https:\/\/www.infokuryr.cz\/n\/wp-content\/uploads\/2025\/08\/volby-program-768x1091.png 768w, https:\/\/www.infokuryr.cz\/n\/wp-content\/uploads\/2025\/08\/volby-program-1081x1536.png 1081w, https:\/\/www.infokuryr.cz\/n\/wp-content\/uploads\/2025\/08\/volby-program-1442x2048.png 1442w, https:\/\/www.infokuryr.cz\/n\/wp-content\/uploads\/2025\/08\/volby-program-1024x1455.png 1024w\" sizes=\"(max-width: 823px) 100vw, 823px\" \/><\/p>\n<p>&nbsp;<\/p>\n","protected":false},"excerpt":{"rendered":"<p>Zden\u011bk H\u0159ib si stav\u00ed luxusn\u00ed vilu za 25 milion\u016f K\u010d. Zat\u00edmco lid\u00e9 se st\u011bhuj\u00ed z&#8230;<\/p>\n","protected":false},"author":2,"featured_media":67844,"comment_status":"closed","ping_status":"closed","sticky":false,"template":"","format":"standard","meta":[],"categories":[6],"tags":[3563,1001,1503,137,889],"_links":{"self":[{"href":"https:\/\/www.infokuryr.cz\/n\/wp-json\/wp\/v2\/posts\/87341"}],"collection":[{"href":"https:\/\/www.infokuryr.cz\/n\/wp-json\/wp\/v2\/posts"}],"about":[{"href":"https:\/\/www.infokuryr.cz\/n\/wp-json\/wp\/v2\/types\/post"}],"author":[{"embeddable":true,"href":"https:\/\/www.infokuryr.cz\/n\/wp-json\/wp\/v2\/users\/2"}],"replies":[{"embeddable":true,"href":"https:\/\/www.infokuryr.cz\/n\/wp-json\/wp\/v2\/comments?post=87341"}],"version-history":[{"count":0,"href":"https:\/\/www.infokuryr.cz\/n\/wp-json\/wp\/v2\/posts\/87341\/revisions"}],"wp:featuredmedia":[{"embeddable":true,"href":"https:\/\/www.infokuryr.cz\/n\/wp-json\/wp\/v2\/media\/67844"}],"wp:attachment":[{"href":"https:\/\/www.infokuryr.cz\/n\/wp-json\/wp\/v2\/media?parent=87341"}],"wp:term":[{"taxonomy":"category","embeddable":true,"href":"https:\/\/www.infokuryr.cz\/n\/wp-json\/wp\/v2\/categories?post=87341"},{"taxonomy":"post_tag","embeddable":true,"href":"https:\/\/www.infokuryr.cz\/n\/wp-json\/wp\/v2\/tags?post=87341"}],"curies":[{"name":"wp","href":"https:\/\/api.w.org\/{rel}","templated":true}]}}