{"id":87287,"date":"2025-09-08T05:33:30","date_gmt":"2025-09-08T03:33:30","guid":{"rendered":"https:\/\/www.infokuryr.cz\/n\/?p=87287"},"modified":"2025-09-08T05:33:30","modified_gmt":"2025-09-08T03:33:30","slug":"michael-svatos-putin-vcera-odhodil-rukavice-a-leyen-a-kallasova-uz-odletaji-zasmelit-ukrajinu-skupine-brics","status":"publish","type":"post","link":"https:\/\/www.infokuryr.cz\/n\/2025\/09\/08\/michael-svatos-putin-vcera-odhodil-rukavice-a-leyen-a-kallasova-uz-odletaji-zasmelit-ukrajinu-skupine-brics\/","title":{"rendered":"Michael Svato\u0161: Putin v\u010dera odhodil rukavice a Leyen a Kallasov\u00e1 u\u017e odl\u00e9taj\u00ed za\u0161melit Ukrajinu skupin\u011b BRICS!"},"content":{"rendered":"<div id=\"fb-root\"><\/div>\n<h3>Putin v\u010dera odhodil rukavice a Leyen a Kallasov\u00e1 u\u017e odl\u00e9taj\u00ed za\u0161melit Ukrajinu skupin\u011b BRICS! Bruselsk\u00e1 podpora v\u00e1lky na Ukrajin\u011b se zvrh\u00e1v\u00e1 ve fra\u0161ku!<\/h3>\n<p>Z\u00e1padn\u00ed Evropa se hrout\u00ed, jak dlouhodob\u011b analyzujeme, a p\u0159\u00edznaky jej\u00edho p\u00e1du se u\u017e za\u010d\u00ednaj\u00ed naprosto nep\u0159ehl\u00e9dnuteln\u011b mno\u017eit. Tento neblah\u00fd latentn\u00ed stav Evropy st\u00e1le prohlubovan\u00fd bruselsk\u00fdmi Eurokraty, a jejich dom\u00e1c\u00edmi politick\u00fdmi nohsledy,\u00a0<a href=\"https:\/\/telex.hu\/belfold\/2025\/09\/07\/orban-viktor-kotcsei-piknik-beszed\">v\u010dera ve vesnici K\u00f6tsce na tradi\u010dn\u00edm shrom\u00e1\u017ed\u011bn\u00ed sv\u00fdch p\u0159\u00edznivc\u016f potvrdil i Viktor Orb\u00e1n<\/a>. Ten prohl\u00e1sil, \u017ee Rusko ve v\u00e1lce na Ukrajin\u011b jasn\u011b zv\u00edt\u011bz\u00ed, \u017ee Putin ve v\u00e1lce neselhal, a \u017ee Ukrajina bude po v\u00e1lce rozd\u011blena, a \u017ee zam\u00fd\u0161len\u00e9 poskytnut\u00ed bezpe\u010dnostn\u00edch garanc\u00ed zbytku Ukrajiny Bruselem toto rusk\u00e9 v\u00edt\u011bzstv\u00ed u\u017e defacto potvrzuje.<\/p>\n<p>A varoval, \u017ee pokud v Bruselu nedojde k razantn\u00ed politick\u00e9 zm\u011bn\u011b, m\u016f\u017ee se rozpo\u010det EU na roky 2028-35 st\u00e1t posledn\u00edm rozpo\u010dtem EU.<\/p>\n<p>A d\u00e1le \u0159ekl, \u017ee EU vstoupila do stavu rozpadu a fragmentace, a: \u201ePokud to takto p\u016fjde d\u00e1l. A je velk\u00e1 \u0161ance, \u017ee to tak bude. Evropsk\u00e1 unie vstoup\u00ed do d\u011bjin jako zklam\u00e1n\u00ed z u\u0161lechtil\u00e9ho experimentu.\u201d.<\/p>\n<p>A \u017ee p\u0159edchoz\u00ed americk\u00e1 administrativa prezidenta Joe Bidena: \u201e<a href=\"https:\/\/dailynewshungary.com\/orban-threat-eu-collapse-victory-plan\/\">otev\u0159en\u011b prosazovala nastolen\u00ed jin\u00e9ho politick\u00e9ho re\u017eimu v Rusku. A z toho se nyn\u00ed stala ekonomick\u00e1 a finan\u010dn\u00ed sout\u011b\u017e mezi EU a Ruskem. A v n\u00ed jsou Rusov\u00e9 v tuto chv\u00edli na stran\u011b v\u00edt\u011bz\u016f. A tato situace je sice oslab\u00ed, ale n\u00e1s zem\u011b EU ochrom\u00ed<\/a>.\u201d.<\/p>\n<p>A d\u00e1le \u0159ekl, \u017ee USA pod veden\u00edm prezidenta Donalda Trumpa nyn\u00ed ukon\u010duj\u00ed \u201cexport demokracie do v\u0161ech zem\u00ed sv\u011bta\u201d, a \u017ee cel\u00fd sv\u011bt se tak vrac\u00ed do b\u00fdval\u00e9 \u00e9ry politiky velmoc\u00ed, a bude n\u00e1sledn\u011b rozd\u011blen na jednotliv\u00e9 region\u00e1ln\u00ed politicko-ekonomick\u00e9 bloky, a ty mezi sebou budou sout\u011b\u017eit.<\/p>\n<p>\u00c9ra jednotn\u00e9 \u201cbruselizace\u201d cel\u00e9 Evropy tak logicky podle Orb\u00e1na kon\u010d\u00ed, a s n\u00ed bude vzr\u016fstat i v\u00fdznam St\u0159edn\u00ed Evropy jako v\u00edce samostatn\u00e9ho ekonomicko-politick\u00e9ho celku s podobn\u00fdmi z\u00e1jmy. Evropskou Unii je podle Orb\u00e1na tak t\u0159eba roz\u010dlenit do n\u011bkolika v\u011bt\u0161\u00edch geopolitick\u00fdch \u201ckruh\u016f\u201d, kter\u00e9 sd\u00edlej\u00ed r\u016fzn\u00e9 spole\u010dn\u00e9 v\u00fdhody, ale nejsou na\u0159\u00edzen\u00edmi z Bruselu homogenizov\u00e1ny do jednotn\u00e9 standardizovan\u00e9 podoby, kter\u00e1 vyhovuje pouze bruselsk\u00fdm Eurokrat\u016fm. V nov\u00e9 Evrop\u011b \u201cnez\u00e1visl\u00fdch soust\u0159edn\u00fdch kruh\u016f\u201d si Orb\u00e1n dovede p\u0159edstavit, jak prohl\u00e1sil, i Velkou Brit\u00e1nii, i Turecko, i zbytek Ukrajiny.<\/p>\n<div id=\"attachment_20221\" class=\"wp-caption aligncenter\" style=\"width: 873px;\"><img decoding=\"async\" loading=\"lazy\" class=\" wp-image-20221\" src=\"https:\/\/www.michalapetr.com\/wp-content\/uploads\/2025\/09\/aa884bac6c3948aea95c6d40eb216ac4.jpg\" sizes=\"(max-width: 1347px) 100vw, 1347px\" srcset=\"https:\/\/www.michalapetr.com\/wp-content\/uploads\/2025\/09\/aa884bac6c3948aea95c6d40eb216ac4.jpg 1347w, https:\/\/www.michalapetr.com\/wp-content\/uploads\/2025\/09\/aa884bac6c3948aea95c6d40eb216ac4-300x169.jpg 300w, https:\/\/www.michalapetr.com\/wp-content\/uploads\/2025\/09\/aa884bac6c3948aea95c6d40eb216ac4-1030x580.jpg 1030w, https:\/\/www.michalapetr.com\/wp-content\/uploads\/2025\/09\/aa884bac6c3948aea95c6d40eb216ac4-768x432.jpg 768w, https:\/\/www.michalapetr.com\/wp-content\/uploads\/2025\/09\/aa884bac6c3948aea95c6d40eb216ac4-705x397.jpg 705w, https:\/\/www.michalapetr.com\/wp-content\/uploads\/2025\/09\/aa884bac6c3948aea95c6d40eb216ac4-450x253.jpg 450w\" alt=\"\" width=\"873\" height=\"491\" aria-describedby=\"caption-attachment-20221\" \/><\/p>\n<p id=\"caption-attachment-20221\" class=\"wp-caption-text\">Premi\u00e9r Ma\u010farska Victor Orb\u00e1n v\u010dera na shrom\u00e1\u017ed\u011bn\u00ed v K\u00f6tcse. Zdroj: Komunika\u010dn\u00ed odd\u011blen\u00ed premi\u00e9ra\/Zoltan Fischer<\/p>\n<\/div>\n<p>Orb\u00e1nova vize dal\u0161\u00edho sm\u011b\u0159ov\u00e1n\u00ed EU se tak n\u00e1padn\u011b podob\u00e1 decentralizovan\u00e9mu pojet\u00ed organizace BRICS, kter\u00e1 je defacto Orb\u00e1nov\u00fdmi nez\u00e1visl\u00fdmi soust\u0159edn\u00fdmi kruhy tvo\u0159ena. Pokud po v\u00e1lce na Ukrajin\u011b dojde ke fragmentaci EU, jak Orb\u00e1n avizuje, \u017ee nastane, kdy\u017e nedojde k rychl\u00e9mu vyhn\u00e1n\u00ed Eurokrat\u016f z Bruselu, i z vl\u00e1d v\u0161ech zem\u00ed EU, pak je mo\u017en\u00e9 p\u0159edpokl\u00e1dat, \u017ee jednotliv\u00e9, zejm\u00e9na v\u00fdchodoevropsk\u00e9 zem\u011b budou sou\u010dasn\u011b \u010dleny kruh\u016f Bruselu i BRICS. A nastane tak stav, kter\u00fd defacto Putin vyhl\u00e1sil za sv\u016fj kone\u010dn\u00fd politick\u00fd c\u00edl u\u017e na konferenci v Mnichov\u011b v roce 2007, a kter\u00fd v\u0161echny tehdej\u0161\u00ed americk\u00e9 i evropsk\u00e9 vl\u00e1dnouc\u00ed \u201cv\u00fdvozce z\u00e1padn\u00ed demokracie\u201d tak do b\u011bla rozzu\u0159il, \u017ee\u00a0<a href=\"https:\/\/www.irozhlas.cz\/zpravy-svet\/putinuv-ostry-projev-v-mnichove-vyvolal-vlnu-kritiky_200702111849_mtaborska\">i tehdej\u0161\u00ed \u0161\u00e9f \u010desk\u00e9 diplomacie Karel Schwarzenberg byl vl\u00e1dou Mirka Topol\u00e1nka<\/a>\u00a0(ODS, KD\u00da-\u010cSL a Zelen\u00ed) ofici\u00e1ln\u011b pov\u011b\u0159en, aby za \u010ceskou republiku vyj\u00e1d\u0159il ostrou kritiku tohoto Putinova projevu.<\/p>\n<p>V noci ze soboty na ned\u011bli 7. z\u00e1\u0159\u00ed podniklo Rusko dal\u0161\u00ed masivn\u00ed n\u00e1let 800 drony a raketami na Ukrajinu, a tamn\u00ed re\u017eim podle sv\u00e9ho ust\u00e1len\u00e9ho sc\u00e9n\u00e1\u0159e, jak n\u00e1sledky t\u011bchto rusk\u00fdch \u00fatok\u016f medi\u00e1ln\u011b i politicky vyu\u017e\u00edvat ke zvy\u0161ov\u00e1n\u00ed tlaku na zem\u011b Z\u00e1padu,\u00a0<a href=\"https:\/\/www.unian.ua\/war\/volodimir-zelenskiy-novini-prezident-zaklikav-soyuznikiv-vidmovitisya-vid-nafti-i-gazu-z-rf-13123167.html\">aby se je\u0161t\u011b aktivn\u011bji zapojily do prob\u00edhaj\u00edc\u00ed v\u00e1lky proti Rusku<\/a>, spustil tradi\u010dn\u00ed medi\u00e1ln\u00ed i politickou mas\u00e1\u017e.<\/p>\n<p>Na ni jako prvn\u00ed reagoval v\u016fdce tzv. v\u00e1le\u010dnick\u00e9 frakce uvnit\u0159 n\u011bmeck\u00e9 strany CDU premi\u00e9ra Merze, b\u00fdval\u00fd d\u016fstojn\u00edk Bundeswehru Roderich Kiesewetter, a ten v\u010dera vyzval,\u00a0<a href=\"https:\/\/www.unian.ua\/weapons\/taurus-dlya-ukrajini-u-nimechchini-zaklikali-perestati-raekti-kiyevu-13123149.html\">aby Ukrajina v reakci na posledn\u00ed masivn\u00ed rusk\u00fd \u00fatok obdr\u017eela n\u011bmeck\u00e9 rakety Taurus i povolen\u00ed je odpalovat kamkoli do Ruska<\/a>,\u00a0a vychvaloval baltsk\u00e9 zem\u011b EU za mnohem agresivn\u011bj\u0161\u00ed protiruskou politiku, ne\u017e nyn\u00ed projevuje N\u011bmecko. Kiesewetter v\u0161ak nem\u00e1 v CDU zrovna na r\u016f\u017e\u00edch ustl\u00e1no, a jeho vliv kon\u010d\u00ed u hlasit\u00fdch medi\u00e1ln\u00edch v\u00fdk\u0159ik\u016f. Kiesewetter v lednu 2025 mimo\u0159\u00e1dn\u011b rozzu\u0159il kancl\u00e9\u0159e Merze, kdy\u017e byl jedn\u00edm ze 12 poslanc\u016f CDU \u2013 sabot\u00e9r\u016f,\u00a0<a href=\"https:\/\/www.reuters.com\/world\/europe\/far-right-could-enable-law-first-time-modern-german-history-2025-01-31\/\">kte\u0159\u00ed torp\u00e9dovali v Bundestagu p\u0159ijet\u00ed zp\u0159\u00edsn\u011bn\u00e9ho protiimigra\u010dn\u00edho z\u00e1kona<\/a>,\u00a0kter\u00fd se Merzova vl\u00e1da sna\u017eila zoufale protla\u010dit. Kiesewetter se sice po hlasov\u00e1n\u00ed vymlouval, \u017ee se nikdy nem\u016f\u017ee poskvrnit spole\u010dn\u00fdm hlasov\u00e1n\u00edm s poslanci AfD, le\u010d v\u0161ichni si ho pamatuj\u00ed jako zavil\u00e9ho p\u0159\u00edznivce voln\u00e9 imigrace do N\u011bmecka. V roce 2020 t\u0159eba Kiesewetter podepsal tzv. v\u00fdhru\u017en\u00fd dopis 16-cti poslanc\u016f adresovan\u00fd n\u011bmeck\u00e9mu ministrovi vnitra Horstu Seehofer (vl\u00e1da Angely Merkel),\u00a0<a href=\"https:\/\/www.sueddeutsche.de\/politik\/norbert-roettgen-moria-cdu-laschet-1.5028610\">a v n\u011bm po\u017eadoval okam\u017eit\u011b do N\u011bmecka importovat 5000 syrsk\u00fdch uprchl\u00edk\u016f zadr\u017een\u00fdch v \u0158ecku p\u0159i neleg\u00e1ln\u00edm pr\u016fniku na \u00fazem\u00ed EU z Turecka<\/a>. Kiesewetter se p\u0159i hlasov\u00e1n\u00ed o n\u00e1stupci Angely Merklov\u00e9 nav\u00edc sna\u017eil m\u00edsto Merze dosadit je\u0161t\u011b mnohem komi\u010dt\u011bj\u0161\u00edho n\u011bmeck\u00e9ho politika Armina Lascheta, zn\u00e1m\u00e9ho t\u00edm, \u017ee neust\u00e1le v\u0161ude tajemn\u011b nazna\u010duje,\u00a0<a href=\"https:\/\/www.faz.net\/aktuell\/gesellschaft\/menschen\/stammt-armin-laschet-von-karl-dem-grossen-ab-16960020.html\">\u017ee je p\u0159\u00edm\u00fdm potomkem samotn\u00e9ho legend\u00e1rn\u00edho germ\u00e1nsk\u00e9ho c\u00edsa\u0159e Karla Velik\u00e9ho<\/a>.<\/p>\n<p>Kiesewetterovi postoje k Rusku, i k v\u00e1lce na Ukrajin\u011b, se v \u010desk\u00e9 politick\u00e9 realit\u011b nejv\u00edce p\u0159ibli\u017euj\u00ed postoj\u016fm n\u00e1\u010deln\u00edka gener\u00e1ln\u00edho \u0161t\u00e1bu A\u010cR gener\u00e1la Karla \u0158ehky.\u00a0<a href=\"https:\/\/www.iiss.org\/events\/prague-defence-summit\/prague-defence-summit-2025\/\">Ten na posledn\u00edm summitu IISS konan\u00e9m v Praze ve dnech 3. a\u017e 5. z\u00e1\u0159\u00ed 2025<\/a>, kter\u00e9ho se \u00fa\u010dastnil i nejvy\u0161\u0161\u00ed \u0161\u00e9f NATO Mark Rutte, ve v\u0161\u00ed v\u00e1\u017enosti navrhoval: \u201c<a href=\"https:\/\/cnn.iprima.cz\/rehka-rusove-jsou-k-smichu-nejsou-to-velci-strategove-muzeme-prijit-i-k-presnym-uderum-484783#\/9639fbd86df5a2ee6c8f8c85ccb34e70\">M\u00e1me mo\u017enosti jako t\u0159eba p\u0159esn\u00e9 c\u00edlen\u00e9 \u00fadery (proti Rusku). M\u016f\u017eeme tak\u00e9 n\u011bkde potopit n\u011bjakou (ruskou) lo\u010f. Nem\u011bli bychom m\u00edt strach z p\u0159ekra\u010dov\u00e1n\u00ed \u010derven\u00fdch lini\u00ed Ruska. Podporov\u00e1n\u00edm Ukrajiny jsme ji p\u0159ekro\u010dili u\u017e tak pades\u00e1tkr\u00e1t. (Rusov\u00e9) jsou k sm\u00edchu. Nem\u011bli bychom m\u00edt z toho strach<\/a>.\u201d. \u0158ehka t\u011bmito n\u00e1vrhy, kter\u00e9 by s nejvy\u0161\u0161\u00ed pravd\u011bpodobnost\u00ed definitivn\u011b rozpoutaly III. sv\u011btovou v\u00e1lku, z\u0159ejm\u011b a\u017e k smrti vyd\u011bsil zna\u010dn\u011b konzervativn\u011bj\u0161\u00edho Marka Rutte, a ten se pak vyjad\u0159oval rad\u011bji k pouh\u00e9 pot\u0159eb\u011b soust\u0159ed\u011bn\u00ed se aliance NATO na dlouhodob\u00e9 vojensk\u00e9 soupe\u0159en\u00ed s Ruskem, a s \u010c\u00ednou, a s \u0159adou dal\u0161\u00edch zem\u00ed, a \u0158ehovy v\u00fdzvy, k okam\u017eit\u00e9mu zah\u00e1jen\u00ed p\u0159\u00edm\u00fdch v\u00e1le\u010dn\u00fdch akc\u00ed proti Rusku, v obou sv\u00fdch ve\u0159ejn\u00fdch p\u0159\u00edsp\u011bvc\u00edch po sv\u00e9m zvyku \u201cteflonov\u011b\u201d ignoroval. (<a href=\"https:\/\/x.com\/SecGenNATO\/status\/1963543618100027498\">P\u0159\u00edsp\u011bvek 1<\/a>.\u00a0<a href=\"https:\/\/x.com\/SecGenNATO\/status\/1963612173881475148\">P\u0159\u00edsp\u011bvek 2<\/a>.)<\/p>\n<p>Snaha gener\u00e1la \u0158ehky i b\u00fdval\u00e9ho d\u016fstojn\u00edka NATO Kiessewettera zat\u00e1hnout co nejrychleji v\u0161echny zem\u011b NATO do p\u0159\u00edm\u00e9 v\u00e1le\u010dn\u00e9 konfrontace s Ruskem, je pro p\u0159e\u017eit\u00ed cel\u00e9 evropsk\u00e9 populace mimo\u0159\u00e1dn\u011b nebezpe\u010dn\u00e1. Shodou okolnost\u00ed ve stejn\u00e9 dob\u011b, kdy gener\u00e1l \u0158ehka v Praze naprosto po\u0161etile vyz\u00fdval Alianci NATO k pot\u00e1p\u011bn\u00ed rusk\u00fdch lod\u00ed a k p\u0159esn\u00fdm \u00fatok\u016fm (raketami?) proti Rusku, 4. z\u00e1\u0159\u00ed 2025,\u00a0<a href=\"https:\/\/www.hungarianconservative.com\/articles\/current\/ukraine-war-andrzej-duda-allies-false-flag-drone-strike\/\">b\u00fdval\u00fd polsk\u00fd prezident Duda v rozs\u00e1hl\u00e9m interview pro tamn\u00ed m\u00e9dia potvrdil, \u017ee Kyjev se sna\u017eil v roce 2022 na p\u0159\u00edmo zat\u00e1hnout Polsko do v\u00e1lky proti Rusku<\/a>. A pr\u00fd ne\u0161lo o ojedin\u011bl\u00fd pokus.<\/p>\n<p><img decoding=\"async\" loading=\"lazy\" class=\"wp-image-85920 aligncenter\" src=\"http:\/\/www.infokuryr.cz\/n\/wp-content\/uploads\/2025\/08\/pozvaniV-300x140.jpg\" alt=\"\" width=\"722\" height=\"337\" srcset=\"https:\/\/www.infokuryr.cz\/n\/wp-content\/uploads\/2025\/08\/pozvaniV-300x140.jpg 300w, https:\/\/www.infokuryr.cz\/n\/wp-content\/uploads\/2025\/08\/pozvaniV-768x360.jpg 768w, https:\/\/www.infokuryr.cz\/n\/wp-content\/uploads\/2025\/08\/pozvaniV.jpg 925w\" sizes=\"(max-width: 722px) 100vw, 722px\" \/><\/p>\n<p>V\u0161echny tyto pokusy evropsk\u00fdch v\u00e1le\u010dn\u00fdch avanturist\u016f a p\u0159edstavitel\u016f kyjevsk\u00e9ho re\u017eimu, jak eskalovat v\u00e1lku na Ukrajin\u011b a p\u0159em\u011bnit ji do konfliktu mezi NATO a Ruskem, v\u0161ak nar\u00e1\u017eej\u00ed na ekonomickou a geopolitickou realitu. Ta je kr\u00e1sn\u011b vid\u011bt na sou\u010dasn\u00e9m z\u0159eteln\u00e9m rozporu mezi sank\u010dn\u00ed proti-ruskou politikou USA a sank\u010dn\u00ed\u00a0 proti-ruskou politikou EU. Nejvy\u0161\u0161\u00ed p\u0159edstavitel\u00e9 Bruselsk\u00e9ho komisari\u00e1tu a jejich v\u011brn\u00e1 mainstreamov\u00e1 m\u00e9dia v posledn\u00edch t\u00fddnech velmi \u010dasto napadaj\u00ed americk\u00e9ho prezidenta Trumpa, \u017ee svoj\u00ed v\u00e1havou proti-ruskou sank\u010dn\u00ed politikou, umo\u017enil Putinovi \u00fasp\u011b\u0161n\u011b pokra\u010dovat ve v\u00e1lce proti Ukrajin\u011b. Skute\u010dnost je v\u0161ak p\u0159esn\u011b opa\u010dn\u00e1. Trump v posledn\u00edch m\u011bs\u00edc\u00edch zavedl cla proti Indii, a v\u010dera ozn\u00e1mil, \u017ee zv\u00e1\u017e\u00ed \u201c<a href=\"https:\/\/thehill.com\/homenews\/administration\/5490976-trump-ready-for-russia-sanctions\/\">druh\u00e9 kolo dal\u0161\u00edch sankc\u00ed proti spojenc\u016fm Ruska<\/a>\u201c.\u00a0<a href=\"https:\/\/timesofindia.indiatimes.com\/india\/focus-on-trade-counterterrorism-indo-pacific-as-india-eu-ramp-up-ties-high-level-visits-lined-up-to-boost-fta-talks\/articleshow\/123751801.cms\">Bruselsk\u00fd komisari\u00e1t v\u0161ak ve stejn\u00e9 dob\u011b diplomatick\u00fdmi kan\u00e1ly do Indie potvrdil, \u017ee v \u017e\u00e1dn\u00e9m p\u0159\u00edpad\u011b nehodl\u00e1 Indii sankcionovat za n\u00e1kupy rusk\u00e9 ropy<\/a>. Tajemstv\u00ed, pro\u010d Eurokrati na jedn\u00e9 stran\u011b v m\u00e9di\u00edch v\u0159e\u0161t\u00ed, \u017ee se mus\u00ed na Rusko a jeho spojence za obchody s ropou uvalit dal\u0161\u00ed sankce, a diplomatick\u00fdmi kan\u00e1ly uji\u0161\u0165uj\u00ed Indii, \u017ee to nemaj\u00ed v \u00famyslu, tkv\u00ed v p\u0159ipravovan\u00e9 dohod\u011b FTA.<\/p>\n<p>Nejzavilej\u0161\u00ed evropsk\u00e1 Rusof\u00f3bka Kaja Kallasov\u00e1 u\u017e dokonce potvrdila indick\u00e9 stran\u011b, \u017ee v listopadu p\u0159ilet\u00ed do Dill\u00ed na p\u0159\u00e1telskou n\u00e1v\u0161t\u011bvu, a Leyen i Costa, kte\u0159\u00ed v m\u00e9di\u00edch nevynechaj\u00ed jedinou p\u0159\u00edle\u017eitost, jak vyhro\u017eovat Rusku sankcemi za prodej ropy, u\u017e telefonicky uji\u0161\u0165ovali premi\u00e9ra Indie N\u00e1rendru M\u00f3d\u00edho, \u017ee Indie se sankce t\u00fdkat v \u017e\u00e1dn\u00e9m p\u0159\u00edpad\u011b nebudou. Pr\u016fmysl EU toti\u017e nal\u00e9hav\u011b pot\u0159ebuje nov\u00e1 odbyti\u0161t\u011b, a Indie je p\u0159ipraven\u00e1 s EU kooperovat, a odstranit \u0159adu celn\u00edch bari\u00e9r, kter\u00e9 ov\u0161em USA odstranit nehodl\u00e1. Eurokrati tak z Dill\u00ed dostali na v\u00fdb\u011br, bu\u010f riskovat dal\u0161\u00ed pokles evropsk\u00e9ho pr\u016fmyslu, a t\u00edm r\u016fst nespokojenosti voli\u010d\u016f s jejich politikou, a nebo vyu\u017e\u00edt laskavosti Indie, a moci za\u010d\u00edt vyv\u00e1\u017eet na jej\u00ed trh s v\u00fdhodou ni\u017e\u0161\u00edch celn\u00edch sazeb, ne\u017e jak\u00e9 zat\u011b\u017euj\u00ed zbo\u017e\u00ed a slu\u017eby importovan\u00e9 z USA. A Eurokrati nezav\u00e1hali, a ob\u011btovali Ukrajinu, kter\u00e1 m\u00e1 mal\u00fd trh, a pln\u00fd chud\u00fdch ob\u010dan\u016f, za Indii, proto\u017ee m\u00e1 miliardy ob\u010dan\u016f, a hlavn\u011b desetitis\u00edce milion\u00e1\u0159\u016f. Rozd\u011bl a panuj, byla star\u00e1 britsk\u00e1 politika, kter\u00e1 kdysi dobyla Indii, a je vid\u011bt, \u017ee sou\u010dasn\u00ed indi\u010dt\u00ed politici se dob\u0159e pou\u010dili!<\/p>\n<p><a href=\"https:\/\/www.kyivpost.com\/post\/59486\">Podle Kyjeva Trump nyn\u00ed tla\u010d\u00ed na EU, aby d\u016frazn\u011b sankcionoval ruskou ropu<\/a>. Brusel v\u0161ak rad\u011bji \u0161ilh\u00e1 po tom, jak evropsk\u00fdm zbo\u017e\u00edm vytla\u010dit americk\u00e9 zbo\u017e\u00ed z indick\u00e9ho trhu. Pro\u010d je z\u0159ejm\u00e9 z nejnov\u011bj\u0161\u00edch Macronov\u00fdch pl\u00e1n\u016f. Ten se ob\u00e1v\u00e1, \u017ee na podzim propuknou ve Francii rozs\u00e1hl\u00e9 nepokoje vyvolan\u00e9 rostouc\u00ed nespokojenosti s jeho politikou, r\u016fstem chudoby,\u00a0 a r\u016fstem n\u00e1sil\u00ed krimin\u00e1ln\u00edch gang\u016f neleg\u00e1ln\u00edch imigrant\u016f. A proto\u017ee tyto nepokoje stejn\u011b jako v minulosti op\u011bt zp\u016fsob\u00ed obrovsk\u00e9 materi\u00e1ln\u00ed \u0161kody, a proto\u017ee francouzsk\u00fd st\u00e1tn\u00ed rozpo\u010det je u\u017e defacto na hran\u011b vyhl\u00e1\u0161en\u00ed st\u00e1tn\u00edho \u00fapadku. Pl\u00e1nuje Macron na v\u0161echny Francouze uvalit povinn\u00e9 5% poji\u0161t\u011bn\u00ed, a z n\u011bj pak financovat v\u0161echny n\u00e1hrady \u0161kod zp\u016fsoben\u00e9 p\u0159i budouc\u00edch nepokoj\u00edch. Ukrajina je tak na odpis. Ostatn\u011b, jak napsal 3. z\u00e1\u0159\u00ed ma\u010farsk\u00fd ministr zahrani\u010d\u00ed P\u00e9ter Szijjart\u00f3 \u2013 Ukrajina nem\u00e1 \u0161anci se st\u00e1t \u010dlenem EU,\u00a0<a href=\"https:\/\/x.com\/FM_Szijjarto\/status\/1963986433443864793\">proto\u017ee by to zni\u010dilo ma\u010farsk\u00e9 zem\u011bd\u011blstv\u00ed, pracovn\u00ed p\u0159\u00edle\u017eitosti i bezpe\u010dnost cel\u00e9 zem\u011b<\/a>. A co \u0159\u00edkaj\u00ed Ma\u010fa\u0159i i Pol\u00e1ci ve\u0159ejn\u011b, to Bruselsk\u00fd komisari\u00e1t pos\u00edl\u00e1 do Indie diplomatick\u00fdmi kan\u00e1ly.<\/p>\n<p><a href=\"https:\/\/www.michalapetr.com\/map-2402-putin-vcera-odhodil-rukavice-a-leyen-a-kallasova-uz-odletaji-zasmelit-ukrajinu-skupine-brics-bruselska-podpora-valky-na-ukrajine-se-zvrhava-ve-frasku-analyza\/\">Michael Svato\u0161<\/a><\/p>\n<p><img decoding=\"async\" loading=\"lazy\" class=\"alignnone size-full wp-image-27204\" src=\"http:\/\/www.infokuryr.cz\/n\/wp-content\/uploads\/2023\/05\/Michael_Svatos.png\" alt=\"\" width=\"180\" height=\"180\" srcset=\"https:\/\/www.infokuryr.cz\/n\/wp-content\/uploads\/2023\/05\/Michael_Svatos.png 180w, https:\/\/www.infokuryr.cz\/n\/wp-content\/uploads\/2023\/05\/Michael_Svatos-150x150.png 150w\" sizes=\"(max-width: 180px) 100vw, 180px\" \/><\/p>\n<p><img decoding=\"async\" loading=\"lazy\" class=\"wp-image-86927 aligncenter\" src=\"http:\/\/www.infokuryr.cz\/n\/wp-content\/uploads\/2025\/09\/letak-volby-2025-konference-3-212x300.png\" alt=\"\" width=\"778\" height=\"1101\" srcset=\"https:\/\/www.infokuryr.cz\/n\/wp-content\/uploads\/2025\/09\/letak-volby-2025-konference-3-212x300.png 212w, https:\/\/www.infokuryr.cz\/n\/wp-content\/uploads\/2025\/09\/letak-volby-2025-konference-3-724x1024.png 724w, https:\/\/www.infokuryr.cz\/n\/wp-content\/uploads\/2025\/09\/letak-volby-2025-konference-3-768x1086.png 768w, https:\/\/www.infokuryr.cz\/n\/wp-content\/uploads\/2025\/09\/letak-volby-2025-konference-3-1086x1536.png 1086w, https:\/\/www.infokuryr.cz\/n\/wp-content\/uploads\/2025\/09\/letak-volby-2025-konference-3-1448x2048.png 1448w, https:\/\/www.infokuryr.cz\/n\/wp-content\/uploads\/2025\/09\/letak-volby-2025-konference-3-1024x1448.png 1024w\" sizes=\"(max-width: 778px) 100vw, 778px\" \/><\/p>\n","protected":false},"excerpt":{"rendered":"<p>Putin v\u010dera odhodil rukavice a Leyen a Kallasov\u00e1 u\u017e odl\u00e9taj\u00ed za\u0161melit Ukrajinu skupin\u011b BRICS! Bruselsk\u00e1&#8230;<\/p>\n","protected":false},"author":2,"featured_media":77114,"comment_status":"closed","ping_status":"closed","sticky":false,"template":"","format":"standard","meta":[],"categories":[6],"tags":[1042,1161,283,371,102,26],"_links":{"self":[{"href":"https:\/\/www.infokuryr.cz\/n\/wp-json\/wp\/v2\/posts\/87287"}],"collection":[{"href":"https:\/\/www.infokuryr.cz\/n\/wp-json\/wp\/v2\/posts"}],"about":[{"href":"https:\/\/www.infokuryr.cz\/n\/wp-json\/wp\/v2\/types\/post"}],"author":[{"embeddable":true,"href":"https:\/\/www.infokuryr.cz\/n\/wp-json\/wp\/v2\/users\/2"}],"replies":[{"embeddable":true,"href":"https:\/\/www.infokuryr.cz\/n\/wp-json\/wp\/v2\/comments?post=87287"}],"version-history":[{"count":0,"href":"https:\/\/www.infokuryr.cz\/n\/wp-json\/wp\/v2\/posts\/87287\/revisions"}],"wp:featuredmedia":[{"embeddable":true,"href":"https:\/\/www.infokuryr.cz\/n\/wp-json\/wp\/v2\/media\/77114"}],"wp:attachment":[{"href":"https:\/\/www.infokuryr.cz\/n\/wp-json\/wp\/v2\/media?parent=87287"}],"wp:term":[{"taxonomy":"category","embeddable":true,"href":"https:\/\/www.infokuryr.cz\/n\/wp-json\/wp\/v2\/categories?post=87287"},{"taxonomy":"post_tag","embeddable":true,"href":"https:\/\/www.infokuryr.cz\/n\/wp-json\/wp\/v2\/tags?post=87287"}],"curies":[{"name":"wp","href":"https:\/\/api.w.org\/{rel}","templated":true}]}}