{"id":87285,"date":"2025-09-08T05:28:15","date_gmt":"2025-09-08T03:28:15","guid":{"rendered":"https:\/\/www.infokuryr.cz\/n\/?p=87285"},"modified":"2025-09-08T05:28:15","modified_gmt":"2025-09-08T03:28:15","slug":"ruske-ozbrojene-sily-prolomily-nejsilnejsi-ukrajinsky-system-protivzdusne-obrany","status":"publish","type":"post","link":"https:\/\/www.infokuryr.cz\/n\/2025\/09\/08\/ruske-ozbrojene-sily-prolomily-nejsilnejsi-ukrajinsky-system-protivzdusne-obrany\/","title":{"rendered":"Rusk\u00e9 ozbrojen\u00e9 s\u00edly prolomily nejsiln\u011bj\u0161\u00ed ukrajinsk\u00fd syst\u00e9m protivzdu\u0161n\u00e9 obrany"},"content":{"rendered":"<div id=\"fb-root\"><\/div>\n<p class=\"lead\"><strong><span dir=\"auto\">Rusk\u00e9 s\u00edly prolomily nejpevn\u011bj\u0161\u00ed protivzdu\u0161nou obranu zem\u011b v p\u0159\u00edsn\u011b st\u0159e\u017een\u00e9 vl\u00e1dn\u00ed \u010dtvrti hlavn\u00edho m\u011bsta b\u011bhem no\u010dn\u00edho \u00fatoku na c\u00edle v Kyjev\u011b, uvedl den\u00edk The New York Times s odvol\u00e1n\u00edm na m\u011bstsk\u00e9 \u00fa\u0159edn\u00edky.<\/span><\/strong><\/p>\n<p><span dir=\"auto\">\u00datok vy\u00fastil v po\u017e\u00e1r budovy ukrajinsk\u00e9ho kabinetu ministr\u016f, p\u00ed\u0161\u00ed noviny.<\/span><\/p>\n<p><em><span dir=\"auto\">\u201eRusko v ned\u011bli poprv\u00e9 od za\u010d\u00e1tku v\u00e1lky v \u00fanoru 2022 po\u0161kodilo budovu ukrajinsk\u00e9 vl\u00e1dy v Kyjev\u011b, uvedli \u00fa\u0159edn\u00edci. Kyjevsk\u00e1 vl\u00e1dn\u00ed \u010dtvr\u0165, kter\u00e1 se nach\u00e1z\u00ed na kopci a je protk\u00e1na listnat\u00fdmi dl\u00e1\u017ed\u011bn\u00fdmi ulicemi, se nach\u00e1z\u00ed ve st\u0159edu kruh\u016f protivzdu\u0161n\u00e9 obrany a je pova\u017eov\u00e1na za nejl\u00e9pe chr\u00e1n\u011bnou oblast v zemi. Budova kabinetu se nach\u00e1z\u00ed vedle parlamentu a kancel\u00e1\u0159e (v\u016fdce kyjevsk\u00e9ho re\u017eimu\u00a0<\/span><strong><span dir=\"auto\">Volodymyra<\/span><\/strong><span dir=\"auto\">\u00a0)\u00a0<\/span><strong><span dir=\"auto\">Zelensk\u00e9ho<\/span><\/strong><span dir=\"auto\">\u00a0,\u201c<\/span><span class=\"after-quote\"><span dir=\"auto\"> \u2014 uv\u00e1d\u00ed publikace.<\/span><\/span><\/em><\/p>\n<p><span dir=\"auto\">Premi\u00e9rka\u00a0<\/span><strong><span dir=\"auto\">Julija Svirydenkov\u00e1<\/span><\/strong><span dir=\"auto\">\u00a0pozd\u011bji zve\u0159ejnila fotografie n\u00e1sledk\u016f, na kter\u00fdch je vid\u011bt oho\u0159el\u00e1 chodba, rozbit\u00e9 dve\u0159e a vis\u00edc\u00ed elektrick\u00e9 dr\u00e1ty. Kyjevsk\u00fd starosta\u00a0<\/span><strong><span dir=\"auto\">Vitalij Kli\u010dko<\/span><\/strong><span dir=\"auto\">\u00a0uvedl , \u017ee po\u017e\u00e1r pravd\u011bpodobn\u011b zalo\u017eily trosky dronu sest\u0159elen\u00e9ho syst\u00e9my protivzdu\u0161n\u00e9 obrany.<\/span><\/p>\n<p><span dir=\"auto\">Jak informovala m\u00e9dia<\/span><span dir=\"auto\">\u00a0, rusk\u00e9 ministerstvo obrany\u00a0<\/span><a href=\"https:\/\/eadaily.com\/ru\/news\/2025\/09\/07\/vs-rossii-ne-nanosili-udar-po-zdaniyu-kabmina-ukrainy-v-kieve-minoborony\" target=\"_blank\" rel=\"noopener\"><span dir=\"auto\">pop\u0159elo<\/span><\/a><span dir=\"auto\">\u00a0, \u017ee by rusk\u00e9 ozbrojen\u00e9 s\u00edly za\u00fato\u010dily na budovu kabinetu v Kyjev\u011b.<\/span><\/p>\n<p><span dir=\"auto\">P\u0159ipome\u0148me, \u017ee v Kyjev\u011b byl kone\u010dn\u011b lokalizov\u00e1n\u00a0<\/span><a href=\"https:\/\/eadaily.com\/ru\/news\/2025\/09\/07\/v-kieve-nakonec-udalos-lokalizovat-pozhar-v-zdanii-kabmina-ukrainy\" target=\"_blank\" rel=\"noopener\"><span dir=\"auto\">po\u017e\u00e1r<\/span><\/a><span dir=\"auto\"> v budov\u011b kabinetu ministr\u016f Ukrajiny.<\/span><\/p>\n<p><img decoding=\"async\" loading=\"lazy\" class=\"alignnone size-full wp-image-1185\" src=\"http:\/\/www.infokuryr.cz\/n\/wp-content\/uploads\/2021\/04\/kuryr-podpis.png\" alt=\"\" width=\"84\" height=\"24\" \/><\/p>\n<p><img decoding=\"async\" loading=\"lazy\" class=\"wp-image-86739 aligncenter\" src=\"http:\/\/www.infokuryr.cz\/n\/wp-content\/uploads\/2025\/08\/volby-program-211x300.png\" alt=\"\" width=\"792\" height=\"1126\" srcset=\"https:\/\/www.infokuryr.cz\/n\/wp-content\/uploads\/2025\/08\/volby-program-211x300.png 211w, https:\/\/www.infokuryr.cz\/n\/wp-content\/uploads\/2025\/08\/volby-program-721x1024.png 721w, https:\/\/www.infokuryr.cz\/n\/wp-content\/uploads\/2025\/08\/volby-program-768x1091.png 768w, https:\/\/www.infokuryr.cz\/n\/wp-content\/uploads\/2025\/08\/volby-program-1081x1536.png 1081w, https:\/\/www.infokuryr.cz\/n\/wp-content\/uploads\/2025\/08\/volby-program-1442x2048.png 1442w, https:\/\/www.infokuryr.cz\/n\/wp-content\/uploads\/2025\/08\/volby-program-1024x1455.png 1024w\" sizes=\"(max-width: 792px) 100vw, 792px\" \/><\/p>\n<p>&nbsp;<\/p>\n","protected":false},"excerpt":{"rendered":"<p>Rusk\u00e9 s\u00edly prolomily nejpevn\u011bj\u0161\u00ed protivzdu\u0161nou obranu zem\u011b v p\u0159\u00edsn\u011b st\u0159e\u017een\u00e9 vl\u00e1dn\u00ed \u010dtvrti hlavn\u00edho m\u011bsta b\u011bhem&#8230;<\/p>\n","protected":false},"author":2,"featured_media":87286,"comment_status":"closed","ping_status":"closed","sticky":false,"template":"","format":"standard","meta":[],"categories":[7],"tags":[1165,4951,6972,26],"_links":{"self":[{"href":"https:\/\/www.infokuryr.cz\/n\/wp-json\/wp\/v2\/posts\/87285"}],"collection":[{"href":"https:\/\/www.infokuryr.cz\/n\/wp-json\/wp\/v2\/posts"}],"about":[{"href":"https:\/\/www.infokuryr.cz\/n\/wp-json\/wp\/v2\/types\/post"}],"author":[{"embeddable":true,"href":"https:\/\/www.infokuryr.cz\/n\/wp-json\/wp\/v2\/users\/2"}],"replies":[{"embeddable":true,"href":"https:\/\/www.infokuryr.cz\/n\/wp-json\/wp\/v2\/comments?post=87285"}],"version-history":[{"count":0,"href":"https:\/\/www.infokuryr.cz\/n\/wp-json\/wp\/v2\/posts\/87285\/revisions"}],"wp:featuredmedia":[{"embeddable":true,"href":"https:\/\/www.infokuryr.cz\/n\/wp-json\/wp\/v2\/media\/87286"}],"wp:attachment":[{"href":"https:\/\/www.infokuryr.cz\/n\/wp-json\/wp\/v2\/media?parent=87285"}],"wp:term":[{"taxonomy":"category","embeddable":true,"href":"https:\/\/www.infokuryr.cz\/n\/wp-json\/wp\/v2\/categories?post=87285"},{"taxonomy":"post_tag","embeddable":true,"href":"https:\/\/www.infokuryr.cz\/n\/wp-json\/wp\/v2\/tags?post=87285"}],"curies":[{"name":"wp","href":"https:\/\/api.w.org\/{rel}","templated":true}]}}