{"id":87278,"date":"2025-09-08T05:08:22","date_gmt":"2025-09-08T03:08:22","guid":{"rendered":"https:\/\/www.infokuryr.cz\/n\/?p=87278"},"modified":"2025-09-08T05:08:22","modified_gmt":"2025-09-08T03:08:22","slug":"jindrich-kulhavy-realne-pripravy-na-valku","status":"publish","type":"post","link":"https:\/\/www.infokuryr.cz\/n\/2025\/09\/08\/jindrich-kulhavy-realne-pripravy-na-valku\/","title":{"rendered":"Jind\u0159ich Kulhav\u00fd: Re\u00e1ln\u00e9 p\u0159\u00edpravy na v\u00e1lku"},"content":{"rendered":"<div id=\"fb-root\"><\/div>\n<p><span class=\"anotation\">Vynech\u00e1me li t\u00e9ma bl\u00ed\u017e\u00edc\u00edch se voleb, pak dal\u0161\u00edm medi\u00e1ln\u00edm hork\u00fdm bramborem jsou p\u0159\u00edpravy na spu\u0161t\u011bn\u00ed v\u00e1lky mezi Z\u00e1padem a Ruskou federac\u00ed. Je t\u0159eba si p\u0159iznat, \u017ee po shl\u00e9dnut\u00ed \u010d\u00ednsk\u00e9 vojensk\u00e9 p\u0159ehl\u00eddky, p\u0159i\u010dem\u017e Peking se ve\u0159ejn\u011b hl\u00e1s\u00ed k\u00a0podpo\u0159e Moskvy, a p\u0159i pov\u011bdom\u00ed, jak rusk\u00e1 arm\u00e1da bez pou\u017eit\u00ed sv\u00e9 nejvysp\u011blej\u0161\u00ed techniky drt\u00ed ukrajinskou vyzbrojenou tou z\u00e1padn\u00ed, zn\u00ed \u0159e\u010di o nutnosti porazit Rusko sm\u011b\u0161n\u011b.<\/span><\/p>\n<div id=\"pagetext\">\n<p>\u00a0 Ostatn\u011b tak p\u016fsob\u00ed v\u00a0podstat\u011b v\u0161e, co a jak evrop\u0161t\u00ed l\u00edd\u0159i moment\u00e1ln\u011b \u0159e\u0161\u00ed. Cht\u011bli by v\u00e1lku s\u00a0nejv\u011bt\u0161\u00edm st\u00e1tem sv\u011bta maj\u00edc\u00edm dobr\u00e9 vztahy s\u00a0nejlidnat\u011bj\u0161\u00edmi zem\u011bmi a s\u00a0nejinovativn\u011bj\u0161\u00edmi p\u0159\u00edstupy k\u00a0technice, p\u0159itom samotn\u00ed likviduj\u00ed vlastn\u00ed pr\u016fmysl. Na evropsk\u00e9 ob\u010dany chystaj\u00ed emisn\u00ed povolenky na jejich \u017eivoty, sd\u00edraj\u00ed z\u00a0nich k\u016f\u017ei, a je\u0161t\u011b je tr\u00e1v\u00ed potravinami maj\u00edc\u00edmi bl\u00ed\u017ee k\u00a0odpadu ne\u017e ke kvalit\u011b. Jejich prost\u0159ed\u00ed zamo\u0159uj\u00ed p\u0159\u00edlivem ciz\u00e1k\u016f z\u00a0jin\u00fdch sv\u011btad\u00edl\u016f a v\u00a0podstat\u011b d\u011blaj\u00ed v\u0161e proto, aby maxim\u00e1ln\u011b na\u0161tvali ka\u017ed\u00e9ho Evropana. Ani mlad\u00e1 generace nez\u016fst\u00e1v\u00e1 u\u0161et\u0159ena vlivu liber\u00e1l\u016f a ztr\u00e1c\u00ed schopnost pro p\u0159e\u017eit\u00ed. Sou\u010dasn\u00e1 spole\u010dnost prostoupen\u00e1 liberalismem nevytv\u00e1\u0159\u00ed skute\u010dn\u00e9 mu\u017ee bojovn\u00edky, produkuje genderov\u011b z\u017een\u0161til\u00e9 chl\u00e1pky schopn\u00e9 se nechat tak akor\u00e1t potetovat a uk\u0148ouran\u00e9 influencerky \u017eiv\u00edc\u00ed se prod\u00e1v\u00e1n\u00edm sebe samotn\u00e9 na podivn\u00fdch soci\u00e1ln\u00edch s\u00edt\u00edch typu Only Fans. U\u017e ani d\u011bti m\u00edt \u010dasto necht\u011bj\u00ed, nebo\u0165 by se o n\u011b musely starat.<\/p>\n<p><img decoding=\"async\" loading=\"lazy\" class=\"wp-image-85920 aligncenter\" src=\"http:\/\/www.infokuryr.cz\/n\/wp-content\/uploads\/2025\/08\/pozvaniV-300x140.jpg\" alt=\"\" width=\"756\" height=\"353\" srcset=\"https:\/\/www.infokuryr.cz\/n\/wp-content\/uploads\/2025\/08\/pozvaniV-300x140.jpg 300w, https:\/\/www.infokuryr.cz\/n\/wp-content\/uploads\/2025\/08\/pozvaniV-768x360.jpg 768w, https:\/\/www.infokuryr.cz\/n\/wp-content\/uploads\/2025\/08\/pozvaniV.jpg 925w\" sizes=\"(max-width: 756px) 100vw, 756px\" \/><\/p>\n<p>Pt\u00e1me se tedy. S\u00a0k\u00fdm by v\u0161ichni ti Merzov\u00e9, Macronov\u00e9, Pavlov\u00e9 a Leyenov\u00e9 cht\u011bli v\u00e1l\u010dit proti Rusku, tedy zemi, kter\u00e1 se u\u017e t\u0159i roky zoceluje v\u00a0boji? Lid\u00e9 z\u00a0Evropy odch\u00e1z\u00ed u\u017e jen kv\u016fli systematick\u00e9mu otravov\u00e1n\u00ed s\u00a0Green Dealem, \u0161tve je utahov\u00e1n\u00ed \u0161roub\u016f v\u00a0oblastech soci\u00e1ln\u00ed, ekonomick\u00e9 i osobn\u00ed svobody. Pro\u010d by m\u011bli tedy bojovat za ty, kte\u0159\u00ed to zp\u016fsobuj\u00ed? Gener\u00e1l \u0158ehka je ve sv\u00e9 tuposti schopen o rusk\u00fdch velitel\u00edch prohl\u00e1sit, \u017ee jsou \u0161patn\u00ed strat\u00e9gov\u00e9, p\u0159itom s\u00e1m vyhr\u00e1l bitvu maxim\u00e1ln\u011b n\u011bkde na s\u00eddli\u0161tn\u00edm p\u00edskovi\u0161ti. To by m\u011blo velet na\u0161im syn\u016fm a pos\u00edlat je proti zku\u0161en\u00fdm a ve skute\u010dn\u00fdch boj\u00edch ost\u0159\u00edlen\u00fdm v\u00e1le\u010dn\u00edk\u016fm? T\u011bm \u0161tv\u00e1\u010d\u016fm ani nedoch\u00e1z\u00ed, \u017ee Rusov\u00e9 jedou na Ukrajin\u011b na p\u016fl plynu.<\/p>\n<p>Kdo by tedy \u0161el bojovat za \u010cernochovou, Pekarovou \u010di Fialu s\u00a0Raku\u0161anem? Kdyby se schylovalo k\u00a0mobilizaci, velk\u00e1 \u010d\u00e1st rodi\u010d\u016f by odeslala sv\u00e9 syny n\u011bkam mimo dosah arm\u00e1dn\u00edch nah\u00e1n\u011b\u010d\u016f, pravd\u011bpodobn\u011b mimo Evropu. Z\u016fstali by tu jen \u0161edes\u00e1tn\u00edci a star\u0161\u00ed, proto\u017ee ti maj\u00ed tendenci br\u00e1nit t\u0159eba i se zbran\u00ed v\u00a0ruce to, co vybudovali. Ov\u0161em ne proti Rus\u016fm, ale proti vlastn\u00edm. Pokud jde o \u017eeny, ty by pravd\u011bpodobn\u011b z\u016fstaly do doby, ne\u017e by i jim hrozila mobilizace. Do arm\u00e1dy by tak nastoupili pouze militantn\u00ed europoslanec Zdechovsk\u00fd, p\u00e1r um\u011blc\u016f v\u00a0\u010dele s\u00a0H\u0159ebejkem a Vetch\u00fdm, n\u011bkolik novin\u00e1\u0159\u016f a jist\u011b p\u0159\u00edslu\u0161n\u00edci rodin Fialy, Raku\u0161ana \u010di \u010cernochov\u00e9. Rot\u00e1m liber\u00e1l\u016f by mohl velet Taiwanec Vystr\u010dil (to abychom m\u011bli i mezin\u00e1rodn\u00ed slo\u017een\u00ed), p\u0159\u00edpadn\u011b Tom\u00e1\u0161 Etzler. \u00dadern\u00e1 jednotka borc\u016f z\u00a0Chvilek pro demokracii by mohla b\u00fdt dopln\u011bna specialisty Oganesjanem a P\u0161en\u00e1kem, o fyzickou pohodu v\u00a0jednotce m\u016f\u017ee pe\u010dovat Blujov\u00e1. Gener\u00e1l Pavel by si k\u00a0vrchn\u00edmu velen\u00ed mohl p\u0159ibrat i rozv\u011bdku, do jej\u00ed\u017e velitelsk\u00fdch struktur by implantoval vlastn\u00ed man\u017eelku.<\/p>\n<p>Cht\u00edt v\u00e1lku je diagn\u00f3za, nav\u00edc s\u00a0Ruskem, pota\u017emo s\u00a0\u010c\u00ednou, KLDR a Indi\u00ed, je to prost\u011b uk\u00e1zka idiotismu. Toho jsme tu m\u011bli dost p\u0159i spu\u0161t\u011bn\u00ed migrace, \u0161\u00ed\u0159en\u00ed covidohysterie, podpo\u0159e Zelensk\u00e9ho a zav\u00e1d\u011bn\u00ed greendealov\u00fdch opat\u0159en\u00ed tolik, \u017ee n\u00e1s u\u017e nic p\u0159ekvapit nem\u016f\u017ee. Oni opravdu p\u0159ipravuj\u00ed Evropu na v\u00e1lku. Jen jaksi spol\u00e9haj\u00ed na to, \u017ee ovce op\u011bt poslechnou. St\u00e1ty soused\u00edc\u00ed s Ruskem kopou z\u00e1kopy, stav\u00ed \u017eiletkov\u00e9 ploty a objedn\u00e1vaj\u00ed tanky a st\u00edha\u010dky. P\u0159itom Ore\u0161nik v\u0161echnu tuto techniku ignoruje. Rusov\u00e9 ho otestovali a uklidili do sklad\u016f, kde maj\u00ed nov\u00e9 tanky, jin\u00e9 rakety a syst\u00e9my.\u00a0 Stav\u00ed ponorky, pracuj\u00ed s\u00a0\u010c\u00ednou na laserov\u00fdch zbran\u00edch a maj\u00ed letadla, proti kter\u00fdm jsou F-35 pouh\u00fdmi hra\u010dkami. Nav\u00edc se v\u00a0pou\u017e\u00edv\u00e1n\u00ed dron\u016f dostali n\u011bkam, kde Evropa v\u00fdrazn\u011b zaost\u00e1v\u00e1. P\u0159esto Rusk\u00e1 federace bude v\u00e1l\u010dit jen v\u00a0p\u0159\u00edpadu ohro\u017een\u00ed \u010di napaden\u00ed. Nem\u00e1 d\u016fvod ani pot\u0159ebu se jakkoliv uch\u00e1zet o zbytek evropsk\u00e9ho \u00fazem\u00ed, proto\u017ee to u\u017e zplundrovali liber\u00e1lov\u00e9. M\u011bli bychom si tedy prioritn\u011b vysv\u011btlit, kdo je n\u00e1\u0161 nep\u0159\u00edtel. Rusko to nen\u00ed. M\u00edsto n\u011bj se zbavme EU, WEF, liber\u00e1l\u016f a bezp\u00e1te\u0159n\u00edch politik\u016f. Pak bude op\u011bt Rusko partner, mo\u017en\u00e1 i p\u0159\u00edtel.<\/p>\n<p><a href=\"https:\/\/www.inadhled.live\/uvaha-dne\/realne-pripravy-na-valku\/\">Jind\u0159ich Kulhav\u00fd<\/a><\/p>\n<p><img decoding=\"async\" loading=\"lazy\" class=\"alignnone size-full wp-image-48136\" src=\"http:\/\/www.infokuryr.cz\/n\/wp-content\/uploads\/2024\/02\/kulhavy-jindrich.jpg\" alt=\"\" width=\"219\" height=\"221\" srcset=\"https:\/\/www.infokuryr.cz\/n\/wp-content\/uploads\/2024\/02\/kulhavy-jindrich.jpg 219w, https:\/\/www.infokuryr.cz\/n\/wp-content\/uploads\/2024\/02\/kulhavy-jindrich-150x150.jpg 150w\" sizes=\"(max-width: 219px) 100vw, 219px\" \/><\/p>\n<p><img decoding=\"async\" loading=\"lazy\" class=\"wp-image-86927 aligncenter\" src=\"http:\/\/www.infokuryr.cz\/n\/wp-content\/uploads\/2025\/09\/letak-volby-2025-konference-3-212x300.png\" alt=\"\" width=\"879\" height=\"1244\" srcset=\"https:\/\/www.infokuryr.cz\/n\/wp-content\/uploads\/2025\/09\/letak-volby-2025-konference-3-212x300.png 212w, https:\/\/www.infokuryr.cz\/n\/wp-content\/uploads\/2025\/09\/letak-volby-2025-konference-3-724x1024.png 724w, https:\/\/www.infokuryr.cz\/n\/wp-content\/uploads\/2025\/09\/letak-volby-2025-konference-3-768x1086.png 768w, https:\/\/www.infokuryr.cz\/n\/wp-content\/uploads\/2025\/09\/letak-volby-2025-konference-3-1086x1536.png 1086w, https:\/\/www.infokuryr.cz\/n\/wp-content\/uploads\/2025\/09\/letak-volby-2025-konference-3-1448x2048.png 1448w, https:\/\/www.infokuryr.cz\/n\/wp-content\/uploads\/2025\/09\/letak-volby-2025-konference-3-1024x1448.png 1024w\" sizes=\"(max-width: 879px) 100vw, 879px\" \/><\/p>\n<\/div>\n","protected":false},"excerpt":{"rendered":"<p>Vynech\u00e1me li t\u00e9ma bl\u00ed\u017e\u00edc\u00edch se voleb, pak dal\u0161\u00edm medi\u00e1ln\u00edm hork\u00fdm bramborem jsou p\u0159\u00edpravy na spu\u0161t\u011bn\u00ed&#8230;<\/p>\n","protected":false},"author":2,"featured_media":87279,"comment_status":"closed","ping_status":"closed","sticky":false,"template":"","format":"standard","meta":[],"categories":[6],"tags":[1503,8211,84,40],"_links":{"self":[{"href":"https:\/\/www.infokuryr.cz\/n\/wp-json\/wp\/v2\/posts\/87278"}],"collection":[{"href":"https:\/\/www.infokuryr.cz\/n\/wp-json\/wp\/v2\/posts"}],"about":[{"href":"https:\/\/www.infokuryr.cz\/n\/wp-json\/wp\/v2\/types\/post"}],"author":[{"embeddable":true,"href":"https:\/\/www.infokuryr.cz\/n\/wp-json\/wp\/v2\/users\/2"}],"replies":[{"embeddable":true,"href":"https:\/\/www.infokuryr.cz\/n\/wp-json\/wp\/v2\/comments?post=87278"}],"version-history":[{"count":0,"href":"https:\/\/www.infokuryr.cz\/n\/wp-json\/wp\/v2\/posts\/87278\/revisions"}],"wp:featuredmedia":[{"embeddable":true,"href":"https:\/\/www.infokuryr.cz\/n\/wp-json\/wp\/v2\/media\/87279"}],"wp:attachment":[{"href":"https:\/\/www.infokuryr.cz\/n\/wp-json\/wp\/v2\/media?parent=87278"}],"wp:term":[{"taxonomy":"category","embeddable":true,"href":"https:\/\/www.infokuryr.cz\/n\/wp-json\/wp\/v2\/categories?post=87278"},{"taxonomy":"post_tag","embeddable":true,"href":"https:\/\/www.infokuryr.cz\/n\/wp-json\/wp\/v2\/tags?post=87278"}],"curies":[{"name":"wp","href":"https:\/\/api.w.org\/{rel}","templated":true}]}}