{"id":87270,"date":"2025-09-08T04:50:32","date_gmt":"2025-09-08T02:50:32","guid":{"rendered":"https:\/\/www.infokuryr.cz\/n\/?p=87270"},"modified":"2025-09-08T06:13:16","modified_gmt":"2025-09-08T04:13:16","slug":"po-obrovskem-ruskem-naletu-na-ukrajinu-chteji-usa-a-eu-donutit-putina-k-miru-tim-ze-privodi-rusku-ekonomicky-kolaps","status":"publish","type":"post","link":"https:\/\/www.infokuryr.cz\/n\/2025\/09\/08\/po-obrovskem-ruskem-naletu-na-ukrajinu-chteji-usa-a-eu-donutit-putina-k-miru-tim-ze-privodi-rusku-ekonomicky-kolaps\/","title":{"rendered":"Po obrovsk\u00e9m rusk\u00e9m n\u00e1letu na Ukrajinu cht\u011bj\u00ed USA a EU donutit Putina k m\u00edru t\u00edm, \u017ee p\u0159ivod\u00ed Rusku ekonomick\u00fd kolaps!"},"content":{"rendered":"<div id=\"fb-root\"><\/div>\n<h4>Po obrovsk\u00e9m rusk\u00e9m n\u00e1letu na Ukrajinu cht\u011bj\u00ed USA a EU donutit Putina k m\u00edru t\u00edm, \u017ee p\u0159ivod\u00ed Rusku ekonomick\u00fd kolaps! Kdy\u017e sankce nefungovaly 3,5 roku, tak uval\u00edme v\u00edce sankc\u00ed! Ministru financ\u00ed USA asi unikly z\u00e1v\u011bry summitu \u0160anghajsk\u00e9 organizace v Tianjinu! Kyjev p\u0159ed rusk\u00fdm n\u00e1letem za\u00fato\u010dil znovu na ropovod Dru\u017eba a Dankovi ze SNS u\u017e do\u0161la trp\u011blivost s Ficov\u00fdm p\u0159\u00edstupem k Ukrajin\u011b a k Zelensk\u00e9mu, kter\u00fd ten \u00fatok na Dru\u017ebu schv\u00e1lil p\u00e1r hodin po sch\u016fzce s Ficem!<\/h4>\n<p>Ten p\u0159\u00edb\u011bh na Ukrajin\u011b m\u00e1 st\u00e1le stejn\u00fd sc\u00e9n\u00e1\u0159. Ukrajina p\u00edchne do rusk\u00e9ho medv\u011bda klackem, no a rusk\u00fd medv\u011bd t\u0159\u00edskne do Ukrajiny, a\u017e se vysypaj\u00ed v\u0161echny okenn\u00ed tabulky v zemi. P\u0159esn\u011b k tomu do\u0161lo v ned\u011bli nad r\u00e1nem, kdy\u017e Rusko provedlo podle pozorovatel\u016f nejv\u011bt\u0161\u00ed leteck\u00fd n\u00e1let na Ukrajinu od po\u010d\u00e1tku v\u00e1lky.<\/p>\n<p><strong>Rusko poslalo na Ukrajinu v\u00edce ne\u017e 800 p\u0159ev\u00e1\u017en\u011b dron\u016f a rovn\u011b\u017e raket, z nich\u017e jedna dopadla na budovu Kabinetu ministr\u016f v Kyjev\u011b [<a href=\"https:\/\/href.li\/?https:\/\/edition.cnn.com\/2025\/09\/07\/europe\/ukraine-russia-largest-attack-intl-hnk\" target=\"_blank\" rel=\"nofollow noopener\">1<\/a>]<\/strong>, p\u0159i\u010dem\u017e z\u00e1b\u011bry z \u00fatoku nazna\u010duj\u00ed, \u017ee \u0161lo o dopad sest\u0159elen\u00e9 rusk\u00e9 rakety Kaliber, kter\u00e1 zm\u011bnila trajektorii. Na z\u00e1pad\u011b se ozval \u0159ev a americk\u00fd ministr financ\u00ed Scott Bessent na NBC u\u017e ozn\u00e1mil, \u017ee USA chystaj\u00ed na Rusko a p\u0159edev\u0161\u00edm na Rusku p\u0159\u00e1telsk\u00e9 zem\u011b sankce za to, \u017ee od Ruska odeb\u00edraj\u00ed suroviny, p\u0159edev\u0161\u00edm tedy ropu a plyn, a t\u00edm \u017ee financuj\u00ed Rusku v\u00e1lku.<\/p>\n<p>&nbsp;<\/p>\n<div id=\"rumble_v6wftbm\">\n<div id=\"vid_v6wftbm\" class=\"rumble_v6wftbm-Rumble-cls\" tabindex=\"-1\"><div class='videoWrapper'>\r\n\t            <iframe src='https:\/\/rumble.com\/embed\/pj.v6wftbm\/' frameborder='0' allowfullscreen><\/iframe>\r\n\t        <\/div><\/div>\n<\/div>\n<p>&nbsp;<\/p>\n<p>Americk\u00fd ministr byl, tedy podle j\u00edzliv\u00fdch koment\u00e1tor\u016f v USA, asi na dovolen\u00e9 na Marsu, \u017ee nezaregistroval, k \u010demu uplynul\u00fd t\u00fdden do\u0161lo v Pekingu na okraj vojensk\u00e9 p\u0159ehl\u00eddky k 80. v\u00fdro\u010d\u00ed konce II. sv. v\u00e1lky, a o den p\u0159edt\u00edm v Tinajinu\u00a0<strong>[<a href=\"https:\/\/aeronet.news\/vladimir-putin-v-projevu-na-konferenci-sanghajske-organizace-pro-spolupraci-znovu-zopakoval-ze-valka-na-ukrajine-zacala-v-roce-2014-statnim-prevratem-v-kyjeve-podporovanym-zapadem\/\">2<\/a>]<\/strong>\u00a0b\u011bhem summitu zem\u00ed \u0160anghajsk\u00e9 organizace pro spolupr\u00e1ci. Na n\u00ed do\u0161lo k v\u00fdzv\u011b \u010d\u00ednsk\u00e9ho gener\u00e1ln\u00edho tajemn\u00edka strany Xi Jin-Pinga k vytvo\u0159en\u00ed odporu proti z\u00e1padn\u00edm sankc\u00edm, k jejich odm\u00edtnut\u00ed a k pos\u00edlen\u00ed spolupr\u00e1ce mezi \u010dleny \u0160OS.<\/p>\n<p>Podle pozorovatel\u016f ozn\u00e1men\u00ed Bessenta o sankc\u00edch na Rusko a zem\u011b \u0160OS a BRICS jsou reakc\u00ed na smlouvu podepsanou v Pekingu mezi Putinem a Xi o v\u00fdstavb\u011b druh\u00e9 linky plynovodu\u00a0<strong>S\u00edla Sibi\u0159e 2<\/strong>, kter\u00fdm Rusko p\u0159esm\u011bruje\u00a0<strong>50% plynu<\/strong>, p\u016fvodn\u011b ur\u010den\u00e9ho pro EU, k odb\u011bratel\u016fm do \u010c\u00edny.<\/p>\n<h3>Na summitu \u0160anghajsk\u00e9 skupiny do\u0161lo k p\u0159eform\u00e1tov\u00e1n\u00ed sv\u011btov\u00e9ho \u0159\u00e1du<\/h3>\n<p>Rusko se tak odpout\u00e1v\u00e1 od z\u00e1vislosti na z\u00edsk\u00e1v\u00e1n\u00ed pen\u011bz od z\u00e1padn\u00edch odb\u011bratel\u016f a nahrazuje to nov\u011b z\u00e1vislost\u00ed na \u010c\u00edn\u011b. Ta za to bude cht\u00edt volnou ruku nejen pro podnik\u00e1n\u00ed \u010d\u00ednsk\u00fdch t\u011b\u017eebn\u00edch firem v Rusku, ale p\u0159edev\u0161\u00edm podporu Moskvy pro budouc\u00ed a velice re\u00e1lnou vojenskou operaci \u010c\u00edny na Taiwanu.<\/p>\n<p><strong>Rusko prost\u011b p\u0159esm\u011brov\u00e1v\u00e1 v\u0161echny obchodn\u00ed vztahy na \u010dlensk\u00e9 zem\u011b \u0160anghajsk\u00e9 skupiny a zem\u011b BRICS, a to p\u0159edev\u0161\u00edm kv\u016fli odpout\u00e1n\u00ed sv\u00e9 z\u00e1vislosti na p\u0159\u00edjmech od z\u00e1padn\u00edch odb\u011bratel\u016f<\/strong>, kte\u0159\u00ed jsou nuceni kv\u016fli sankc\u00edm p\u0159estat odeb\u00edrat rusk\u00e9 suroviny. A v t\u00e9to situaci chce Bessent a \u201c<em>rud\u00e1 Ur\u0161ula<\/em>\u201d uvalovat dal\u0161\u00ed sankce na Rusko a rovn\u011b\u017e na \u010dleny \u0160anghajsk\u00e9 skupiny a zem\u011b BRICS. H\u00e1dejte, k \u010demu to povede.<\/p>\n<figure id=\"attachment_64609\" class=\"wp-caption aligncenter\" style=\"width: 711px;\"><a href=\"https:\/\/aeronet.news\/wp-content\/uploads\/Putin_SCO_Tianjin.jpg\"><img decoding=\"async\" loading=\"lazy\" class=\"wp-image-64609 \" src=\"https:\/\/aeronet.news\/wp-content\/uploads\/Putin_SCO_Tianjin-1024x576.jpg\" sizes=\"(max-width: 700px) 100vw, 700px\" srcset=\"https:\/\/aeronet.news\/wp-content\/uploads\/Putin_SCO_Tianjin-1024x576.jpg 1024w, https:\/\/aeronet.news\/wp-content\/uploads\/Putin_SCO_Tianjin-300x169.jpg 300w, https:\/\/aeronet.news\/wp-content\/uploads\/Putin_SCO_Tianjin-768x432.jpg 768w, https:\/\/aeronet.news\/wp-content\/uploads\/Putin_SCO_Tianjin-700x394.jpg 700w, https:\/\/aeronet.news\/wp-content\/uploads\/Putin_SCO_Tianjin-635x357.jpg 635w, https:\/\/aeronet.news\/wp-content\/uploads\/Putin_SCO_Tianjin-859x483.jpg 859w, https:\/\/aeronet.news\/wp-content\/uploads\/Putin_SCO_Tianjin.jpg 1280w\" alt=\"\" width=\"711\" height=\"400\" \/><\/a><figcaption class=\"wp-caption-text\">Summit \u0160anghajsk\u00e9 organizace pro spolupr\u00e1ci v Tianjinu<\/figcaption><\/figure>\n<p>Povede to k tomu, co jsme v pilotn\u00edm n\u00e1st\u0159elu u\u017e vid\u011bli v reakci Indie. Sankce v podob\u011b cel uvalen\u00fdch na Indii vedly indickou vl\u00e1du k rozhodnut\u00ed vrhnout se do ochrann\u00e9 n\u00e1ru\u010de \u010c\u00edny a Ruska. Ve Washingtonu je z toho \u0161ok. A uvalen\u00ed sekund\u00e1rn\u00edch sankc\u00ed na dal\u0161\u00ed zem\u011b povede k tomu, \u017ee v z\u00e1padn\u00edch zem\u00edch a USA nastane postupn\u011b krize, proto\u017ee za\u010dnou zdra\u017eovat produkty a zbo\u017e\u00ed, kter\u00e9 v\u00fdrobn\u011b \u010di surovinov\u011b jsou z\u00e1visl\u00e9 na zem\u00edch \u0160OS a BRICS.<\/p>\n<p><img decoding=\"async\" loading=\"lazy\" class=\"wp-image-85920 aligncenter\" src=\"http:\/\/www.infokuryr.cz\/n\/wp-content\/uploads\/2025\/08\/pozvaniV-300x140.jpg\" alt=\"\" width=\"696\" height=\"325\" srcset=\"https:\/\/www.infokuryr.cz\/n\/wp-content\/uploads\/2025\/08\/pozvaniV-300x140.jpg 300w, https:\/\/www.infokuryr.cz\/n\/wp-content\/uploads\/2025\/08\/pozvaniV-768x360.jpg 768w, https:\/\/www.infokuryr.cz\/n\/wp-content\/uploads\/2025\/08\/pozvaniV.jpg 925w\" sizes=\"(max-width: 696px) 100vw, 696px\" \/><\/p>\n<p>V Americe u\u017e jsou k vid\u011bn\u00ed pr\u00e1zdn\u00e9 reg\u00e1ly, jak ukazuj\u00ed videa na soci\u00e1ln\u00edch s\u00edt\u00edch. Trumpova cla likviduj\u00ed spot\u0159ebn\u00ed trh USA, a tento proces se okop\u00edruje do Evropy a do \u010cR po n\u00e1stupu Babi\u0161ovy a Okamurovy koalice k moci, kdy se proces nasune z USA i do \u010cR, tedy masivn\u00ed uvalov\u00e1n\u00ed cel proti \u010c\u00edn\u011b a dal\u0161\u00edm zem\u00edm BRICS a \u0160anghajsk\u00e9 skupiny na pokyn USA, co\u017e povede ke zvy\u0161ov\u00e1n\u00ed cen zbo\u017e\u00ed a surovin v \u010cR.<\/p>\n<h3>Ukrajina jen p\u00e1r hodin po sch\u016fzce Fica se Zelensk\u00fdm znovu za\u00fato\u010dila na slovensk\u00e9 z\u00e1jmy a ropovod Dru\u017eba<\/h3>\n<p>Hlavn\u00edm sp\u00edna\u010dem se naoko zd\u00e1 b\u00fdt rusk\u00fd leteck\u00fd \u00fatok na Ukrajinu v ned\u011bli r\u00e1no, ale to je pouze z\u00e1minka ze strany USA.\u00a0<strong>Skute\u010dn\u00fdm d\u016fvodem pro nov\u00e9 sankce je to, co se odehr\u00e1lo v Tinajinu a v Pekingu.<\/strong>\u00a0Rusko m\u011blo pro \u00fatok p\u00e1dn\u00fd d\u016fvod. \u0147ucha\u010denko v roli vedouc\u00edho sk\u0159eta ukrajinsk\u00e9 vl\u00e1dy jen pouh\u00fdch 35 hodin po skon\u010den\u00ed sch\u016fzky s Robertem Ficem v U\u017ehorodu na\u0159\u00eddil dal\u0161\u00ed \u00fader na slovensko-ma\u010farsk\u00e9 z\u00e1jmy, tedy na ropovod Dru\u017eba.\u00a0 K \u00fader\u016fm na p\u0159e\u010derp\u00e1vac\u00ed stanici Najtopovi\u010di v Brjansk\u00e9 oblasti do\u0161lo v sobotu ve\u010der.<\/p>\n<p>&nbsp;<\/p>\n<div id=\"rumble_v6wftc6\">\n<div id=\"vid_v6wftc6\" class=\"rumble_v6wftc6-Rumble-cls\" tabindex=\"-1\">\n<div><div class='videoWrapper'>\r\n\t            <iframe src='https:\/\/rumble.com\/embed\/pj.v6wftc6\/' frameborder='0' allowfullscreen><\/iframe>\r\n\t        <\/div><\/div>\n<\/div>\n<\/div>\n<p>&nbsp;<\/p>\n<p>\u00dadery na\u0161t\u011bst\u00ed nem\u011bly dopad na pokr\u010dov\u00e1n\u00ed dod\u00e1vek na Slovensko a do Ma\u010farska, ale\u00a0<strong>to byla z\u00e1sluha rusk\u00e9 PVO, kter\u00e1 na cest\u011b ke stanici sest\u0159elila v\u00edce ne\u017e 20 dron\u016f. K c\u00edli dorazily podle informac\u00ed jen dva.<\/strong>\u00a0\u0147ucha\u010denko cht\u011bl takto mohutn\u00fdm n\u00e1letem na stanici \u00fapln\u011b zastavit dod\u00e1vky na Slovensko. A to jen p\u00e1r hodin po skon\u010den\u00ed katastrof\u00e1ln\u00ed sch\u016fzky s Ficem. Zelensk\u00fd si s n\u00edm vyt\u0159el \u201c<em>pozad\u00ed<\/em>\u201d a uk\u00e1zal mu \u00fatokem na Dru\u017ebu \u201c<em>fak\u00e1\u010de<\/em>\u201c, komentuj\u00ed ukrajin\u0161t\u00ed novin\u00e1\u0159i diplomatick\u00fd kolaps Ficov\u00fdch jalov\u00fdch snah o p\u0159iveden\u00ed Zelensk\u00e9ho k rozumu a dialogu.<\/p>\n<h3>Putin opravdu radil Ficovi, a\u0165 vypne Ukrajin\u011b dod\u00e1vky elekt\u0159iny!<\/h3>\n<p>Velk\u00fd otazn\u00edk m\u00e1m i nad velice podivn\u00fdmi v\u00fdroky Roberta Fica z v\u00edkendu o sch\u016fzce a rozhovoru s Vladimirem Putinem v Pekingu. Jak je zn\u00e1mo, Robert Fico neum\u00ed rusky, a to ani pasivn\u011b, tak\u017ee pot\u0159ebuje p\u0159ekladatele. O v\u00edkendu se Fico dostal do ur\u010dit\u00e9ho konfliktu s novin\u00e1\u0159i, kdy\u017e se zm\u00ednili o tom, \u017ee mu Putin radil, aby odst\u0159ihl Ukrajinu od dod\u00e1vek elektrick\u00e9 energie. Fico na to reagoval slovy, \u017ee nic takov\u00e9ho mu Putin neradil. Probl\u00e9m je v tom, \u017ee to nen\u00ed pravda.<\/p>\n<p>&nbsp;<\/p>\n<div id=\"rumble_v6w85b4\">\n<div id=\"vid_v6w85b4\" class=\"rumble_v6w85b4-Rumble-cls\" tabindex=\"-1\">\n<div><div class='videoWrapper'>\r\n\t            <iframe src='https:\/\/rumble.com\/embed\/pj.v6w85b4\/' frameborder='0' allowfullscreen><\/iframe>\r\n\t        <\/div><\/div>\n<\/div>\n<\/div>\n<p>&nbsp;<\/p>\n<p>Putin mu p\u0159\u00edmo a v p\u0159\u00edm\u00e9m p\u0159enosu\u00a0<strong>v \u010dase videa v\u00fd\u0161e 16:20 radil, aby Ukrajin\u011b odpojil dod\u00e1vky energi\u00ed a jmenovit\u011b elekt\u0159iny, \u010d\u00edm\u017e si Slovensko vybuduje respekt u Ukrajinc\u016f<\/strong>, aby se za\u010dali ke slovensk\u00e9 vl\u00e1d\u011b chovat slu\u0161n\u011b. P\u0159inesli jsme o tom v \u00fater\u00fd \u010dl\u00e1nek s cel\u00fdm p\u0159ekladem z origin\u00e1ln\u00ed ru\u0161tiny\u00a0<strong>[<a href=\"https:\/\/aeronet.news\/robert-fico-se-v-pekingu-na-okraj-oslav-80-vyroci-konce-ii-sv-valky-znovu-po-4-mesicich-setkal-s-vladimirem-putinem-ten-mu-poradil-ze-ma-ukrajincum-vypnout-dodavky-energii-ze-slovenska\/\">3<\/a>]<\/strong>. Zd\u00e1 se, \u017ee a\u0165 u\u017e to byl kdokoliv, kdo Ficovi v Pekingu do sluch\u00e1tek tlumo\u010dil z ru\u0161tiny, tak tento Putin\u016fv v\u00fdrok nep\u0159elo\u017eil Ficovi bu\u010f v\u016fbec, anebo n\u011bjak pok\u0159iven\u011b, \u017ee to nezn\u011blo tak, jak to od Putina zazn\u011blo v orgin\u00e1lu. Novin\u00e1\u0159i z progresivn\u00edch m\u00e9di\u00ed si potom z Fica utahuj\u00ed, \u017ee ani nev\u00ed, o \u010dem se s Putinem bavil a dokonce to rozporuje.<\/p>\n<h3>Danko bije na poplach a \u017e\u00e1d\u00e1 Fica, aby zm\u011bnil p\u0159\u00edstup k Ukrajin\u011b. Nesm\u00ed b\u00fdt \u010dlenem EU!<\/h3>\n<p>Pr\u00e1v\u011b proto koali\u010dn\u00ed partner ve Ficov\u011b vl\u00e1d\u011b a p\u0159edseda SNS Andrej Danko napsal Ficovi dopis, aby v z\u00e1jmu slovensk\u00e9 bezpe\u010dnosti okam\u017eit\u011b zm\u011bnil sv\u016fj p\u0159\u00edstup k Ukrajin\u011b. Ukrajina se chov\u00e1 jako gauner a teroristick\u00fd st\u00e1t, jako vyd\u011bra\u010d. Proto se Ukrajina nem\u016f\u017ee st\u00e1t \u010dlenem Evropsk\u00e9 unie, s \u010d\u00edm\u017e SNS z\u00e1sadn\u011b nesouhlas\u00ed, na rozd\u00edl od FIca, kter\u00fd naivn\u011b v U\u017ehorodu znovu zelen\u00e9mu sk\u0159etovi uctiv\u011b garantoval p\u0159ipravenost Slovenska p\u0159ijmout Ukrajinu do EU.<\/p>\n<p>Tohle je naprost\u00fd a tot\u00e1ln\u00ed kolaps slovensk\u00e9 diplomacie, kdy\u017e jen p\u00e1r hodin po vrcholn\u00e9 sch\u016fzce Fica a Zelensk\u00e9ho provede kyjevsk\u00fd sk\u0159et na d\u016fkaz sv\u00e9 s\u00edly dal\u0161\u00ed \u00fatok na Dru\u017ebu a proti slovensk\u00fdm energetick\u00fdm z\u00e1jm\u016fm. Jak u\u017e jsem psal minule v \u010dl\u00e1nku, Fico by se ve vlastn\u00edm z\u00e1jmu m\u011bl p\u0159estat setk\u00e1vat se Zelensk\u00fdm, proto\u017ee to ji\u017e nejen nen\u00ed legitimn\u00ed prezident Ukrajiny, ale nav\u00edc je to boss kyjevsk\u00e9 junty, kter\u00fd se chov\u00e1 jako mafi\u00e1n a nikoliv jako st\u00e1tn\u00edk.<\/p>\n<div id=\"rumble_v6wftcw\">\n<div id=\"vid_v6wftcw\" class=\"rumble_v6wftcw-Rumble-cls\" tabindex=\"-1\">\n<div class=\"bigPlayUI ctp\">\n<div class=\"bigPlayUIInner ctp\"><\/div>\n<\/div>\n<div class='videoWrapper'>\r\n\t            <iframe src='https:\/\/rumble.com\/embed\/pj.v6wftcw\/' frameborder='0' allowfullscreen><\/iframe>\r\n\t        <\/div>\n<\/div>\n<\/div>\n<p>&nbsp;<\/p>\n<p>Znalost ru\u0161tiny bude v Evrop\u011b znovu velice pot\u0159ebn\u00e1 a alespo\u0148 z\u00e1klady a t\u0159eba jen pasivn\u00ed znalost ru\u0161tiny je ot\u00e1zkou bl\u00edzk\u00e9ho p\u0159e\u017eit\u00ed v bl\u00edzk\u00e9 dob\u011b. Ka\u017edop\u00e1dn\u011b cesta EU je nastoupena ke III. sv. v\u00e1lce, d\u00e1my a p\u00e1nov\u00e9.<span style=\"color: #ff0000;\"> Nikdo z v\u00e1s na alternativ\u011b, nikdo z vlastenc\u016f, nesm\u00ed v t\u00e9to kritick\u00e9 situaci d\u00e1t hlas nikomu, kdo neprosazuje okam\u017eit\u00e9 vystoupen\u00ed z NATO a okam\u017eitou suspendaci a\u00a0<strong>faktick\u00e9 vystoupen\u00ed z EU z d\u016fvodu ohro\u017een\u00ed n\u00e1rodn\u00ed bezpe\u010dnosti, kdy n\u00e1\u0161 n\u00e1rod je zatahov\u00e1n Evropskou unii do v\u00e1lky na Ukrajin\u011b a v d\u016fsledku toho do III. sv. v\u00e1lky mezi NATO a Ruskem! <\/strong><em><span style=\"color: #000000;\">(Pozn\u00e1mka redakce IK: To prosazuje ve sv\u00e9m volebn\u00edm programu jen hnut\u00ed <a href=\"https:\/\/cr1.cz\/\">\u010cesk\u00e1 republika na 1. m\u00edst\u011b<\/a>)<\/span><\/em><\/span><\/p>\n<p>A k tomu voli\u010di v \u010cR p\u0159i referendu o vstupu do EU rozhodn\u011b Bruselu mand\u00e1t nedali. Nedali ani mand\u00e1t k tomu, aby se pen\u00edze z fond\u016f EU p\u0159esunovaly na zbrojen\u00ed do v\u00e1lky, o kter\u00e9 gener\u00e1lov\u00e9 NATO\u00a0<strong>[<a href=\"https:\/\/aeronet.news\/novy-vrchni-velitel-spojeneckych-sil-nato-prohlasil-ze-cina-a-rusko-chystaji-koordinovane-utoky-v-evrope-a-na-taiwanu-jiz-v-roce-2027-takze-aliance-nema-cas-a-musi-se-rychle-pripravit\/\">4<\/a>]<\/strong>\u00a0tvrd\u00ed, \u017ee m\u016f\u017ee vypuknout ji\u017e v roce 2027, a \u017ee Bundeswehr dod\u00e1 rakety dlouh\u00e9ho doletu Ukrajin\u011b, a \u017ee americk\u00e1 arm\u00e1da je p\u0159ipravena spolu s NATO\u00a0<strong>[<a href=\"https:\/\/aeronet.news\/general-bundeswehru-velici-stabu-pro-pomoc-ukrajine-vyzval-k-uderum-proti-ruskym-letistim-a-to-nemeckymi-raketami-jejichz-dodavku-oznamil-pred-par-dny-a-velici-general-americke-armady-v-evrope\/\">5<\/a>]<\/strong>\u00a0zni\u010dit obranu Kaliningradsk\u00e9 oblasti. Je to v ruk\u00e1ch vlasteneck\u00e9 \u010desk\u00e9 vl\u00e1dy, aby si vzala zp\u011bt sv\u00e9 pravomoci odevzdan\u00e9 Bruselu a v d\u016fsledku ohro\u017een\u00ed n\u00e1rodn\u00ed bezpe\u010dnosti st\u00e1tu ze strany EU komise okam\u017eit\u011b opustila Evropskou unii.<\/p>\n<h3>Alternativa mus\u00ed lidem \u0159\u00edkat pravdu, a ne to, co chce alternativa sly\u0161et kv\u016fli vytvo\u0159en\u00ed nad\u011bje<\/h3>\n<p>A to nepot\u0159ebuje \u017e\u00e1dn\u00e9 referendum, d\u00e1my a p\u00e1nov\u00e9. To vy\u017eaduje jen odvahu! P\u0159esn\u011b podle hesla fialov\u00e9ho profesora. Ano, odvahu d\u011blat takovou n\u00e1rodn\u00ed politiku, kter\u00e1 n\u00e1s nedovede ke zni\u010den\u00ed ve v\u00e1lce s Ruskem na evropsk\u00e9m kontinentu, ani k hladomoru, kter\u00fd ji\u017e globalist\u00e9 pl\u00e1nuj\u00ed po skon\u010den\u00ed t\u00e9 v\u00e1lky v Evrop\u011b. A v t\u011bch potravin\u00e1ch budou pr\u00fd mRNA, psychobiotika, karcinogeny.<\/p>\n<p>V Americe s t\u00edm ji\u017e za\u010dali v r\u00e1mci programu\u00a0<em>Apeel<\/em>, k \u010demu\u017e chyst\u00e1m extra \u010dl\u00e1nek. Ka\u017ed\u00e1 v\u00e1lka nebo krize je sou\u010d\u00e1st\u00ed pl\u00e1nu, jak na z\u00e1klad\u011b t\u00e9 v\u00e1lky \u010di krize prosadit do spole\u010dnosti n\u00e1stroje na pos\u00edlen\u00ed tot\u00e1ln\u00ed kontroly a n\u00e1sledn\u011b s t\u00edm spojen\u00e9 a indukovan\u00e9 redukce obyvatel planety. A jedin\u011b \u00fat\u011bk z EU a NATO, okam\u017eit\u011b, na\u0161e n\u00e1rody m\u016f\u017ee v prostoru Evropy zachr\u00e1nit.<\/p>\n<div class=\"twitter-tweet twitter-tweet-rendered\"><iframe id=\"twitter-widget-0\" class=\"\" title=\"X Post\" src=\"https:\/\/platform.twitter.com\/embed\/Tweet.html?dnt=false&amp;embedId=twitter-widget-0&amp;features=eyJ0ZndfdGltZWxpbmVfbGlzdCI6eyJidWNrZXQiOltdLCJ2ZXJzaW9uIjpudWxsfSwidGZ3X2ZvbGxvd2VyX2NvdW50X3N1bnNldCI6eyJidWNrZXQiOnRydWUsInZlcnNpb24iOm51bGx9LCJ0ZndfdHdlZXRfZWRpdF9iYWNrZW5kIjp7ImJ1Y2tldCI6Im9uIiwidmVyc2lvbiI6bnVsbH0sInRmd19yZWZzcmNfc2Vzc2lvbiI6eyJidWNrZXQiOiJvbiIsInZlcnNpb24iOm51bGx9LCJ0ZndfZm9zbnJfc29mdF9pbnRlcnZlbnRpb25zX2VuYWJsZWQiOnsiYnVja2V0Ijoib24iLCJ2ZXJzaW9uIjpudWxsfSwidGZ3X21peGVkX21lZGlhXzE1ODk3Ijp7ImJ1Y2tldCI6InRyZWF0bWVudCIsInZlcnNpb24iOm51bGx9LCJ0ZndfZXhwZXJpbWVudHNfY29va2llX2V4cGlyYXRpb24iOnsiYnVja2V0IjoxMjA5NjAwLCJ2ZXJzaW9uIjpudWxsfSwidGZ3X3Nob3dfYmlyZHdhdGNoX3Bpdm90c19lbmFibGVkIjp7ImJ1Y2tldCI6Im9uIiwidmVyc2lvbiI6bnVsbH0sInRmd19kdXBsaWNhdGVfc2NyaWJlc190b19zZXR0aW5ncyI6eyJidWNrZXQiOiJvbiIsInZlcnNpb24iOm51bGx9LCJ0ZndfdXNlX3Byb2ZpbGVfaW1hZ2Vfc2hhcGVfZW5hYmxlZCI6eyJidWNrZXQiOiJvbiIsInZlcnNpb24iOm51bGx9LCJ0ZndfdmlkZW9faGxzX2R5bmFtaWNfbWFuaWZlc3RzXzE1MDgyIjp7ImJ1Y2tldCI6InRydWVfYml0cmF0ZSIsInZlcnNpb24iOm51bGx9LCJ0ZndfbGVnYWN5X3RpbWVsaW5lX3N1bnNldCI6eyJidWNrZXQiOnRydWUsInZlcnNpb24iOm51bGx9LCJ0ZndfdHdlZXRfZWRpdF9mcm9udGVuZCI6eyJidWNrZXQiOiJvbiIsInZlcnNpb24iOm51bGx9fQ%3D%3D&amp;frame=false&amp;hideCard=false&amp;hideThread=false&amp;id=1961162085725040808&amp;lang=cs&amp;origin=https%3A%2F%2Faeronet.news%2Fpo-obrovskem-ruskem-naletu-na-ukrajinu-chteji-usa-a-eu-donutit-putina-k-miru-tim-ze-privodi-rusku-ekonomicky-kolaps-kdyz-sankce-nefungovaly-35-roku-tak-uvalime-vice-sankci%2F&amp;sessionId=e836d7a66a768fe679e9219de5c4862f45844590&amp;theme=light&amp;widgetsVersion=2615f7e52b7e0%3A1702314776716&amp;width=550px\" frameborder=\"0\" scrolling=\"no\" allowfullscreen=\"allowfullscreen\" data-tweet-id=\"1961162085725040808\" data-mce-fragment=\"1\"><\/iframe><\/div>\n<p>Alternativa mus\u00ed lidem \u0159\u00edkat pravdu, a ne to, co chce alternativa sly\u0161et kv\u016fli vytvo\u0159en\u00ed nad\u011bje.\u00a0<strong>I kdy\u017e bez nad\u011bje nejde \u017e\u00edt, nesm\u00ed b\u00fdt postavena na l\u017ei, nev\u011bdomosti, anebo co je nejhor\u0161\u00ed, na ignorantstv\u00ed.<\/strong>\u00a0Nad\u011bj\u00ed mus\u00ed b\u00fdt znalosti proces\u016f \u0159\u00edzen\u00ed, ne sliby na plak\u00e1tech politik\u016f. Pravda je tvrd\u00e1, brut\u00e1ln\u00ed, pro slab\u00e9 lidi d\u011bsiv\u00e1. Ale pravda je, \u017ee n\u00e1s cht\u011bji \u201c<em>zredukovat<\/em>\u201d na 6. priorit\u011b pod z\u00e1minkou nevyhnutelnosti III. sv. v\u00e1lky, d\u00e1my a p\u00e1nov\u00e9. D\u011blaj\u00ed pro to \u00fapln\u011b v\u0161echno v Lond\u00fdn\u011b.<\/p>\n<p>A jestli v B\u00edl\u00e9m dom\u011b odpoj\u00ed Trumpa od \u0159\u00edzen\u00ed proces\u016f, nap\u0159. kv\u016fli zdrav\u00ed, nebudeme mo\u017en\u00e1 na tu v\u00e1lku muset \u010dekat ani do toho roku 2027, jak vytrubuj\u00ed gener\u00e1lov\u00e9 NATO. Trump zmizel na cel\u00fd t\u00fdden. Dali mu \u0161kolen\u00ed, l\u00e9\u010dbu, anebo\u00a0<em>psychobiotika<\/em>? Te\u010f se vr\u00e1til a najednou sly\u0161\u00edme o pl\u00e1nu na ekonomick\u00fd kolaps Ruska. Pokud toti\u017e Chabad usoud\u00ed, \u017ee Trump selhal, za\u017eijeme obrovskou eskalaci a urychlen\u00ed krize v Evrop\u011b sm\u011brem k v\u00e1lce. Mamut\u00ed leteck\u00fd \u00fatok Ruska na Ukrajinu tomu p\u0159itom jde, koneckonc\u016f, jasn\u011b naproti. A i to si mus\u00edme, po pravd\u011b, rovn\u011b\u017e na alternativ\u011b p\u0159iznat! Proto\u017ee v\u00e1lku \u0159\u00edd\u00ed dv\u011b kolegia komplement\u00e1\u0159\u016f \u2013 sionisti\u010dt\u00ed z Lond\u00fdna a pan\u0161t\u00ed z Moskvy. A to je konceptu\u00e1ln\u00ed realita!<\/p>\n<p><a href=\"https:\/\/aeronet.news\/po-obrovskem-ruskem-naletu-na-ukrajinu-chteji-usa-a-eu-donutit-putina-k-miru-tim-ze-privodi-rusku-ekonomicky-kolaps-kdyz-sankce-nefungovaly-35-roku-tak-uvalime-vice-sankci\/\">-VK-<\/a><\/p>\n<p><img decoding=\"async\" loading=\"lazy\" class=\"wp-image-86927 aligncenter\" src=\"http:\/\/www.infokuryr.cz\/n\/wp-content\/uploads\/2025\/09\/letak-volby-2025-konference-3-212x300.png\" alt=\"\" width=\"859\" height=\"1216\" srcset=\"https:\/\/www.infokuryr.cz\/n\/wp-content\/uploads\/2025\/09\/letak-volby-2025-konference-3-212x300.png 212w, https:\/\/www.infokuryr.cz\/n\/wp-content\/uploads\/2025\/09\/letak-volby-2025-konference-3-724x1024.png 724w, https:\/\/www.infokuryr.cz\/n\/wp-content\/uploads\/2025\/09\/letak-volby-2025-konference-3-768x1086.png 768w, https:\/\/www.infokuryr.cz\/n\/wp-content\/uploads\/2025\/09\/letak-volby-2025-konference-3-1086x1536.png 1086w, https:\/\/www.infokuryr.cz\/n\/wp-content\/uploads\/2025\/09\/letak-volby-2025-konference-3-1448x2048.png 1448w, https:\/\/www.infokuryr.cz\/n\/wp-content\/uploads\/2025\/09\/letak-volby-2025-konference-3-1024x1448.png 1024w\" sizes=\"(max-width: 859px) 100vw, 859px\" \/><\/p>\n","protected":false},"excerpt":{"rendered":"<p>Po obrovsk\u00e9m rusk\u00e9m n\u00e1letu na Ukrajinu cht\u011bj\u00ed USA a EU donutit Putina k m\u00edru t\u00edm,&#8230;<\/p>\n","protected":false},"author":2,"featured_media":87271,"comment_status":"closed","ping_status":"closed","sticky":false,"template":"","format":"standard","meta":[],"categories":[6],"tags":[1042,22,125,37,5135],"_links":{"self":[{"href":"https:\/\/www.infokuryr.cz\/n\/wp-json\/wp\/v2\/posts\/87270"}],"collection":[{"href":"https:\/\/www.infokuryr.cz\/n\/wp-json\/wp\/v2\/posts"}],"about":[{"href":"https:\/\/www.infokuryr.cz\/n\/wp-json\/wp\/v2\/types\/post"}],"author":[{"embeddable":true,"href":"https:\/\/www.infokuryr.cz\/n\/wp-json\/wp\/v2\/users\/2"}],"replies":[{"embeddable":true,"href":"https:\/\/www.infokuryr.cz\/n\/wp-json\/wp\/v2\/comments?post=87270"}],"version-history":[{"count":1,"href":"https:\/\/www.infokuryr.cz\/n\/wp-json\/wp\/v2\/posts\/87270\/revisions"}],"predecessor-version":[{"id":87288,"href":"https:\/\/www.infokuryr.cz\/n\/wp-json\/wp\/v2\/posts\/87270\/revisions\/87288"}],"wp:featuredmedia":[{"embeddable":true,"href":"https:\/\/www.infokuryr.cz\/n\/wp-json\/wp\/v2\/media\/87271"}],"wp:attachment":[{"href":"https:\/\/www.infokuryr.cz\/n\/wp-json\/wp\/v2\/media?parent=87270"}],"wp:term":[{"taxonomy":"category","embeddable":true,"href":"https:\/\/www.infokuryr.cz\/n\/wp-json\/wp\/v2\/categories?post=87270"},{"taxonomy":"post_tag","embeddable":true,"href":"https:\/\/www.infokuryr.cz\/n\/wp-json\/wp\/v2\/tags?post=87270"}],"curies":[{"name":"wp","href":"https:\/\/api.w.org\/{rel}","templated":true}]}}