{"id":87264,"date":"2025-09-08T00:35:06","date_gmt":"2025-09-07T22:35:06","guid":{"rendered":"https:\/\/www.infokuryr.cz\/n\/?p=87264"},"modified":"2025-09-08T04:29:30","modified_gmt":"2025-09-08T02:29:30","slug":"tisice-pravoslavnych-krestanu-se-v-nedeli-v-moskve-zucastnily-velkeho-pruvodu","status":"publish","type":"post","link":"https:\/\/www.infokuryr.cz\/n\/2025\/09\/08\/tisice-pravoslavnych-krestanu-se-v-nedeli-v-moskve-zucastnily-velkeho-pruvodu\/","title":{"rendered":"Tis\u00edce pravoslavn\u00fdch k\u0159es\u0165an\u016f se v ned\u011bli v Moskv\u011b z\u00fa\u010dastnily velk\u00e9ho pr\u016fvodu"},"content":{"rendered":"<div id=\"fb-root\"><\/div>\n<h3>Tato ud\u00e1lost o\u017eivuje 400 let starou tradici, kter\u00e1 byla ukon\u010dena po revoluci v roce 1917<\/h3>\n<p><span dir=\"auto\">Tis\u00edce pravoslavn\u00fdch k\u0159es\u0165an\u016f se v ned\u011bli z\u00fa\u010dastnily velk\u00e9ho pr\u016fvodu u p\u0159\u00edle\u017eitosti sv\u00e1tku Moskevsk\u00e9ho svat\u00e9ho, sv\u00e1tku rusk\u00e9 pravoslavn\u00e9 c\u00edrkve, kter\u00fd ct\u00ed moskevsk\u00e9 svat\u00e9. Tato ud\u00e1lost p\u0159edstavuje obnoven\u00ed tradice, kter\u00e1 byla p\u0159eru\u0161ena po rusk\u00e9 revoluci v roce 1917.<\/span><\/p>\n<p><span dir=\"auto\">Pochod vedl patriarcha Kirill, hlava rusk\u00e9 pravoslavn\u00e9 c\u00edrkve, a p\u0159ipojili se k n\u011bmu duchovn\u00ed z moskevsk\u00e9 diec\u00e9ze, kl\u00e1\u0161tern\u00edch komunit a laici. Organiz\u00e1to\u0159i odhaduj\u00ed, \u017ee se z\u00fa\u010dastnilo asi 40 000 lid\u00ed.<\/span><\/p>\n<p><span dir=\"auto\">\u00da\u010dastn\u00edci p\u0159ijeli z cel\u00e9ho Ruska, ale tak\u00e9 z \u010cesk\u00e9 republiky, Uzbekist\u00e1nu, Srbska, It\u00e1lie a dal\u0161\u00edch zem\u00ed. Pochod za\u010dal u Chr\u00e1mu Krista Spasitele v centru Moskvy a pokra\u010doval do Novod\u011bvi\u010d\u00edho kl\u00e1\u0161tera, vzd\u00e1len\u00e9ho 6 km.<\/span><\/p>\n<div class=\"article__cover\">\n<div class=\"media\">\n<picture><source srcset=\"https:\/\/mf.b37mrtl.ru\/files\/2025.09\/original\/68bd8ac320302728074d55f7.jpg\" sizes=\"991px\" data-srcset=\"https:\/\/mf.b37mrtl.ru\/files\/2025.09\/original\/68bd8ac320302728074d55f7.jpg\" \/><img decoding=\"async\" loading=\"lazy\" class=\"read-more__cover lazyautosizes lazyloaded aligncenter\" src=\"https:\/\/mf.b37mrtl.ru\/files\/2025.09\/original\/68bd8ac320302728074d55f7.jpg\" sizes=\"991px\" alt=\"RT\" width=\"868\" height=\"578\" data-sizes=\"auto\" data-src=\"https:\/\/mf.b37mrtl.ru\/files\/2025.09\/original\/68bd8ac320302728074d55f7.jpg\" \/><\/picture>\n<div class=\"media__footer media__footer_bottom \">\n<div class=\"media__title media__title_footer\" style=\"text-align: center;\"><em><span dir=\"auto\">\u00a9 Sputnik \/ Kirill Zykov<\/span><\/em><\/div>\n<\/div>\n<\/div>\n<\/div>\n<p><span dir=\"auto\">Videa sd\u00edlen\u00e1 online ukazovala duchovn\u00ed a v\u011b\u0159\u00edc\u00ed nesouc\u00ed barevn\u00e9 transparenty s vyobrazen\u00edm svat\u00fdch, davy skandovaly tradi\u010dn\u00ed\u00a0<\/span><em><span dir=\"auto\">\u201eKristus vstal z mrtv\u00fdch\u201c<\/span><\/em><span dir=\"auto\">\u00a0a sbory odpov\u00eddaly\u00a0<\/span><em><span dir=\"auto\">\u201eVpravd\u011b vstal z mrtv\u00fdch\u201c.<\/span><\/em><\/p>\n<div style=\"width: 640px;\" class=\"wp-video\"><!--[if lt IE 9]><script>document.createElement('video');<\/script><![endif]-->\n<video class=\"wp-video-shortcode\" id=\"video-87264-1\" width=\"640\" height=\"360\" preload=\"metadata\" controls=\"controls\"><source type=\"video\/mp4\" src=\"http:\/\/www.infokuryr.cz\/n\/wp-content\/uploads\/2025\/09\/prav-m.mp4?_=1\" \/><a href=\"http:\/\/www.infokuryr.cz\/n\/wp-content\/uploads\/2025\/09\/prav-m.mp4\">http:\/\/www.infokuryr.cz\/n\/wp-content\/uploads\/2025\/09\/prav-m.mp4<\/a><\/video><\/div>\n<p>&nbsp;<\/p>\n<p><span dir=\"auto\">Mnoz\u00ed zp\u00edvali c\u00edrkevn\u00ed hymny, zat\u00edmco Moskvan\u00e9 lemovali ulice, aby sledovali pr\u016fvod.<\/span><\/p>\n<div class=\"article__cover\">\n<div class=\"media\">\n<picture><source srcset=\"https:\/\/mf.b37mrtl.ru\/files\/2025.09\/original\/68bd8ac420302728074d55f8.jpg\" sizes=\"991px\" data-srcset=\"https:\/\/mf.b37mrtl.ru\/files\/2025.09\/original\/68bd8ac420302728074d55f8.jpg\" \/><img decoding=\"async\" loading=\"lazy\" class=\"read-more__cover lazyautosizes lazyloaded aligncenter\" src=\"https:\/\/mf.b37mrtl.ru\/files\/2025.09\/original\/68bd8ac420302728074d55f8.jpg\" sizes=\"991px\" alt=\"RT\" width=\"831\" height=\"554\" data-sizes=\"auto\" data-src=\"https:\/\/mf.b37mrtl.ru\/files\/2025.09\/original\/68bd8ac420302728074d55f8.jpg\" \/><\/picture>\n<div class=\"media__footer media__footer_bottom \">\n<div class=\"media__title media__title_footer\" style=\"text-align: center;\"><em><span dir=\"auto\">\u00a9 Sputnik \/ Kirill Zykov<\/span><\/em><\/div>\n<\/div>\n<\/div>\n<\/div>\n<p><span dir=\"auto\">Pr\u016fvodu p\u0159edch\u00e1zela bohoslu\u017eba, kterou v chr\u00e1mu Krista Spasitele slou\u017eil patriarcha Kirill.<\/span><\/p>\n<div class=\"article__cover\">\n<div class=\"media\">\n<picture><source srcset=\"https:\/\/mf.b37mrtl.ru\/files\/2025.09\/original\/68bd8ac520302728074d55f9.jpg\" sizes=\"991px\" data-srcset=\"https:\/\/mf.b37mrtl.ru\/files\/2025.09\/original\/68bd8ac520302728074d55f9.jpg\" \/><img decoding=\"async\" loading=\"lazy\" class=\"read-more__cover lazyautosizes lazyloaded aligncenter\" src=\"https:\/\/mf.b37mrtl.ru\/files\/2025.09\/original\/68bd8ac520302728074d55f9.jpg\" sizes=\"991px\" alt=\"RT\" width=\"849\" height=\"566\" data-sizes=\"auto\" data-src=\"https:\/\/mf.b37mrtl.ru\/files\/2025.09\/original\/68bd8ac520302728074d55f9.jpg\" \/><\/picture>\n<div class=\"media__footer media__footer_bottom \">\n<div class=\"media__title media__title_footer\" style=\"text-align: center;\"><em><span dir=\"auto\">\u00a9 Sputnik \/ Kirill Zykov<\/span><\/em><\/div>\n<\/div>\n<\/div>\n<\/div>\n<p><span dir=\"auto\">Patriarcha p\u0159ed akc\u00ed uvedl, \u017ee pochod zd\u016fraznil roli Moskvy jako hlavn\u00edho m\u011bsta pravoslav\u00ed a vyj\u00e1d\u0159il nad\u011bji, \u017ee obnov\u00ed starobylou tradici.<\/span><\/p>\n<div class=\"article__cover\">\n<div class=\"media\">\n<picture><source srcset=\"https:\/\/mf.b37mrtl.ru\/files\/2025.09\/original\/68bd8ac720302728074d55fb.jpg\" sizes=\"991px\" data-srcset=\"https:\/\/mf.b37mrtl.ru\/files\/2025.09\/original\/68bd8ac720302728074d55fb.jpg\" \/><img decoding=\"async\" loading=\"lazy\" class=\"read-more__cover lazyautosizes lazyloaded aligncenter\" src=\"https:\/\/mf.b37mrtl.ru\/files\/2025.09\/original\/68bd8ac720302728074d55fb.jpg\" sizes=\"991px\" alt=\"RT\" width=\"869\" height=\"579\" data-sizes=\"auto\" data-src=\"https:\/\/mf.b37mrtl.ru\/files\/2025.09\/original\/68bd8ac720302728074d55fb.jpg\" \/><\/picture>\n<div class=\"media__footer media__footer_bottom \">\n<div class=\"media__title media__title_footer\" style=\"text-align: center;\"><em><span dir=\"auto\">\u00a9 Sputnik \/ Kirill Zykov<\/span><\/em><\/div>\n<\/div>\n<\/div>\n<\/div>\n<p><em><span dir=\"auto\">\u201eMoskva je skute\u010dn\u011b pravoslavn\u00fdm hlavn\u00edm m\u011bstem na\u0161\u00ed vlasti,\u201c<\/span><\/em><span dir=\"auto\">\u00a0\u0159ekl novin\u00e1\u0159\u016fm po bohoslu\u017eb\u011b.\u00a0<\/span><em><span dir=\"auto\">\u201eNa jedn\u00e9 stran\u011b je to m\u011bsto otev\u0159en\u00e9 na\u0161im bratr\u016fm z jin\u00fdch n\u00e1bo\u017eenstv\u00ed, kter\u00e9 uzn\u00e1v\u00e1 jejich p\u0159\u00ednos k na\u0161\u00ed spole\u010dn\u00e9 historii, ale z\u00e1rove\u0148 je to m\u011bsto, kter\u00e9 se nikdy nez\u0159ekne sv\u00e9ho k\u0159es\u0165ansk\u00e9ho d\u011bdictv\u00ed.\u201c<\/span><\/em><\/p>\n<p><span dir=\"auto\">Pr\u016fvod ct\u00ed historick\u00fd p\u0159enos Smolensk\u00e9 ikony Matky Bo\u017e\u00ed z kremelsk\u00e9 Zv\u011bstovac\u00ed katedr\u00e1ly do Novod\u011bvi\u010d\u00edho kl\u00e1\u0161tera, kter\u00fd zalo\u017eil velkokn\u00ed\u017ee Vasilij III. po dobyt\u00ed Smolenska v roce 1525. Na pam\u00e1tku p\u0159enosu ikony byl zaveden ka\u017edoro\u010dn\u00ed pochod, kter\u00fd pokra\u010doval t\u00e9m\u011b\u0159 \u010dty\u0159i stolet\u00ed a\u017e do rusk\u00e9 revoluce.<\/span><\/p>\n<div style=\"width: 640px;\" class=\"wp-video\"><video class=\"wp-video-shortcode\" id=\"video-87264-2\" width=\"640\" height=\"360\" preload=\"metadata\" controls=\"controls\"><source type=\"video\/mp4\" src=\"http:\/\/www.infokuryr.cz\/n\/wp-content\/uploads\/2025\/09\/video-mm.mp4?_=2\" \/><a href=\"http:\/\/www.infokuryr.cz\/n\/wp-content\/uploads\/2025\/09\/video-mm.mp4\">http:\/\/www.infokuryr.cz\/n\/wp-content\/uploads\/2025\/09\/video-mm.mp4<\/a><\/video><\/div>\n<p><img decoding=\"async\" loading=\"lazy\" class=\"alignnone size-full wp-image-1185\" src=\"http:\/\/www.infokuryr.cz\/n\/wp-content\/uploads\/2021\/04\/kuryr-podpis.png\" alt=\"\" width=\"84\" height=\"24\" \/><\/p>\n<p><img decoding=\"async\" loading=\"lazy\" class=\"wp-image-86739 aligncenter\" src=\"http:\/\/www.infokuryr.cz\/n\/wp-content\/uploads\/2025\/08\/volby-program-211x300.png\" alt=\"\" width=\"738\" height=\"1049\" srcset=\"https:\/\/www.infokuryr.cz\/n\/wp-content\/uploads\/2025\/08\/volby-program-211x300.png 211w, https:\/\/www.infokuryr.cz\/n\/wp-content\/uploads\/2025\/08\/volby-program-721x1024.png 721w, https:\/\/www.infokuryr.cz\/n\/wp-content\/uploads\/2025\/08\/volby-program-768x1091.png 768w, https:\/\/www.infokuryr.cz\/n\/wp-content\/uploads\/2025\/08\/volby-program-1081x1536.png 1081w, https:\/\/www.infokuryr.cz\/n\/wp-content\/uploads\/2025\/08\/volby-program-1442x2048.png 1442w, https:\/\/www.infokuryr.cz\/n\/wp-content\/uploads\/2025\/08\/volby-program-1024x1455.png 1024w\" sizes=\"(max-width: 738px) 100vw, 738px\" \/><\/p>\n","protected":false},"excerpt":{"rendered":"<p>Tato ud\u00e1lost o\u017eivuje 400 let starou tradici, kter\u00e1 byla ukon\u010dena po revoluci v roce 1917&#8230;<\/p>\n","protected":false},"author":2,"featured_media":87267,"comment_status":"closed","ping_status":"closed","sticky":false,"template":"","format":"standard","meta":[],"categories":[7],"tags":[246,1542,250,5135],"_links":{"self":[{"href":"https:\/\/www.infokuryr.cz\/n\/wp-json\/wp\/v2\/posts\/87264"}],"collection":[{"href":"https:\/\/www.infokuryr.cz\/n\/wp-json\/wp\/v2\/posts"}],"about":[{"href":"https:\/\/www.infokuryr.cz\/n\/wp-json\/wp\/v2\/types\/post"}],"author":[{"embeddable":true,"href":"https:\/\/www.infokuryr.cz\/n\/wp-json\/wp\/v2\/users\/2"}],"replies":[{"embeddable":true,"href":"https:\/\/www.infokuryr.cz\/n\/wp-json\/wp\/v2\/comments?post=87264"}],"version-history":[{"count":1,"href":"https:\/\/www.infokuryr.cz\/n\/wp-json\/wp\/v2\/posts\/87264\/revisions"}],"predecessor-version":[{"id":87268,"href":"https:\/\/www.infokuryr.cz\/n\/wp-json\/wp\/v2\/posts\/87264\/revisions\/87268"}],"wp:featuredmedia":[{"embeddable":true,"href":"https:\/\/www.infokuryr.cz\/n\/wp-json\/wp\/v2\/media\/87267"}],"wp:attachment":[{"href":"https:\/\/www.infokuryr.cz\/n\/wp-json\/wp\/v2\/media?parent=87264"}],"wp:term":[{"taxonomy":"category","embeddable":true,"href":"https:\/\/www.infokuryr.cz\/n\/wp-json\/wp\/v2\/categories?post=87264"},{"taxonomy":"post_tag","embeddable":true,"href":"https:\/\/www.infokuryr.cz\/n\/wp-json\/wp\/v2\/tags?post=87264"}],"curies":[{"name":"wp","href":"https:\/\/api.w.org\/{rel}","templated":true}]}}