{"id":87258,"date":"2025-09-08T00:33:31","date_gmt":"2025-09-07T22:33:31","guid":{"rendered":"https:\/\/www.infokuryr.cz\/n\/?p=87258"},"modified":"2025-09-07T19:55:50","modified_gmt":"2025-09-07T17:55:50","slug":"petr-pokorny-vrati-se-po-volbach-piratka-richterova-ke-komunitnimu-vybirani-popelnic-odkud-do-politiky-prisla","status":"publish","type":"post","link":"https:\/\/www.infokuryr.cz\/n\/2025\/09\/08\/petr-pokorny-vrati-se-po-volbach-piratka-richterova-ke-komunitnimu-vybirani-popelnic-odkud-do-politiky-prisla\/","title":{"rendered":"Petr Pokorn\u00fd: Vr\u00e1t\u00ed se po volb\u00e1ch Pir\u00e1tka Richterov\u00e1 ke komunitn\u00edmu vyb\u00edr\u00e1n\u00ed popelnic, odkud do politiky p\u0159i\u0161la?"},"content":{"rendered":"<div id=\"fb-root\"><\/div>\n<h4>Pokud n\u011bkdo tvrdil, \u017ee pos\u00edlen\u00edm gender se pozvedne presti\u017e sn\u011bmovny, je na voli\u010d\u00edch t\u00e9to po\u0161ahan\u00e9 dvoji\u010dky (Richterov\u00e1 &#8211; Nerudov\u00e1), jak se tam dostaly. Kdo ten \u0161kleb\u00edc\u00ed odpad tam dotla\u010dil?<\/h4>\n<div style=\"width: 640px;\" class=\"wp-video\"><!--[if lt IE 9]><script>document.createElement('video');<\/script><![endif]-->\n<video class=\"wp-video-shortcode\" id=\"video-87258-1\" width=\"640\" height=\"360\" preload=\"metadata\" controls=\"controls\"><source type=\"video\/mp4\" src=\"http:\/\/www.infokuryr.cz\/n\/wp-content\/uploads\/2025\/09\/nerud.mp4?_=1\" \/><a href=\"http:\/\/www.infokuryr.cz\/n\/wp-content\/uploads\/2025\/09\/nerud.mp4\">http:\/\/www.infokuryr.cz\/n\/wp-content\/uploads\/2025\/09\/nerud.mp4<\/a><\/video><\/div>\n<p>&nbsp;<\/p>\n<p>Samoz\u0159ejm\u011b \u017eeny, kter\u00e9 maj\u00ed siln\u00fd hlas, ale sou\u010dasn\u011b maj\u00ed ostatn\u00edm co \u0159\u00edct, je t\u0159eba obdivovat. Pan\u00ed Mark\u00e9ta \u0160ichta\u0159ov\u00e1 je plna hodna obdivu. Ale ty dv\u011b domovnice z pavla\u010de, to je hrozn\u00e9, hrozn\u00e9, hrozn\u00e9. Pozorujte je&#8230;<\/p>\n<h4><strong>A k t\u00e9 divn\u00e9 Richterov\u00e9: curriculum vitae vzd\u011bl\u00e1n\u00ed p\u0159ed politikou<\/strong><\/h4>\n<p><strong>V r. 2008 vydala sb\u00edrku b\u00e1sn\u00ed<\/strong>\u00a0Nap\u0159\u00ed\u010d k\u016frou, r. 2011 spolu s dal\u0161\u00edmi zalo\u017eila<strong>\u00a0watchdogov\u00e9 sdru\u017een\u00ed<\/strong>\u00a0(<em>vysv\u011btleno dole<\/em>)<\/p>\n<p><strong>Roky komunitn\u011b kompostuje.\u00a0<\/strong>(<em>Vysv\u011btleno dole<\/em>)<\/p>\n<p>Z pozice ob\u010dansk\u00e9ho\u00a0<strong>watchdogu<\/strong>\u00a0se r. 2014 rozhodla p\u0159ej\u00edt do politiky a vybudovat siln\u00e9 m\u00edstn\u00ed pir\u00e1tsk\u00e9 sdru\u017een\u00ed.\u00a0 Jako zastupitelka na Des\u00edtce v prvn\u00edm roce \u010dinnosti\u00a0<strong>sledovala<\/strong>\u00a0p\u0159edev\u0161\u00edm pl\u00e1novan\u00fd outsourcing ICT za cca 150 milion\u016f K\u010d.<\/p>\n<h4><strong>Pros\u00edm, skute\u010dn\u011b se nesm\u011bjte!<\/strong><\/h4>\n<p>Tak\u017ee pan\u00ed Pir\u00e1tko Richterov\u00e1, rozen\u00e1 Ferjen\u010d\u00edkov\u00e1: nechcete n\u00e1m prozradit, jakou skute\u010dnou pr\u00e1ci jste v \u017eivot\u011b d\u011blala, abyste n\u00e1s obla\u017eovala svou d\u0159inou mimo sledov\u00e1n\u00ed a pind\u00e1n\u00ed o ni\u010dem? M\u00e1te zajist\u00e9 s ur\u010ditost\u00ed vysoce inteligentn\u00ed a vzd\u011blanou \u010d\u00e1st voli\u010dsk\u00e9 obce&#8230;<\/p>\n<h4><strong>Vysv\u011btlen\u00ed<\/strong><\/h4>\n<p><strong>Komunitn\u00ed kompostov\u00e1n\u00ed<\/strong>\u00a0je komunita, domovn\u00ed blok, zahr\u00e1dk\u00e1\u0159sk\u00e1 kolonie, neboli \u0159e\u0161en\u00ed pro v\u00edce lid\u00ed, tedy komunitu, kterou spojuje spole\u010dn\u00fd prostor a chu\u0165 kompostovat.(<strong>D\u00e1vat \u0161lupky od ban\u00e1n\u016f do zvl\u00e1\u0161tn\u00ed popelnice apod..<\/strong>)<\/p>\n<p><strong>Watchdog<\/strong>\u00a0znamen\u00e1\u00a0<em>hl\u00eddac\u00ed pes<\/em>. Slovn\u00ed spojen\u00ed se u\u017e\u00edv\u00e1 k ozna\u010den\u00ed subjektu \u2013 jedince nebo organizace (ve v\u011bt\u0161in\u011b p\u0159\u00edpadech producent\u016f masmedi\u00e1ln\u00edch obsah\u016f) \u2013 jejich\u017e c\u00edlem je\u00a0<strong>sledovat korektnost<\/strong><\/p>\n<p><em>A porovn\u00e1n\u00ed<\/em><\/p>\n<p><a title=\"Co by d\u011blala Richterov\u00e1, kdyby ji Etzler nazval \u0161pinavou \u010dubkou?\" href=\"https:\/\/www.skrytapravda.cz\/domaci\/3939-co-by-delaly-piratka-richterova-nebo-pekarova-kdyby-je-etzler-nazval-spinavymi-cubkami\" target=\"_blank\" rel=\"noopener\">Co by d\u011blala Richterov\u00e1, kdyby ji Etzler nazval \u0161pinavou \u010dubkou?<\/a><\/p>\n<p><a href=\"https:\/\/www.skrytapravda.cz\/z-domova\/2759-vrati-se-po-volbach-piratka-richterova-ke-komunitnimu-vybirani-popelnic-odkud-do-politiky-prisla\">Petr Pokorn\u00fd<\/a><\/p>\n<p><img decoding=\"async\" loading=\"lazy\" class=\"wp-image-85920 aligncenter\" src=\"http:\/\/www.infokuryr.cz\/n\/wp-content\/uploads\/2025\/08\/pozvaniV-300x140.jpg\" alt=\"\" width=\"780\" height=\"364\" srcset=\"https:\/\/www.infokuryr.cz\/n\/wp-content\/uploads\/2025\/08\/pozvaniV-300x140.jpg 300w, https:\/\/www.infokuryr.cz\/n\/wp-content\/uploads\/2025\/08\/pozvaniV.jpg 925w\" sizes=\"(max-width: 780px) 100vw, 780px\" \/><\/p>\n<p><img decoding=\"async\" loading=\"lazy\" class=\"wp-image-86739 aligncenter\" src=\"http:\/\/www.infokuryr.cz\/n\/wp-content\/uploads\/2025\/08\/volby-program-211x300.png\" alt=\"\" width=\"775\" height=\"1102\" srcset=\"https:\/\/www.infokuryr.cz\/n\/wp-content\/uploads\/2025\/08\/volby-program-211x300.png 211w, https:\/\/www.infokuryr.cz\/n\/wp-content\/uploads\/2025\/08\/volby-program-721x1024.png 721w, https:\/\/www.infokuryr.cz\/n\/wp-content\/uploads\/2025\/08\/volby-program-768x1091.png 768w, https:\/\/www.infokuryr.cz\/n\/wp-content\/uploads\/2025\/08\/volby-program-1081x1536.png 1081w, https:\/\/www.infokuryr.cz\/n\/wp-content\/uploads\/2025\/08\/volby-program-1442x2048.png 1442w, https:\/\/www.infokuryr.cz\/n\/wp-content\/uploads\/2025\/08\/volby-program-1024x1455.png 1024w\" sizes=\"(max-width: 775px) 100vw, 775px\" \/><\/p>\n","protected":false},"excerpt":{"rendered":"<p>Pokud n\u011bkdo tvrdil, \u017ee pos\u00edlen\u00edm gender se pozvedne presti\u017e sn\u011bmovny, je na voli\u010d\u00edch t\u00e9to po\u0161ahan\u00e9&#8230;<\/p>\n","protected":false},"author":2,"featured_media":87260,"comment_status":"closed","ping_status":"closed","sticky":false,"template":"","format":"standard","meta":[],"categories":[6],"tags":[1503,4014,137,2822,889],"_links":{"self":[{"href":"https:\/\/www.infokuryr.cz\/n\/wp-json\/wp\/v2\/posts\/87258"}],"collection":[{"href":"https:\/\/www.infokuryr.cz\/n\/wp-json\/wp\/v2\/posts"}],"about":[{"href":"https:\/\/www.infokuryr.cz\/n\/wp-json\/wp\/v2\/types\/post"}],"author":[{"embeddable":true,"href":"https:\/\/www.infokuryr.cz\/n\/wp-json\/wp\/v2\/users\/2"}],"replies":[{"embeddable":true,"href":"https:\/\/www.infokuryr.cz\/n\/wp-json\/wp\/v2\/comments?post=87258"}],"version-history":[{"count":1,"href":"https:\/\/www.infokuryr.cz\/n\/wp-json\/wp\/v2\/posts\/87258\/revisions"}],"predecessor-version":[{"id":87261,"href":"https:\/\/www.infokuryr.cz\/n\/wp-json\/wp\/v2\/posts\/87258\/revisions\/87261"}],"wp:featuredmedia":[{"embeddable":true,"href":"https:\/\/www.infokuryr.cz\/n\/wp-json\/wp\/v2\/media\/87260"}],"wp:attachment":[{"href":"https:\/\/www.infokuryr.cz\/n\/wp-json\/wp\/v2\/media?parent=87258"}],"wp:term":[{"taxonomy":"category","embeddable":true,"href":"https:\/\/www.infokuryr.cz\/n\/wp-json\/wp\/v2\/categories?post=87258"},{"taxonomy":"post_tag","embeddable":true,"href":"https:\/\/www.infokuryr.cz\/n\/wp-json\/wp\/v2\/tags?post=87258"}],"curies":[{"name":"wp","href":"https:\/\/api.w.org\/{rel}","templated":true}]}}