{"id":87252,"date":"2025-09-08T00:29:32","date_gmt":"2025-09-07T22:29:32","guid":{"rendered":"https:\/\/www.infokuryr.cz\/n\/?p=87252"},"modified":"2025-09-07T18:56:52","modified_gmt":"2025-09-07T16:56:52","slug":"liberalne-demokraticka-volba-co-kdyz-ti-dezolati-maji-pravdu-a-ja-budu-za-pitomce","status":"publish","type":"post","link":"https:\/\/www.infokuryr.cz\/n\/2025\/09\/08\/liberalne-demokraticka-volba-co-kdyz-ti-dezolati-maji-pravdu-a-ja-budu-za-pitomce\/","title":{"rendered":"Liber\u00e1ln\u011b demokratick\u00e1 volba. Co kdy\u017e ti dezol\u00e1ti maj\u00ed pravdu a j\u00e1 budu za pitomce?"},"content":{"rendered":"<div id=\"fb-root\"><\/div>\n<p>Zdrav\u00edme v\u00e1s, liber\u00e1ln\u011b demokratick\u00e9 hlavy.\u00a0To jsme my, hloup\u00ed, bezzub\u00ed a nevzd\u011blan\u00ed dezol\u00e1ti.\u00a0Na\u0161\u00ed potravou jsou dezinformace, proto\u017ee si\u00a0<strong>dovolujeme zpochyb\u0148ovat to, co \u0159\u00edkaj\u00ed v televizi a co p\u00ed\u0161ou na internetu<\/strong>.<\/p>\n<p>Nejv\u00edc v\u00e1s na n\u00e1s vys\u00edr\u00e1 to, \u017ee nejsme poslu\u0161n\u00e9 ovce jako vy, a \u017ee m\u00e1me odvahu d\u011blat vlny, zat\u00edmco v\u00e1m vlna roste po cel\u00e9m t\u011ble.<span id=\"more-60165\"><\/span><\/p>\n<p>Va\u0161e odvaha se omezuje na provol\u00e1v\u00e1n\u00ed sl\u00e1vy t\u011bm, kter\u00fdm provol\u00e1vaj\u00ed sl\u00e1vu loutky ve va\u0161\u00ed zkorumpovan\u00e9 vl\u00e1d\u011b. Milujete v\u00e1lku, ale jen tu v bezpe\u010d\u00ed kl\u00e1vesnice.<\/p>\n<p>Zat\u00edmco my\u00a0<strong>m\u00e1me tu drzost m\u00edt vlastn\u00ed n\u00e1zor<\/strong>, kter\u00fd se neboj\u00edme argumenta\u010dn\u011b obh\u00e1jit i z o\u010d\u00ed do o\u010d\u00ed. To v\u0161ak vy neustoj\u00edte, na to nem\u00e1te koule a hlavn\u011b, m\u00e9dia v\u00e1s sice vybavila siln\u00fdmi emocemi, ale zapomn\u011bla v\u00e1s vybavit i argumenty.<\/p>\n<p>Tak\u017ee nasran\u011b sv\u011bs\u00edte ocas a dojdete dom\u016f. Tam zalezete za kl\u00e1vesnici a zept\u00e1te se um\u011bl\u00e9 inteligence, kter\u00e1 ji\u017e pln\u011b nahradila tu va\u0161\u00ed. Azyl kl\u00e1vesnice do\u010dasn\u011b vyl\u00e9\u010d\u00ed v\u0161echny va\u0161e mindr\u00e1ky. \u201ePo\u010dkej, dezol\u00e1te, te\u010f ti to s Chatem GPT nand\u00e1m\u201c.<\/p>\n<p><img decoding=\"async\" loading=\"lazy\" class=\"wp-image-85920 aligncenter\" src=\"http:\/\/www.infokuryr.cz\/n\/wp-content\/uploads\/2025\/08\/pozvaniV-300x140.jpg\" alt=\"\" width=\"797\" height=\"372\" srcset=\"https:\/\/www.infokuryr.cz\/n\/wp-content\/uploads\/2025\/08\/pozvaniV-300x140.jpg 300w, https:\/\/www.infokuryr.cz\/n\/wp-content\/uploads\/2025\/08\/pozvaniV.jpg 925w\" sizes=\"(max-width: 797px) 100vw, 797px\" \/><\/p>\n<p>Ale co \u010dert necht\u011bl, my v\u00e1m to nand\u00e1me i kdy\u017e m\u00e1te pomocn\u00edka. To je t\u00edm, \u017ee v\u00e1m lhali a pravda je sice nah\u00e1, ale le\u017e m\u00e1 kr\u00e1tk\u00e9 nohy a neprodlou\u017e\u00ed j\u00ed je ani Chat GPT.<\/p>\n<p>Tak v\u00e1m zbydou op\u011bt jen n\u00e1lepky. Reakce emocion\u00e1ln\u011b frustrovan\u00e9ho d\u00edt\u011bte, ke kter\u00e9 v\u00e1s vychovala m\u00e9dia. A co nejv\u00edc na\u0161tve d\u00edt\u011b? Kdy\u017e si ho nikdo nev\u0161\u00edm\u00e1. Tak\u017ee je n\u00e1m v\u00e1\u0161 rozho\u0159\u010den\u00fd nesouhlas, stejn\u011b jako v\u0161echny va\u0161e n\u00e1lepky, \u00fapln\u011b u prdele.<\/p>\n<p>D\u011bsn\u011b v\u00e1s proto sere u\u017e jen na\u0161e hol\u00e1 existence a moc tou\u017e\u00edte po tom, aby s n\u00e1mi syst\u00e9m, skrze nov\u00e9 \u201eliber\u00e1ln\u011b demokratick\u00e9\u201c z\u00e1kony, zato\u010dil a\u00a0<strong>aby se sm\u011blo \u0159\u00edkat jen to, co schv\u00e1lila televize a vl\u00e1da a s \u010d\u00edm tud\u00ed\u017e souhlas\u00edte i vy<\/strong>.<\/p>\n<p>P\u0159izn\u00e1me se, \u017ee netu\u0161\u00edme, jak\u00fd je \u017eivot prizdisr\u00e1\u010de, kter\u00e9mu syst\u00e9m nedovolil dosp\u011bt a udr\u017euje ho ve stavu velk\u00e9ho emocion\u00e1ln\u011b reaktivn\u00edho d\u00edt\u011bte. Ale h\u00e1d\u00e1me, \u017ee to mus\u00ed b\u00fdt doslova peklo.<\/p>\n<p>To neust\u00e1l\u00e9 kouk\u00e1n\u00ed kolem sebe, jestli jsem politicky dostate\u010dn\u011b korektn\u00ed.<\/p>\n<p>Ten neust\u00e1l\u00fd strach z neexistuj\u00edc\u00edch hrozeb, kter\u00e9 chrl\u00ed m\u00e9dia.<\/p>\n<p>Ta neust\u00e1l\u00e1 snaha zapadnout a nevy\u010dn\u00edvat.<\/p>\n<p>Ta neodbytn\u00e1 touha zal\u00edbit se tomu, komu mi m\u00e9dia a vl\u00e1da zrovna p\u0159ikazuj\u00ed l\u00e9zt do prdele.<\/p>\n<p>Ta pot\u0159eba d\u011blat v\u011bci, kter\u00e9 se mi v\u0161ude prezentuj\u00ed jako spr\u00e1vn\u00e9.<\/p>\n<p>A ta neust\u00e1l\u00e1 d\u011bsiv\u00e1 my\u0161lenka n\u011bkde vzadu v hlav\u011b, kter\u00e1 v\u00e1s stra\u0161\u00ed: \u201e<strong>co kdy\u017e ti dezol\u00e1ti maj\u00ed pravdu a j\u00e1 budu za pitomce<\/strong>\u201e. [<a href=\"https:\/\/t.me\/covidlogika\/3566\" target=\"_blank\" rel=\"noopener\">zdroj<\/a>]<\/p>\n<p><span style=\"font-size: 10pt;\"><a href=\"https:\/\/www.nespokojeny.cz\/liberalne-demokraticka-volba-co-kdyz-ti-dezolati-maji-pravdu-a-ja-budu-za-pitomce\/\">NESPOKOJEN\u00dd<\/a><\/span><\/p>\n<p><img decoding=\"async\" loading=\"lazy\" class=\"wp-image-86739 aligncenter\" src=\"http:\/\/www.infokuryr.cz\/n\/wp-content\/uploads\/2025\/08\/volby-program-211x300.png\" alt=\"\" width=\"801\" height=\"1139\" srcset=\"https:\/\/www.infokuryr.cz\/n\/wp-content\/uploads\/2025\/08\/volby-program-211x300.png 211w, https:\/\/www.infokuryr.cz\/n\/wp-content\/uploads\/2025\/08\/volby-program-721x1024.png 721w, https:\/\/www.infokuryr.cz\/n\/wp-content\/uploads\/2025\/08\/volby-program-768x1091.png 768w, https:\/\/www.infokuryr.cz\/n\/wp-content\/uploads\/2025\/08\/volby-program-1081x1536.png 1081w, https:\/\/www.infokuryr.cz\/n\/wp-content\/uploads\/2025\/08\/volby-program-1442x2048.png 1442w, https:\/\/www.infokuryr.cz\/n\/wp-content\/uploads\/2025\/08\/volby-program-1024x1455.png 1024w\" sizes=\"(max-width: 801px) 100vw, 801px\" \/><\/p>\n","protected":false},"excerpt":{"rendered":"<p>Zdrav\u00edme v\u00e1s, liber\u00e1ln\u011b demokratick\u00e9 hlavy.\u00a0To jsme my, hloup\u00ed, bezzub\u00ed a nevzd\u011blan\u00ed dezol\u00e1ti.\u00a0Na\u0161\u00ed potravou jsou dezinformace,&#8230;<\/p>\n","protected":false},"author":2,"featured_media":37310,"comment_status":"closed","ping_status":"closed","sticky":false,"template":"","format":"standard","meta":[],"categories":[6],"tags":[4178,1503,1045],"_links":{"self":[{"href":"https:\/\/www.infokuryr.cz\/n\/wp-json\/wp\/v2\/posts\/87252"}],"collection":[{"href":"https:\/\/www.infokuryr.cz\/n\/wp-json\/wp\/v2\/posts"}],"about":[{"href":"https:\/\/www.infokuryr.cz\/n\/wp-json\/wp\/v2\/types\/post"}],"author":[{"embeddable":true,"href":"https:\/\/www.infokuryr.cz\/n\/wp-json\/wp\/v2\/users\/2"}],"replies":[{"embeddable":true,"href":"https:\/\/www.infokuryr.cz\/n\/wp-json\/wp\/v2\/comments?post=87252"}],"version-history":[{"count":1,"href":"https:\/\/www.infokuryr.cz\/n\/wp-json\/wp\/v2\/posts\/87252\/revisions"}],"predecessor-version":[{"id":87253,"href":"https:\/\/www.infokuryr.cz\/n\/wp-json\/wp\/v2\/posts\/87252\/revisions\/87253"}],"wp:featuredmedia":[{"embeddable":true,"href":"https:\/\/www.infokuryr.cz\/n\/wp-json\/wp\/v2\/media\/37310"}],"wp:attachment":[{"href":"https:\/\/www.infokuryr.cz\/n\/wp-json\/wp\/v2\/media?parent=87252"}],"wp:term":[{"taxonomy":"category","embeddable":true,"href":"https:\/\/www.infokuryr.cz\/n\/wp-json\/wp\/v2\/categories?post=87252"},{"taxonomy":"post_tag","embeddable":true,"href":"https:\/\/www.infokuryr.cz\/n\/wp-json\/wp\/v2\/tags?post=87252"}],"curies":[{"name":"wp","href":"https:\/\/api.w.org\/{rel}","templated":true}]}}