{"id":87225,"date":"2025-09-08T00:22:37","date_gmt":"2025-09-07T22:22:37","guid":{"rendered":"https:\/\/www.infokuryr.cz\/n\/?p=87225"},"modified":"2025-09-07T14:07:12","modified_gmt":"2025-09-07T12:07:12","slug":"nemecka-policie-zastrelila-studenta-z-kosova-ktery-pobodal-svoji-ucitelku-do-bricha-v-essenu-probiha-rozsahla-policejni-operace","status":"publish","type":"post","link":"https:\/\/www.infokuryr.cz\/n\/2025\/09\/08\/nemecka-policie-zastrelila-studenta-z-kosova-ktery-pobodal-svoji-ucitelku-do-bricha-v-essenu-probiha-rozsahla-policejni-operace\/","title":{"rendered":"N\u011bmeck\u00e1 policie zast\u0159elila studenta z Kosova, kter\u00fd pobodal svoji u\u010ditelku do b\u0159icha, v Essenu prob\u00edh\u00e1 rozs\u00e1hl\u00e1 policejn\u00ed operace"},"content":{"rendered":"<div id=\"fb-root\"><\/div>\n<h3 class=\"s-tagline fw-tagline\"><span dir=\"auto\">Dal\u0161\u00ed p\u0159\u00edpad migranta, kter\u00fd v N\u011bmecku pobodal svoji u\u010ditelku<\/span><\/h3>\n<div class=\"e-ct-outer\">\n<div class=\"entry-content rbct clearfix is-highlight-shares\">\n<p><span dir=\"auto\">N\u011bmeck\u00e1 policie \u00fadajn\u011b post\u0159elila studenta z Kosova pot\u00e9, co migrant v Essenu pobodal jeho u\u010ditelku. Jde o dal\u0161\u00ed \u00fatok no\u017eem, jeho\u017e c\u00edlem byl migrant, a kter\u00fd je v N\u011bmecku v posledn\u00edch letech p\u0159etrv\u00e1vaj\u00edc\u00edm probl\u00e9mem.<\/span><\/p>\n<p><span dir=\"auto\">Osmn\u00e1ctilet\u00fd student z Kosova \u00fadajn\u011b napadl u\u010ditelku ve vzd\u011bl\u00e1vac\u00edm parku v okrese Nordviertel v Essenu, kter\u00fd se nach\u00e1z\u00ed ve spolkov\u00e9 zemi Severn\u00ed Por\u00fdn\u00ed-Vestf\u00e1lsko. Odborn\u00e1 \u0161kola se nach\u00e1z\u00ed mezi ulicemi Bl\u00fccher Stra\u00dfe, Unsuhr Stra\u00dfe a Altenessener Stra\u00dfe.<\/span><\/p>\n<p><span dir=\"auto\">\u017dena utrp\u011bla v\u00e1\u017en\u00e9 bodn\u00e9 zran\u011bn\u00ed v b\u0159i\u0161e. Je o\u0161et\u0159ov\u00e1na v univerzitn\u00ed nemocnici a m\u00e1 podstoupit urgentn\u00ed operaci. Podle den\u00edku Bild <\/span><a href=\"https:\/\/www.bild.de\/regional\/nordrhein-westfalen\/essen-nrw-schueler-soll-lehrerin-in-den-bauch-gestochen-haben-68ba9e5e4b4cea1e73bab8f0\"><span dir=\"auto\">nen\u00ed<\/span><\/a><span dir=\"auto\"> jasn\u00e9, zda je ob\u011b\u0165 v ohro\u017een\u00ed \u017eivota.<\/span><\/p>\n<p><span dir=\"auto\">Osoby v bl\u00edzk\u00e9m okol\u00ed spat\u0159ily pachatele odpov\u00eddaj\u00edc\u00edho popisu, kter\u00e9ho poskytla policie. Kdy\u017e policie podez\u0159el\u00e9ho zahnala do kouta, \u00fadajn\u011b na n\u011b za\u00fato\u010dil no\u017eem. Policie na podez\u0159el\u00e9ho zah\u00e1jila palbu a zas\u00e1hla ho. Nen\u00ed jasn\u00e9, zda podez\u0159el\u00fd utrp\u011bl zran\u011bn\u00ed ohro\u017euj\u00edc\u00ed jeho \u017eivot.<\/span><\/p>\n<p><span dir=\"auto\">Policie dorazila na m\u00edsto v 9:30 a celou budovu uzav\u0159ela.<\/span><\/p>\n<p><span dir=\"auto\">\u201eNa m\u00edst\u011b m\u00e1me velk\u00fd po\u010det policist\u016f,\u201c uvedl policejn\u00ed mluv\u010d\u00ed.<\/span><\/p>\n<p><span dir=\"auto\">Krom\u011b u\u010ditelky je na m\u00edst\u011b o\u0161et\u0159ov\u00e1na \u0159ada dal\u0161\u00edch lid\u00ed zdravotnick\u00fdmi slu\u017ebami. Deset student\u016f \u00fadajn\u011b trp\u00ed \u0161okem pot\u00e9, co byli sv\u011bdky bodnut\u00ed u\u010ditelky nebo poskytli ob\u011bti pomoc.<\/span><\/p>\n<p><span dir=\"auto\">Des\u00edtky student\u016f z\u016fst\u00e1vaj\u00ed ve t\u0159\u00edd\u00e1ch pot\u00e9, co mnoz\u00ed z nich zabarik\u00e1dovali dve\u0159e, co\u017e je standardn\u00ed postup b\u011bhem st\u0159elby ve \u0161kole.<\/span><\/p>\n<p><span dir=\"auto\">Tento \u00fatok odr\u00e1\u017e\u00ed vlnu fyzick\u00e9ho n\u00e1sil\u00ed nam\u00ed\u0159en\u00e9ho proti u\u010ditel\u016fm v posledn\u00edch letech, \u010dasto ze strany migrant\u016f. Loni\u00a0<\/span><a href=\"https:\/\/rmx.news\/article\/germany-4-syrian-suspects-in-brutal-stabbing-of-teacher-already-released\/\"><span dir=\"auto\">\u010dty\u0159i Sy\u0159an\u00e9 v Hamburku pobodali u\u010ditele a m\u00e1lem ho zabili<\/span><\/a><span dir=\"auto\">\u00a0.<\/span><\/p>\n<p><span dir=\"auto\">V roce 2023 sedmn\u00e1ctilet\u00fd chlapec s\u00a0<\/span><a href=\"https:\/\/rmx.news\/crime\/teen-arrested-in-germany-for-stabbing-teacher-to-death-after-receiving-one-day-expulsion-for-misbehavior\/\"><span dir=\"auto\">imigrantsk\u00fdm p\u016fvodem zavra\u017edil no\u017eem svou 55letou u\u010ditelku jen n\u011bkolik hodin pot\u00e9, co byl na jeden den vylou\u010den ze \u0161koly za nevhodn\u00e9 chov\u00e1n\u00ed<\/span><\/a><span dir=\"auto\">\u00a0.<\/span><\/p>\n<p><span dir=\"auto\">Jin\u00e1 u\u010ditelka byla\u00a0v roce 2021 ve W\u00fcrzburgu\u00a0<\/span><a href=\"https:\/\/rmx.news\/article\/germany-somali-knife-attacker-killed-teacher-who-shielded-her-11-year-old-daughter-in-wurzburg-jihad-motivation-is-suspected\/\"><span dir=\"auto\">zmasakrov\u00e1na som\u00e1lsk\u00fdm migrantem, kdy\u017e chr\u00e1nila svou jeden\u00e1ctiletou dceru .<\/span><\/a><\/p>\n<p><img decoding=\"async\" loading=\"lazy\" class=\"alignnone size-full wp-image-1185\" src=\"http:\/\/www.infokuryr.cz\/n\/wp-content\/uploads\/2021\/04\/kuryr-podpis.png\" alt=\"\" width=\"84\" height=\"24\" \/><\/p>\n<p><img decoding=\"async\" loading=\"lazy\" class=\"wp-image-86927 aligncenter\" src=\"http:\/\/www.infokuryr.cz\/n\/wp-content\/uploads\/2025\/09\/letak-volby-2025-konference-3-212x300.png\" alt=\"\" width=\"800\" height=\"1132\" srcset=\"https:\/\/www.infokuryr.cz\/n\/wp-content\/uploads\/2025\/09\/letak-volby-2025-konference-3-212x300.png 212w, https:\/\/www.infokuryr.cz\/n\/wp-content\/uploads\/2025\/09\/letak-volby-2025-konference-3-724x1024.png 724w, https:\/\/www.infokuryr.cz\/n\/wp-content\/uploads\/2025\/09\/letak-volby-2025-konference-3-768x1086.png 768w, https:\/\/www.infokuryr.cz\/n\/wp-content\/uploads\/2025\/09\/letak-volby-2025-konference-3-1086x1536.png 1086w, https:\/\/www.infokuryr.cz\/n\/wp-content\/uploads\/2025\/09\/letak-volby-2025-konference-3-1448x2048.png 1448w, https:\/\/www.infokuryr.cz\/n\/wp-content\/uploads\/2025\/09\/letak-volby-2025-konference-3-1024x1448.png 1024w\" sizes=\"(max-width: 800px) 100vw, 800px\" \/><\/p>\n<\/div>\n<\/div>\n","protected":false},"excerpt":{"rendered":"<p>Dal\u0161\u00ed p\u0159\u00edpad migranta, kter\u00fd v N\u011bmecku pobodal svoji u\u010ditelku N\u011bmeck\u00e1 policie \u00fadajn\u011b post\u0159elila studenta z&#8230;<\/p>\n","protected":false},"author":2,"featured_media":87226,"comment_status":"closed","ping_status":"closed","sticky":false,"template":"","format":"standard","meta":[],"categories":[7],"tags":[551,84,1322,723,184],"_links":{"self":[{"href":"https:\/\/www.infokuryr.cz\/n\/wp-json\/wp\/v2\/posts\/87225"}],"collection":[{"href":"https:\/\/www.infokuryr.cz\/n\/wp-json\/wp\/v2\/posts"}],"about":[{"href":"https:\/\/www.infokuryr.cz\/n\/wp-json\/wp\/v2\/types\/post"}],"author":[{"embeddable":true,"href":"https:\/\/www.infokuryr.cz\/n\/wp-json\/wp\/v2\/users\/2"}],"replies":[{"embeddable":true,"href":"https:\/\/www.infokuryr.cz\/n\/wp-json\/wp\/v2\/comments?post=87225"}],"version-history":[{"count":1,"href":"https:\/\/www.infokuryr.cz\/n\/wp-json\/wp\/v2\/posts\/87225\/revisions"}],"predecessor-version":[{"id":87227,"href":"https:\/\/www.infokuryr.cz\/n\/wp-json\/wp\/v2\/posts\/87225\/revisions\/87227"}],"wp:featuredmedia":[{"embeddable":true,"href":"https:\/\/www.infokuryr.cz\/n\/wp-json\/wp\/v2\/media\/87226"}],"wp:attachment":[{"href":"https:\/\/www.infokuryr.cz\/n\/wp-json\/wp\/v2\/media?parent=87225"}],"wp:term":[{"taxonomy":"category","embeddable":true,"href":"https:\/\/www.infokuryr.cz\/n\/wp-json\/wp\/v2\/categories?post=87225"},{"taxonomy":"post_tag","embeddable":true,"href":"https:\/\/www.infokuryr.cz\/n\/wp-json\/wp\/v2\/tags?post=87225"}],"curies":[{"name":"wp","href":"https:\/\/api.w.org\/{rel}","templated":true}]}}