{"id":87214,"date":"2025-09-08T00:18:49","date_gmt":"2025-09-07T22:18:49","guid":{"rendered":"https:\/\/www.infokuryr.cz\/n\/?p=87214"},"modified":"2025-09-07T13:48:53","modified_gmt":"2025-09-07T11:48:53","slug":"francouzsti-obcane-by-meli-zaplatit-za-skody-zpusobene-nepokoji-migrantu","status":"publish","type":"post","link":"https:\/\/www.infokuryr.cz\/n\/2025\/09\/08\/francouzsti-obcane-by-meli-zaplatit-za-skody-zpusobene-nepokoji-migrantu\/","title":{"rendered":"Francouz\u0161t\u00ed ob\u010dan\u00e9 by m\u011bli zaplatit za \u0161kody zp\u016fsoben\u00e9 nepokoji migrant\u016f"},"content":{"rendered":"<div id=\"fb-root\"><\/div>\n<p><strong><span dir=\"auto\">Francie se st\u00e1v\u00e1 uk\u00e1zkov\u00fdm p\u0159\u00edkladem evropsk\u00e9ho \u00fapadku: Vl\u00e1d\u011b se nejen poda\u0159ilo vys\u00eddlit cel\u00e9 \u010dtvrti masovou imigrac\u00ed, ale nyn\u00ed tak\u00e9 nut\u00ed sv\u00e9 vlastn\u00ed ob\u010dany platit za devastaci zp\u016fsobenou importovan\u00fdmi nepokoji. Ti, kte\u0159\u00ed po cel\u00e1 desetilet\u00ed krv\u00e1celi za integraci, soci\u00e1ln\u00ed programy a policejn\u00ed operace, jsou nyn\u00ed po\u017e\u00e1d\u00e1ni, aby zaplatili novou \u201eda\u0148 z nepokoj\u016f\u201c.<\/span><\/strong><\/p>\n<p><span dir=\"auto\">Francie, zem\u011b ho\u0159\u00edc\u00edch aut, vyrabovan\u00fdch obchod\u016f a zbo\u0159en\u00fdch radnic, si vyvinula novou formu st\u00e1tn\u00edho um\u011bn\u00ed: Pokud importovan\u00e9 nepokoje ji\u017e nelze kontrolovat, zem\u011b jednodu\u0161e donut\u00ed sv\u00e9 vlastn\u00ed obyvatelstvo\u00a0<\/span><a href=\"https:\/\/www.lesechos.fr\/finance-marches\/banque-assurances\/assurance-le-plan-du-gouvernement-pour-maintenir-la-couverture-du-risque-emeutes-2184504\"><span dir=\"auto\">platit za \u0161kody<\/span><\/a><span dir=\"auto\"> . Francouzsk\u00e1 vl\u00e1da pl\u00e1nuje zav\u00e9st povinn\u00e9 \u201epr\u00e9mie za nepokoje\u201c ve v\u00fd\u0161i p\u011bti procent na v\u0161echny pojistn\u00e9 smlouvy, aby pokryla miliardov\u00e9 \u0161kody zp\u016fsoben\u00e9 \u0159\u00e1d\u00edc\u00edmi hordami migrant\u016f. Od da\u0148ov\u00fdch poplatn\u00edk\u016f a b\u011b\u017en\u00fdch majitel\u016f dom\u016f se tak v budoucnu bude o\u010dek\u00e1vat, \u017ee za masovou imigra\u010dn\u00ed politiku zp\u016fsobenou politiky zaplat\u00ed.<\/span><\/p>\n<figure class=\"wp-block-embed is-type-rich is-provider-twitter wp-block-embed-twitter\">\n<div class=\"wp-block-embed__wrapper\">\n<div class=\"twitter-tweet twitter-tweet-rendered\"><iframe id=\"twitter-widget-0\" class=\"\" title=\"X P\u0159\u00edsp\u011bvek\" src=\"https:\/\/platform.twitter.com\/embed\/Tweet.html?dnt=true&amp;embedId=twitter-widget-0&amp;features=eyJ0ZndfdGltZWxpbmVfbGlzdCI6eyJidWNrZXQiOltdLCJ2ZXJzaW9uIjpudWxsfSwidGZ3X2ZvbGxvd2VyX2NvdW50X3N1bnNldCI6eyJidWNrZXQiOnRydWUsInZlcnNpb24iOm51bGx9LCJ0ZndfdHdlZXRfZWRpdF9iYWNrZW5kIjp7ImJ1Y2tldCI6Im9uIiwidmVyc2lvbiI6bnVsbH0sInRmd19yZWZzcmNfc2Vzc2lvbiI6eyJidWNrZXQiOiJvbiIsInZlcnNpb24iOm51bGx9LCJ0ZndfZm9zbnJfc29mdF9pbnRlcnZlbnRpb25zX2VuYWJsZWQiOnsiYnVja2V0Ijoib24iLCJ2ZXJzaW9uIjpudWxsfSwidGZ3X21peGVkX21lZGlhXzE1ODk3Ijp7ImJ1Y2tldCI6InRyZWF0bWVudCIsInZlcnNpb24iOm51bGx9LCJ0ZndfZXhwZXJpbWVudHNfY29va2llX2V4cGlyYXRpb24iOnsiYnVja2V0IjoxMjA5NjAwLCJ2ZXJzaW9uIjpudWxsfSwidGZ3X3Nob3dfYmlyZHdhdGNoX3Bpdm90c19lbmFibGVkIjp7ImJ1Y2tldCI6Im9uIiwidmVyc2lvbiI6bnVsbH0sInRmd19kdXBsaWNhdGVfc2NyaWJlc190b19zZXR0aW5ncyI6eyJidWNrZXQiOiJvbiIsInZlcnNpb24iOm51bGx9LCJ0ZndfdXNlX3Byb2ZpbGVfaW1hZ2Vfc2hhcGVfZW5hYmxlZCI6eyJidWNrZXQiOiJvbiIsInZlcnNpb24iOm51bGx9LCJ0ZndfdmlkZW9faGxzX2R5bmFtaWNfbWFuaWZlc3RzXzE1MDgyIjp7ImJ1Y2tldCI6InRydWVfYml0cmF0ZSIsInZlcnNpb24iOm51bGx9LCJ0ZndfbGVnYWN5X3RpbWVsaW5lX3N1bnNldCI6eyJidWNrZXQiOnRydWUsInZlcnNpb24iOm51bGx9LCJ0ZndfdHdlZXRfZWRpdF9mcm9udGVuZCI6eyJidWNrZXQiOiJvbiIsInZlcnNpb24iOm51bGx9fQ%3D%3D&amp;frame=false&amp;hideCard=false&amp;hideThread=false&amp;id=1963657975530135646&amp;lang=cs&amp;origin=https%3A%2F%2Freport24.news%2Ffrankreichs-buerger-sollen-fuer-schaeden-durch-migrantenkrawalle-aufkommen%2F&amp;sessionId=778c97a4512a4662aec5f202037da9ab49f0edb6&amp;theme=light&amp;widgetsVersion=2615f7e52b7e0%3A1702314776716&amp;width=550px\" frameborder=\"0\" scrolling=\"no\" allowfullscreen=\"allowfullscreen\" data-tweet-id=\"1963657975530135646\" data-mce-fragment=\"1\"><\/iframe><\/div>\n<\/div>\n<\/figure>\n<p><span dir=\"auto\">Je to uk\u00e1zkov\u00fd p\u0159\u00edklad obr\u00e1cen\u00ed odpov\u011bdnosti. Po cel\u00e1 desetilet\u00ed socialist\u00e9, liber\u00e1lov\u00e9 a samozvan\u00ed centristi otev\u00edrali stavidla migraci, vytv\u00e1\u0159eli ghetta a hanobili v\u0161echny kritiky jako \u201epravicov\u00e9 extremisty\u201c. Nyn\u00ed, kdy\u017e sud s st\u0159eln\u00fdm prachem pravideln\u011b exploduje, ti sam\u00ed politici prohla\u0161uj\u00ed, \u017ee b\u0159emeno devastace mus\u00ed b\u00fdt neseno \u201esolid\u00e1rn\u011b\u201c.<\/span><\/p>\n<p><span dir=\"auto\">Vl\u00e1dn\u00ed srovn\u00e1n\u00ed s p\u0159\u00edrodn\u00edmi katastrofami je naprosto absurdn\u00ed. Bou\u0159i nebo zem\u011bt\u0159esen\u00ed se sice zabr\u00e1nit ned\u00e1 \u2013 ale ka\u017edoro\u010dn\u00edm povst\u00e1n\u00edm migrant\u016f ano. \u010clov\u011bk by prost\u011b pot\u0159eboval politickou v\u016fli \u0159e\u0161it probl\u00e9m u ko\u0159ene, m\u00edsto aby se ho sna\u017eil zakr\u00fdt miliardami dolar\u016f v n\u00e1plastech.<\/span><\/p>\n<div id=\"repor-f607f43adfe9ba98084108b5e352941e\" class=\"repor-f607f43adfe9ba98084108b5e352941e repor-inhalt2_mob\">\n<div id=\"repor-1435821113\" class=\"repor-inhalt2_mob\"><img decoding=\"async\" loading=\"lazy\" class=\"wp-image-86651 aligncenter\" src=\"http:\/\/www.infokuryr.cz\/n\/wp-content\/uploads\/2025\/08\/vrab10-300x200.png\" alt=\"\" width=\"1000\" height=\"666\" srcset=\"https:\/\/www.infokuryr.cz\/n\/wp-content\/uploads\/2025\/08\/vrab10-300x200.png 300w, https:\/\/www.infokuryr.cz\/n\/wp-content\/uploads\/2025\/08\/vrab10-1024x682.png 1024w, https:\/\/www.infokuryr.cz\/n\/wp-content\/uploads\/2025\/08\/vrab10-768x512.png 768w, https:\/\/www.infokuryr.cz\/n\/wp-content\/uploads\/2025\/08\/vrab10-1536x1024.png 1536w, https:\/\/www.infokuryr.cz\/n\/wp-content\/uploads\/2025\/08\/vrab10-2048x1365.png 2048w\" sizes=\"(max-width: 1000px) 100vw, 1000px\" \/><\/div>\n<\/div>\n<p><span dir=\"auto\">Rozm\u011bry jsou dechberouc\u00ed. Podle Les Echos m\u00e1 vl\u00e1da v \u00famyslu zav\u00e9st model zaji\u0161t\u011bn\u00ed zalo\u017een\u00fd na fondech pro katastrofy v hodnot\u011b p\u0159ibli\u017en\u011b 775 milion\u016f eur. I tato \u010d\u00e1stka je v\u0161ak pravd\u011bpodobn\u011b kapkou v mo\u0159i. Jen nepokoje v roce 2023 zp\u016fsobily \u0161kody p\u0159esahuj\u00edc\u00ed 1 miliardu eur. Tehdy bylo zat\u010deno 3 000 v\u00fdtr\u017en\u00edk\u016f, stovky policist\u016f byly zran\u011bny, cel\u00e9 ulice byly srovn\u00e1ny s troskami a historick\u00e1 knihovna byla t\u00e9m\u011b\u0159 zni\u010dena po\u017e\u00e1rem.<\/span><\/p>\n<p><span dir=\"auto\">Ka\u017ed\u00fd, kdo vid\u011bl fotografie, snadno pozn\u00e1, \u017ee se nejednalo o st\u00e1vkuj\u00edc\u00ed farm\u00e1\u0159e ani rozzloben\u00e9 d\u016fchodce, ale o obvykl\u00e9 podez\u0159el\u00e9: mlad\u00e9 lidi s migrantn\u00edm p\u016fvodem, kte\u0159\u00ed si cht\u011bli rabov\u00e1n\u00edm a \u017eh\u00e1\u0159stv\u00edm obnovit \u00fadajn\u011b \u201eztracenou \u010dest\u201c.<\/span><\/p>\n<figure class=\"wp-block-embed is-type-rich is-provider-twitter wp-block-embed-twitter\">\n<div class=\"wp-block-embed__wrapper\">\n<div class=\"twitter-tweet twitter-tweet-rendered\"><iframe id=\"twitter-widget-1\" class=\"\" title=\"X P\u0159\u00edsp\u011bvek\" src=\"https:\/\/platform.twitter.com\/embed\/Tweet.html?dnt=true&amp;embedId=twitter-widget-1&amp;features=eyJ0ZndfdGltZWxpbmVfbGlzdCI6eyJidWNrZXQiOltdLCJ2ZXJzaW9uIjpudWxsfSwidGZ3X2ZvbGxvd2VyX2NvdW50X3N1bnNldCI6eyJidWNrZXQiOnRydWUsInZlcnNpb24iOm51bGx9LCJ0ZndfdHdlZXRfZWRpdF9iYWNrZW5kIjp7ImJ1Y2tldCI6Im9uIiwidmVyc2lvbiI6bnVsbH0sInRmd19yZWZzcmNfc2Vzc2lvbiI6eyJidWNrZXQiOiJvbiIsInZlcnNpb24iOm51bGx9LCJ0ZndfZm9zbnJfc29mdF9pbnRlcnZlbnRpb25zX2VuYWJsZWQiOnsiYnVja2V0Ijoib24iLCJ2ZXJzaW9uIjpudWxsfSwidGZ3X21peGVkX21lZGlhXzE1ODk3Ijp7ImJ1Y2tldCI6InRyZWF0bWVudCIsInZlcnNpb24iOm51bGx9LCJ0ZndfZXhwZXJpbWVudHNfY29va2llX2V4cGlyYXRpb24iOnsiYnVja2V0IjoxMjA5NjAwLCJ2ZXJzaW9uIjpudWxsfSwidGZ3X3Nob3dfYmlyZHdhdGNoX3Bpdm90c19lbmFibGVkIjp7ImJ1Y2tldCI6Im9uIiwidmVyc2lvbiI6bnVsbH0sInRmd19kdXBsaWNhdGVfc2NyaWJlc190b19zZXR0aW5ncyI6eyJidWNrZXQiOiJvbiIsInZlcnNpb24iOm51bGx9LCJ0ZndfdXNlX3Byb2ZpbGVfaW1hZ2Vfc2hhcGVfZW5hYmxlZCI6eyJidWNrZXQiOiJvbiIsInZlcnNpb24iOm51bGx9LCJ0ZndfdmlkZW9faGxzX2R5bmFtaWNfbWFuaWZlc3RzXzE1MDgyIjp7ImJ1Y2tldCI6InRydWVfYml0cmF0ZSIsInZlcnNpb24iOm51bGx9LCJ0ZndfbGVnYWN5X3RpbWVsaW5lX3N1bnNldCI6eyJidWNrZXQiOnRydWUsInZlcnNpb24iOm51bGx9LCJ0ZndfdHdlZXRfZWRpdF9mcm9udGVuZCI6eyJidWNrZXQiOiJvbiIsInZlcnNpb24iOm51bGx9fQ%3D%3D&amp;frame=false&amp;hideCard=false&amp;hideThread=false&amp;id=1786873985839362556&amp;lang=cs&amp;origin=https%3A%2F%2Freport24.news%2Ffrankreichs-buerger-sollen-fuer-schaeden-durch-migrantenkrawalle-aufkommen%2F&amp;sessionId=778c97a4512a4662aec5f202037da9ab49f0edb6&amp;theme=light&amp;widgetsVersion=2615f7e52b7e0%3A1702314776716&amp;width=550px\" frameborder=\"0\" scrolling=\"no\" allowfullscreen=\"allowfullscreen\" data-tweet-id=\"1786873985839362556\" data-mce-fragment=\"1\"><\/iframe><\/div>\n<\/div>\n<\/figure>\n<p><span dir=\"auto\">Ministr vnitra Bruno Retailleau\u00a0<\/span><a href=\"https:\/\/rmx.news\/crime\/french-riots-top-politician-says-of-course-there-is-a-link-between-immigration-and-devastating-riots-across-france\/\"><span dir=\"auto\">to v\u011bd\u011bl u\u017e tehdy<\/span><\/a><span dir=\"auto\"> , i kdy\u017e o tom dnes ve sv\u00e9 ofici\u00e1ln\u00ed funkci rad\u011bji ml\u010d\u00ed: Ko\u0159eny n\u00e1sil\u00ed le\u017e\u00ed v migrantn\u00edch ghettech, kde se t\u0159et\u00ed generace ji\u017e d\u00e1vno vr\u00e1tila k archaick\u00fdm kmenov\u00fdm mentalit\u00e1m. Ofici\u00e1ln\u00ed r\u00e9torika hovo\u0159\u00ed o \u201esoci\u00e1ln\u00edm znev\u00fdhodn\u011bn\u00ed\u201c, ale fakta jsou neomyln\u00e1: Jsou to \u010dtvrti masov\u00e9 imigrace, kter\u00e9 pravideln\u011b rozpaluj\u00ed Francii.<\/span><\/p>\n<p><span dir=\"auto\">Politick\u00e1 t\u0159\u00edda nereaguje silou, ale finan\u010dn\u00edm p\u0159erozd\u011blov\u00e1n\u00edm. Dvojit\u00e1 facka pro Francouze: Nejprve byly jejich dan\u011b napumpov\u00e1ny do takzvan\u00e9 \u201eintegrace\u201c a nyn\u00ed se od nich o\u010dek\u00e1v\u00e1, \u017ee zaplat\u00ed i za destrukci, kterou tento ne\u00fasp\u011b\u0161n\u00fd soci\u00e1ln\u00ed experiment zp\u016fsobuje.<\/span><\/p>\n<p><span dir=\"auto\">Pokrytectv\u00ed je systematick\u00e9. Zat\u00edmco politici jako Darmanin slavnostn\u011b prohla\u0161uj\u00ed v parlamentu, \u017ee \u201eneexistuje \u017e\u00e1dn\u00e1 souvislost mezi migrac\u00ed a n\u00e1sil\u00edm\u201c, online koluj\u00ed tis\u00edce vide\u00ed, kter\u00e1 dokazuj\u00ed opak. Bli\u017e\u0161\u00ed pohled okam\u017eit\u011b odhal\u00ed, \u017ee v\u00fdtr\u017en\u00edci nepoch\u00e1zej\u00ed z Normandie ani Bretan\u011b. A p\u0159esto z\u016fst\u00e1v\u00e1 konstatov\u00e1n\u00ed z\u0159ejm\u00fdch v\u011bc\u00ed tabu \u2013 ve Francii i v N\u011bmecku.<\/span><\/p>\n<p><span dir=\"auto\">Francie se postupn\u011b transformuje v \u201ezhroucen\u00fd st\u00e1t\u201c. Ne proto, \u017ee by zem\u011bt\u0159esen\u00ed zni\u010dilo jej\u00ed infrastrukturu, ale proto, \u017ee politick\u00e1 elita prodala svou zemi v\u00fdbu\u0161n\u00e9 sm\u011bsi importovan\u00e9ho n\u00e1sil\u00ed, ideologick\u00e9ho fanatismu a sebenen\u00e1visti. Nyn\u00ed se o\u010dek\u00e1v\u00e1, \u017ee za to ob\u010dan\u00e9 zaplat\u00ed \u2013 doslova.<\/span><\/p>\n<p><span dir=\"auto\">Ka\u017ed\u00fd, kdo si ve Francii pojist\u00ed d\u016fm, auto nebo firmu, bude v budoucnu nucen hradit \u0161kody zp\u016fsoben\u00e9 nepokoji, bez ohledu na to, zda volil odpov\u011bdn\u00e9 strany. Mal\u00e1 ochutn\u00e1vka toho, co by brzy mohlo postihnout lidi v dal\u0161\u00edch evropsk\u00fdch zem\u00edch.<\/span><\/p>\n<p><img decoding=\"async\" loading=\"lazy\" class=\"alignnone size-full wp-image-1185\" src=\"http:\/\/www.infokuryr.cz\/n\/wp-content\/uploads\/2021\/04\/kuryr-podpis.png\" alt=\"\" width=\"84\" height=\"24\" \/><\/p>\n<p>&nbsp;<\/p>\n","protected":false},"excerpt":{"rendered":"<p>Francie se st\u00e1v\u00e1 uk\u00e1zkov\u00fdm p\u0159\u00edkladem evropsk\u00e9ho \u00fapadku: Vl\u00e1d\u011b se nejen poda\u0159ilo vys\u00eddlit cel\u00e9 \u010dtvrti masovou&#8230;<\/p>\n","protected":false},"author":2,"featured_media":87215,"comment_status":"closed","ping_status":"closed","sticky":false,"template":"","format":"standard","meta":[],"categories":[7],"tags":[130,119,1975],"_links":{"self":[{"href":"https:\/\/www.infokuryr.cz\/n\/wp-json\/wp\/v2\/posts\/87214"}],"collection":[{"href":"https:\/\/www.infokuryr.cz\/n\/wp-json\/wp\/v2\/posts"}],"about":[{"href":"https:\/\/www.infokuryr.cz\/n\/wp-json\/wp\/v2\/types\/post"}],"author":[{"embeddable":true,"href":"https:\/\/www.infokuryr.cz\/n\/wp-json\/wp\/v2\/users\/2"}],"replies":[{"embeddable":true,"href":"https:\/\/www.infokuryr.cz\/n\/wp-json\/wp\/v2\/comments?post=87214"}],"version-history":[{"count":0,"href":"https:\/\/www.infokuryr.cz\/n\/wp-json\/wp\/v2\/posts\/87214\/revisions"}],"wp:featuredmedia":[{"embeddable":true,"href":"https:\/\/www.infokuryr.cz\/n\/wp-json\/wp\/v2\/media\/87215"}],"wp:attachment":[{"href":"https:\/\/www.infokuryr.cz\/n\/wp-json\/wp\/v2\/media?parent=87214"}],"wp:term":[{"taxonomy":"category","embeddable":true,"href":"https:\/\/www.infokuryr.cz\/n\/wp-json\/wp\/v2\/categories?post=87214"},{"taxonomy":"post_tag","embeddable":true,"href":"https:\/\/www.infokuryr.cz\/n\/wp-json\/wp\/v2\/tags?post=87214"}],"curies":[{"name":"wp","href":"https:\/\/api.w.org\/{rel}","templated":true}]}}