{"id":87186,"date":"2025-09-07T00:35:46","date_gmt":"2025-09-06T22:35:46","guid":{"rendered":"https:\/\/www.infokuryr.cz\/n\/?p=87186"},"modified":"2025-09-06T18:30:02","modified_gmt":"2025-09-06T16:30:02","slug":"miroslav-kelnar-cesti-presidenti-jako-obraz-moralni-bidy-v-tomto-narode","status":"publish","type":"post","link":"https:\/\/www.infokuryr.cz\/n\/2025\/09\/07\/miroslav-kelnar-cesti-presidenti-jako-obraz-moralni-bidy-v-tomto-narode\/","title":{"rendered":"Miroslav Kelnar: \u010ce\u0161t\u00ed presidenti jako obraz mor\u00e1ln\u00ed b\u00eddy v tomto n\u00e1rod\u011b"},"content":{"rendered":"<div id=\"fb-root\"><\/div>\n<p class=\"western\">Dnes ve sv\u00e9m \u010dl\u00e1nku zac\u00edl\u00edm vysoko, a\u017e do nebesk\u00fdch v\u00fd\u0161in, ale kdo v\u00ed, zdali je tam naho\u0159e nebe a nebo peklo. To, \u017ee m\u00e1 b\u00fdt naho\u0159e nebe, to je jen spole\u010densk\u00fd \u00fazus. Op\u0159u se zde ve sv\u00e9m \u010dl\u00e1nku do mor\u00e1ln\u00ed kvality osob, kter\u00e9 se tu st\u0159\u00eddaj\u00ed za posledn\u00edch 36 let na presidentsk\u00e9m postu, a podiv\u00edm se nad t\u00edm, co si zde ob\u010dan\u00e9 t\u00e9to zem\u011b jsou schopni zvolit za sv\u00e9ho p\u0159edstavitele. Ale popravd\u011b \u0159e\u010deno, kdy\u017e je \u0161patn\u00e1 nab\u00eddka, tak jak m\u016f\u017ee b\u00fdt dobr\u00fd v\u00fdb\u011br?<\/p>\n<p class=\"western\" align=\"justify\">Na prezidenty nem\u011bl tento n\u00e1rod za posledn\u00edch 36 let \u0161t\u011bst\u00ed. Kde jsou ty mor\u00e1ln\u00ed autority, jako byl Bene\u0161, Masaryk a Svoboda? Ale i do Edvarda Bene\u0161e se dnes n\u011bkte\u0159\u00ed strefuj\u00ed sn\u011bhov\u00fdmi koulemi a berou si tuto vz\u00e1cnou osobnost do sv\u00fdch nevym\u00e1chan\u00fdch \u00fast a p\u0159isuzuj\u00ed mu kdejakou hanebnost. Sta\u010d\u00ed jen vzpomenout na havlistickou modlu \u2013 Schwarzenberga, kter\u00fd m\u011bl dokonce tolik drzosti, \u017ee k\u00a0E. Bene\u0161ovi pou\u017eil i p\u0159\u00edm\u011br v\u00e1le\u010dn\u00e9ho zlo\u010dince.<\/p>\n<p class=\"western\" align=\"justify\">\u00a0\u00a0\u00a0Kdybych tu cht\u011bl ud\u011blat n\u011bjakou stupnici prezident\u016f, jak si kter\u00fd za posledn\u00edch 36 let vedl, tak si mysl\u00edm, \u017ee zat\u00edm nejhor\u0161\u00edmi byli ten prvn\u00ed a ten posledn\u00ed. O tom prvn\u00edm se \u0159\u00edk\u00e1, \u017ee spolupracoval s StB, to je dnes t\u011b\u017ek\u00e9 prok\u00e1zat, ale \u017ee to byl pokrytec non plus ultra, to mohu \u0159\u00edci, to jsem tu p\u0159ece za\u017eil. Ned\u00e1vno dokonce vyplavalo na povrch, \u017ee Havel p\u0159i\u0161el v pop\u0159evratov\u00e9 dob\u011b s n\u00e1vrhem, \u017ee bychom m\u011bli od\u0161kodnit Henleinovce, kte\u0159\u00ed museli po v\u00e1lce opustit \u010desk\u00e9 zem\u011b. Tento n\u00e1pad byl tenkr\u00e1t p\u0159esp\u0159\u00edli\u0161 i na Pitharta \u2013 Podivena, kter\u00fd nijakou p\u0159\u00edchylnost\u00ed k \u010desk\u00e9mu n\u00e1roku neslynul.<\/p>\n<p class=\"western\" align=\"justify\">\u00a0\u00a0\u00a0Stejnou zn\u00e1mkou bych ocenil i toho posledn\u00edho prezidenta, kter\u00fd spolupracoval s\u00a0n\u011bjak\u00fdmi podobn\u00fdmi \u0161m\u00edrovac\u00edmi strukturami za socialismu, to mu ale nem\u00e1m za zl\u00e9, za zl\u00e9 mu ale m\u00e1m to, \u017ee by nejrad\u011bji ty sv\u00e9 b\u00fdval\u00e9 kolegy z\u00a0t\u00e9 sv\u00e9 d\u0159\u00edv\u011bj\u0161\u00ed politick\u00e9 strany pos\u00edlal dnes do basy. To se mi zd\u00e1 odporn\u00e9. Pr\u00fd si to u\u017e odpracoval, \u0159\u00edkaj\u00ed ti, co ho do tohoto postu vynesli, ale d\u00e1 se bezp\u00e1te\u0159nost odpracovat?<\/p>\n<p class=\"western\" align=\"justify\">\u00a0\u00a0\u00a0\u00a0Kam tu m\u00ed\u0159\u00edm? Vrac\u00edm se ke sv\u00e9mu p\u0159edchoz\u00edmu \u010dl\u00e1nku pod n\u00e1zvem\u00a0<a href=\"https:\/\/narodnidemokracie.cz\/ing-miroslav-kelnar-pod-svicnem-ceske-justice-nejvetsi-tma\/\">\u201ePod sv\u00edcnem \u010desk\u00e9 justice nejv\u011bt\u0161\u00ed tma\u201c<\/a>.\u00a0Tam jsem popsal, jak se pod okny p\u011bti obvodn\u00edch st\u00e1tn\u00edch zastupitelstv\u00ed a p\u011bti obvodn\u00edch soud\u016f promen\u00e1duje \u010dlov\u011bk, kter\u00fd m\u00e1 na ruk\u00e1v\u011b znak AZOVA se dv\u011bma svastikami. K t\u011bmto dv\u011bma svastik\u00e1m na ruk\u00e1v\u011b bundy m\u011bl doty\u010dn\u00fd (\u0159\u00edkejme mu t\u0159eba \u2013 \u201en\u00e1\u0161 z\u00e1jmov\u00fd \u010dlov\u011bk\u201c) na bund\u011b na\u0161it i znak profa\u0161istick\u00e9 organizace \u201eKarpatsk\u00e1 Si\u010d\u201c, a tak se budu dnes zab\u00fdvat obs\u00e1hleji t\u00edm, jak hlubok\u00e9 mor\u00e1ln\u00ed bahno p\u0159edstavuj\u00ed profa\u0161istick\u00e9 organizace: AZOV, Organizace ukrajinsk\u00fdch nacionalist\u016f (OUN), Ukrajinsk\u00e1 povstaleck\u00e1 arm\u00e1da (UPA) a Karpatsk\u00e1 Si\u010d.<\/p>\n<p class=\"western\" align=\"justify\">\u00a0\u00a0\u00a0\u00a0\u00a0A jak jsem ji\u017e uvedl ve\u00a0sv\u00e9m p\u0159edchoz\u00edm \u010dl\u00e1nku, tak na t\u00e9to demonstraci byly p\u0159\u00edtomny dv\u011b \u010desk\u00e9 televize, a to \u010cT a CNN Prima News, kter\u00e9 na t\u00e9to demonstraci Kaputin\u016f nat\u00e1\u010dely na kameru, a sv\u011bte div se, m\u011bly asi vl\u010d\u00ed mlhu a t\u011bch vl\u010d\u00edch svastik si v\u016fbec nev\u0161imly. Napsal jsem do obou televiz\u00ed dopis, zdali si t\u011bch svastik jen nev\u0161imli a nebo si jich prost\u011b ani v\u0161imnout necht\u011bli a neodpov\u011bd\u011bla mi ani jedna televize.<\/p>\n<p class=\"western\" align=\"justify\">\u00a0\u00a0\u00a0\u00a0P\u00edsmena \u201eZ\u201c a \u201eWagnera\u201c na od\u011bvu u N\u00e1rodn\u00edho muzea, toho si tenkr\u00e1t report\u00e9\u0159i v\u0161imli, v\u017edy\u0165 jsem byl p\u0159\u00edmo u toho, kdy\u017e si\u00a0tam Bartkovsk\u00fd z Reflexu fotil znak Wagnera na ruk\u00e1v\u011b jednoho \u00fa\u010dastn\u00edka demonstrace. Tak\u017ee lze p\u0159edpokl\u00e1dat, \u017ee kdyby m\u011bli Kaputinovci na z\u00e1dech p\u00edsmeno \u201eZ\u201c, tak by si toho ty p\u0159\u00edtomn\u00e9 \u010desk\u00e9 televize ur\u010dit\u011b v\u0161imly. Ale nebudu tu d\u00e1le sahat do ne\u010dist\u00e9ho sv\u011bdom\u00ed t\u011bchto dvou \u010desk\u00fdch televiz\u00ed.<\/p>\n<p class=\"western\" align=\"justify\">\u00a0\u00a0\u00a0\u00a0A \u017ee se u n\u00e1s vesele soud\u00ed za \u201eZ\u201c na od\u011bvu, to dokl\u00e1d\u00e1\u00a0<a href=\"https:\/\/iportal24.cz\/featured\/zdenek-milata-odsouzeny-v-politickem-procesu-dostal-jsem-prisnejsi-trest-nez-se-u-nas-dava-za-znasilneni\" target=\"_blank\" rel=\"noopener\">tento \u010dl\u00e1nek<\/a>.<\/p>\n<p class=\"western\" align=\"justify\">\u00a0 \u00a0 \u00a0Jak jsem se mezit\u00edm dop\u00e1tral i dal\u0161\u00edch informac\u00ed k onomu t\u00e9matu \u2013 prezentace svastik na ve\u0159ejnosti dne 6. 8. 2025, tak sv\u016fj p\u0159edchoz\u00ed \u010dl\u00e1nek obohat\u00edm o dal\u0161\u00ed fakta, kter\u00e1 p\u016fjdou nahoru a\u017e k t\u011bm dv\u011bma posledn\u00edm \u010desk\u00fdm prezident\u016fm.<\/p>\n<p class=\"western\" align=\"justify\">\u00a0\u00a0\u00a0\u00a0Pro \u00faplnost zopakuji, \u017ee jsem se dne 6. 8. 2025 v\u00edce m\u00e9n\u011b nec\u00edlen\u011b objevil na akci tzv. Kaputin\u016f, kam p\u0159ijelo n\u011bkolik motork\u00e1\u0159\u016f na tuto akci a minim\u00e1ln\u011b jeden z nich m\u011bl na ruk\u00e1v\u011b znak AZOVA obsahuj\u00edc\u00ed ony dv\u011b fa\u0161istick\u00e9 svastiky, a k tomu i znak teroristick\u00e9 organizace Karpatsk\u00e1 Si\u010d.<\/p>\n<p class=\"western\" align=\"justify\">\u00a0\u00a0\u00a0\u00a0<a href=\"https:\/\/www.prahain.cz\/fotogalerie\/shromazdeni-stop-ruskemu-vlivu-1317.html\" target=\"_blank\" rel=\"noopener\">Zde jsou uve\u0159ejn\u011bny sn\u00edmky<\/a>\u00a0z t\u00e9to demonstrace Kaputin\u016f i s t\u011bmi n\u00e1\u0161ivkami na bund\u011b.<\/p>\n<p align=\"justify\"><img decoding=\"async\" loading=\"lazy\" class=\"wp-image-85920 aligncenter\" src=\"http:\/\/www.infokuryr.cz\/n\/wp-content\/uploads\/2025\/08\/pozvaniV-300x140.jpg\" alt=\"\" width=\"789\" height=\"368\" srcset=\"https:\/\/www.infokuryr.cz\/n\/wp-content\/uploads\/2025\/08\/pozvaniV-300x140.jpg 300w, https:\/\/www.infokuryr.cz\/n\/wp-content\/uploads\/2025\/08\/pozvaniV.jpg 925w\" sizes=\"(max-width: 789px) 100vw, 789px\" \/><\/p>\n<p class=\"western\" align=\"justify\">\u00a0 \u00a0\u00a0Ty dv\u011b svastiky byly p\u0159edstavov\u00e1ny \u010cern\u00fdm sluncem a Vl\u010d\u00edm h\u00e1kem. A p\u0159esn\u011b tyto dva runov\u00e9 symboly si vybral Himmler jako znak pro sv\u00e9 SS jednotky, kter\u00e9 se proslavily zlo\u010diny proti obyvatelstvu r\u016fzn\u00fdch zem\u00ed Evropy. Vl\u010d\u00ed h\u00e1k si nap\u0159\u00edklad vybrala jako sv\u016fj symbol SS divize \u201eDas Reich\u201c a takt\u00e9\u017e i organizace Werwolf, kter\u00e1 terorizovala na konci v\u00e1lky \u010desk\u00e9 pohrani\u010d\u00ed.<\/p>\n<p class=\"western\" align=\"justify\">\u00a0\u00a0\u00a0Jak ji\u017e jsem zm\u00ednil, mimo t\u011bchto dvou svastik m\u011bl n\u00e1\u0161 z\u00e1jmov\u00fd \u010dlov\u011bk na bund\u011b na\u0161it i znak teroristick\u00e9 organizace \u201eKarpatsk\u00e1 Si\u010d\u201c. To je organizace, o kter\u00e9 se dnes v na\u0161\u00ed spole\u010dnosti p\u0159\u00edli\u0161 nemluv\u00ed, a tak se j\u00ed budu v\u011bnovat ve sv\u00e9m \u010dl\u00e1nku pon\u011bkud v\u00edce.<\/p>\n<p class=\"western\" align=\"justify\">\u00a0\u00a0\u00a0\u00a0\u010c\u00edm se tato nechvaln\u011b zn\u00e1m\u00e1 teroristick\u00e1 organizace Karpatsk\u00e1 Si\u010d \u201eproslavila\u201c?<\/p>\n<p class=\"western\" align=\"justify\">\u00a0\u00a0\u00a0\u00a0\u00a0K\u00a0odpov\u011bdi na tuto ot\u00e1zku se mus\u00edme p\u0159en\u00e9st do let 1938 a 1939 na Podkarpatskou Rus, kter\u00e1 v\u00a0t\u00e9 dob\u011b pat\u0159ila do svazku tehdej\u0161\u00edho \u010ceskoslovenska. V\u00a0t\u00e9 dob\u011b, kdy ze z\u00e1padu hrozil Hitler invaz\u00ed do \u010ceskoslovenska, bylo i v tomto v\u00fdchodn\u00edm c\u00edpu na\u0161\u00ed republiky horko, kdy p\u0159\u00edtomn\u00ed \u010de\u0161ti voj\u00e1ci tam museli \u010delit tomu sam\u00e9mu, co \u010de\u0161t\u00ed voj\u00e1ci v\u00a0Sudetech, a to m\u00edstn\u00edmu terorismu.<\/p>\n<p class=\"western\" align=\"justify\">\u00a0\u00a0\u00a0\u00a0\u00a0Dod\u00e1v\u00e1m, \u017ee tu budu mluvit jen o \u010desk\u00fdch voj\u00e1c\u00edch, proto\u017ee ti se nakonec uk\u00e1zali z\u00a0cel\u00e9ho tohoto svazku r\u016fzn\u00fdch n\u00e1rod\u016f v\u00a0r\u00e1mci \u010ceskoslovenska jako jedin\u00ed ochotn\u00ed tuto republiku skute\u010dn\u011b br\u00e1nit a polo\u017eit p\u0159\u00edpadn\u011b za tuto republiku i sv\u016fj \u017eivot. T\u00edm se omlouv\u00e1m Slov\u00e1k\u016fm, kte\u0159\u00ed snad st\u00e1li po boku \u010desk\u00fdch voj\u00e1k\u016f, ale v\u00a0t\u00e9 chv\u00edli, kdy se t\u0159\u00edbily charaktery, tak zkr\u00e1tka Slovensko selhalo a podpo\u0159ilo Hitlera. A pr\u00e1v\u011b touto odhodlanost\u00ed \u010desk\u00fdch voj\u00e1k\u016f se postavit fa\u0161ismu, si tito na\u0161i voj\u00e1ci vyslou\u017eili nen\u00e1vist Ukrajinc\u016f \u017eij\u00edc\u00edch na Podkarpatsk\u00e9 Rusi, a nebo p\u0159es\u00eddlen\u00fdch na Podkarpatskou Rus ze\u00a0samotn\u00e9 Ukrajiny a nebo z Polska.<\/p>\n<p class=\"western\" align=\"justify\">\u00a0\u00a0\u00a0\u00a0\u00a0\u00a0Cituji z\u00a0materi\u00e1lu:\u00a0<i><b><a href=\"https:\/\/www.ustrcr.cz\/wp-content\/uploads\/2019\/04\/PD_1_19_s100-105.pdf\" target=\"_blank\" rel=\"noopener\">Tragick\u00e9 b\u0159eznov\u00e9 dny roku 1939 v\u00a0Chustu<\/a>,\u00a0<\/b><\/i>autor Ji\u0159\u00ed Plach\u00fd<i><b>:<\/b><\/i><\/p>\n<p class=\"western\" align=\"justify\">\u00a0\u201e<i>Z\u00e1sah vyvolal vlnu nevole v\u00a0\u0159ad\u00e1ch paramilit\u00e1rn\u00ed organizace Karpatsk\u00e1 Si\u010d. Pod t\u00edmto ozna\u010den\u00edm fungovala od listopadu\u00a01938, jej\u00ed z\u00e1klady v\u0161ak byly polo\u017eeny ji\u017e po\u010d\u00e1tkem z\u00e1\u0159\u00ed t\u00e9ho\u017e roku. M\u011bla velmi bl\u00edzko k\u00a0Organizaci ukrajinsk\u00fdch nacionalist\u016f (OUN), je\u017e v\u00a0zemi p\u016fsobila od konce 20. let a\u00a0\u010ds. bezpe\u010dnostn\u00edm org\u00e1n\u016fm se nepoda\u0159ilo zcela odhalit jej\u00ed strukturu ani pot\u00e9, co byla v\u00a0\u010cSR v\u00a0roce 1934 rozpu\u0161t\u011bna.<\/i><\/p>\n<p class=\"western\" align=\"justify\">\u00a0\u00a0\u00a0\u00a0<i>Na podzim 1938 z\u00edsk\u00e1vali v\u00a0Karpatsk\u00e9 Si\u010di st\u00e1le v\u011bt\u0161\u00ed vliv radik\u00e1ln\u00ed ukrajin\u0161t\u00ed emigranti z\u00a0polsk\u00e9 Hali\u010de. M\u011bla i\u00a0podporu nacistick\u00fdch zpravodajsk\u00fdch slu\u017eeb, kter\u00e9 o\u00a0\u00fazem\u00ed Podkarpatsk\u00e9 Rusi projevovaly velk\u00fd z\u00e1jem. Dne 9.\u00a0b\u0159ezna\u00a01939 byl v\u00a0Chustu z\u0159\u00edzen n\u011bmeck\u00fd konzul\u00e1t, na jeho\u017e p\u016fd\u011b vznikl v\u00a0n\u00e1sleduj\u00edc\u00edch dnech pl\u00e1n na povst\u00e1n\u00ed Karpatsk\u00e9 Si\u010de proti st\u00e1vaj\u00edc\u00ed autonomn\u00ed vl\u00e1d\u011b a\u00a0\u010deskoslovensk\u00e9 moci v\u00a0zemi\u201c.<\/i><\/p>\n<p class=\"western\" align=\"justify\">\u00a0\u00a0\u00a0\u00a0Historie \u00fatoku sude\u0165\u00e1ck\u00e9ho Freikorpsu v Habartic\u00edch dne 20. 8. 1938 na \u010desk\u00e9 p\u0159\u00edslu\u0161n\u00edky Str\u00e1\u017ee obrany st\u00e1tu je zde v republice dosti zn\u00e1ma, ale \u017ee na v\u00fdchod\u011b republiky v Podkarpatsk\u00e9 Rusi existoval tak\u00e9 podobn\u00fd freikorps pod n\u00e1zvem \u201eKarpatsk\u00e1 Si\u010d\u201c se stejn\u00fdmi c\u00edli a poh\u00e1n\u011bn\u00fd pen\u011bzi ze stejn\u00fdch zdroj\u016f jako sude\u0165\u00e1ck\u00fd freikorps, o tom se ji\u017e dnes nemluv\u00ed a m\u00e1lokdo o tom v\u00ed.<\/p>\n<p class=\"western\" align=\"justify\">\u00a0\u00a0\u00a0\u00a0A abych zv\u00fd\u0161il d\u016fv\u011bryhodnost toho, co p\u00ed\u0161i, tak se tu budu op\u00edrat o citace z\u00a0r\u016fzn\u00fdch zdroj\u016f, abych objasnil, co to bylo za tyto profa\u0161istick\u00e9 organizace na Ukrajin\u011b a na Podkarpatsk\u00e9 Rusi, na koho byly napojeny, a o co t\u011bmto organizac\u00edm \u0161lo zrovna v dob\u011b, kdy\u017e na\u0161i p\u0159edci zde bojovali o p\u0159e\u017eit\u00ed \u010ceskoslovenska a \u010desk\u00e9ho n\u00e1roda v\u016fbec.<\/p>\n<p class=\"western\" align=\"justify\">\u00a0\u00a0\u00a0\u00a0V dob\u011b fa\u0161istick\u00e9ho nebezpe\u010d\u00ed, kdy by \u010dlov\u011bk o\u010dek\u00e1val, \u017ee se lid\u00e9 r\u016fzn\u00fdch n\u00e1rodnost\u00ed zde v t\u00e9to republice semknou, tak se tu objevily s\u00edly, kter\u00e9 tuto republiku cht\u011bly rozlo\u017eit a vydat ji napospas Hitlerovi. A t\u011bmito silami byla pr\u00e1v\u011b ona organizace \u2013 Karpatsk\u00e1 Si\u010d, kter\u00e1 na\u0161im voj\u00e1k\u016fm na Podkarpatsk\u00e9 Rusi vpadla do zad a to pr\u00e1v\u011b v dob\u011b nejkriti\u010dt\u011bj\u0161\u00ed, to je p\u0159ed kone\u010dn\u00fdm z\u00e1borem zbytku \u010desk\u00fdch zem\u00ed N\u011bmci dne 15. 3. 1939. A d\u00e1 se \u0159\u00edci, \u017ee Karpatsk\u00e1 Si\u010d sv\u00fdm povst\u00e1n\u00edm proti \u010desk\u00fdm voj\u00e1k\u016fm v Chustu dne 13. 3. a 14. 3. 1939 otev\u0159ela, spole\u010dn\u011b se zradou Slov\u00e1k\u016f, br\u00e1nu ke kone\u010dn\u00e9mu obsazen\u00ed zbytku \u010desk\u00fdch zem\u00ed N\u011bmci.<\/p>\n<p align=\"justify\"><img decoding=\"async\" loading=\"lazy\" class=\"wp-image-86651 aligncenter\" src=\"http:\/\/www.infokuryr.cz\/n\/wp-content\/uploads\/2025\/08\/vrab10-300x200.png\" alt=\"\" width=\"1022\" height=\"681\" srcset=\"https:\/\/www.infokuryr.cz\/n\/wp-content\/uploads\/2025\/08\/vrab10-300x200.png 300w, https:\/\/www.infokuryr.cz\/n\/wp-content\/uploads\/2025\/08\/vrab10-1024x682.png 1024w, https:\/\/www.infokuryr.cz\/n\/wp-content\/uploads\/2025\/08\/vrab10-768x512.png 768w, https:\/\/www.infokuryr.cz\/n\/wp-content\/uploads\/2025\/08\/vrab10-1536x1024.png 1536w, https:\/\/www.infokuryr.cz\/n\/wp-content\/uploads\/2025\/08\/vrab10-2048x1365.png 2048w\" sizes=\"(max-width: 1022px) 100vw, 1022px\" \/><\/p>\n<p class=\"western\" align=\"justify\">\u00a0\u00a0\u00a0\u00a0Hitler pot\u0159eboval ke zd\u016fvodn\u011bn\u00ed sv\u00e9ho z\u00e1boru zbytku \u010desk\u00fdch zem\u00ed prezentovat p\u0159ed tzv. \u201espojenci\u201c \u010ceskoslovenska na z\u00e1pad\u011b, \u017ee tato zem\u011b je v tot\u00e1ln\u00edm rozvalu, a proto se odehr\u00e1lo pr\u00e1v\u011b toto povst\u00e1n\u00ed v Chustu, a to pr\u00e1v\u011b v p\u0159edve\u010der vpochodov\u00e1n\u00ed n\u011bmeck\u00fdch vojsk do zbytku \u010desk\u00fdch zem\u00ed. A tohoto c\u00edle \u2013 prezentov\u00e1n\u00ed \u010ceskoslovenska jako zem\u011b v rozvalu \u2013 se Hitlerovi v z\u00e1sad\u011b poda\u0159ilo dos\u00e1hnout, proto\u017ee ze z\u00e1padn\u00edch zem\u00ed \u017e\u00e1dn\u00fd siln\u00fd hlas protestu proti poru\u0161en\u00ed Mnichovsk\u00e9 smlouvy nep\u0159i\u0161el. Tak\u017ee tomuto \u00fa\u010delu poslou\u017eila profa\u0161istick\u00e1 organizace Karpatsk\u00e1 Si\u010d napojen\u00e1 na fa\u0161istick\u00e9 N\u011bmecko, a i kv\u016fli t\u00e9to zrad\u011b byl pak \u010desk\u00fd n\u00e1rod nucen trp\u011bt 6 let pod n\u011bmeckou okupac\u00ed.<\/p>\n<p class=\"western\" align=\"justify\">\u00a0\u00a0\u00a0\u00a0M\u00e1m informace o situaci na Podkarpatsk\u00e9 Rusi z t\u00e9 doby z pod\u00e1n\u00ed sv\u00e9ho otce, kter\u00fd byl pr\u00e1v\u011b v t\u011bchto letech 1938 a za\u010d\u00e1tku roku 1939 voj\u00e1kem z\u00e1kladn\u00ed slu\u017eby na Podkarpatsk\u00e9 Rusi, tak\u017ee m\u00e1m informace z autentick\u00e9ho zdroje n\u011bkoho, kdo u toho tenkr\u00e1t byl.<\/p>\n<p class=\"western\" align=\"justify\">\u00a0\u00a0\u00a0Je nutno dodat, \u017ee z\u00e1klad organizace Karpatsk\u00e1 Si\u010d tvo\u0159ili p\u0159edev\u0161\u00edm Ukrajinci, jako jedna ze siln\u00fdch diaspor tehdy \u017eij\u00edc\u00edch na Podkarpatsk\u00e9 Rusi, a tak ta hlavn\u00ed Hitlerovsk\u00e1 p\u00e1ka proti \u010ceskoslovensku \u0161la p\u0159es Ukrajince a nikoliv p\u0159es Rus\u00edny.<\/p>\n<p class=\"western\" align=\"justify\">\u00a0\u00a0\u00a0\u00a0P\u0159\u00edslu\u0161n\u00edk\u016fm t\u00e9to proti\u010desk\u00e9 polovojensk\u00e9 jednotky Karpatsk\u00e1 Si\u010d se tehdy \u0159\u00edkalo si\u010dovci a ti povstali proti \u010desk\u00fdm voj\u00e1k\u016fm a \u010desk\u00fdm civilist\u016fm v Chustu ve dnech 13. 3. a 14. 3. 1939, a i kdy\u017e byla\u00a0 tato vzpoura \u010desk\u00fdmi jednotkami b\u011bhem dvou dn\u016f pora\u017eena, tak ani tato por\u00e1\u017eka si\u010dovc\u016f od \u010desk\u00fdch voj\u00e1k\u016f ji\u017e nezabr\u00e1nila rozpadu \u010ceskoslovenska. A o to tenkr\u00e1t t\u011bm si\u010dovc\u016fm jednaj\u00edc\u00edch podle instrukc\u00ed z Berl\u00edna \u0161lo.<\/p>\n<p class=\"western\" align=\"justify\">\u00a0\u00a0\u00a0\u00a0N\u011bmci uplatnili v\u016f\u010di Karpatsk\u00e9 Si\u010di stejnou taktiku jako proti Banderovc\u016fm na Ukrajin\u011b, nejd\u0159\u00edve je naladili sliby o vzniku samostatn\u00e9 Ukrajiny \/ Podkarpatsk\u00e9 Rusi a pak jim dali, no v\u00edte co. Jak je uvedeno v citaci z\u00a0\u010dl\u00e1nku n\u00ed\u017ee, v\u00a0p\u0159\u00edpad\u011b Podkarpatsk\u00e9 Rusi pak N\u011bmci nechali si\u010dovce bez mrknut\u00ed oka zlikvidovat Ma\u010fary.<\/p>\n<p class=\"western\" align=\"justify\">\u00a0\u00a0\u00a0\u00a0\u00a0\u00a0Cituji zde z\u00a0\u010dl\u00e1nku:\u00a0<i>\u201e<\/i><b>Zapomenut\u00fd boj \u010deskoslovensk\u00e9 arm\u00e1dy. T\u0159i dny tvrd\u011b br\u00e1nila Podkarpatskou Rus\u201c\u00a0\u00a0\u00a0<\/b><\/p>\n<p class=\"western\" align=\"justify\">\u201e<i>De iure se Karpatsk\u00e1 Ukrajina udr\u017eela je\u0161t\u011b dva dny \u2013 ofici\u00e1ln\u011b zanikla 18. b\u0159ezna. V n\u00e1sleduj\u00edc\u00edch letech bylo v ma\u010farsk\u00fdch koncentra\u010dn\u00edch t\u00e1borech popraveno na \u010dty\u0159i tis\u00edce a\u017e p\u011bt tis\u00edc si\u010dovc\u016f\u201c.<\/i><\/p>\n<p class=\"western\" align=\"justify\">\u00a0\u00a0\u00a0D\u00e1le cituji z \u010dl\u00e1nku:\u00a0<a href=\"https:\/\/cs.wikipedia.org\/wiki\/Povst%C3%A1n%C3%AD_Karpatsk%C3%A9_Si%C4%8De\" target=\"_blank\" rel=\"noopener\"><b>Povst\u00e1n\u00ed Karpatsk\u00e9 Si\u010de \u2013 Wikipedie:<\/b><\/a><\/p>\n<p class=\"western\" align=\"justify\">\u201e<i>Povst\u00e1n\u00ed Karpatsk\u00e9 Si\u010de\u00a0byl ozbrojen\u00fd st\u0159et mezi\u00a0<\/i><i>\u010deskoslovensk\u00fdmi voj\u00e1ky<\/i><i>\u00a0a ukrajinsk\u00fdmi nacionalisty \u2013 si\u010dovci, kte\u0159\u00ed cht\u011bli vyhl\u00e1sit nez\u00e1vislost tzv.\u00a0<\/i><i>Karpatsk\u00e9 Ukrajiny<\/i><i>.<\/i><\/p>\n<p class=\"western\" align=\"justify\"><i>Hnut\u00ed ukrajinsk\u00fdch nacionalist\u016f na\u00a0<\/i><i>Podkarpatsk\u00e9 Rusi<\/i><i>\u00a0se p\u016fvodn\u011b naz\u00fdvalo \u201eUkrajinsk\u00e1 n\u00e1rodn\u00ed obrana\u201c, pozd\u011bji bylo p\u0159ejmenov\u00e1no na \u201eKarpatsk\u00e1\u00a0<\/i><i>Si\u010d<\/i><i>\u201c.<\/i><i>\u00a0 Boje prob\u00edhaly v noci z 13. na 14. b\u0159ezna 1939; b\u011bhem t\u00e9to noci mj. p\u0159epadlo cca 350 si\u010dovc\u016f \u010deskoslovensk\u00fd \u010detnick\u00fd pohotovostn\u00ed odd\u00edl v\u00a0<\/i><i>Chustu<\/i><i>, kter\u00fd se jim v\u0161ak ubr\u00e1nil.\u00a0<\/i><i>Ve skute\u010dnosti byl tento pu\u010d zosnov\u00e1n n\u011bmeckou tajnou slu\u017ebou, kter\u00e1 pot\u0159ebovala \u201ed\u016fkazy\u201c o neudr\u017eitelnosti situace v\u00a0<\/i><i>\u010ceskoslovensku<\/i><i>\u00a0a nutnosti jej\u00ed likvidace.<\/i><i>\u00a0Pu\u010d byl potla\u010den b\u011bhem n\u011bkolika hodin \u010deskoslovensk\u00fdmi voj\u00e1ky, p\u0159\u00edslu\u0161n\u00edky chustsk\u00e9ho I. praporu 45. p\u011b\u0161\u00edho pluku 45. Na stran\u011b \u010deskoslovensk\u00e9ho vojska byli 2 mrtv\u00ed, na stran\u011b si\u010dovc\u016f bylo cca 40 padl\u00fdch.<\/i><\/p>\n<p class=\"western\" align=\"justify\">\u201e<i>Do Polska a Rumunska se p\u0159ed ma\u010farskou arm\u00e1dou v\u0161ak stahovali t\u00e9\u017e si\u010dovci,\u00a0<\/i><i>kte\u0159\u00ed dne 16. b\u0159ezna 1939 u\u00a0<\/i><i>Sekernice<\/i><i>\u00a0zast\u0159elili \u010deskoslovensk\u00e9 \u010detnick\u00e9 str\u00e1\u017emistry Fo\u0159ta a \u0160afa\u0159\u00edka.<\/i><\/p>\n<p class=\"western\" align=\"justify\">\u00a0\u00a0\u00a0\u00a0 \u00a0 \u00a0Ale ne\u0161lo zde jen o to povst\u00e1n\u00ed si\u010dovc\u016f proti\u00a0 na\u0161im voj\u00e1k\u016fm v Chustu ve dnech 13. 3. a 14. 3.1939, ale jak je zde v citaci n\u00ed\u017ee prok\u00e1z\u00e1no, si\u010dovci napadali \u010desk\u00e9 voj\u00e1ky i v dob\u011b, kdy se na\u0161i voj\u00e1ci ji\u017e po 15.3.1939 stahovali z tohoto teritoria do Rumunska a Polska.<\/p>\n<p class=\"western\" align=\"justify\">\u00a0\u00a0\u00a0Zde cituji z\u00a0\u010dl\u00e1nku:\u00a0<a href=\"https:\/\/www.vojsko.net\/armady\/18-historie\/3565-agonie-a-zanik-karpatske-ukrajiny-ustup-cechoslovaku-na-rumunske-uzemi\" target=\"_blank\" rel=\"noopener\"><b>Ag\u00f3nie a z\u00e1nik Karpatsk\u00e9 Ukrajiny \u2013 \u00fastup \u010cechoslov\u00e1k\u016f na rumunsk\u00e9 \u00fazem\u00ed \u2013 Vojsko.net<\/b><\/a><\/p>\n<p class=\"western\" align=\"justify\">\u201e<i>Vlivem vystup\u0148ovan\u00e9 nevra\u017eivosti se chovali si\u010dovci mnohdy k \u010cech\u016fm neurvale a hrub\u011b, olupovali ustupuj\u00edc\u00ed vojsko i civilisty a na n\u011bkolika m\u00edstech ustupuj\u00edc\u00ed \u010cechoslov\u00e1ky i napadli a n\u011bkolik jich zavra\u017edili jako odvetu za sv\u00e9 zabit\u00e9 kamar\u00e1dy z nepoveden\u00e9ho povst\u00e1n\u00ed ze 14.3. 1939.<\/i><\/p>\n<p class=\"western\" align=\"justify\">\u00a0 \u00a0<i>D\u00e1le cituji z\u00a0\u010dl\u00e1nku:\u00a0<\/i><b><a href=\"https:\/\/www.dotyk.cz\/publicistika\/zapomenuta-bitva-ceskoslovenske-armady-nekolik-dni-branila-podkarpatskou-rus-20190315.html\" target=\"_blank\" rel=\"noopener\">Zapomenut\u00fd boj \u010deskoslovensk\u00e9 arm\u00e1dy. T\u0159i dny tvrd\u011b br\u00e1nila Podkarpatskou Rus<\/a>:<\/b><\/p>\n<p class=\"western\" align=\"justify\">\u201e<i>V noci z 12. na 13. b\u0159ezna se sice voj\u00e1k\u016fm 12. pluku pod velen\u00edm gener\u00e1la Lva Prchaly poda\u0159ilo za cenu ztr\u00e1t dvou mu\u017e\u016f a deseti zran\u011bn\u00fdch pu\u010d potla\u010dit, ale u\u017e 15. b\u0159ezna za\u00fato\u010dil na Chust t\u0159et\u00ed, v\u00fdchodn\u00ed front ma\u010farsk\u00e9 arm\u00e1dy\u201c.<\/i><\/p>\n<p class=\"western\" align=\"justify\">\u00a0\u00a0 \u00a0 \u201e<i>Na v\u00fdchod\u011b zkomplikovalo izolovan\u00e9 skupin\u011b \u010deskoslovensk\u00e9 arm\u00e1dy situaci povst\u00e1n\u00ed Karpatsk\u00e9 Si\u010de, co\u017e byla ukrajinsk\u00e1 polovojensk\u00e1 po\u0159\u00e1dkov\u00e1 organizace, zalo\u017een\u00e1 v listopadu 1938 ukrajinsk\u00fdmi nacionalisty tou\u017e\u00edc\u00edmi vyhl\u00e1sit nez\u00e1vislost takzvan\u00e9 Karpatsk\u00e9 Ukrajiny. Povst\u00e1n\u00ed v\u0161ak ve skute\u010dnosti iniciovala a \u0159\u00eddila n\u011bmeck\u00e1 tajn\u00e1 slu\u017eba Abwehr p\u016fsob\u00edc\u00ed na narychlo z\u0159\u00edzen\u00e9m n\u011bmeck\u00e9m konzul\u00e1tu v podkarpatsk\u00e9m m\u011bst\u011b Chust.\u201c<\/i><\/p>\n<p class=\"western\" align=\"justify\">\u00a0\u00a0\u00a0\u00a0\u201e<i>Cestou jej\u00ed kolony (\u010desk\u00e9 kolony) je\u0161t\u011b n\u011bkolikr\u00e1t napadli si\u010dovci, kte\u0159\u00ed se sna\u017eili zmocnit zbran\u00ed a evakuaci znemo\u017enit, \u010cechoslov\u00e1ci je v\u0161ak poka\u017ed\u00e9 v p\u0159est\u0159elk\u00e1ch odrazili.\u201c\u00a0<\/i><\/p>\n<p class=\"western\" align=\"justify\">D\u00e1le cituji z\u00a0materi\u00e1lu:\u00a0<a href=\"https:\/\/cs.wikipedia.org\/wiki\/Organizace_ukrajinsk%C3%BDch_nacionalist%C5%AF\" target=\"_blank\" rel=\"noopener\"><b>Organizace ukrajinsk\u00fdch nacionalist\u016f<\/b>\u00a0(<b>OUN<\/b>)<\/a>:<\/p>\n<p class=\"western\" align=\"justify\"><a name=\"_Hlk207621599\"><\/a>\u00a0\u201e<i>V z\u00e1\u0159\u00ed roku 1938 se v Podkarpatsk\u00e9 Rusi vytvo\u0159ila tzv. \u201eUkrajinsk\u00e1 n\u00e1rodn\u00ed obrana\u201c, kter\u00e1 usilovala o z\u00edsk\u00e1n\u00ed zbran\u00ed \u010deskoslovensk\u00e9 arm\u00e1dy a kter\u00e1 byla pozd\u011bji p\u0159ejmenov\u00e1na na \u201eKarpatskou Si\u010d\u201c. Jej\u00ed p\u0159edstavitel\u00e9 stup\u0148ovali po\u017eadavky na pra\u017eskou vl\u00e1du a p\u0159ipravovali pu\u010d, kter\u00fd v\u0161ak byl odra\u017een. Po\u00a0b\u0159eznov\u00fdch ud\u00e1lostech roku\u00a0<\/i><a href=\"https:\/\/www.czech.wiki\/wiki\/1939\" target=\"1939\" rel=\"noopener\"><i>1939<\/i><\/a><i>, kdy zaniklo okle\u0161t\u011bn\u00e9 \u010ceskoslovensko, usilovali\u00a0Si\u010dovci\u00a0o nez\u00e1vislost Karpatsk\u00e9 Ukrajiny a \u017e\u00e1dali Hitlera o ochranu\u00a0<\/i><a href=\"https:\/\/www.czech.wiki\/wiki\/Nacistick%C3%A9_N%C4%9Bmecko\" target=\"Nacistick\u00e9 N\u011bmecko\" rel=\"noopener\"><i>T\u0159et\u00ed \u0159\u00ed\u0161e<\/i><\/a><i>. Hitler, kter\u00fd byl spojencem\u00a0<\/i><a href=\"https:\/\/www.czech.wiki\/wiki\/Ma%C4%8Farsko\" target=\"Ma\u010farsko\" rel=\"noopener\"><i>Ma\u010farska<\/i><\/a><i>, v\u0161ak nechal Ukrajince napospas ma\u010farsk\u00e9 agresi. Jednotky Si\u010dovc\u016f utrp\u011bly velk\u00e9 ztr\u00e1ty a musely se st\u00e1hnout do Rumunska nebo do Polska.<\/i><\/p>\n<p class=\"western\" align=\"justify\">\u00a0\u00a0\u00a0Jak je z\u0159ejm\u00e9 z\u00a0textu, tak ti si\u010dovci byli p\u011bkn\u00ed sy\u010d\u00e1ci.<\/p>\n<p class=\"western\" align=\"justify\">\u00a0\u00a0Jak jsem d\u00e1le vy\u010detl z\u00a0Facebookov\u00e9 str\u00e1nky onoho nositele znaku Azova, tak tento nejen \u017ee tuto organizaci Karpatsk\u00e1 Si\u010d zde po \u010desk\u00e9 republice propaguje po v\u00edce ne\u017e dva roky svoj\u00ed n\u00e1\u0161ivkou, ale on tu organizaci dokonce z\u00e1sobuje vojensk\u00fdm materi\u00e1lem, a to drony apod. Ale kdyby je z\u00e1soboval jen t\u00edm vojensk\u00fdm materi\u00e1lem, ale ten p\u0159evozce ve\u00a0sv\u00fdch p\u0159\u00edsp\u011bvc\u00edch na Facebooku p\u0159izn\u00e1v\u00e1, \u017ee voz\u00ed do batalionu Karpatsk\u00e9 Si\u010de i tzv. \u201e\u010desk\u00e9 dobrovoln\u00edky\u201c, to je \u010cechy, kte\u0159\u00ed bojuj\u00ed na stran\u011b tohoto profa\u0161istick\u00e9ho batalionu.<\/p>\n<p class=\"western\" align=\"justify\">\u00a0\u00a0\u00a0A te\u010f to \u0159eknu zcela nezakryt\u011b, ti tzv. \u201e\u010de\u0161t\u00ed dobrovoln\u00edci\u201c bojuj\u00ed v jednotce, kter\u00e1 spolupracovala s Hitlerovsk\u00fdch N\u011bmeckem na rozbit\u00ed \u010ceskoslovenska a terorizovala \u010desk\u00e9 voj\u00e1ky a \u010desk\u00e9 obyvatelstvo na Podkarpatsk\u00e9 Rusi v dob\u011b nejvy\u0161\u0161\u00edho ohro\u017een\u00ed \u010ceskoslovenska n\u011bmeck\u00fdm fa\u0161ismem, a byla jednou ze sil, kter\u00e9 v\u00fdznamn\u011b p\u0159isp\u011bly k rozpadu proti-fa\u0161istick\u00e9ho \u010ceskoslovenska dne 15. 3. 1939 a k jeho okupaci.<\/p>\n<p class=\"western\" align=\"justify\"><a name=\"_Hlk207694660\"><\/a>\u00a0\u00a0\u00a0\u00a0A Karpatsk\u00e1 Si\u010d byla krom\u011b napojen\u00ed na fa\u0161istick\u00e9 N\u011bmecko napojen\u00e1 i na ukrajinsk\u00e9 profa\u0161istick\u00e9 organizace \u201e<b>Organizace ukrajinsk\u00fdch nacionalist\u016f<\/b>\u00a0(<b>OUN<\/b>), kter\u00e1 byla v\u00a0roce 1943 p\u0159em\u011bn\u011bny na\u00a0Ukrajinskou povstaleckou arm\u00e1du\u00a0(UPA), kdy jej\u00ed p\u0159\u00edslu\u0161n\u00edci byli zjednodu\u0161en\u011b ozna\u010dov\u00e1ni jako\u00a0<b>banderovci<\/b>.<\/p>\n<p class=\"western\" align=\"justify\">\u00a0\u00a0\u00a0\u00a0\u00a0D\u00e1le se budu v\u011bnovat t\u011bm ryze ukrajinsk\u00fdm fa\u0161istick\u00fdm organizac\u00edm a cituji op\u011bt z materi\u00e1lu:<a href=\"https:\/\/www.czech.wiki\/wiki\/Organizace_ukrajinsk%C3%BDch_nacionalist%C5%AF\" target=\"_blank\" rel=\"noopener\"><b>\u00a0Organizace ukrajinsk\u00fdch nacionalist\u016f \u2013 \u010cesk\u00e1 Wikipedie<\/b><\/a><\/p>\n<p class=\"western\" align=\"justify\"><em>\u201eUkrajinsk\u00e1 povstaleck\u00e1 arm\u00e1da\u00a0zkr\u00e1cen\u011b\u00a0UPA, bylo ozbrojen\u00e9 k\u0159\u00eddlo\u00a0Organizace ukrajinsk\u00fdch nacionalist\u016f\u00a0(OUN), p\u0159esn\u011bji \u0159e\u010deno jej\u00ed radik\u00e1ln\u00ed frakce (OUN-B) veden\u00e9\u00a0Stepanem Banderou\u00a0\u2013 jej\u00ed p\u0159\u00edslu\u0161n\u00edci byli proto zjednodu\u0161en\u011b ozna\u010dov\u00e1ni jako\u00a0banderovci\u00a0\u2013 sna\u017e\u00edc\u00ed se v letech\u00a01942\u20131947\u00a0cestou ozbrojen\u00e9ho boje a\u00a0etnick\u00fdch \u010distek\u00a0dos\u00e1hnout vytvo\u0159en\u00ed nez\u00e1visl\u00e9ho n\u00e1rodn\u00edho\u00a0ukrajinsk\u00e9ho\u00a0st\u00e1tu.<\/em><\/p>\n<p class=\"western\" align=\"justify\"><em>Za dobu sv\u00e9 existence bojovala UPA prim\u00e1rn\u011b proti\u00a0Pol\u00e1k\u016fm\u00a0a\u00a0Sov\u011bt\u016fm. Od \u00fanora\u00a01943\u00a0bojovala tak\u00e9 proti\u00a0N\u011bmc\u016fm\u00a0(\u0159ada p\u0159\u00edslu\u0161n\u00edk\u016f ukrajinsk\u00e9ho\u00a0praporu Nachtigall, kter\u00fd byl pod n\u011bmeck\u00fdm velen\u00edm, se na ja\u0159e t. r. p\u0159idala k UPA), ov\u0161em s mnoha p\u0159\u00edpady kolaborace s n\u011bmeck\u00fdmi jednotkami v boji proti t\u011bm sov\u011btsk\u00fdm. Od jara\u00a01944, po sov\u011btsk\u00fdch \u00fasp\u011b\u0161\u00edch ve\u00a02. sv\u011btov\u00e9 v\u00e1lce, za\u010dala organizace spolupracovat s n\u011bmeck\u00fdmi silami proti Sov\u011bt\u016fm a Pol\u00e1k\u016fm. P\u0159\u00edslu\u0161n\u00edci UPA se pod\u00edleli na rozs\u00e1hl\u00fdch masakrech civiln\u00edho obyvatelstva, zejm\u00e9na\u00a0na Volyni\u00a0a ve v\u00fdchodn\u00ed\u00a0Hali\u010di.<\/em><\/p>\n<p class=\"western\" align=\"justify\"><em>Velitelsk\u00e1 struktura UPA podl\u00e9hala, \u010di se p\u0159\u00edmo p\u0159ekr\u00fdvala s tou z\u00a0Organizace ukrajinsk\u00fdch nacionalist\u016f\u00a0(OUN). OUN vznikla spojen\u00edm tajn\u00e9 \u201eUkrajinsk\u00e9 vojensk\u00e9 organizace\u201c,\u00a0radik\u00e1ln\u011b pravicov\u00fdch\u00a0skupin a pravicov\u00fdch ukrajinsk\u00fdch\u00a0nacionalist\u016f. OUN byla pov\u011b\u0159en\u00e1 administrativn\u00edmi povinnostmi, zat\u00edmco UPA byla zodpov\u011bdn\u00e1 za vojensk\u00e9 operace.\u201c<\/em><\/p>\n<p class=\"western\" align=\"justify\">\u00a0 \u00a0\u00a0Fakta o tom, \u017ee ukrajinsk\u00e9 jednotky UPA vyvra\u017edily v roce 1943 a v roce 1944 cca 100 000 Pol\u00e1k\u016f na Volyni a Hali\u010di, jsou zn\u00e1ma. A \u017ee toto vra\u017ed\u011bn\u00ed prob\u00edhalo besti\u00e1ln\u00edm zp\u016fsobem, to dokazuje zde citace z materi\u00e1lu:\u00a0\u00a0<a href=\"https:\/\/www.czech.wiki\/wiki\/Organizace_ukrajinsk%C3%BDch_nacionalist%C5%AF\" target=\"_blank\" rel=\"noopener\"><b>Organizace ukrajinsk\u00fdch nacionalist\u016f \u2013 \u010cesk\u00e1 Wikipedie<\/b><\/a>, cituji:<\/p>\n<p class=\"western\" align=\"justify\">\u00a0\u00a0\u00a0\u00a0\u00a0\u201e<i>N\u011bkter\u00e9 variace mu\u010den\u00ed a \u00famrt\u00ed byly velmi sadistick\u00e9. Britsk\u00fd historik\u00a0<\/i><i>Niall Ferguson<\/i><i>\u00a0poznamenal: cel\u00e9 vesnice zde byly vyhlazen\u00e9, lid\u00e9 byli \u010dasto usmrcov\u00e1ni odporn\u00fdmi zp\u016fsoby, doch\u00e1zelo k upalov\u00e1n\u00ed, mu\u017ei byli ubiti k smrti, \u017eeny zn\u00e1siln\u011bny a znetvo\u0159eny, d\u011bti probod\u00e1ny bajonety.\u00a0<\/i><i>Metody pou\u017eit\u00e9 ve v\u011bt\u0161in\u011b \u00fatok\u016f byly stejn\u00e9, za \u00fasvitu byla vesnice obklopena ozbrojen\u00fdmi p\u0159\u00edslu\u0161n\u00edky UPA, n\u011bkdy ozbrojen\u00fdmi sekerami, kladivy, no\u017ei a pilami. V mnoha p\u0159\u00edpadech byly ob\u011bti mu\u010deny a jejich t\u011bla znetvo\u0159ena\u201c.<\/i><\/p>\n<p class=\"western\" align=\"justify\">\u00a0\u00a0\u00a0\u00a0N\u00ed\u017ee je vyobrazena\u00a0vlajka u\u017e\u00edvan\u00e1 UPA a ukrajinsk\u00fdmi nacionalisty:<\/p>\n<p align=\"justify\"><img decoding=\"async\" loading=\"lazy\" class=\"entered litespeed-loaded aligncenter\" src=\"https:\/\/narodnidemokracie.cz\/wp-content\/uploads\/2025\/09\/ua1.jpg\" alt=\"\" width=\"596\" height=\"401\" data-lazyloaded=\"1\" data-src=\"https:\/\/narodnidemokracie.cz\/wp-content\/uploads\/2025\/09\/ua1.jpg\" data-ll-status=\"loaded\" \/><\/p>\n<p class=\"western\" align=\"justify\">Eventu\u00e1ln\u011b je pou\u017e\u00edvan\u00e1 i tato vlajka s\u00a0trojzubcem uvnit\u0159.<\/p>\n<p class=\"western\" align=\"justify\">\u00a0\u00a0\u00a0Nezd\u00e1 se V\u00e1m perverzn\u00ed, kdy\u017e si n\u00e1\u0161 z\u00e1jmov\u00fd mu\u017e nech\u00e1 vyrobit n\u00ed\u017ee uvedenou n\u00e1\u0161ivku a tu na sv\u00e9 facebookov\u00e9 str\u00e1nce propaguje?<\/p>\n<p align=\"justify\"><img decoding=\"async\" loading=\"lazy\" class=\"entered litespeed-loaded aligncenter\" src=\"https:\/\/narodnidemokracie.cz\/wp-content\/uploads\/2025\/09\/ua2.jpg\" alt=\"\" width=\"477\" height=\"449\" data-lazyloaded=\"1\" data-src=\"https:\/\/narodnidemokracie.cz\/wp-content\/uploads\/2025\/09\/ua2.jpg\" data-ll-status=\"loaded\" \/><\/p>\n<p class=\"western\" align=\"justify\">\u00a0 \u00a0\u00a0\u00a0Sta\u010d\u00ed jen doplnit z historie, \u017ee celkov\u00fd po\u010det ob\u010dan\u016f \u010ceskoslovenska zabit\u00fdch Banderovci p\u0159i jej\u00edch snaze dostat se k Ameri\u010dan\u016fm po konci v\u00e1lky \u010dinil dle \u010dl\u00e1nku \u201e<b>Organizace ukrajinsk\u00fdch nacionalist\u016f\u201c\u00a0<\/b>49 \u010deskoslovensk\u00fdch voj\u00e1k\u016f a p\u0159\u00edslu\u0161n\u00edk\u016f bezpe\u010dnostn\u00edch slo\u017eek.<\/p>\n<p class=\"western\" align=\"justify\">\u00a0\u00a0\u00a0Ten doty\u010dn\u00fd p\u0159evozce na sv\u00e9 Facebookov\u00e9 str\u00e1nce p\u0159izn\u00e1v\u00e1 v n\u011bkolika sv\u00fdch p\u0159\u00edsp\u011bvc\u00edch, \u017ee voz\u00ed vojensk\u00fd materi\u00e1l pro Karpatskou Si\u010d, poprv\u00e9 ve sv\u00e9m p\u0159\u00edsp\u011bvku ze dne 17. 6. 2022 a pak ze dne 25. 6. 2022, kde tak\u00e9 n\u00e1\u0161 z\u00e1jmov\u00fd \u010dlov\u011bk potvrzuje, \u017ee v t\u00e9to organizaci Karpatsk\u00e1 Si\u010d bylo aktivn\u00edch n\u011bkolik \u010cech\u016f ji\u017e na p\u0159elomu b\u0159ezna \/ dubna 2022.<\/p>\n<p class=\"western\" align=\"justify\">\u00a0\u00a0\u00a0\u00a0N\u00e1\u0161 z\u00e1jmov\u00fd \u010dlov\u011bk na sv\u00e9m Facebooku nav\u00edc p\u0159izn\u00e1v\u00e1, \u017ee voz\u00ed i tzv. \u201e\u010desk\u00e9 dobrovoln\u00edky\u201c do batalionu Karpatsk\u00e1 Si\u010d a to poprv\u00e9 prokazateln\u011b v p\u0159\u00edsp\u011bvku ze dne 1. 9. 2022. V komunikaci na sv\u00e9m Facebooku pak dne 11. 9. 2022 n\u00e1\u0161 z\u00e1jmov\u00fd \u010dlov\u011bk tvrd\u00ed, \u017ee v Karpatsk\u00e9 Si\u010di bojuj\u00ed \u201ena\u0161i kluci\u201c.<\/p>\n<p class=\"western\" align=\"justify\">\u00a0\u00a0\u00a0Zde v\u00fd\u0161e zm\u00edn\u011bn\u00e9 citace jsou jen ochutn\u00e1vka, proto\u017ee t\u011bch materi\u00e1l\u016f o si\u010dovc\u00edch a UPA a OUN je mo\u017eno naj\u00edt na internetu daleko v\u00edce.<\/p>\n<p class=\"western\" align=\"justify\">\u00a0\u00a0\u00a0<strong>Nyn\u00ed se ji\u017e snad d\u00e1 pochopit, jak nestoudn\u00e9 v\u016f\u010di \u010desk\u00fdm voj\u00e1k\u016fm, kte\u0159\u00ed ob\u011btovali \u017eivot v boji proti profa\u0161istick\u00fdm organizac\u00edm \u2013 UPA a Karpatsk\u00e9 Si\u010di, je nosit po \u010cesk\u00e9 republice na od\u011bvu znak AZOVA a organizace Karpatsk\u00e1 Si\u010d, a to p\u0159ed zraky soudc\u016f, st\u00e1tn\u00edch z\u00e1stupc\u016f, televiz\u00ed a na demonstraci dohl\u00ed\u017eej\u00edc\u00ed policie.<\/strong><\/p>\n<p class=\"western\" align=\"justify\">\u00a0\u00a0\u00a0\u00a0\u00a0A nyn\u00ed jsme se kone\u010dn\u011b p\u0159ibl\u00ed\u017eili k\u00a0t\u011bm na\u0161im dv\u011bma posledn\u00edm prezident\u016fm.<\/p>\n<p class=\"western\" align=\"justify\">\u00a0\u00a0\u00a0Na facebookov\u00e9 str\u00e1nce onoho podporovatele Azova a Karpatsk\u00e9 Si\u010de se toti\u017e tak\u00e9 dozv\u00edte, \u017ee v organizaci sb\u00edrek na pomoc Karpatsk\u00e9 Si\u010de a v dal\u0161\u00edch aktivit\u00e1ch tomuto na\u0161emu z\u00e1jmov\u00e9mu \u010dlov\u011bku pom\u00e1hal v roce 2022 a na za\u010d\u00e1tku roku 2023 tak\u00e9 Petr Pavel. Na facebookov\u00e9 str\u00e1nce tohoto na\u0161eho z\u00e1jmov\u00e9ho \u010dlov\u011bka najdete i diplom, kter\u00fd byl t\u00e9to piln\u00e9 p\u0159epravn\u00ed v\u010delce ud\u011blen Petrem Pavlem za odvoz materi\u00e1lu na Ukrajinu. A dokonce tam m\u016f\u017eete na t\u00e9to Facebookov\u00e9 str\u00e1nce nal\u00e9zt ze dne 13. 1. 2023 i spole\u010dn\u00e9 foto obou, Petra Pavla i na\u0161eho z\u00e1jmov\u00e9ho \u010dlov\u011bka, a d\u00e1le pak tam ze stejn\u00e9ho dne m\u016f\u017eete vid\u011bt foto, jak v n\u011bjak\u00e9m skladu Petr Pavel nakl\u00e1d\u00e1 materi\u00e1l do dod\u00e1vky pro Ukrajinu.<\/p>\n<p class=\"western\" align=\"justify\">\u00a0\u00a0\u00a0Toto v\u0161e prob\u00edhalo v dob\u011b, ne\u017e se Petr Pavel stal bohu\u017eelprezidentem v t\u00e9to zemi, ale bylo to v dob\u011b jeho p\u0159edvolebn\u00edho boje o post prezidenta \u010desk\u00e9 republiky. Tak\u017ee v dob\u011b, kdy by si m\u011bl ka\u017ed\u00fd kandid\u00e1t na post prezidenta dob\u0159e hl\u00eddat, s k\u00fdm se st\u00fdk\u00e1, a jak\u00e9 aktivity prov\u00e1d\u00ed, tak ten n\u00e1\u0161 P\u00e1vek se st\u00fdk\u00e1 s \u010dlov\u011bkem, kter\u00e1 ji\u017e v t\u00e9 dob\u011b mohl chodit po republice s n\u00e1\u0161ivkou AZOVA a Karpatsk\u00e9 Si\u010de na sv\u00e9 bund\u011b, proto\u017ee ten doty\u010dn\u00fd p\u0159izn\u00e1v\u00e1, \u017ee m\u011bl tyto n\u00e1\u0161ivky k disposici ji\u017e od za\u010d\u00e1tku ledna 2023. A nav\u00edc se P\u00e1vek st\u00fdkal i s \u010dlov\u011bkem, kter\u00fd dod\u00e1val vojenskou techniku a tzv. \u201e\u010desk\u00e9 dobrovoln\u00edky\u201c do profa\u0161istick\u00e9 organizace Karpatsk\u00e1 Si\u010d.<\/p>\n<p class=\"western\" align=\"justify\">\u00a0\u00a0\u00a0\u00a0\u00a0To se mi zd\u00e1 dosti skand\u00e1ln\u00ed. Pro\u010d si toho nev\u0161iml n\u011bjak\u00fd novin\u00e1\u0159 v dob\u011b p\u0159edvolebn\u00edho boje? Tam je asi stejn\u00fd d\u016fvod, jako u t\u011bch dvou \u010desk\u00fdch televiz\u00ed dne 6. 8. 2025 u justi\u010dn\u00edho are\u00e1lu Na M\u00ed\u010d\u00e1nk\u00e1ch. \u017de tam na sv\u00e9m Facebooku n\u00e1\u0161 z\u00e1jmov\u00fd \u010dlov\u011bk pou\u017e\u00edv\u00e1 i onoho banderovsk\u00e9ho pozdravu: \u201eSl\u00e1va Ukrajin\u011b, sl\u00e1va hrdin\u016fm\u201c, to u\u017e jen dokresluje kolorit jeho facebookov\u00e9 str\u00e1nky a politickou inklinaci na\u0161eho z\u00e1jmov\u00e9ho \u010dlov\u011bka.<\/p>\n<p class=\"western\" align=\"justify\">\u00a0\u00a0\u00a0Mohu p\u0159ipustit, \u017ee n\u00e1\u0161 z\u00e1jmov\u00fd \u010dlov\u011bk nemusel v\u011bd\u011bt, \u017ee tato organizace \u201eKarpatsk\u00e1 Si\u010d\u201c m\u00e1 fa\u0161istick\u00e9 ko\u0159eny, ale \u017ee by tyto informace nem\u011bl Petr Pavel? To nen\u00ed mo\u017en\u00e9. J\u00e1 tedy vylu\u010duji mo\u017enost, \u017ee by Petr Pavel nev\u011bd\u011bl dne 13. 1. 2023, kdy bylo po\u0159\u00edzeno jejich spole\u010dn\u00e9 foto, \u017ee tento n\u00e1\u0161 z\u00e1jmov\u00fd \u010dlov\u011bk p\u0159ev\u00e1\u017e\u00ed materi\u00e1l a \u010desk\u00e9 dobrovoln\u00edky do Karpatsk\u00e9 Si\u010de. Ot\u00e1zkou k zamy\u0161len\u00ed je, \u017ee na tuto skute\u010dnost neupozornily sd\u011blovac\u00ed prost\u0159edky je\u0161t\u011b p\u0159ed posledn\u00edmi prezidentsk\u00fdmi volbami.<\/p>\n<p class=\"western\" align=\"justify\">\u00a0\u00a0\u00a0\u00a0A nav\u00edc, jak je ji\u017e zm\u00edn\u011bno v\u00fd\u0161e, n\u00e1\u0161 z\u00e1jmov\u00fd \u010dlov\u011bk propaguje na sv\u00e9 facebookov\u00e9 str\u00e1nce p\u0159\u00edmo i vlajku Ukrajinsk\u00e9 osvobozeneck\u00e9 arm\u00e1dy, tedy Banderovc\u016f. A to je p\u0159esn\u011b ta vlajka, kter\u00e1 se dne 24. 2. 2023 t\u0159epetala nad hlavami \u00fa\u010dastn\u00edk\u016f pr\u016fvodu na Letn\u00e9, ve kter\u00e9m tenkr\u00e1t kr\u00e1\u010deli jak P\u00e1vek, tak i V\u00edt Raku\u0161an. Pokud si prohl\u00e9dnete video u tohoto\u00a0<a href=\"https:\/\/www.novinky.cz\/clanek\/domaci-lide-se-na-letne-sesli-na-podporu-ukrajiny-zamiri-k-ambasade-40423985\" target=\"_blank\" rel=\"noopener\">\u010dl\u00e1nku na Novinky.cz<\/a>, tak tu banderovskou vlajku tam uvid\u00edte ji\u017e od sam\u00e9ho za\u010d\u00e1tku.<\/p>\n<p class=\"western\" align=\"justify\">\u00a0\u00a0\u00a0\u00a0Nyn\u00ed provedu z\u00e1v\u011bre\u010dn\u00e9 hodnocen\u00ed tohoto posledn\u00edho \u010desk\u00e9ho prezidenta. Petr Pavel za\u010dal jako zan\u00edcen\u00fd komunista, pak ud\u011blal po roce 1989 obrat o 180 \u00b0 a stal se z n\u011bho zan\u00edcen\u00fd pro-natovsk\u00fd a protikomunistick\u00fd element. A pak ten sam\u00fd \u010dlov\u011bk je\u0161t\u011b ud\u011blal v roce 2022 dal\u0161\u00ed obrat, kdy se z n\u011bho stal zan\u00edcen\u00fd podporovatel ukrajinsk\u00fdch fa\u0161istick\u00fdch organizac\u00ed. Nen\u00ed t\u011bch obrat\u016f na jeden \u017eivot p\u0159\u00edli\u0161 mnoho? Ale takov\u00e9hoto bezp\u00e1te\u0159n\u00edho \u010dlov\u011bka si lid t\u00e9to zem\u011b zvolil s\u00e1m a dobrovoln\u011b.<\/p>\n<p class=\"western\" align=\"justify\">\u00a0\u00a0\u00a0\u00a0Tak, jak b\u00fdval\u00fd prezident Ludv\u00edk Svoboda polo\u017eil na olt\u00e1\u0159 boje proti fa\u0161ismu \u017eivot sv\u00e9ho syna Miroslava, tak tento sou\u010dasn\u00fd prezident P\u00e1vek polo\u017eil na olt\u00e1\u0159 vlasti jen svoji prodejnou du\u0161i.<\/p>\n<p class=\"western\" align=\"justify\">\u00a0\u00a0\u00a0\u00a0A nyn\u00ed si vezmu do par\u00e1dy toho p\u0159edchoz\u00edho prezidenta \u2013 Milo\u0161e Zemana. Odkazuji zde na\u00a0<a href=\"https:\/\/www.novinky.cz\/clanek\/domaci-zeman-povolil-103-cechum-bojovat-v-ukrajinske-armade-40396653\" target=\"_blank\" rel=\"noopener\">\u010dl\u00e1nek na Novinky.cz<\/a>\u00a0ze dne 11.\u00a05. 2022, kde se p\u00ed\u0161e, \u017ee prezident Milo\u0161 Zeman schv\u00e1lil 103 \u010desk\u00fdm ob\u010dan\u016fm vstup do ukrajinsk\u00fdch ozbrojen\u00fdch sil.\u00a0Viz \u010dl\u00e1nek:\u00a0<i><b>Zeman povolil 103 \u010cech\u016fm bojovat v ukrajinsk\u00e9 arm\u00e1d\u011b.<\/b><\/i><\/p>\n<p class=\"western\" align=\"justify\">\u00a0\u00a0\u00a0To byl fofr, \u017ee ji\u017e 11. 5. 2022 byly na v\u0161ech pot\u0159ebn\u00fdch m\u00edstech schv\u00e1leny ty tzv. abolice, to je povolen\u00ed pro \u010desk\u00e9 ob\u010dany bojovat na Ukrajin\u011b.<\/p>\n<p class=\"western\" align=\"justify\">\u00a0\u00a0\u00a0\u00a0A zde se d\u00e1le odkazuji na \u010dl\u00e1nek\u00a0<b><a href=\"https:\/\/www.novinky.cz\/clanek\/valka-na-ukrajine-cesi-na-fronte-na-povoleni-ceskych-uradu-jsem-necekal-a-chci-zustat-az-do-konce-40398620\" target=\"_blank\" rel=\"noopener\">\u201e\u010ce\u0161i na front\u011b: Na povolen\u00ed \u010desk\u00fdch \u00fa\u0159ad\u016f jsem ne\u010dekal a\u00a0chci z\u016fstat a\u017e do konce\u201c<\/a>\u00a0<\/b>datovan\u00fd 31. 5. 2022, kde se p\u00ed\u0161e, \u017ee 10 \u010cech\u016f bojuje v jednotce Karpatsk\u00e1 Si\u010d.<\/p>\n<p class=\"western\" align=\"justify\">Z\u00a0tohoto \u010dl\u00e1nku\u00a0cituji:<\/p>\n<p class=\"western\" align=\"justify\">\u00a0\u201e<i>Civilist\u016f z\u016fstalo m\u00e1lo, o to v\u011bt\u0161\u00ed ruch panuje ve vlhk\u00e9m suter\u00e9nu jedn\u00e9 z budov. P\u0159edsunutou opera\u010dn\u00ed z\u00e1kladnu tam toti\u017e z\u0159\u00eddil dobrovolnick\u00fd prapor Karpatsk\u00e1 Si\u010d, v jeho\u017e \u0159ad\u00e1ch bojuje i skupina deseti \u010cech\u016f\u201c.<\/i><\/p>\n<p class=\"western\" align=\"justify\">\u00a0\u00a0\u00a0Je tedy mo\u017eno s\u00a0vysokou m\u00edrou pravd\u011bpodobnosti p\u0159edpokl\u00e1dat, \u017ee \u010d\u00e1st ud\u011blen\u00fdch abolic\u00ed pro \u010desk\u00e9 dobrovoln\u00edky tehdej\u0161\u00edm prezidentem Zemanem byla vyu\u017eita t\u011bmi, co bojovali za Karpatskou Si\u010d, v\u017edy\u0165 to p\u0159ece n\u00e1\u0161 z\u00e1jmov\u00fd \u010dlov\u011bk v\u00a0n\u011bkolika p\u0159\u00edsp\u011bvc\u00edch na sv\u00e9m Facebooku potvrzuje, \u017ee vozil tyto lidi bojovat do batalionu Karpatsk\u00e1 Si\u010d.<\/p>\n<p class=\"western\" align=\"justify\">\u00a0 \u00a0\u00a0V komunikaci na sv\u00e9m Facebooku ze dne 29. 4. 2022 n\u00e1\u0161 z\u00e1jmov\u00fd \u010dlov\u011bk tvrd\u00ed, \u017ee p\u0159ivezl posily a z\u00e1soby \u010desk\u00fdm bijc\u016fm, ale tady je\u0161t\u011b netvrd\u00ed, \u017ee to byli dobrovoln\u00edci bojuj\u00edc\u00ed v Karpatsk\u00e9 Si\u010di.<\/p>\n<p class=\"western\" align=\"justify\">\u00a0\u00a0\u00a0\u00a0V komunikaci na sv\u00e9m Facebooku ze dne 1. 9. 2022 tvrd\u00ed n\u00e1\u0161 z\u00e1jmov\u00fd \u010dlov\u011bk, \u017ee<i><b>\u00a0\u201evozil sv\u00e9 kluky do organizace Karpatsk\u00e1 Si\u010d\u201c:<\/b><\/i><\/p>\n<p class=\"western\" align=\"justify\">\u00a0 \u00a0V komunikaci na sv\u00e9m Facebooku ze dne 11. 9. 2022 n\u00e1\u0161 z\u00e1jmov\u00fd \u010dlov\u011bk p\u00ed\u0161e, \u017ee<b>\u00a0v\u00a0Karpatsk\u00e9 Si\u010di bojuj\u00ed \u201ena\u0161i kluci\u201c.\u00a0\u00a0<\/b>Pro dopln\u011bn\u00ed uv\u00e1d\u00edm, \u017ee P\u00e1vek se stal \u010desk\u00fdm prezidentem a\u017e v\u00a0b\u0159eznu roku 2023.<\/p>\n<p class=\"western\" align=\"justify\">\u00a0 \u00a0Je tedy dosti pravd\u011bpodobn\u00e9, \u017ee \u0159ada z t\u011bchto abolic\u00ed ud\u011blen\u00fdch Zemanem byla vyu\u017eita pro dobrovoln\u00edky, kte\u0159\u00ed \u0161li bojovat pr\u00e1v\u011b do t\u00e9to fa\u0161istick\u00e9 jednotky \u2013 Karpatsk\u00e1 Si\u010d. Ot\u00e1zka tedy zn\u00ed, v\u011bd\u011bl Zeman, \u017ee j\u00edm vydan\u00e9 abolice budou vyu\u017eity k \u00fa\u010dasti \u010desk\u00fdch dobrovoln\u00edk\u016f na stran\u011b fa\u0161istick\u00e9 organizace Karpatsk\u00e1 Si\u010d? Podle m\u00e9ho n\u00e1zoru to z\u0159ejm\u011b v\u011bd\u011bl, a nebo bylo zcela trivi\u00e1ln\u00ed si p\u0159es BIS a nebo p\u0159es vojenskou rozv\u011bdku ov\u011b\u0159it, kde kon\u010d\u00ed tito tzv. \u201edobrovoln\u00edci\u201c, kter\u00fdm on vyd\u00e1val tzv. abolice. Milo\u0161e Zemana nepodez\u0159\u00edv\u00e1m z nevzd\u011blanosti, \u017ee by nev\u011bd\u011bl, kdo to byla ta Karpatsk\u00e1 Si\u010d, sp\u00ed\u0161e u n\u011bho shled\u00e1v\u00e1m ur\u010dit\u00fd deficit mor\u00e1ln\u00edch hodnot.<\/p>\n<p class=\"western\" align=\"justify\">\u00a0\u00a0\u00a0\u00a0Tak\u017ee jakou zn\u00e1mku d\u00e1t prezidentovi, kter\u00fd se jednak p\u0159i\u010dinil o to, \u017ee letadla NATO mohla l\u00e9tat p\u0159es \u010desk\u00e9 \u00fazem\u00ed k tomu, aby bombardovala srbsk\u00e9 civilisty, a nav\u00edc s dosti vysokou pravd\u011bpodobnost\u00ed ud\u011bloval Milo\u0161 Zeman povolen\u00ed \u010cech\u016fm k boji v organizaci, kter\u00e1 se dopustila vlastizrady v\u016f\u010di \u010ceskoslovensku v obdob\u00ed p\u0159ed 2. sv\u011btovou v\u00e1lkou. Je to jako by v N\u011bmecku te\u010f znovu zalo\u017eili Werwolf a \u010desk\u00fd prezident by tam pos\u00edlal dobrovoln\u00edky bojovat za sl\u00e1vu t\u00e9to organizace.<\/p>\n<p class=\"western\" align=\"justify\">\u00a0\u00a0\u00a0T\u00edmto hodnocen\u00edm jsem ale v\u016fbec nesm\u011b\u0159oval k\u00a0tomu, abych vyn\u00e1\u0161el jako \u010distou neposkvrn\u011bnou du\u0161i toho posledn\u00edho \u010desk\u00e9ho prezidenta za posledn\u00edch 36 let, to je V\u00e1clava Klause. Tomu je t\u0159eba p\u0159iznat jako velk\u00e9 plus, \u017ee tento netrp\u011bl \u017e\u00e1dnou n\u00e1klonnost\u00ed k\u00a0Sude\u0165\u00e1k\u016fm a k fa\u0161ist\u016fm jako takov\u00fdm, av\u0161ak jeho negativa poch\u00e1zej\u00ed z\u00a0jin\u00e9ho ranku, a to, \u017ee nechal rozkr\u00e1st tuto republiku v\u00a0devades\u00e1tk\u00e1ch minul\u00e9ho stolet\u00ed.<\/p>\n<p class=\"western\" align=\"justify\">\u00a0\u00a0\u00a0Moje z\u00e1v\u011bre\u010dn\u00e1 ot\u00e1zka zn\u00ed,\u00a0<strong>neshled\u00e1v\u00e1te ve v\u00fd\u0161e uveden\u00fdch faktech znaky fa\u0161izace na\u0161\u00ed \u010desk\u00e9 republiky?<\/strong>\u00a0Kdy\u017e k tomu p\u0159id\u00e1m, \u017ee by snad p\u0159\u00ed\u0161t\u00ed rok zde v na\u0161\u00ed zemi m\u011bli m\u00edt sv\u016fj sjezd potomci Henleinovc\u016f, tak za m\u011b \u0159\u00edk\u00e1m, j\u00e1 shled\u00e1v\u00e1m. Vzpome\u0148te, za co byl odsouzen Dr. Sk\u00e1la, \u017ee \u00fadajn\u011b pop\u00edral genocidu polsk\u00fdch voj\u00e1k\u016f v Katyni, a zde se propaguje vlajka Banderovc\u016f, kte\u0159\u00ed prokazateln\u011b vyvra\u017edili 100 000 Pol\u00e1k\u016f, a to je podle \u010desk\u00fdch org\u00e1n\u016f \u010dinn\u00fdch v trestn\u00edm \u0159\u00edzen\u00ed z\u0159ejm\u011b v po\u0159\u00e1dku.<\/p>\n<p align=\"justify\"><em><a href=\"https:\/\/narodnidemokracie.cz\/ing-miroslav-kelnar-cesti-presidenti-jako-obraz-moralni-bidy-v-tomto-narode\/\">Ing. Miroslav Kelnar<\/a>, \u010dlen N\u00e1rodn\u00ed demokracie<\/em><\/p>\n<p align=\"justify\"><img decoding=\"async\" loading=\"lazy\" class=\"wp-image-86927 aligncenter\" src=\"http:\/\/www.infokuryr.cz\/n\/wp-content\/uploads\/2025\/09\/letak-volby-2025-konference-3-212x300.png\" alt=\"\" width=\"923\" height=\"1306\" srcset=\"https:\/\/www.infokuryr.cz\/n\/wp-content\/uploads\/2025\/09\/letak-volby-2025-konference-3-212x300.png 212w, https:\/\/www.infokuryr.cz\/n\/wp-content\/uploads\/2025\/09\/letak-volby-2025-konference-3-724x1024.png 724w, https:\/\/www.infokuryr.cz\/n\/wp-content\/uploads\/2025\/09\/letak-volby-2025-konference-3-768x1086.png 768w, https:\/\/www.infokuryr.cz\/n\/wp-content\/uploads\/2025\/09\/letak-volby-2025-konference-3-1086x1536.png 1086w, https:\/\/www.infokuryr.cz\/n\/wp-content\/uploads\/2025\/09\/letak-volby-2025-konference-3-1448x2048.png 1448w, https:\/\/www.infokuryr.cz\/n\/wp-content\/uploads\/2025\/09\/letak-volby-2025-konference-3-1024x1448.png 1024w\" sizes=\"(max-width: 923px) 100vw, 923px\" \/><\/p>\n","protected":false},"excerpt":{"rendered":"<p>Dnes ve sv\u00e9m \u010dl\u00e1nku zac\u00edl\u00edm vysoko, a\u017e do nebesk\u00fdch v\u00fd\u0161in, ale kdo v\u00ed, zdali je&#8230;<\/p>\n","protected":false},"author":2,"featured_media":87187,"comment_status":"closed","ping_status":"closed","sticky":false,"template":"","format":"standard","meta":[],"categories":[6],"tags":[398,1503,664,26],"_links":{"self":[{"href":"https:\/\/www.infokuryr.cz\/n\/wp-json\/wp\/v2\/posts\/87186"}],"collection":[{"href":"https:\/\/www.infokuryr.cz\/n\/wp-json\/wp\/v2\/posts"}],"about":[{"href":"https:\/\/www.infokuryr.cz\/n\/wp-json\/wp\/v2\/types\/post"}],"author":[{"embeddable":true,"href":"https:\/\/www.infokuryr.cz\/n\/wp-json\/wp\/v2\/users\/2"}],"replies":[{"embeddable":true,"href":"https:\/\/www.infokuryr.cz\/n\/wp-json\/wp\/v2\/comments?post=87186"}],"version-history":[{"count":1,"href":"https:\/\/www.infokuryr.cz\/n\/wp-json\/wp\/v2\/posts\/87186\/revisions"}],"predecessor-version":[{"id":87188,"href":"https:\/\/www.infokuryr.cz\/n\/wp-json\/wp\/v2\/posts\/87186\/revisions\/87188"}],"wp:featuredmedia":[{"embeddable":true,"href":"https:\/\/www.infokuryr.cz\/n\/wp-json\/wp\/v2\/media\/87187"}],"wp:attachment":[{"href":"https:\/\/www.infokuryr.cz\/n\/wp-json\/wp\/v2\/media?parent=87186"}],"wp:term":[{"taxonomy":"category","embeddable":true,"href":"https:\/\/www.infokuryr.cz\/n\/wp-json\/wp\/v2\/categories?post=87186"},{"taxonomy":"post_tag","embeddable":true,"href":"https:\/\/www.infokuryr.cz\/n\/wp-json\/wp\/v2\/tags?post=87186"}],"curies":[{"name":"wp","href":"https:\/\/api.w.org\/{rel}","templated":true}]}}